{"id":807,"date":"2007-12-08T13:30:34","date_gmt":"2007-12-08T19:30:34","guid":{"rendered":"http:\/\/www.quechilero.com\/blog\/2007\/12\/08\/virgen-de-concepcion\/"},"modified":"2007-12-08T13:30:34","modified_gmt":"2007-12-08T19:30:34","slug":"virgen-de-concepcion","status":"publish","type":"post","link":"https:\/\/quechilero.com\/blog\/2007\/12\/08\/virgen-de-concepcion\/","title":{"rendered":"Virgen de Concepci\u00f3n"},"content":{"rendered":"<p>Desde 1854, cada 8 de diciembre se conmemora el D\u00eda de la Inmaculada Concepci\u00f3n de Mar\u00eda. <strong>La importancia de esta fecha para los cat\u00f3licos es muy grande.<\/strong><\/p>\n<p>Formalmente, el D\u00eda de la Inmaculada Concepci\u00f3n fue declarado el 8 de diciembre de <strong>1854<\/strong>, por el Papa en ejercicio en este entonces, P\u00edo Nono. Su Santidad, despu\u00e9s de recibir peticiones de diversas universidades cat\u00f3licas de todo el mundo, se congreg\u00f3 en la iglesia m\u00e1s grande e imponente del mundo, la Bas\u00edlica de San Pedro, en Roma (Italia) y realiz\u00f3 el anuncio:<\/p>\n<blockquote><p><em>\u00abDeclaramos que la doctrina que dice que <strong>Mar\u00eda fue concebida sin pecado original<\/strong>, es doctrina revelada por Dios y que a todos obliga a creerla como dogma de fe\u00bb<\/em>, dijo ante m\u00e1s de 200 obispos y embajadores y miles de fieles presentes.<\/p><\/blockquote>\n<p><img data-recalc-dims=\"1\" loading=\"lazy\" decoding=\"async\" class=\"alignleft\" style=\"float: left; margin-left: 5px; margin-right: 5px;\" title=\"Virgen de Concepci\u00f3n\" src=\"https:\/\/i0.wp.com\/img141.imageshack.us\/img141\/3083\/3167152484a8214dec0ag4.jpg?resize=271%2C362\" alt=\"Virgen de Concepci\u00f3n\" width=\"271\" height=\"362\" align=\"left\" \/>En ese momento, sonaron al un\u00edsono las 300 campanas de las torres de Roma y se echaron a volar miles de palomas mensajeras. Simult\u00e1neamente, en todos los templos cat\u00f3licos del mundo se celebraron grandes fiestas en honor de la Inmaculada Concepci\u00f3n.<\/p>\n<p>Hoy, la Iglesia contempla <strong>con gratitud y con asombro, las maravillas hechas por la Virgen Mar\u00eda.<\/strong> La mujer a la que el pueblo cristiano aclama con las palabras de la antigua Ant\u00edfona: <em>\u00abtoda hermosa eres Mar\u00eda, no hay en ti mancha de pecado original\u00bb<\/em><strong>.<br \/>\n<\/strong><br \/>\nEl Padre, desde su primera instancia la preserva del pecado original, prepar\u00e1ndola para convertirla en la madre de su hijo. <strong>El Se\u00f1or puso a Mar\u00eda por encima de todas las dem\u00e1s criaturas<\/strong>, haci\u00e9ndola la m\u00e1s humilde y la m\u00e1s servidora.<\/p>\n<p>La inmaculada es como el signo de la fidelidad de Dios, que no se rinde por el pecado del hombre. Por eso, hoy <strong>le pido a la Virgen que nos conceda la alegr\u00eda de vivir bajo su mirada materna, con pureza y con santidad<\/strong>.<\/p>\n<p>En Guatemala, el 8 de diciembre es d\u00eda de fiesta en Escuintla, d\u00eda de feria y celebraci\u00f3n. Virgen de Concepci\u00f3n, patrona de Escuintla.<\/p>\n<p><em>Con informaci\u00f3n de <a href=\"http:\/\/infobae.com\/\" target=\"_blank\">Infobae<\/a><\/em><\/p>\n<p><em>Fotograf\u00eda: <a href=\"http:\/\/www.flickr.com\/photos\/antiguadailyphoto\/316715248\/\" target=\"_blank\">Rudy Gir\u00f3n<\/a> de <a href=\"http:\/\/antiguadailyphoto.com\/\" target=\"_blank\">Antigua Daily Photo<\/a><\/em><\/p>\n","protected":false},"excerpt":{"rendered":"<p>Desde 1854, cada 8 de diciembre se conmemora el D\u00eda de la Inmaculada Concepci\u00f3n de Mar\u00eda. La importancia de esta fecha para los cat\u00f3licos es muy grande. Formalmente, el D\u00eda de la Inmaculada Concepci\u00f3n fue declarado el 8 de diciembre de 1854, por el Papa en ejercicio en este entonces, P\u00edo Nono. Su Santidad, despu\u00e9s &#8230; <a title=\"Virgen de Concepci\u00f3n\" class=\"read-more\" href=\"https:\/\/quechilero.com\/blog\/2007\/12\/08\/virgen-de-concepcion\/\" aria-label=\"Leer m\u00e1s sobre Virgen de Concepci\u00f3n\">Leer m\u00e1s<\/a><\/p>\n","protected":false},"author":1,"featured_media":0,"comment_status":"open","ping_status":"open","sticky":false,"template":"","format":"standard","meta":{"advanced_seo_description":"","jetpack_seo_html_title":"","jetpack_seo_noindex":false,"jetpack_seo_schema_type":"","episode_type":"","audio_file":"","podmotor_file_id":"","podmotor_episode_id":"","cover_image":"","cover_image_id":"","duration":"","filesize":"","filesize_raw":"","date_recorded":"","explicit":"","block":"","_jetpack_newsletter_access":"","_jetpack_dont_email_post_to_subs":false,"_jetpack_newsletter_tier_id":0,"_jetpack_memberships_contains_paywalled_content":false,"_jetpack_feature_clip_id":0,"_jetpack_memberships_contains_paid_content":false,"footnotes":"","jetpack_publicize_message":"","jetpack_publicize_feature_enabled":true,"jetpack_social_post_already_shared":false,"jetpack_social_options":{"image_generator_settings":{"template":"highway","default_image_id":0,"font":"","enabled":false},"version":2},"jetpack_post_was_ever_published":false},"categories":[2],"tags":[87,51,8,10,18,39,20,42,80],"series":[],"class_list":["post-807","post","type-post","status-publish","format-standard","hentry","category-limones","tag-alegria","tag-dios","tag-fotografia","tag-guatemala","tag-hombre","tag-madre","tag-mujer","tag-palabra","tag-virgen-maria"],"episode_featured_image":false,"episode_player_image":"https:\/\/i0.wp.com\/quechilero.com\/blog\/imagenes\/podcast.png?fit=1831%2C1831&ssl=1","download_link":"","player_link":"","audio_player":false,"episode_data":{"playerMode":"dark","subscribeUrls":{"amazon":{"key":"amazon","url":"","label":"Amazon","class":"amazon","icon":"amazon.png"},"apple_podcasts":{"key":"apple_podcasts","url":"","label":"Apple Podcasts","class":"apple_podcasts","icon":"apple-podcasts.png"},"castbox":{"key":"castbox","url":"","label":"CastBox","class":"castbox","icon":"castbox.png"},"deezer":{"key":"deezer","url":"","label":"Deezer","class":"deezer","icon":"deezer.png"},"google_podcasts":{"key":"google_podcasts","url":"","label":"Google Podcasts","class":"google_podcasts","icon":"google-podcasts.png"},"listen_notes":{"key":"listen_notes","url":"","label":"Listen Notes","class":"listen_notes","icon":"listen-notes.png"},"pandora":{"key":"pandora","url":"","label":"Pandora","class":"pandora","icon":"pandora.png"},"podbean":{"key":"podbean","url":"","label":"Podbean","class":"podbean","icon":"podbean.png"},"podcast_republic":{"key":"podcast_republic","url":"","label":"Podcast Republic","class":"podcast_republic","icon":"podcast-republic.png"},"rss":{"key":"rss","url":"","label":"RSS","class":"rss","icon":"rss.png"},"spotify":{"key":"spotify","url":"","label":"Spotify","class":"spotify","icon":"spotify.png"},"stitcher":{"key":"stitcher","url":"","label":"Stitcher","class":"stitcher","icon":"stitcher.png"},"tunein":{"key":"tunein","url":"","label":"TuneIn","class":"tunein","icon":"tunein.png"},"youtube":{"key":"youtube","url":"","label":"YouTube","class":"youtube","icon":"youtube.png"},"iheartradio":{"key":"iheartradio","url":"","label":"iHeartRadio","class":"iheartradio","icon":"iheartradio.png"},"ivoox":{"key":"ivoox","url":"","label":"iVoox","class":"ivoox","icon":"ivoox.png"}},"rssFeedUrl":"https:\/\/quechilero.com\/blog\/feed\/podcast\/si-la-vida-nos-da-limones","embedCode":"<blockquote class=\"wp-embedded-content\" data-secret=\"JMNw6DSZEv\"><a href=\"https:\/\/quechilero.com\/blog\/2007\/12\/08\/virgen-de-concepcion\/\">Virgen de Concepci\u00f3n<\/a><\/blockquote><iframe sandbox=\"allow-scripts\" security=\"restricted\" src=\"https:\/\/quechilero.com\/blog\/2007\/12\/08\/virgen-de-concepcion\/embed\/#?secret=JMNw6DSZEv\" width=\"500\" height=\"350\" title=\"\u00abVirgen de Concepci\u00f3n\u00bb \u2014 Si la Vida nos da Limones...\" data-secret=\"JMNw6DSZEv\" frameborder=\"0\" marginwidth=\"0\" marginheight=\"0\" scrolling=\"no\" class=\"wp-embedded-content\"><\/iframe><script>\n\/*! This file is auto-generated *\/\n!function(d,l){\"use strict\";l.querySelector&&d.addEventListener&&\"undefined\"!=typeof URL&&(d.wp=d.wp||{},d.wp.receiveEmbedMessage||(d.wp.receiveEmbedMessage=function(e){var t=e.data;if((t||t.secret||t.message||t.value)&&!\/[^a-zA-Z0-9]\/.test(t.secret)){for(var s,r,n,a=l.querySelectorAll('iframe[data-secret=\"'+t.secret+'\"]'),o=l.querySelectorAll('blockquote[data-secret=\"'+t.secret+'\"]'),c=new RegExp(\"^https?:$\",\"i\"),i=0;i<o.length;i++)o[i].style.display=\"none\";for(i=0;i<a.length;i++)s=a[i],e.source===s.contentWindow&&(s.removeAttribute(\"style\"),\"height\"===t.message?(1e3<(r=parseInt(t.value,10))?r=1e3:~~r<200&&(r=200),s.height=r):\"link\"===t.message&&(r=new URL(s.getAttribute(\"src\")),n=new URL(t.value),c.test(n.protocol))&&n.host===r.host&&l.activeElement===s&&(d.top.location.href=t.value))}},d.addEventListener(\"message\",d.wp.receiveEmbedMessage,!1),l.addEventListener(\"DOMContentLoaded\",function(){for(var e,t,s=l.querySelectorAll(\"iframe.wp-embedded-content\"),r=0;r<s.length;r++)(t=(e=s[r]).getAttribute(\"data-secret\"))||(t=Math.random().toString(36).substring(2,12),e.src+=\"#?secret=\"+t,e.setAttribute(\"data-secret\",t)),e.contentWindow.postMessage({message:\"ready\",secret:t},\"*\")},!1)))}(window,document);\n\/\/# sourceURL=https:\/\/quechilero.com\/blog\/wp-includes\/js\/wp-embed.min.js\n<\/script>\n"},"jetpack_publicize_connections":[],"jetpack_shortlink":"https:\/\/wp.me\/pDKli-d1","jetpack_sharing_enabled":true,"jetpack-related-posts":[{"id":17571,"url":"https:\/\/quechilero.com\/blog\/2013\/12\/08\/inmaculada-concepcion\/","url_meta":{"origin":807,"position":0},"title":"Inmaculada Concepci\u00f3n","author":"Pepe Barrascout Ortiz","date":"8 diciembre 2013","format":false,"excerpt":"En la Constituci\u00f3n \"Ineffabilis Deus\" del 8 de Diciembre de 1854, P\u00edo IX pronunci\u00f3 y defini\u00f3 que la Sant\u00edsima Virgen Mar\u00eda \"en el primer instante de su concepci\u00f3n, por singular privilegio y gracia concedidos por Dios, en vista de los m\u00e9ritos de Jesucristo, el Salvador del linaje humano, fue preservada\u2026","rel":"","context":"En \u00abLimones\u00bb","block_context":{"text":"Limones","link":"https:\/\/quechilero.com\/blog\/category\/limones\/"},"img":{"alt_text":"","src":"","width":0,"height":0},"classes":[]},{"id":2066,"url":"https:\/\/quechilero.com\/blog\/2008\/12\/08\/inmaculada-concepcion-de-maria\/","url_meta":{"origin":807,"position":1},"title":"Inmaculada Concepci\u00f3n de Mar\u00eda","author":"Pepe Barrascout Ortiz","date":"8 diciembre 2008","format":false,"excerpt":"Hoy 8 de diciembre, celebramos la fiesta de la Inmaculada Concepci\u00f3n de la Virgen Mar\u00eda, madre de Dios y madre nuestra. Junto a la celebraci\u00f3n del Adviento, que empez\u00f3 hace dos domingos, esta otra festividad nos prepara para la conmemoraci\u00f3n de la Natividad de Jes\u00fas. M\u00e9ritos: Mar\u00eda es libre de\u2026","rel":"","context":"En \u00abLimones\u00bb","block_context":{"text":"Limones","link":"https:\/\/quechilero.com\/blog\/category\/limones\/"},"img":{"alt_text":"","src":"https:\/\/i0.wp.com\/img505.imageshack.us\/img505\/5422\/zinmaculadamurillonv9.jpg?resize=350%2C200","width":350,"height":200},"classes":[]},{"id":6578,"url":"https:\/\/quechilero.com\/blog\/2010\/12\/08\/virgen-de-la-inmaculada-concepcion\/","url_meta":{"origin":807,"position":2},"title":"Virgen de la Inmaculada Concepci\u00f3n","author":"Pepe Barrascout Ortiz","date":"8 diciembre 2010","format":false,"excerpt":"La Inmaculada Concepci\u00f3n de Mar\u00eda es el dogma de fe que declara que por una gracia especial de Dios, ella fue preservada de todo pecado desde su concepci\u00f3n. La Concepci\u00f3n: Es el momento en el cual Dios crea el alma y la infunde en la materia org\u00e1nica procedente de los\u2026","rel":"","context":"En \u00abLimones\u00bb","block_context":{"text":"Limones","link":"https:\/\/quechilero.com\/blog\/category\/limones\/"},"img":{"alt_text":"","src":"https:\/\/i0.wp.com\/i392.photobucket.com\/albums\/pp7\/pepejaguar\/blog\/inmaculada-concepcion-de-la-virgen.jpg?resize=350%2C200","width":350,"height":200},"classes":[]},{"id":21186,"url":"https:\/\/quechilero.com\/blog\/2015\/06\/03\/nuestra-senora-de-lourdes\/","url_meta":{"origin":807,"position":3},"title":"Nuestra Se\u00f1ora de Lourdes","author":"Pepe Barrascout Ortiz","date":"3 junio 2015","format":false,"excerpt":"Cuatro a\u00f1os despu\u00e9s de la proclamaci\u00f3n de su Inmaculada Concepci\u00f3n, la Sant\u00edsima Virgen se apareci\u00f3 en repetidas ocasiones a la humilde joven santa Mar\u00eda Bernarda Soubirous en los montes Pirineos, junto al r\u00edo Gave, en la gruta de Massabielle, de la poblaci\u00f3n de Lourdes, y desde entonces aquel lugar es\u2026","rel":"","context":"En \u00abLimones\u00bb","block_context":{"text":"Limones","link":"https:\/\/quechilero.com\/blog\/category\/limones\/"},"img":{"alt_text":"","src":"","width":0,"height":0},"classes":[]},{"id":1502,"url":"https:\/\/quechilero.com\/blog\/2008\/08\/15\/la-asuncion-de-la-virgen-santisima\/","url_meta":{"origin":807,"position":4},"title":"La Asunci\u00f3n de la Virgen Sant\u00edsima","author":"Pepe Barrascout Ortiz","date":"15 agosto 2008","format":false,"excerpt":"El Papa P\u00edo XII bajo la inspiraci\u00f3n del Esp\u00edritu Santo, y despu\u00e9s de consultar con todos los obispos de la Iglesia Cat\u00f3lica, y de escuchar el sentir de los fieles, el primero de Nov. de 1950, defini\u00f3 solemnemente con su suprema autoridad apost\u00f3lica, el dogma de la Asunci\u00f3n de Mar\u00eda.\u2026","rel":"","context":"En \u00abLimones\u00bb","block_context":{"text":"Limones","link":"https:\/\/quechilero.com\/blog\/category\/limones\/"},"img":{"alt_text":"Asunci\u00f3n de la Virgen, Tiziano, Santa Maria gloriosa dei Frari ","src":"https:\/\/i0.wp.com\/img175.imageshack.us\/img175\/1396\/302pxtizian041eg6.jpg?resize=350%2C200","width":350,"height":200},"classes":[]},{"id":212,"url":"https:\/\/quechilero.com\/blog\/2006\/09\/08\/feliz-cumpleanos-virgen-maria\/","url_meta":{"origin":807,"position":5},"title":"Feliz Cumplea\u00f1os Virgen Mar\u00eda","author":"Pepe Barrascout Ortiz","date":"8 septiembre 2006","format":false,"excerpt":"La Virgen Mar\u00eda fue la Madre de Jes\u00fas y, con este hecho, se cumplieron las Escrituras y todo lo dicho por los profetas. Dios escogi\u00f3 a esta mujer para ser la Madre de su Hijo. Con ella se aproxim\u00f3 la hora de la salvaci\u00f3n. Por esta raz\u00f3n la Iglesia celebra\u2026","rel":"","context":"En \u00abLimones\u00bb","block_context":{"text":"Limones","link":"https:\/\/quechilero.com\/blog\/category\/limones\/"},"img":{"alt_text":"Virgen Mar\u00eda y Jes\u00fas","src":"https:\/\/i0.wp.com\/static.flickr.com\/80\/237816042_af63aaefeb.jpg?resize=350%2C200","width":350,"height":200},"classes":[]}],"jetpack_featured_media_url":"","_links":{"self":[{"href":"https:\/\/quechilero.com\/blog\/wp-json\/wp\/v2\/posts\/807","targetHints":{"allow":["GET"]}}],"collection":[{"href":"https:\/\/quechilero.com\/blog\/wp-json\/wp\/v2\/posts"}],"about":[{"href":"https:\/\/quechilero.com\/blog\/wp-json\/wp\/v2\/types\/post"}],"author":[{"embeddable":true,"href":"https:\/\/quechilero.com\/blog\/wp-json\/wp\/v2\/users\/1"}],"replies":[{"embeddable":true,"href":"https:\/\/quechilero.com\/blog\/wp-json\/wp\/v2\/comments?post=807"}],"version-history":[{"count":0,"href":"https:\/\/quechilero.com\/blog\/wp-json\/wp\/v2\/posts\/807\/revisions"}],"wp:attachment":[{"href":"https:\/\/quechilero.com\/blog\/wp-json\/wp\/v2\/media?parent=807"}],"wp:term":[{"taxonomy":"category","embeddable":true,"href":"https:\/\/quechilero.com\/blog\/wp-json\/wp\/v2\/categories?post=807"},{"taxonomy":"post_tag","embeddable":true,"href":"https:\/\/quechilero.com\/blog\/wp-json\/wp\/v2\/tags?post=807"},{"taxonomy":"series","embeddable":true,"href":"https:\/\/quechilero.com\/blog\/wp-json\/wp\/v2\/series?post=807"}],"curies":[{"name":"wp","href":"https:\/\/api.w.org\/{rel}","templated":true}]}}