{"id":791,"date":"2007-12-04T22:14:42","date_gmt":"2007-12-05T04:14:42","guid":{"rendered":"http:\/\/www.quechilero.com\/blog\/2007\/12\/04\/descobrir-o-amor\/"},"modified":"2007-12-04T22:14:42","modified_gmt":"2007-12-05T04:14:42","slug":"descobrir-o-amor","status":"publish","type":"post","link":"https:\/\/quechilero.com\/blog\/2007\/12\/04\/descobrir-o-amor\/","title":{"rendered":"Descobrir o Amor"},"content":{"rendered":"<p>Se queres descobrir o amor em teu ser, primeiro observa o nascimento das flores sobre as pedras, o nascimento da borboleta em seu casulo t\u00e3o limitado&#8230;<\/p>\n<p>Observa o sol nascendo e iluminando o que h\u00e1 pouco era s\u00f3 escurid\u00e3o&#8230;<\/p>\n<p>Se queres conhecer o amor, observa o movimento gracioso dos ventos por entre as flores e v\u00ea as sementes sendo lan\u00e7adas para outros solos, transformando-os, delicadamente, sem pressa&#8230;<\/p>\n<p>Observa a generosidade com que a natureza te acolhe, mostrando com seus movimentos a import\u00e2ncia de te sentires como ela te sente.<\/p>\n<p>Se queres sentir amor, olha para os teus irm\u00e3os com a disposi\u00e7\u00e3o de, sem julgamento, v\u00ea-los como eles s\u00e3o&#8230;<\/p>\n<p>Olha para ti e aceita o que vem do teu cora\u00e7\u00e3o, banhando teu ser de luz e confian\u00e7a&#8230;<\/p>\n<p>Se queres compartilhar o amor, apenas estende tua inten\u00e7\u00e3o e ela chegar\u00e1 ao mundo e a ti retornar\u00e1, trazendo-te as b\u00ean\u00e7\u00e3os Daquele que sorri com tua conduta.<\/p>\n<p>Se queres prosseguir com o amor, procura viver de acordo com as d\u00e1divas que te foram dadas&#8230;<\/p>\n<p>Apenas caminha por entre os percursos que para ti j\u00e1 est\u00e3o preparados e vai, vai com tua luz, iluminando o que parece ser escuro, respeitando cada ser que o teu caminho acolher, compartilhando o teu conhecer, a tua alegria e a tua integridade enquanto Filho de Deus.<\/p>\n<p>*******<\/p>\n<p><em>Kiki, pra voc<\/em>\u00ea<em>, meu amor.<\/em><\/p>\n","protected":false},"excerpt":{"rendered":"<p>Se queres descobrir o amor em teu ser, primeiro observa o nascimento das flores sobre as pedras, o nascimento da borboleta em seu casulo t\u00e3o limitado&#8230; Observa o sol nascendo e iluminando o que h\u00e1 pouco era s\u00f3 escurid\u00e3o&#8230; Se queres conhecer o amor, observa o movimento gracioso dos ventos por entre as flores e &#8230; <a title=\"Descobrir o Amor\" class=\"read-more\" href=\"https:\/\/quechilero.com\/blog\/2007\/12\/04\/descobrir-o-amor\/\" aria-label=\"Leer m\u00e1s sobre Descobrir o Amor\">Leer m\u00e1s<\/a><\/p>\n","protected":false},"author":1,"featured_media":0,"comment_status":"open","ping_status":"open","sticky":false,"template":"","format":"standard","meta":{"advanced_seo_description":"","jetpack_seo_html_title":"","jetpack_seo_noindex":false,"jetpack_seo_schema_type":"","episode_type":"","audio_file":"","podmotor_file_id":"","podmotor_episode_id":"","cover_image":"","cover_image_id":"","duration":"","filesize":"","filesize_raw":"","date_recorded":"","explicit":"","block":"","_jetpack_newsletter_access":"","_jetpack_dont_email_post_to_subs":false,"_jetpack_newsletter_tier_id":0,"_jetpack_memberships_contains_paywalled_content":false,"_jetpack_feature_clip_id":0,"_jetpack_memberships_contains_paid_content":false,"footnotes":"","jetpack_publicize_message":"","jetpack_publicize_feature_enabled":true,"jetpack_social_post_already_shared":false,"jetpack_social_options":{"image_generator_settings":{"template":"highway","default_image_id":0,"font":"","enabled":false},"version":2},"jetpack_post_was_ever_published":false},"categories":[2],"tags":[15,97,88,54,57],"series":[],"class_list":["post-791","post","type-post","status-publish","format-standard","hentry","category-limones","tag-amor","tag-deus","tag-flores","tag-kiki","tag-voce"],"episode_featured_image":false,"episode_player_image":"https:\/\/i0.wp.com\/quechilero.com\/blog\/imagenes\/podcast.png?fit=1831%2C1831&ssl=1","download_link":"","player_link":"","audio_player":false,"episode_data":{"playerMode":"dark","subscribeUrls":{"amazon":{"key":"amazon","url":"","label":"Amazon","class":"amazon","icon":"amazon.png"},"apple_podcasts":{"key":"apple_podcasts","url":"","label":"Apple Podcasts","class":"apple_podcasts","icon":"apple-podcasts.png"},"castbox":{"key":"castbox","url":"","label":"CastBox","class":"castbox","icon":"castbox.png"},"deezer":{"key":"deezer","url":"","label":"Deezer","class":"deezer","icon":"deezer.png"},"google_podcasts":{"key":"google_podcasts","url":"","label":"Google Podcasts","class":"google_podcasts","icon":"google-podcasts.png"},"listen_notes":{"key":"listen_notes","url":"","label":"Listen Notes","class":"listen_notes","icon":"listen-notes.png"},"pandora":{"key":"pandora","url":"","label":"Pandora","class":"pandora","icon":"pandora.png"},"podbean":{"key":"podbean","url":"","label":"Podbean","class":"podbean","icon":"podbean.png"},"podcast_republic":{"key":"podcast_republic","url":"","label":"Podcast Republic","class":"podcast_republic","icon":"podcast-republic.png"},"rss":{"key":"rss","url":"","label":"RSS","class":"rss","icon":"rss.png"},"spotify":{"key":"spotify","url":"","label":"Spotify","class":"spotify","icon":"spotify.png"},"stitcher":{"key":"stitcher","url":"","label":"Stitcher","class":"stitcher","icon":"stitcher.png"},"tunein":{"key":"tunein","url":"","label":"TuneIn","class":"tunein","icon":"tunein.png"},"youtube":{"key":"youtube","url":"","label":"YouTube","class":"youtube","icon":"youtube.png"},"iheartradio":{"key":"iheartradio","url":"","label":"iHeartRadio","class":"iheartradio","icon":"iheartradio.png"},"ivoox":{"key":"ivoox","url":"","label":"iVoox","class":"ivoox","icon":"ivoox.png"}},"rssFeedUrl":"https:\/\/quechilero.com\/blog\/feed\/podcast\/si-la-vida-nos-da-limones","embedCode":"<blockquote class=\"wp-embedded-content\" data-secret=\"FNz4Ju3XR5\"><a href=\"https:\/\/quechilero.com\/blog\/2007\/12\/04\/descobrir-o-amor\/\">Descobrir o Amor<\/a><\/blockquote><iframe sandbox=\"allow-scripts\" security=\"restricted\" src=\"https:\/\/quechilero.com\/blog\/2007\/12\/04\/descobrir-o-amor\/embed\/#?secret=FNz4Ju3XR5\" width=\"500\" height=\"350\" title=\"\u00abDescobrir o Amor\u00bb \u2014 Si la Vida nos da Limones...\" data-secret=\"FNz4Ju3XR5\" frameborder=\"0\" marginwidth=\"0\" marginheight=\"0\" scrolling=\"no\" class=\"wp-embedded-content\"><\/iframe><script>\n\/*! This file is auto-generated *\/\n!function(d,l){\"use strict\";l.querySelector&&d.addEventListener&&\"undefined\"!=typeof URL&&(d.wp=d.wp||{},d.wp.receiveEmbedMessage||(d.wp.receiveEmbedMessage=function(e){var t=e.data;if((t||t.secret||t.message||t.value)&&!\/[^a-zA-Z0-9]\/.test(t.secret)){for(var s,r,n,a=l.querySelectorAll('iframe[data-secret=\"'+t.secret+'\"]'),o=l.querySelectorAll('blockquote[data-secret=\"'+t.secret+'\"]'),c=new RegExp(\"^https?:$\",\"i\"),i=0;i<o.length;i++)o[i].style.display=\"none\";for(i=0;i<a.length;i++)s=a[i],e.source===s.contentWindow&&(s.removeAttribute(\"style\"),\"height\"===t.message?(1e3<(r=parseInt(t.value,10))?r=1e3:~~r<200&&(r=200),s.height=r):\"link\"===t.message&&(r=new URL(s.getAttribute(\"src\")),n=new URL(t.value),c.test(n.protocol))&&n.host===r.host&&l.activeElement===s&&(d.top.location.href=t.value))}},d.addEventListener(\"message\",d.wp.receiveEmbedMessage,!1),l.addEventListener(\"DOMContentLoaded\",function(){for(var e,t,s=l.querySelectorAll(\"iframe.wp-embedded-content\"),r=0;r<s.length;r++)(t=(e=s[r]).getAttribute(\"data-secret\"))||(t=Math.random().toString(36).substring(2,12),e.src+=\"#?secret=\"+t,e.setAttribute(\"data-secret\",t)),e.contentWindow.postMessage({message:\"ready\",secret:t},\"*\")},!1)))}(window,document);\n\/\/# sourceURL=https:\/\/quechilero.com\/blog\/wp-includes\/js\/wp-embed.min.js\n<\/script>\n"},"jetpack_publicize_connections":[],"jetpack_shortlink":"https:\/\/wp.me\/pDKli-cL","jetpack_sharing_enabled":true,"jetpack-related-posts":[{"id":2531,"url":"https:\/\/quechilero.com\/blog\/2009\/05\/16\/sinto-falta-de-voce\/","url_meta":{"origin":791,"position":0},"title":"Sinto falta de voc\u00ea","author":"Pepe Barrascout Ortiz","date":"16 mayo 2009","format":false,"excerpt":"Sinto falta de voc\u00ea Como o orvalho sente da flor De pairar sobre suas p\u00e9talas Sinto falta do teu amor Sinto falta De me enla\u00e7ar em seus bra\u00e7os Me fazendo viajar por entre As estrelas no espa\u00e7o Sinto falta do seu beijo que me completa Do seu amor, que se\u2026","rel":"","context":"En \u00abLimones\u00bb","block_context":{"text":"Limones","link":"https:\/\/quechilero.com\/blog\/category\/limones\/"},"img":{"alt_text":"","src":"","width":0,"height":0},"classes":[]},{"id":788,"url":"https:\/\/quechilero.com\/blog\/2007\/11\/28\/sei-que-e-amor\/","url_meta":{"origin":791,"position":1},"title":"Sei que \u00e9 Amor&#8230;","author":"Pepe Barrascout Ortiz","date":"28 noviembre 2007","format":false,"excerpt":"Quando olho pra voc\u00ea, Sei que \u00e9 amor... Quando sinto teu cheiro, Sei que \u00e9 amor... Quando penso em voc\u00ea, Sei que \u00e9 amor... Quando sinto aquele friozinho na barriga, Sei que \u00e9 amor... Quando um passarinho canta enquanto caminho na rua, Sei que \u00e9 amor... Quando \u00e1s vezes meu\u2026","rel":"","context":"En \u00abLimones\u00bb","block_context":{"text":"Limones","link":"https:\/\/quechilero.com\/blog\/category\/limones\/"},"img":{"alt_text":"","src":"","width":0,"height":0},"classes":[]},{"id":2478,"url":"https:\/\/quechilero.com\/blog\/2009\/05\/04\/dois-mundos\/","url_meta":{"origin":791,"position":2},"title":"Dois Mundos","author":"Pepe Barrascout Ortiz","date":"4 mayo 2009","format":false,"excerpt":"Ando pelas ruas Em busca do meu caminho. Meus olhos se surpreendem Quando descobre Duas dire\u00e7\u00f5es... Uma o c\u00e9u est\u00e1 claro O sol est\u00e1 presente, O calor \u00e9 constante... A outra Est\u00e1 escuro, Rel\u00e2mpagos assustam E o vento traz o frio... Duas dire\u00e7\u00f5es Em uma \u00fanica vida. Um desejo Dois\u2026","rel":"","context":"En \u00abLimones\u00bb","block_context":{"text":"Limones","link":"https:\/\/quechilero.com\/blog\/category\/limones\/"},"img":{"alt_text":"","src":"","width":0,"height":0},"classes":[]},{"id":2525,"url":"https:\/\/quechilero.com\/blog\/2009\/05\/14\/eu-te-amo-sabia\/","url_meta":{"origin":791,"position":3},"title":"Eu te Amo Sabia","author":"Pepe Barrascout Ortiz","date":"14 mayo 2009","format":false,"excerpt":"Engra\u00e7ado, eu te amo, sabia? Mas engra\u00e7ado por que? N\u00e3o \u00e9 t\u00e3o simples amar! Talvez eu ache engra\u00e7ado esse seu jeitinho que me faz de repente. Eu n\u00e3o te entendo, sabia? Mas talvez nem eu me entendo! N\u00e3o sei se \u00e9 porque te amo e n\u00e3o sou amado... mas o\u2026","rel":"","context":"En \u00abLimones\u00bb","block_context":{"text":"Limones","link":"https:\/\/quechilero.com\/blog\/category\/limones\/"},"img":{"alt_text":"","src":"","width":0,"height":0},"classes":[]},{"id":2492,"url":"https:\/\/quechilero.com\/blog\/2009\/05\/06\/tenha-a-leveza-dos-passaros\/","url_meta":{"origin":791,"position":4},"title":"Tenha a leveza dos p\u00e1ssaros","author":"Pepe Barrascout Ortiz","date":"6 mayo 2009","format":false,"excerpt":"\u201cApesar de todas indiferen\u00e7as, n\u00e3o guardo rancor e jamais guardarei e continuarei amando o meu pr\u00f3ximo como sempre. Amei\u201d. N\u00e3o temas as fantasias nem os desejos mais profundos. A melhor express\u00e3o da energia do amor e da confian\u00e7a em qualquer rela\u00e7\u00e3o \u00e9 quando se pode falar e demonstrar tudo o\u2026","rel":"","context":"En \u00abLimones\u00bb","block_context":{"text":"Limones","link":"https:\/\/quechilero.com\/blog\/category\/limones\/"},"img":{"alt_text":"","src":"","width":0,"height":0},"classes":[]},{"id":789,"url":"https:\/\/quechilero.com\/blog\/2007\/11\/29\/meu-coracao\/","url_meta":{"origin":791,"position":5},"title":"Meu cora\u00e7\u00e3o","author":"Pepe Barrascout Ortiz","date":"29 noviembre 2007","format":false,"excerpt":"Meu cora\u00e7\u00e3o era frio, meu pensamento vazio, minha vida amarga, meu sorriso sem gra\u00e7a e a tristeza me calava... Hoje, sinto seu calor, penso em voc\u00ea com amor, me imagino um beija-flor, vivendo do seu doce amor... Voc\u00ea \u00e9 como uma flor que meu sorriso alegrou... H\u00e1 todos vou declarar...\u2026","rel":"","context":"En \u00abLimones\u00bb","block_context":{"text":"Limones","link":"https:\/\/quechilero.com\/blog\/category\/limones\/"},"img":{"alt_text":"","src":"","width":0,"height":0},"classes":[]}],"jetpack_featured_media_url":"","_links":{"self":[{"href":"https:\/\/quechilero.com\/blog\/wp-json\/wp\/v2\/posts\/791","targetHints":{"allow":["GET"]}}],"collection":[{"href":"https:\/\/quechilero.com\/blog\/wp-json\/wp\/v2\/posts"}],"about":[{"href":"https:\/\/quechilero.com\/blog\/wp-json\/wp\/v2\/types\/post"}],"author":[{"embeddable":true,"href":"https:\/\/quechilero.com\/blog\/wp-json\/wp\/v2\/users\/1"}],"replies":[{"embeddable":true,"href":"https:\/\/quechilero.com\/blog\/wp-json\/wp\/v2\/comments?post=791"}],"version-history":[{"count":0,"href":"https:\/\/quechilero.com\/blog\/wp-json\/wp\/v2\/posts\/791\/revisions"}],"wp:attachment":[{"href":"https:\/\/quechilero.com\/blog\/wp-json\/wp\/v2\/media?parent=791"}],"wp:term":[{"taxonomy":"category","embeddable":true,"href":"https:\/\/quechilero.com\/blog\/wp-json\/wp\/v2\/categories?post=791"},{"taxonomy":"post_tag","embeddable":true,"href":"https:\/\/quechilero.com\/blog\/wp-json\/wp\/v2\/tags?post=791"},{"taxonomy":"series","embeddable":true,"href":"https:\/\/quechilero.com\/blog\/wp-json\/wp\/v2\/series?post=791"}],"curies":[{"name":"wp","href":"https:\/\/api.w.org\/{rel}","templated":true}]}}