{"id":787,"date":"2007-11-15T05:00:06","date_gmt":"2007-11-15T11:00:06","guid":{"rendered":"http:\/\/www.quechilero.com\/blog\/2007\/11\/15\/impresionantes-presentaciones-del-baile-de-la-conquista-de-guatemala\/"},"modified":"2007-11-15T05:00:06","modified_gmt":"2007-11-15T11:00:06","slug":"impresionantes-presentaciones-del-baile-de-la-conquista-de-guatemala","status":"publish","type":"post","link":"https:\/\/quechilero.com\/blog\/2007\/11\/15\/impresionantes-presentaciones-del-baile-de-la-conquista-de-guatemala\/","title":{"rendered":"Impresionantes presentaciones del baile de La Conquista de Guatemala"},"content":{"rendered":"<p><strong>Rabinal, Baja Verapaz<\/strong><\/p>\n<p><strong>Impresionantes presentaciones del baile de La Conquista de Guatemala<\/strong><\/p>\n<p>El municipio de Rabinal, Baja Verapaz, se destaca el \u00faltimo fin de semana de noviembre, por la impresionante presentaci\u00f3n de la danza de enmascarados <strong>\u00abLa Conquista de Guatemala\u00bb<\/strong>. Esta representaci\u00f3n folcl\u00f3rica se efect\u00faa en la fiesta de la Virgen del Patrocinio.<\/p>\n<p><strong>Desde hace m\u00e1s de 50 a\u00f1os, esta danza, ha salido de forma ininterrumpida, gracias al entusiasmo del recordado y gran maestro, se\u00f1or Mario Abigail Valdiz\u00f3n Ayala QEPD\/30 de diciembre 2006-. <\/strong><\/p>\n<p>Para el a\u00f1o 2007 usted puede visitar este hermoso municipio (174 Km. de la Ciudad Capital) del 24 al 26 de noviembre, donde se presentar\u00e1 nuevamente este tradicional baile que engalana las fiestas marianas del lugar.<\/p>\n<p>El baile de La Conquista de Guatemala, de Rabinal, se caracteriza a otros de nuestro pa\u00eds, por la forma original que se presenta. Ejemplo de ello es la vestimenta de  los ?indios?, van ataviados con capas a la usanza de la \u00e9poca; plumas, penachos, arcos y flechas. Por su parte los \u00abespa\u00f1oles\u00bb entran montados a caballo con espadas y lanzas. El  atuendo es con telas preciosas y lujos de la corona espa\u00f1ola. D\u00e1ndole a esta presentaci\u00f3n un toque \u00fanico en toda la Rep\u00fablica.<\/p>\n<p><strong>Fiesta de la Virgen del Patrocinio<\/strong><\/p>\n<p>La Virgen del Patrocinio es la patrona de Rabinal y desde tiempos inmemoriales es la protectora de esta Ciudad. Se sabe que la Virgen Mar\u00eda ampara la fe de los habitantes, propicia las necesidades b\u00e1sicas y espirituales, rog\u00e1ndole a su Hijo para que interceda por sus pobladores, por ello se le llama <strong>Virgen del Patrocinio.<\/strong><\/p>\n<p>El P. Oscar V\u00e1squez, Vicario de la parroquia San Pablo en Rabinal manifiesta el amor mariano de la poblaci\u00f3n, <em>\u00abLa fiesta del Patrocinio convoca a todo el pueblo a celebrar y recordar el misterio de Mar\u00eda en el mundo, en la vida cat\u00f3lica, en la existencia cristiana y sobre todo en nuestro pueblo\u00bb.<\/em><\/p>\n<p><strong>Programa<\/strong><\/p>\n<p>La solemne velaci\u00f3n de la imagen de la Virgen del Patrocinio se realizar\u00e1 (en su cofrad\u00eda, zona 1), este a\u00f1o el viernes 23 de noviembre en horas de la noche, rodeado de oraci\u00f3n, cohetes y m\u00fasica aut\u00f3ctona del lugar.<\/p>\n<p>Por las noches del 24 y 25 ser\u00e1n levantadas las andas que portar\u00e1n la imagen de la patrona del municipio. A su entrada se quemaran toritos, bombas y castillos.<\/p>\n<p>La misa solemne en honor a la Sant\u00edsima Virgen del Patrocinio ser\u00e1 el domingo 25 a las nueve horas, oficiada por el padre Crist\u00f3bal M\u00e9ndez, en la parroquia San Pablo.<\/p>\n<p>Por aparte los mayordomos de la Virgen del Patrocinio, agradecen a todo el pueblo por su valiosa colaboraci\u00f3n y oraciones para que la festividad se desarrolle con todo \u00e9xito.<\/p>\n<p><a title=\"Rabinal por Pepe Barrascout Ortiz, en Flickr\" href=\"http:\/\/www.flickr.com\/photos\/pepejaguar\/322378090\/\"><img data-recalc-dims=\"1\" loading=\"lazy\" decoding=\"async\" src=\"https:\/\/i0.wp.com\/farm1.static.flickr.com\/128\/322378090_b43dfc3518.jpg?resize=478%2C358\" border=\"0\" alt=\"Rabinal\" width=\"478\" height=\"358\" \/><\/a><\/p>\n<p><em>Este art\u00edculo al igual que los anteriores, son publicados para apoyar el trabajo de la familia de mi buen amigo Williams Valdiz\u00f3n y para fomentar nuestra cultura guatemalteca, rica en tradiciones.<\/em><\/p>\n<p><em>Lee tambi\u00e9n: <a title=\"Legado Rabinalense\" href=\"http:\/\/www.quechilero.com\/blog\/2006\/12\/14\/legado-rabinalense\/\">Legado Rabinalense<\/a>, <a title=\"Baile de la Conquista\" href=\"http:\/\/www.quechilero.com\/blog\/2006\/11\/19\/baile-de-la-conquista\/\">Baile de la Conquista<\/a>.<\/em><\/p>\n","protected":false},"excerpt":{"rendered":"<p>Rabinal, Baja Verapaz Impresionantes presentaciones del baile de La Conquista de Guatemala El municipio de Rabinal, Baja Verapaz, se destaca el \u00faltimo fin de semana de noviembre, por la impresionante presentaci\u00f3n de la danza de enmascarados \u00abLa Conquista de Guatemala\u00bb. Esta representaci\u00f3n folcl\u00f3rica se efect\u00faa en la fiesta de la Virgen del Patrocinio. Desde hace &#8230; <a title=\"Impresionantes presentaciones del baile de La Conquista de Guatemala\" class=\"read-more\" href=\"https:\/\/quechilero.com\/blog\/2007\/11\/15\/impresionantes-presentaciones-del-baile-de-la-conquista-de-guatemala\/\" aria-label=\"Leer m\u00e1s sobre Impresionantes presentaciones del baile de La Conquista de Guatemala\">Leer m\u00e1s<\/a><\/p>\n","protected":false},"author":1,"featured_media":0,"comment_status":"open","ping_status":"open","sticky":false,"template":"","format":"standard","meta":{"advanced_seo_description":"","jetpack_seo_html_title":"","jetpack_seo_noindex":false,"episode_type":"","audio_file":"","cover_image":"","cover_image_id":"","duration":"","filesize":"","date_recorded":"","explicit":"","block":"","filesize_raw":"","jetpack_post_was_ever_published":false,"_jetpack_newsletter_access":"","_jetpack_dont_email_post_to_subs":false,"_jetpack_newsletter_tier_id":0,"_jetpack_memberships_contains_paywalled_content":false,"_jetpack_memberships_contains_paid_content":false,"footnotes":"","jetpack_publicize_message":"","jetpack_publicize_feature_enabled":true,"jetpack_social_post_already_shared":false,"jetpack_social_options":{"image_generator_settings":{"template":"highway","enabled":false},"version":2}},"categories":[2],"tags":[11,15,4,51,10,86,40,5,36,24,80],"series":[],"class_list":["post-787","post","type-post","status-publish","format-standard","hentry","category-limones","tag-amigo","tag-amor","tag-blog","tag-dios","tag-guatemala","tag-oracion","tag-paz","tag-tiempo","tag-trabajo","tag-vida","tag-virgen-maria"],"episode_featured_image":false,"episode_player_image":"https:\/\/i0.wp.com\/quechilero.com\/blog\/imagenes\/podcast.png?fit=1831%2C1831&ssl=1","download_link":"","player_link":"","audio_player":false,"episode_data":{"playerMode":"dark","subscribeUrls":{"amazon":{"key":"amazon","url":"","label":"Amazon","class":"amazon","icon":"amazon.png"},"apple_podcasts":{"key":"apple_podcasts","url":"","label":"Apple Podcasts","class":"apple_podcasts","icon":"apple-podcasts.png"},"castbox":{"key":"castbox","url":"","label":"CastBox","class":"castbox","icon":"castbox.png"},"deezer":{"key":"deezer","url":"","label":"Deezer","class":"deezer","icon":"deezer.png"},"google_podcasts":{"key":"google_podcasts","url":"","label":"Google Podcasts","class":"google_podcasts","icon":"google-podcasts.png"},"listen_notes":{"key":"listen_notes","url":"","label":"Listen Notes","class":"listen_notes","icon":"listen-notes.png"},"pandora":{"key":"pandora","url":"","label":"Pandora","class":"pandora","icon":"pandora.png"},"podbean":{"key":"podbean","url":"","label":"Podbean","class":"podbean","icon":"podbean.png"},"podcast_republic":{"key":"podcast_republic","url":"","label":"Podcast Republic","class":"podcast_republic","icon":"podcast-republic.png"},"rss":{"key":"rss","url":"","label":"RSS","class":"rss","icon":"rss.png"},"spotify":{"key":"spotify","url":"","label":"Spotify","class":"spotify","icon":"spotify.png"},"stitcher":{"key":"stitcher","url":"","label":"Stitcher","class":"stitcher","icon":"stitcher.png"},"tunein":{"key":"tunein","url":"","label":"TuneIn","class":"tunein","icon":"tunein.png"},"youtube":{"key":"youtube","url":"","label":"YouTube","class":"youtube","icon":"youtube.png"},"iheartradio":{"key":"iheartradio","url":"","label":"iHeartRadio","class":"iheartradio","icon":"iheartradio.png"},"ivoox":{"key":"ivoox","url":"","label":"iVoox","class":"ivoox","icon":"ivoox.png"}},"rssFeedUrl":"https:\/\/quechilero.com\/blog\/feed\/podcast\/si-la-vida-nos-da-limones","embedCode":"<blockquote class=\"wp-embedded-content\" data-secret=\"uW9jKBrUSs\"><a href=\"https:\/\/quechilero.com\/blog\/2007\/11\/15\/impresionantes-presentaciones-del-baile-de-la-conquista-de-guatemala\/\">Impresionantes presentaciones del baile de La Conquista de Guatemala<\/a><\/blockquote><iframe sandbox=\"allow-scripts\" security=\"restricted\" src=\"https:\/\/quechilero.com\/blog\/2007\/11\/15\/impresionantes-presentaciones-del-baile-de-la-conquista-de-guatemala\/embed\/#?secret=uW9jKBrUSs\" width=\"500\" height=\"350\" title=\"\u00abImpresionantes presentaciones del baile de La Conquista de Guatemala\u00bb \u2014 Si la Vida nos da Limones...\" data-secret=\"uW9jKBrUSs\" frameborder=\"0\" marginwidth=\"0\" marginheight=\"0\" scrolling=\"no\" class=\"wp-embedded-content\"><\/iframe><script>\n\/*! This file is auto-generated *\/\n!function(d,l){\"use strict\";l.querySelector&&d.addEventListener&&\"undefined\"!=typeof URL&&(d.wp=d.wp||{},d.wp.receiveEmbedMessage||(d.wp.receiveEmbedMessage=function(e){var t=e.data;if((t||t.secret||t.message||t.value)&&!\/[^a-zA-Z0-9]\/.test(t.secret)){for(var s,r,n,a=l.querySelectorAll('iframe[data-secret=\"'+t.secret+'\"]'),o=l.querySelectorAll('blockquote[data-secret=\"'+t.secret+'\"]'),c=new RegExp(\"^https?:$\",\"i\"),i=0;i<o.length;i++)o[i].style.display=\"none\";for(i=0;i<a.length;i++)s=a[i],e.source===s.contentWindow&&(s.removeAttribute(\"style\"),\"height\"===t.message?(1e3<(r=parseInt(t.value,10))?r=1e3:~~r<200&&(r=200),s.height=r):\"link\"===t.message&&(r=new URL(s.getAttribute(\"src\")),n=new URL(t.value),c.test(n.protocol))&&n.host===r.host&&l.activeElement===s&&(d.top.location.href=t.value))}},d.addEventListener(\"message\",d.wp.receiveEmbedMessage,!1),l.addEventListener(\"DOMContentLoaded\",function(){for(var e,t,s=l.querySelectorAll(\"iframe.wp-embedded-content\"),r=0;r<s.length;r++)(t=(e=s[r]).getAttribute(\"data-secret\"))||(t=Math.random().toString(36).substring(2,12),e.src+=\"#?secret=\"+t,e.setAttribute(\"data-secret\",t)),e.contentWindow.postMessage({message:\"ready\",secret:t},\"*\")},!1)))}(window,document);\n\/\/# sourceURL=https:\/\/quechilero.com\/blog\/wp-includes\/js\/wp-embed.min.js\n<\/script>\n"},"jetpack_publicize_connections":[],"jetpack_featured_media_url":"","jetpack_shortlink":"https:\/\/wp.me\/pDKli-cH","jetpack_sharing_enabled":true,"jetpack-related-posts":[],"_links":{"self":[{"href":"https:\/\/quechilero.com\/blog\/wp-json\/wp\/v2\/posts\/787","targetHints":{"allow":["GET"]}}],"collection":[{"href":"https:\/\/quechilero.com\/blog\/wp-json\/wp\/v2\/posts"}],"about":[{"href":"https:\/\/quechilero.com\/blog\/wp-json\/wp\/v2\/types\/post"}],"author":[{"embeddable":true,"href":"https:\/\/quechilero.com\/blog\/wp-json\/wp\/v2\/users\/1"}],"replies":[{"embeddable":true,"href":"https:\/\/quechilero.com\/blog\/wp-json\/wp\/v2\/comments?post=787"}],"version-history":[{"count":0,"href":"https:\/\/quechilero.com\/blog\/wp-json\/wp\/v2\/posts\/787\/revisions"}],"wp:attachment":[{"href":"https:\/\/quechilero.com\/blog\/wp-json\/wp\/v2\/media?parent=787"}],"wp:term":[{"taxonomy":"category","embeddable":true,"href":"https:\/\/quechilero.com\/blog\/wp-json\/wp\/v2\/categories?post=787"},{"taxonomy":"post_tag","embeddable":true,"href":"https:\/\/quechilero.com\/blog\/wp-json\/wp\/v2\/tags?post=787"},{"taxonomy":"series","embeddable":true,"href":"https:\/\/quechilero.com\/blog\/wp-json\/wp\/v2\/series?post=787"}],"curies":[{"name":"wp","href":"https:\/\/api.w.org\/{rel}","templated":true}]}}