{"id":773,"date":"2007-11-24T15:48:32","date_gmt":"2007-11-24T21:48:32","guid":{"rendered":"http:\/\/www.quechilero.com\/blog\/2007\/11\/24\/la-casa-del-artista-2\/"},"modified":"2007-11-24T15:48:32","modified_gmt":"2007-11-24T21:48:32","slug":"la-casa-del-artista-2","status":"publish","type":"post","link":"https:\/\/quechilero.com\/blog\/2007\/11\/24\/la-casa-del-artista-2\/","title":{"rendered":"La Casa del Artista"},"content":{"rendered":"<p>Cu\u00e9ntase una historia que en una ciudad hab\u00eda un artista que todos los d\u00edas  iba hasta su estudio a pie. Y era com\u00fan verlo parado frente a una casa  abandonada.<\/p>\n<p>Una casa que nadie daba valor. Una casa que, para algunos, daba espanto. Una  casa sin conservaci\u00f3n, sin pintura, descascada, ventanas cayendo, jard\u00edn que no  era m\u00e1s jard\u00edn, era un monte de escombros.<\/p>\n<p>Pero, a aquel artista, pod\u00eda v\u00e9rselo parado frente a aquella casa mirando por  algunos minutos, contemplando. Despu\u00e9s que miraba bastante para aquella casa, \u00e9l  segu\u00eda su trayecto. Varias veces \u00e9l repet\u00eda \u00e9se ritual.<\/p>\n<p>Causaba curiosidad porque no se trataba de una casa bonita. No se trataba de  una casa antigua conservada que llamaba la atenci\u00f3n por eso. Pero, as\u00ed mismo, el  artista gustaba de pararse enfrente de aquella casa y admirarla.<\/p>\n<p>Despu\u00e9s de alg\u00fan tiempo, la casa fue vendida, y&#8230; \u00bfsaben qui\u00e9n fue el  comprador? \u00bfEl artista! El artista que parara durante tantas veces frente a la  casa, ahora la compr\u00f3. Y despu\u00e9s que la compr\u00f3, semana tras semana, mes tras  mes, la vieja casa fue adquiriendo una nueva apariencia reflejando el toque de  su due\u00f1o, hasta que al final, en lugar de la vieja y mal vista casa, que muchos  a\u00f1os manchara el vecindario, all\u00ed estaba una casa muy blanca de impresionante  gracia y belleza.<\/p>\n<p>Era la misma casa, pero ahora con un aspecto impecable que antes no ten\u00eda. Se  torn\u00f3 en centro de atenci\u00f3n para toda la comunidad. Y todo eso, porque un  artista la compr\u00f3 y pas\u00f3 a vivir en ella y tomar a su cargo la construcci\u00f3n.<\/p>\n<p>Mira si no es exactamente lo que Dios hizo por ti y por m\u00ed, o por lo menos lo  que \u00e9l quiere hacer por intermedio de Cristo. \u00c9l quiere tomar la direcci\u00f3n. Y  cuando Cristo toma la direcci\u00f3n de nuestra vida, todo se transforma.<\/p>\n<p>Fue as\u00ed con Saulo, el perseguidor transformado en Pablo cristiano. \u00c9l dijo:  \u00abY no vivo yo, sino que es Cristo quien vive en m\u00ed; la vida que vivo al presente  en la carne, la vivo en la fe del Hijo de Dios que me am\u00f3 y se entreg\u00f3 a s\u00ed  mismo por m\u00ed.\u00bb G\u00e1latas 2:20<\/p>\n<p>Te convido a que permitas a este Gran Artista, Jes\u00fas, modelar, reconstruir,  embellecer tu preciosa vida. Y en sus manos, Su Santo Esp\u00edritu, lograr\u00e1 la obra  transformadora. Como lo hizo con Pablo, como lo quiere hacer con cada uno de  nosotros. Porque nos ama. \u00c9l te ama. No dudes, no lo olvides jam\u00e1s.<\/p>\n","protected":false},"excerpt":{"rendered":"<p>Cu\u00e9ntase una historia que en una ciudad hab\u00eda un artista que todos los d\u00edas iba hasta su estudio a pie. Y era com\u00fan verlo parado frente a una casa abandonada. Una casa que nadie daba valor. Una casa que, para algunos, daba espanto. Una casa sin conservaci\u00f3n, sin pintura, descascada, ventanas cayendo, jard\u00edn que no &#8230; <a title=\"La Casa del Artista\" class=\"read-more\" href=\"https:\/\/quechilero.com\/blog\/2007\/11\/24\/la-casa-del-artista-2\/\" aria-label=\"Leer m\u00e1s sobre La Casa del Artista\">Leer m\u00e1s<\/a><\/p>\n","protected":false},"author":1,"featured_media":0,"comment_status":"open","ping_status":"open","sticky":false,"template":"","format":"standard","meta":{"advanced_seo_description":"","jetpack_seo_html_title":"","jetpack_seo_noindex":false,"jetpack_seo_schema_type":"","episode_type":"","audio_file":"","podmotor_file_id":"","podmotor_episode_id":"","cover_image":"","cover_image_id":"","duration":"","filesize":"","filesize_raw":"","date_recorded":"","explicit":"","block":"","_jetpack_newsletter_access":"","_jetpack_dont_email_post_to_subs":false,"_jetpack_newsletter_tier_id":0,"_jetpack_memberships_contains_paywalled_content":false,"_jetpack_feature_clip_id":0,"_jetpack_memberships_contains_paid_content":false,"footnotes":"","jetpack_publicize_message":"","jetpack_publicize_feature_enabled":true,"jetpack_social_post_already_shared":false,"jetpack_social_options":{"image_generator_settings":{"template":"highway","default_image_id":0,"font":"","enabled":false},"version":2},"jetpack_post_was_ever_published":false},"categories":[2],"tags":[48,51,17,74,5,24],"series":[],"class_list":["post-773","post","type-post","status-publish","format-standard","hentry","category-limones","tag-curiosidad","tag-dios","tag-historia","tag-jesus","tag-tiempo","tag-vida"],"episode_featured_image":false,"episode_player_image":"https:\/\/i0.wp.com\/quechilero.com\/blog\/imagenes\/podcast.png?fit=1831%2C1831&ssl=1","download_link":"","player_link":"","audio_player":false,"episode_data":{"playerMode":"dark","subscribeUrls":{"amazon":{"key":"amazon","url":"","label":"Amazon","class":"amazon","icon":"amazon.png"},"apple_podcasts":{"key":"apple_podcasts","url":"","label":"Apple Podcasts","class":"apple_podcasts","icon":"apple-podcasts.png"},"castbox":{"key":"castbox","url":"","label":"CastBox","class":"castbox","icon":"castbox.png"},"deezer":{"key":"deezer","url":"","label":"Deezer","class":"deezer","icon":"deezer.png"},"google_podcasts":{"key":"google_podcasts","url":"","label":"Google Podcasts","class":"google_podcasts","icon":"google-podcasts.png"},"listen_notes":{"key":"listen_notes","url":"","label":"Listen Notes","class":"listen_notes","icon":"listen-notes.png"},"pandora":{"key":"pandora","url":"","label":"Pandora","class":"pandora","icon":"pandora.png"},"podbean":{"key":"podbean","url":"","label":"Podbean","class":"podbean","icon":"podbean.png"},"podcast_republic":{"key":"podcast_republic","url":"","label":"Podcast Republic","class":"podcast_republic","icon":"podcast-republic.png"},"rss":{"key":"rss","url":"","label":"RSS","class":"rss","icon":"rss.png"},"spotify":{"key":"spotify","url":"","label":"Spotify","class":"spotify","icon":"spotify.png"},"stitcher":{"key":"stitcher","url":"","label":"Stitcher","class":"stitcher","icon":"stitcher.png"},"tunein":{"key":"tunein","url":"","label":"TuneIn","class":"tunein","icon":"tunein.png"},"youtube":{"key":"youtube","url":"","label":"YouTube","class":"youtube","icon":"youtube.png"},"iheartradio":{"key":"iheartradio","url":"","label":"iHeartRadio","class":"iheartradio","icon":"iheartradio.png"},"ivoox":{"key":"ivoox","url":"","label":"iVoox","class":"ivoox","icon":"ivoox.png"}},"rssFeedUrl":"https:\/\/quechilero.com\/blog\/feed\/podcast\/si-la-vida-nos-da-limones","embedCode":"<blockquote class=\"wp-embedded-content\" data-secret=\"xsFdOj4m3z\"><a href=\"https:\/\/quechilero.com\/blog\/2007\/11\/24\/la-casa-del-artista-2\/\">La Casa del Artista<\/a><\/blockquote><iframe sandbox=\"allow-scripts\" security=\"restricted\" src=\"https:\/\/quechilero.com\/blog\/2007\/11\/24\/la-casa-del-artista-2\/embed\/#?secret=xsFdOj4m3z\" width=\"500\" height=\"350\" title=\"\u00abLa Casa del Artista\u00bb \u2014 Si la Vida nos da Limones...\" data-secret=\"xsFdOj4m3z\" frameborder=\"0\" marginwidth=\"0\" marginheight=\"0\" scrolling=\"no\" class=\"wp-embedded-content\"><\/iframe><script>\n\/*! This file is auto-generated *\/\n!function(d,l){\"use strict\";l.querySelector&&d.addEventListener&&\"undefined\"!=typeof URL&&(d.wp=d.wp||{},d.wp.receiveEmbedMessage||(d.wp.receiveEmbedMessage=function(e){var t=e.data;if((t||t.secret||t.message||t.value)&&!\/[^a-zA-Z0-9]\/.test(t.secret)){for(var s,r,n,a=l.querySelectorAll('iframe[data-secret=\"'+t.secret+'\"]'),o=l.querySelectorAll('blockquote[data-secret=\"'+t.secret+'\"]'),c=new RegExp(\"^https?:$\",\"i\"),i=0;i<o.length;i++)o[i].style.display=\"none\";for(i=0;i<a.length;i++)s=a[i],e.source===s.contentWindow&&(s.removeAttribute(\"style\"),\"height\"===t.message?(1e3<(r=parseInt(t.value,10))?r=1e3:~~r<200&&(r=200),s.height=r):\"link\"===t.message&&(r=new URL(s.getAttribute(\"src\")),n=new URL(t.value),c.test(n.protocol))&&n.host===r.host&&l.activeElement===s&&(d.top.location.href=t.value))}},d.addEventListener(\"message\",d.wp.receiveEmbedMessage,!1),l.addEventListener(\"DOMContentLoaded\",function(){for(var e,t,s=l.querySelectorAll(\"iframe.wp-embedded-content\"),r=0;r<s.length;r++)(t=(e=s[r]).getAttribute(\"data-secret\"))||(t=Math.random().toString(36).substring(2,12),e.src+=\"#?secret=\"+t,e.setAttribute(\"data-secret\",t)),e.contentWindow.postMessage({message:\"ready\",secret:t},\"*\")},!1)))}(window,document);\n\/\/# sourceURL=https:\/\/quechilero.com\/blog\/wp-includes\/js\/wp-embed.min.js\n<\/script>\n"},"jetpack_publicize_connections":[],"jetpack_shortlink":"https:\/\/wp.me\/pDKli-ct","jetpack_sharing_enabled":true,"jetpack-related-posts":[{"id":534,"url":"https:\/\/quechilero.com\/blog\/2007\/04\/30\/la-casa-del-artista\/","url_meta":{"origin":773,"position":0},"title":"La Casa del Artista","author":"Pepe Barrascout Ortiz","date":"30 abril 2007","format":false,"excerpt":"Cu\u00e9ntase una historia que en una ciudad hab\u00eda un artista que todos los d\u00edas iba hasta su estudio a pie. Y era com\u00fan verlo parado frente a una casa abandonada. Una casa que nadie daba valor. Una casa que, para algunos, daba espanto. Una casa sin conservaci\u00f3n, sin pintura, descascada,\u2026","rel":"","context":"En \u00abLimones\u00bb","block_context":{"text":"Limones","link":"https:\/\/quechilero.com\/blog\/category\/limones\/"},"img":{"alt_text":"","src":"","width":0,"height":0},"classes":[]},{"id":16353,"url":"https:\/\/quechilero.com\/blog\/2013\/03\/23\/la-puerta-del-corazon\/","url_meta":{"origin":773,"position":1},"title":"La puerta del coraz\u00f3n","author":"Pepe Barrascout Ortiz","date":"23 marzo 2013","format":false,"excerpt":"Un hombre hab\u00eda pintado un lindo cuadro. El d\u00eda de la presentaci\u00f3n al p\u00fablico, asistieron las autoridades locales, fot\u00f3grafos, periodistas, y mucha gente, pues se trataba de un famoso pintor, reconocido artista. Llegado el momento, se tir\u00f3 el pa\u00f1o que velaba el cuadro. Hubo un caluroso aplauso. Era una impresionante\u2026","rel":"","context":"En \u00abLimones\u00bb","block_context":{"text":"Limones","link":"https:\/\/quechilero.com\/blog\/category\/limones\/"},"img":{"alt_text":"","src":"","width":0,"height":0},"classes":[]},{"id":13240,"url":"https:\/\/quechilero.com\/blog\/2012\/04\/29\/florece-donde-estes\/","url_meta":{"origin":773,"position":2},"title":"Florece donde est\u00e9s","author":"Pepe Barrascout Ortiz","date":"29 abril 2012","format":false,"excerpt":"Una joven pareja se mud\u00f3 a otra ciudad, lejos de la familia y los amigos. Lleg\u00f3 la mudanza, la pareja desempac\u00f3 sus pertenencias y el marido empez\u00f3 a trabajar a la semana siguiente. Todos los d\u00edas al llegar a su casa, su esposa lo recib\u00eda en la puerta con una\u2026","rel":"","context":"En \u00abLimones\u00bb","block_context":{"text":"Limones","link":"https:\/\/quechilero.com\/blog\/category\/limones\/"},"img":{"alt_text":"","src":"","width":0,"height":0},"classes":[]},{"id":24455,"url":"https:\/\/quechilero.com\/blog\/2011\/06\/10\/podcast-las-6-de-la-manana-episodio-240\/","url_meta":{"origin":773,"position":3},"title":"Podcast: Las 6 de la ma\u00f1ana, episodio 240","author":"Pepe Barrascout Ortiz","date":"10 junio 2011","format":false,"excerpt":"Bienvenidos al ducent\u00e9simo cuadrag\u00e9simo episodio de\u00a0\u201cLas \u00a06 de la ma\u00f1ana\u201d, un podcast que trae 6 canciones, para que iniciemos el d\u00eda, de forma positiva y con \u00e1nimo. El listado para hoy es: Artista \/ Tema 01 - Josh Woodward - Are You Having Fun 02 - Awezoom - The Rage\u2026","rel":"","context":"En \u00abLas 6 de la ma\u00f1ana\u00bb","block_context":{"text":"Las 6 de la ma\u00f1ana","link":"https:\/\/quechilero.com\/blog\/category\/podcast\/las-6-de-la-manana\/"},"img":{"alt_text":"","src":"https:\/\/i0.wp.com\/quechilero.com\/blog\/imagenes\/las6am.jpg?fit=620%2C350&ssl=1&resize=350%2C200","width":350,"height":200,"srcset":"https:\/\/i0.wp.com\/quechilero.com\/blog\/imagenes\/las6am.jpg?fit=620%2C350&ssl=1&resize=350%2C200 1x, https:\/\/i0.wp.com\/quechilero.com\/blog\/imagenes\/las6am.jpg?fit=620%2C350&ssl=1&resize=525%2C300 1.5x"},"classes":[]},{"id":4519,"url":"https:\/\/quechilero.com\/blog\/2010\/04\/11\/muchos-seguiran-tu-ejemplo\/","url_meta":{"origin":773,"position":4},"title":"Muchos seguir\u00e1n tu ejemplo","author":"Pepe Barrascout Ortiz","date":"11 abril 2010","format":false,"excerpt":"Recuerdo que una vez, mientras esperaba un autob\u00fas, una se\u00f1ora me pregunt\u00f3 cu\u00e1l autob\u00fas pasaba por el centro. Le dije que el que yo esperaba le serv\u00eda, que subiera al mismo que yo. Al poco tiempo, pas\u00f3 un familiar quien conduce autob\u00fas y ofreci\u00f3 llevarme cerca de mi casa. Entonces\u2026","rel":"","context":"En \u00abLimones\u00bb","block_context":{"text":"Limones","link":"https:\/\/quechilero.com\/blog\/category\/limones\/"},"img":{"alt_text":"","src":"","width":0,"height":0},"classes":[]},{"id":17677,"url":"https:\/\/quechilero.com\/blog\/2014\/01\/23\/la-casa-blanca\/","url_meta":{"origin":773,"position":5},"title":"La casa blanca","author":"Pepe Barrascout Ortiz","date":"23 enero 2014","format":false,"excerpt":"Desde muy peque\u00f1o so\u00f1aba con tener una casita blanca, con jard\u00edn al frente y un fondo muy grande. Cada vez que nos sent\u00e1bamos con mi abuela a tomar mate, ya que era el mayor de los nietos y su predilecto, tra\u00eda en las charlas con ella el tema de la\u2026","rel":"","context":"En \u00abLimones\u00bb","block_context":{"text":"Limones","link":"https:\/\/quechilero.com\/blog\/category\/limones\/"},"img":{"alt_text":"","src":"","width":0,"height":0},"classes":[]}],"jetpack_featured_media_url":"","_links":{"self":[{"href":"https:\/\/quechilero.com\/blog\/wp-json\/wp\/v2\/posts\/773","targetHints":{"allow":["GET"]}}],"collection":[{"href":"https:\/\/quechilero.com\/blog\/wp-json\/wp\/v2\/posts"}],"about":[{"href":"https:\/\/quechilero.com\/blog\/wp-json\/wp\/v2\/types\/post"}],"author":[{"embeddable":true,"href":"https:\/\/quechilero.com\/blog\/wp-json\/wp\/v2\/users\/1"}],"replies":[{"embeddable":true,"href":"https:\/\/quechilero.com\/blog\/wp-json\/wp\/v2\/comments?post=773"}],"version-history":[{"count":0,"href":"https:\/\/quechilero.com\/blog\/wp-json\/wp\/v2\/posts\/773\/revisions"}],"wp:attachment":[{"href":"https:\/\/quechilero.com\/blog\/wp-json\/wp\/v2\/media?parent=773"}],"wp:term":[{"taxonomy":"category","embeddable":true,"href":"https:\/\/quechilero.com\/blog\/wp-json\/wp\/v2\/categories?post=773"},{"taxonomy":"post_tag","embeddable":true,"href":"https:\/\/quechilero.com\/blog\/wp-json\/wp\/v2\/tags?post=773"},{"taxonomy":"series","embeddable":true,"href":"https:\/\/quechilero.com\/blog\/wp-json\/wp\/v2\/series?post=773"}],"curies":[{"name":"wp","href":"https:\/\/api.w.org\/{rel}","templated":true}]}}