{"id":771,"date":"2007-11-22T15:48:25","date_gmt":"2007-11-22T21:48:25","guid":{"rendered":"http:\/\/www.quechilero.com\/blog\/2007\/11\/22\/la-libertad-2\/"},"modified":"2007-11-22T15:48:25","modified_gmt":"2007-11-22T21:48:25","slug":"la-libertad-2","status":"publish","type":"post","link":"https:\/\/quechilero.com\/blog\/2007\/11\/22\/la-libertad-2\/","title":{"rendered":"La libertad"},"content":{"rendered":"<p>La libertad es ser quien soy y no lo que los dem\u00e1s esperan que yo sea.<\/p>\n<p>Incluye mi libertad de decidir d\u00f3nde quiero estar en cada momento.<\/p>\n<p>Libertad es pensar lo que pienso y sentir lo que siento&#8230; y no  necesariamente lo que deber\u00eda sentir, o lo que otros hubieran sentido, o lo que  esperan que yo sienta.<\/p>\n<p>Libertad es correr los riesgos que yo decida correr, siempre y cuando est\u00e1  dispuesto a afrontar por mi mismo los costos de dicho riesgo.<\/p>\n<p>Libertad es salir al mundo a buscar lo que creo que necesito, en lugar de  vivir esperando que otro me d\u00e9 el permiso para conseguirlo.<\/p>\n<p>Poco para agregar, que no est\u00e1 dicho&#8230; Tenemos el don y el derecho a la  libertad&#8230; Libertad de pensar, de sentir, de expresarnos. .. Libertad de  elegir.<\/p>\n<p>De elegir lo que pensar\u00e9, lo que sentir\u00e9. Si, podemos elegir lo que sentimos  tambi\u00e9n. A veces no podemos elegir lo que nos pasa, pero podemos elegir qu\u00e9  hacemos con eso.<\/p>\n<p>La sensaci\u00f3n de libertad, como cualquier otra, es intransferible pero te  invito a que respires hondo&#8230; todo el aire est\u00e1 para ti&#8230; mira el cielo&#8230;  enorme, imponente&#8230; todo para ti&#8230; eres libre.<\/p>\n<p>A\u00fan si est\u00e1s en la oficina, o haciendo algo que no te gusta, est\u00e1s eligiendo,  est\u00e1s haciendo uso de tu libertad.<\/p>\n<p>Pi\u00e9nsalo.<\/p>\n<p>Se siente distinto cuando tomamos conciencia de que todo lo que nos pasa es  el fruto de nuestras elecciones.. .<\/p>\n<p>Los problemas que tienes hoy, no pueden ser resueltos si piensas de la misma  manera que cuando se crearon.<\/p>\n<p>\u00abFallar es temporal, rendirse es permanente\u00bb<\/p>\n","protected":false},"excerpt":{"rendered":"<p>La libertad es ser quien soy y no lo que los dem\u00e1s esperan que yo sea. Incluye mi libertad de decidir d\u00f3nde quiero estar en cada momento. Libertad es pensar lo que pienso y sentir lo que siento&#8230; y no necesariamente lo que deber\u00eda sentir, o lo que otros hubieran sentido, o lo que esperan &#8230; <a title=\"La libertad\" class=\"read-more\" href=\"https:\/\/quechilero.com\/blog\/2007\/11\/22\/la-libertad-2\/\" aria-label=\"Leer m\u00e1s sobre La libertad\">Leer m\u00e1s<\/a><\/p>\n","protected":false},"author":1,"featured_media":0,"comment_status":"open","ping_status":"open","sticky":false,"template":"","format":"standard","meta":{"advanced_seo_description":"","jetpack_seo_html_title":"","jetpack_seo_noindex":false,"jetpack_seo_schema_type":"","episode_type":"","audio_file":"","podmotor_file_id":"","podmotor_episode_id":"","cover_image":"","cover_image_id":"","duration":"","filesize":"","filesize_raw":"","date_recorded":"","explicit":"","block":"","_jetpack_newsletter_access":"","_jetpack_dont_email_post_to_subs":false,"_jetpack_newsletter_tier_id":0,"_jetpack_memberships_contains_paywalled_content":false,"_jetpack_feature_clip_id":0,"_jetpack_memberships_contains_paid_content":false,"footnotes":"","jetpack_publicize_message":"","jetpack_publicize_feature_enabled":true,"jetpack_social_post_already_shared":false,"jetpack_social_options":{"image_generator_settings":{"template":"highway","default_image_id":0,"font":"","enabled":false},"version":2},"jetpack_post_was_ever_published":false},"categories":[2],"tags":[21],"series":[],"class_list":["post-771","post","type-post","status-publish","format-standard","hentry","category-limones","tag-problema"],"episode_featured_image":false,"episode_player_image":"https:\/\/i0.wp.com\/quechilero.com\/blog\/imagenes\/podcast.png?fit=1831%2C1831&ssl=1","download_link":"","player_link":"","audio_player":false,"episode_data":{"playerMode":"dark","subscribeUrls":{"amazon":{"key":"amazon","url":"","label":"Amazon","class":"amazon","icon":"amazon.png"},"apple_podcasts":{"key":"apple_podcasts","url":"","label":"Apple Podcasts","class":"apple_podcasts","icon":"apple-podcasts.png"},"castbox":{"key":"castbox","url":"","label":"CastBox","class":"castbox","icon":"castbox.png"},"deezer":{"key":"deezer","url":"","label":"Deezer","class":"deezer","icon":"deezer.png"},"google_podcasts":{"key":"google_podcasts","url":"","label":"Google Podcasts","class":"google_podcasts","icon":"google-podcasts.png"},"listen_notes":{"key":"listen_notes","url":"","label":"Listen Notes","class":"listen_notes","icon":"listen-notes.png"},"pandora":{"key":"pandora","url":"","label":"Pandora","class":"pandora","icon":"pandora.png"},"podbean":{"key":"podbean","url":"","label":"Podbean","class":"podbean","icon":"podbean.png"},"podcast_republic":{"key":"podcast_republic","url":"","label":"Podcast Republic","class":"podcast_republic","icon":"podcast-republic.png"},"rss":{"key":"rss","url":"","label":"RSS","class":"rss","icon":"rss.png"},"spotify":{"key":"spotify","url":"","label":"Spotify","class":"spotify","icon":"spotify.png"},"stitcher":{"key":"stitcher","url":"","label":"Stitcher","class":"stitcher","icon":"stitcher.png"},"tunein":{"key":"tunein","url":"","label":"TuneIn","class":"tunein","icon":"tunein.png"},"youtube":{"key":"youtube","url":"","label":"YouTube","class":"youtube","icon":"youtube.png"},"iheartradio":{"key":"iheartradio","url":"","label":"iHeartRadio","class":"iheartradio","icon":"iheartradio.png"},"ivoox":{"key":"ivoox","url":"","label":"iVoox","class":"ivoox","icon":"ivoox.png"}},"rssFeedUrl":"https:\/\/quechilero.com\/blog\/feed\/podcast\/si-la-vida-nos-da-limones","embedCode":"<blockquote class=\"wp-embedded-content\" data-secret=\"CtSQxDxwaX\"><a href=\"https:\/\/quechilero.com\/blog\/2007\/11\/22\/la-libertad-2\/\">La libertad<\/a><\/blockquote><iframe sandbox=\"allow-scripts\" security=\"restricted\" src=\"https:\/\/quechilero.com\/blog\/2007\/11\/22\/la-libertad-2\/embed\/#?secret=CtSQxDxwaX\" width=\"500\" height=\"350\" title=\"\u00abLa libertad\u00bb \u2014 Si la Vida nos da Limones...\" data-secret=\"CtSQxDxwaX\" frameborder=\"0\" marginwidth=\"0\" marginheight=\"0\" scrolling=\"no\" class=\"wp-embedded-content\"><\/iframe><script>\n\/*! This file is auto-generated *\/\n!function(d,l){\"use strict\";l.querySelector&&d.addEventListener&&\"undefined\"!=typeof URL&&(d.wp=d.wp||{},d.wp.receiveEmbedMessage||(d.wp.receiveEmbedMessage=function(e){var t=e.data;if((t||t.secret||t.message||t.value)&&!\/[^a-zA-Z0-9]\/.test(t.secret)){for(var s,r,n,a=l.querySelectorAll('iframe[data-secret=\"'+t.secret+'\"]'),o=l.querySelectorAll('blockquote[data-secret=\"'+t.secret+'\"]'),c=new RegExp(\"^https?:$\",\"i\"),i=0;i<o.length;i++)o[i].style.display=\"none\";for(i=0;i<a.length;i++)s=a[i],e.source===s.contentWindow&&(s.removeAttribute(\"style\"),\"height\"===t.message?(1e3<(r=parseInt(t.value,10))?r=1e3:~~r<200&&(r=200),s.height=r):\"link\"===t.message&&(r=new URL(s.getAttribute(\"src\")),n=new URL(t.value),c.test(n.protocol))&&n.host===r.host&&l.activeElement===s&&(d.top.location.href=t.value))}},d.addEventListener(\"message\",d.wp.receiveEmbedMessage,!1),l.addEventListener(\"DOMContentLoaded\",function(){for(var e,t,s=l.querySelectorAll(\"iframe.wp-embedded-content\"),r=0;r<s.length;r++)(t=(e=s[r]).getAttribute(\"data-secret\"))||(t=Math.random().toString(36).substring(2,12),e.src+=\"#?secret=\"+t,e.setAttribute(\"data-secret\",t)),e.contentWindow.postMessage({message:\"ready\",secret:t},\"*\")},!1)))}(window,document);\n\/\/# sourceURL=https:\/\/quechilero.com\/blog\/wp-includes\/js\/wp-embed.min.js\n<\/script>\n"},"jetpack_publicize_connections":[],"jetpack_shortlink":"https:\/\/wp.me\/pDKli-cr","jetpack_sharing_enabled":true,"jetpack-related-posts":[{"id":532,"url":"https:\/\/quechilero.com\/blog\/2007\/04\/28\/la-libertad\/","url_meta":{"origin":771,"position":0},"title":"La libertad","author":"Pepe Barrascout Ortiz","date":"28 abril 2007","format":false,"excerpt":"La libertad es ser quien soy y no lo que los dem\u00e1s esperan que yo sea. Incluye mi libertad de decidir d\u00f3nde quiero estar en cada momento. Libertad es pensar lo que pienso y sentir lo que siento... y no necesariamente lo que deber\u00eda sentir, o lo que otros hubieran\u2026","rel":"","context":"En \u00abLimones\u00bb","block_context":{"text":"Limones","link":"https:\/\/quechilero.com\/blog\/category\/limones\/"},"img":{"alt_text":"","src":"","width":0,"height":0},"classes":[]},{"id":351,"url":"https:\/\/quechilero.com\/blog\/2006\/11\/02\/manifiesto-blogger\/","url_meta":{"origin":771,"position":1},"title":"Manifiesto Blogger","author":"Pepe Barrascout Ortiz","date":"2 noviembre 2006","format":false,"excerpt":"Leyendo el blog de Blissy, encuentro un Manifiesto Blogger, que resume en unas cuantas l\u00edneas, lo que todos como escritores de blogs hemos pensado o sentido alg\u00fan d\u00eda. Y es que realmente cada quien escribe un blog porque quiere expresar lo que siente y que no puede decir por otros\u2026","rel":"","context":"En \u00abLimones\u00bb","block_context":{"text":"Limones","link":"https:\/\/quechilero.com\/blog\/category\/limones\/"},"img":{"alt_text":"","src":"","width":0,"height":0},"classes":[]},{"id":28993,"url":"https:\/\/quechilero.com\/blog\/2018\/04\/13\/limonada-453\/","url_meta":{"origin":771,"position":2},"title":"Limonada # 453","author":"Pepe Barrascout Ortiz","date":"13 abril 2018","format":false,"excerpt":"En lo fundamental, unidad. En lo discutible, libertad. En lo elegible, libertad. En todo, caridad. San Agust\u00edn","rel":"","context":"En \u00abLimonadas\u00bb","block_context":{"text":"Limonadas","link":"https:\/\/quechilero.com\/blog\/category\/limonadas\/"},"img":{"alt_text":"","src":"https:\/\/i0.wp.com\/quechilero.com\/blog\/imagenes\/limonadas.jpg?fit=620%2C350&ssl=1&resize=350%2C200","width":350,"height":200,"srcset":"https:\/\/i0.wp.com\/quechilero.com\/blog\/imagenes\/limonadas.jpg?fit=620%2C350&ssl=1&resize=350%2C200 1x, https:\/\/i0.wp.com\/quechilero.com\/blog\/imagenes\/limonadas.jpg?fit=620%2C350&ssl=1&resize=525%2C300 1.5x"},"classes":[]},{"id":15563,"url":"https:\/\/quechilero.com\/blog\/2012\/12\/31\/la-puerta\/","url_meta":{"origin":771,"position":3},"title":"La puerta","author":"Pepe Barrascout Ortiz","date":"31 diciembre 2012","format":false,"excerpt":"En una tierra en guerra, hab\u00eda un rey que causaba espanto. Siempre que hac\u00eda prisioneros, no los mataba, los llevaba a una sala donde hab\u00eda un grupo de arqueros de un lado y una inmensa puerta de hierro del otro, sobre la cual se ve\u00edan grabadas figuras de calaveras cubiertas\u2026","rel":"","context":"En \u00abLimones\u00bb","block_context":{"text":"Limones","link":"https:\/\/quechilero.com\/blog\/category\/limones\/"},"img":{"alt_text":"","src":"","width":0,"height":0},"classes":[]},{"id":11668,"url":"https:\/\/quechilero.com\/blog\/2012\/01\/09\/a-grandes-preguntas-el-derecho-a-elegir-ser-educado\/","url_meta":{"origin":771,"position":4},"title":"A grandes preguntas&#8230; \u00abel derecho a elegir ser educado\u00bb","author":"Pepe Barrascout Ortiz","date":"9 enero 2012","format":false,"excerpt":"\u00bfSi el servicio militar es obligatorio, porqu\u00e9 la educaci\u00f3n no?. Esta frase que ilustra esta entrada, de una pinta, realizada en alguna calle, plantea una interrogante muy interesante que ri\u00f1e con los l\u00edmites impuestos por la sociedad, creando una paradoja\u00a0en los conceptos ah\u00ed vertidos. Si analizamos r\u00e1pidamente\u00a0la frase, podr\u00edamos concluir\u2026","rel":"","context":"En \u00abLimones\u00bb","block_context":{"text":"Limones","link":"https:\/\/quechilero.com\/blog\/category\/limones\/"},"img":{"alt_text":"","src":"","width":0,"height":0},"classes":[]},{"id":937,"url":"https:\/\/quechilero.com\/blog\/2008\/04\/15\/la-libertad-es-una-decision\/","url_meta":{"origin":771,"position":5},"title":"La libertad es una decisi\u00f3n","author":"Pepe Barrascout Ortiz","date":"15 abril 2008","format":false,"excerpt":"Conoc\u00ed a Ra\u00fal en un seminario, tres a\u00f1os despues de haber sido liberado de un secuestro. Sus captores lo hab\u00edan encerrado en un armario durante seis meses amarrado con cadenas. Me hablaba con un entusiasmo pleno de ilusiones y de afecto, parec\u00eda feliz a pesar de haber soportado una experiencia\u2026","rel":"","context":"En \u00abLimones\u00bb","block_context":{"text":"Limones","link":"https:\/\/quechilero.com\/blog\/category\/limones\/"},"img":{"alt_text":"","src":"","width":0,"height":0},"classes":[]}],"jetpack_featured_media_url":"","_links":{"self":[{"href":"https:\/\/quechilero.com\/blog\/wp-json\/wp\/v2\/posts\/771","targetHints":{"allow":["GET"]}}],"collection":[{"href":"https:\/\/quechilero.com\/blog\/wp-json\/wp\/v2\/posts"}],"about":[{"href":"https:\/\/quechilero.com\/blog\/wp-json\/wp\/v2\/types\/post"}],"author":[{"embeddable":true,"href":"https:\/\/quechilero.com\/blog\/wp-json\/wp\/v2\/users\/1"}],"replies":[{"embeddable":true,"href":"https:\/\/quechilero.com\/blog\/wp-json\/wp\/v2\/comments?post=771"}],"version-history":[{"count":0,"href":"https:\/\/quechilero.com\/blog\/wp-json\/wp\/v2\/posts\/771\/revisions"}],"wp:attachment":[{"href":"https:\/\/quechilero.com\/blog\/wp-json\/wp\/v2\/media?parent=771"}],"wp:term":[{"taxonomy":"category","embeddable":true,"href":"https:\/\/quechilero.com\/blog\/wp-json\/wp\/v2\/categories?post=771"},{"taxonomy":"post_tag","embeddable":true,"href":"https:\/\/quechilero.com\/blog\/wp-json\/wp\/v2\/tags?post=771"},{"taxonomy":"series","embeddable":true,"href":"https:\/\/quechilero.com\/blog\/wp-json\/wp\/v2\/series?post=771"}],"curies":[{"name":"wp","href":"https:\/\/api.w.org\/{rel}","templated":true}]}}