{"id":7527,"date":"2011-08-04T08:00:07","date_gmt":"2011-08-04T14:00:07","guid":{"rendered":"http:\/\/quechilero.com\/blog\/?p=7527"},"modified":"2011-08-04T08:00:07","modified_gmt":"2011-08-04T14:00:07","slug":"la-risa-del-payaso","status":"publish","type":"post","link":"https:\/\/quechilero.com\/blog\/2011\/08\/04\/la-risa-del-payaso\/","title":{"rendered":"La risa del payaso"},"content":{"rendered":"<p>Hubo una vez un hombre muy sabio que con su sabidur\u00eda quiso guiar a todos hacia la verdad. Pero la gente no le hac\u00eda caso. <em>\u00abEs un sabio alejado de nuestra realidad\u00bb<\/em>, dec\u00edan. \u00c9l ten\u00eda en sus manos la llave del conocimiento, pero nadie quer\u00eda tomarla; por eso estaba muy triste.<\/p>\n<p>Pero un d\u00eda, al sabio se le ocurri\u00f3 que la risa pod\u00eda liberar el coraz\u00f3n de los afanes y ego\u00edsmos. Entonces abandon\u00f3 los libros y se convirti\u00f3 en un payaso.<\/p>\n<p>El payaso iba de pueblo en pueblo con la cara pintada y la ropa desali\u00f1ada, haciendo re\u00edr a todo el mundo, hombres, mujeres y ni\u00f1os, con sus payasadas. La gente, al escuchar sus tonter\u00edas, experimentaba una alegr\u00eda que los sustra\u00eda de las inquietudes y sinsabores de su realidad.<\/p>\n<p>Mas cuando el payaso abandonaba el lugar, retornaban los afanes y las amarguras al coraz\u00f3n de los oyentes. Sin embargo, \u00e9l se sent\u00eda feliz comunicando chispas fugaces de la verdad.<\/p>\n<p><strong><em>Padre Jos\u00e9 Alc\u00e1zar Godoy<\/em><\/strong><\/p>\n","protected":false},"excerpt":{"rendered":"<p>Hubo una vez un hombre muy sabio que con su sabidur\u00eda quiso guiar a todos hacia la verdad. Pero la gente no le hac\u00eda caso. \u00abEs un sabio alejado de nuestra realidad\u00bb, dec\u00edan. \u00c9l ten\u00eda en sus manos la llave del conocimiento, pero nadie quer\u00eda tomarla; por eso estaba muy triste. Pero un d\u00eda, al &#8230; <a title=\"La risa del payaso\" class=\"read-more\" href=\"https:\/\/quechilero.com\/blog\/2011\/08\/04\/la-risa-del-payaso\/\" aria-label=\"Leer m\u00e1s sobre La risa del payaso\">Leer m\u00e1s<\/a><\/p>\n","protected":false},"author":1,"featured_media":0,"comment_status":"open","ping_status":"open","sticky":false,"template":"","format":"standard","meta":{"advanced_seo_description":"","jetpack_seo_html_title":"","jetpack_seo_noindex":false,"jetpack_seo_schema_type":"","episode_type":"","audio_file":"","podmotor_file_id":"","podmotor_episode_id":"","cover_image":"","cover_image_id":"","duration":"","filesize":"","filesize_raw":"","date_recorded":"","explicit":"","block":"","_jetpack_newsletter_access":"","_jetpack_dont_email_post_to_subs":false,"_jetpack_newsletter_tier_id":0,"_jetpack_memberships_contains_paywalled_content":false,"_jetpack_feature_clip_id":0,"_jetpack_memberships_contains_paid_content":false,"footnotes":"","jetpack_publicize_message":"","jetpack_publicize_feature_enabled":true,"jetpack_social_post_already_shared":false,"jetpack_social_options":{"image_generator_settings":{"template":"highway","default_image_id":0,"font":"","enabled":false},"version":2},"jetpack_post_was_ever_published":false},"categories":[2],"tags":[87,46,18,72,20,41],"series":[],"class_list":["post-7527","post","type-post","status-publish","format-standard","hentry","category-limones","tag-alegria","tag-feliz","tag-hombre","tag-libro","tag-mujer","tag-verdad"],"episode_featured_image":false,"episode_player_image":"https:\/\/i0.wp.com\/quechilero.com\/blog\/imagenes\/podcast.png?fit=1831%2C1831&ssl=1","download_link":"","player_link":"","audio_player":false,"episode_data":{"playerMode":"dark","subscribeUrls":{"amazon":{"key":"amazon","url":"","label":"Amazon","class":"amazon","icon":"amazon.png"},"apple_podcasts":{"key":"apple_podcasts","url":"","label":"Apple Podcasts","class":"apple_podcasts","icon":"apple-podcasts.png"},"castbox":{"key":"castbox","url":"","label":"CastBox","class":"castbox","icon":"castbox.png"},"deezer":{"key":"deezer","url":"","label":"Deezer","class":"deezer","icon":"deezer.png"},"google_podcasts":{"key":"google_podcasts","url":"","label":"Google Podcasts","class":"google_podcasts","icon":"google-podcasts.png"},"listen_notes":{"key":"listen_notes","url":"","label":"Listen Notes","class":"listen_notes","icon":"listen-notes.png"},"pandora":{"key":"pandora","url":"","label":"Pandora","class":"pandora","icon":"pandora.png"},"podbean":{"key":"podbean","url":"","label":"Podbean","class":"podbean","icon":"podbean.png"},"podcast_republic":{"key":"podcast_republic","url":"","label":"Podcast Republic","class":"podcast_republic","icon":"podcast-republic.png"},"rss":{"key":"rss","url":"","label":"RSS","class":"rss","icon":"rss.png"},"spotify":{"key":"spotify","url":"","label":"Spotify","class":"spotify","icon":"spotify.png"},"stitcher":{"key":"stitcher","url":"","label":"Stitcher","class":"stitcher","icon":"stitcher.png"},"tunein":{"key":"tunein","url":"","label":"TuneIn","class":"tunein","icon":"tunein.png"},"youtube":{"key":"youtube","url":"","label":"YouTube","class":"youtube","icon":"youtube.png"},"iheartradio":{"key":"iheartradio","url":"","label":"iHeartRadio","class":"iheartradio","icon":"iheartradio.png"},"ivoox":{"key":"ivoox","url":"","label":"iVoox","class":"ivoox","icon":"ivoox.png"}},"rssFeedUrl":"https:\/\/quechilero.com\/blog\/feed\/podcast\/si-la-vida-nos-da-limones","embedCode":"<blockquote class=\"wp-embedded-content\" data-secret=\"c3ojzAyxxO\"><a href=\"https:\/\/quechilero.com\/blog\/2011\/08\/04\/la-risa-del-payaso\/\">La risa del payaso<\/a><\/blockquote><iframe sandbox=\"allow-scripts\" security=\"restricted\" src=\"https:\/\/quechilero.com\/blog\/2011\/08\/04\/la-risa-del-payaso\/embed\/#?secret=c3ojzAyxxO\" width=\"500\" height=\"350\" title=\"\u00abLa risa del payaso\u00bb \u2014 Si la Vida nos da Limones...\" data-secret=\"c3ojzAyxxO\" frameborder=\"0\" marginwidth=\"0\" marginheight=\"0\" scrolling=\"no\" class=\"wp-embedded-content\"><\/iframe><script>\n\/*! This file is auto-generated *\/\n!function(d,l){\"use strict\";l.querySelector&&d.addEventListener&&\"undefined\"!=typeof URL&&(d.wp=d.wp||{},d.wp.receiveEmbedMessage||(d.wp.receiveEmbedMessage=function(e){var t=e.data;if((t||t.secret||t.message||t.value)&&!\/[^a-zA-Z0-9]\/.test(t.secret)){for(var s,r,n,a=l.querySelectorAll('iframe[data-secret=\"'+t.secret+'\"]'),o=l.querySelectorAll('blockquote[data-secret=\"'+t.secret+'\"]'),c=new RegExp(\"^https?:$\",\"i\"),i=0;i<o.length;i++)o[i].style.display=\"none\";for(i=0;i<a.length;i++)s=a[i],e.source===s.contentWindow&&(s.removeAttribute(\"style\"),\"height\"===t.message?(1e3<(r=parseInt(t.value,10))?r=1e3:~~r<200&&(r=200),s.height=r):\"link\"===t.message&&(r=new URL(s.getAttribute(\"src\")),n=new URL(t.value),c.test(n.protocol))&&n.host===r.host&&l.activeElement===s&&(d.top.location.href=t.value))}},d.addEventListener(\"message\",d.wp.receiveEmbedMessage,!1),l.addEventListener(\"DOMContentLoaded\",function(){for(var e,t,s=l.querySelectorAll(\"iframe.wp-embedded-content\"),r=0;r<s.length;r++)(t=(e=s[r]).getAttribute(\"data-secret\"))||(t=Math.random().toString(36).substring(2,12),e.src+=\"#?secret=\"+t,e.setAttribute(\"data-secret\",t)),e.contentWindow.postMessage({message:\"ready\",secret:t},\"*\")},!1)))}(window,document);\n\/\/# sourceURL=https:\/\/quechilero.com\/blog\/wp-includes\/js\/wp-embed.min.js\n<\/script>\n"},"jetpack_publicize_connections":[],"jetpack_shortlink":"https:\/\/wp.me\/pDKli-1Xp","jetpack_sharing_enabled":true,"jetpack-related-posts":[{"id":9931,"url":"https:\/\/quechilero.com\/blog\/2011\/08\/25\/maraton-de-blogs-luchas-libres-y-mas\/","url_meta":{"origin":7527,"position":0},"title":"Marat\u00f3n de Blogs: Luchas Libres y m\u00e1s","author":"Pepe Barrascout Ortiz","date":"25 agosto 2011","format":false,"excerpt":"Luchas Libres y m\u00e1s es un blog de opini\u00f3n que desde septiembre de 2007, publica con regular frecuencia y a un promedio de unos diez art\u00edculos al mes, aunque en los \u00faltimos meses ha bajado a unos cinco aproximadamente. Teniendo como marco el lago de Atitl\u00e1n,\u00a0Luchas Libres y m\u00e1s\u00a0expresa los\u2026","rel":"","context":"En \u00abBlogs de Guatemala\u00bb","block_context":{"text":"Blogs de Guatemala","link":"https:\/\/quechilero.com\/blog\/category\/blogs-de-guatemala\/"},"img":{"alt_text":"","src":"https:\/\/i0.wp.com\/i392.photobucket.com\/albums\/pp7\/pepejaguar\/maraton\/lucha-libre.png?resize=350%2C200","width":350,"height":200,"srcset":"https:\/\/i0.wp.com\/i392.photobucket.com\/albums\/pp7\/pepejaguar\/maraton\/lucha-libre.png?resize=350%2C200 1x, https:\/\/i0.wp.com\/i392.photobucket.com\/albums\/pp7\/pepejaguar\/maraton\/lucha-libre.png?resize=525%2C300 1.5x"},"classes":[]},{"id":21439,"url":"https:\/\/quechilero.com\/blog\/2015\/08\/14\/la-pequena-locomotora-que-si-pudo\/","url_meta":{"origin":7527,"position":1},"title":"La peque\u00f1a locomotora que s\u00ed pudo","author":"Pepe Barrascout Ortiz","date":"14 agosto 2015","format":false,"excerpt":"O\u00ed por primera vez la maravillosa historia de \"La peque\u00f1a locomotora que s\u00ed pudo\" cuando ten\u00eda unos diez a\u00f1os de edad. De ni\u00f1o me fascinaba este relato porque los vagones del tren estaban llenos de animales, de payasos de juguete, de cortaplumas, de rompecabezas, de libros y de cosas deliciosas\u2026","rel":"","context":"En \u00abLimones\u00bb","block_context":{"text":"Limones","link":"https:\/\/quechilero.com\/blog\/category\/limones\/"},"img":{"alt_text":"","src":"","width":0,"height":0},"classes":[]},{"id":16036,"url":"https:\/\/quechilero.com\/blog\/2013\/02\/20\/el-circo\/","url_meta":{"origin":7527,"position":2},"title":"El Circo","author":"Pepe Barrascout Ortiz","date":"20 febrero 2013","format":false,"excerpt":"Cuando yo era adolescente, en cierta oportunidad estaba con mi padre haciendo cola para comprar entradas para el circo. Al final, s\u00f3lo quedaba una familia entre la ventanilla y nosotros. Esta familia me impresion\u00f3 mucho. Eran ocho chicos, todos probablemente menores de doce a\u00f1os. Se ve\u00eda que no ten\u00edan mucho\u2026","rel":"","context":"En \u00abLimones\u00bb","block_context":{"text":"Limones","link":"https:\/\/quechilero.com\/blog\/category\/limones\/"},"img":{"alt_text":"","src":"","width":0,"height":0},"classes":[]},{"id":19297,"url":"https:\/\/quechilero.com\/blog\/2014\/09\/02\/la-grandeza-de-lo-pequeno\/","url_meta":{"origin":7527,"position":3},"title":"La grandeza de lo peque\u00f1o","author":"Pepe Barrascout Ortiz","date":"2 septiembre 2014","format":false,"excerpt":"\"Yo te alabo, Padre, porque has ocultado estas cosas a los sabios y entendidos, y las revelaste a los peque\u00f1os.\" (Lc. 10:21) Estas palabras encierran un misterio y una paradoja para la l\u00f3gica humana. Los m\u00e1s grandes acontecimientos de su vida, Cristo no los quiso revelar a quienes, seg\u00fan el\u2026","rel":"","context":"En \u00abLimones\u00bb","block_context":{"text":"Limones","link":"https:\/\/quechilero.com\/blog\/category\/limones\/"},"img":{"alt_text":"","src":"","width":0,"height":0},"classes":[]},{"id":2788,"url":"https:\/\/quechilero.com\/blog\/2009\/06\/10\/la-palabra-shalom\/","url_meta":{"origin":7527,"position":4},"title":"La palabra SHALOM","author":"Pepe Barrascout Ortiz","date":"10 junio 2009","format":false,"excerpt":"SHALOM es una palabra hebrea que acostumbra a traducirse al portugu\u00e9s\/espa\u00f1ol como \"paz\". Es verdad... Pero su profundidad y significado tiene un alcance mucho mayor. En su ra\u00edz semita (sh-l-m) significa \"estar lleno, sentirse completo, abarcado, en plenitud\". SHALOM no es una simple ausencia de conflicto, entre naciones o entre\u2026","rel":"","context":"En \u00abLimones\u00bb","block_context":{"text":"Limones","link":"https:\/\/quechilero.com\/blog\/category\/limones\/"},"img":{"alt_text":"","src":"","width":0,"height":0},"classes":[]},{"id":295,"url":"https:\/\/quechilero.com\/blog\/2006\/11\/05\/porque-la-gente-se-grita-cuando-esta-enojada\/","url_meta":{"origin":7527,"position":5},"title":"\u00bfPorque la gente se grita cuando est\u00e1 enojada?","author":"Pepe Barrascout Ortiz","date":"5 noviembre 2006","format":false,"excerpt":"Un d\u00eda, un hombre sabio pregunt\u00f3 a sus estudiantes lo siguiente: - \u00bfPor qu\u00e9 la gente se grita cuando est\u00e1 enojada? Los estudiantes pensaron unos momentos: - Porque perdemos la calma -dijo uno. Por eso gritamos. - Pero \u00bfpor qu\u00e9 gritar cuando la otra persona est\u00e1 a tu lado? -pregunt\u00f3\u2026","rel":"","context":"En \u00abLimones\u00bb","block_context":{"text":"Limones","link":"https:\/\/quechilero.com\/blog\/category\/limones\/"},"img":{"alt_text":"","src":"","width":0,"height":0},"classes":[]}],"jetpack_featured_media_url":"","_links":{"self":[{"href":"https:\/\/quechilero.com\/blog\/wp-json\/wp\/v2\/posts\/7527","targetHints":{"allow":["GET"]}}],"collection":[{"href":"https:\/\/quechilero.com\/blog\/wp-json\/wp\/v2\/posts"}],"about":[{"href":"https:\/\/quechilero.com\/blog\/wp-json\/wp\/v2\/types\/post"}],"author":[{"embeddable":true,"href":"https:\/\/quechilero.com\/blog\/wp-json\/wp\/v2\/users\/1"}],"replies":[{"embeddable":true,"href":"https:\/\/quechilero.com\/blog\/wp-json\/wp\/v2\/comments?post=7527"}],"version-history":[{"count":0,"href":"https:\/\/quechilero.com\/blog\/wp-json\/wp\/v2\/posts\/7527\/revisions"}],"wp:attachment":[{"href":"https:\/\/quechilero.com\/blog\/wp-json\/wp\/v2\/media?parent=7527"}],"wp:term":[{"taxonomy":"category","embeddable":true,"href":"https:\/\/quechilero.com\/blog\/wp-json\/wp\/v2\/categories?post=7527"},{"taxonomy":"post_tag","embeddable":true,"href":"https:\/\/quechilero.com\/blog\/wp-json\/wp\/v2\/tags?post=7527"},{"taxonomy":"series","embeddable":true,"href":"https:\/\/quechilero.com\/blog\/wp-json\/wp\/v2\/series?post=7527"}],"curies":[{"name":"wp","href":"https:\/\/api.w.org\/{rel}","templated":true}]}}