{"id":7526,"date":"2011-04-25T08:00:43","date_gmt":"2011-04-25T14:00:43","guid":{"rendered":"http:\/\/quechilero.com\/blog\/?p=7526"},"modified":"2011-04-25T08:00:43","modified_gmt":"2011-04-25T14:00:43","slug":"el-beato-juan-xxiii","status":"publish","type":"post","link":"https:\/\/quechilero.com\/blog\/2011\/04\/25\/el-beato-juan-xxiii\/","title":{"rendered":"El Beato Juan XXIII"},"content":{"rendered":"<p>Fue elegido Papa a los 77 a\u00f1os. Desde el primer momento inaugur\u00f3 en la Iglesia un nuevo estilo de renovaci\u00f3n, adaptaci\u00f3n, di\u00e1logo y comuni\u00f3n. Su figura, lejos de apagarse, va creciendo con el paso de los a\u00f1os.<\/p>\n<p>Fue el profeta que la Iglesia necesitaba. Una imagen renovada de la bondad: <em>\u00ab\u00a1El Papa Bueno!\u00bb<\/em> Tradicional en su teolog\u00eda y personalidad, estuvo abierto a los cambios: <em>\u00abEn mi ventana habr\u00e1 siempre luz encendida. La puerta estar\u00e1 abierta para todos. A nadie le preguntar\u00e9 cu\u00e1l es su fe, le recibir\u00e9 como a un hermano.\u00bb<\/em><\/p>\n","protected":false},"excerpt":{"rendered":"<p>Fue elegido Papa a los 77 a\u00f1os. Desde el primer momento inaugur\u00f3 en la Iglesia un nuevo estilo de renovaci\u00f3n, adaptaci\u00f3n, di\u00e1logo y comuni\u00f3n. Su figura, lejos de apagarse, va creciendo con el paso de los a\u00f1os. Fue el profeta que la Iglesia necesitaba. Una imagen renovada de la bondad: \u00ab\u00a1El Papa Bueno!\u00bb Tradicional en &#8230; <a title=\"El Beato Juan XXIII\" class=\"read-more\" href=\"https:\/\/quechilero.com\/blog\/2011\/04\/25\/el-beato-juan-xxiii\/\" aria-label=\"Leer m\u00e1s sobre El Beato Juan XXIII\">Leer m\u00e1s<\/a><\/p>\n","protected":false},"author":1,"featured_media":0,"comment_status":"open","ping_status":"open","sticky":false,"template":"","format":"standard","meta":{"advanced_seo_description":"","jetpack_seo_html_title":"","jetpack_seo_noindex":false,"jetpack_seo_schema_type":"","episode_type":"","audio_file":"","podmotor_file_id":"","podmotor_episode_id":"","cover_image":"","cover_image_id":"","duration":"","filesize":"","filesize_raw":"","date_recorded":"","explicit":"","block":"","_jetpack_newsletter_access":"","_jetpack_dont_email_post_to_subs":false,"_jetpack_newsletter_tier_id":0,"_jetpack_memberships_contains_paywalled_content":false,"_jetpack_feature_clip_id":0,"_jetpack_memberships_contains_paid_content":false,"footnotes":"","jetpack_publicize_message":"","jetpack_publicize_feature_enabled":true,"jetpack_social_post_already_shared":false,"jetpack_social_options":{"image_generator_settings":{"template":"highway","default_image_id":0,"font":"","enabled":false},"version":2},"jetpack_post_was_ever_published":false},"categories":[2],"tags":[94],"series":[],"class_list":["post-7526","post","type-post","status-publish","format-standard","hentry","category-limones","tag-comunion"],"episode_featured_image":false,"episode_player_image":"https:\/\/i0.wp.com\/quechilero.com\/blog\/imagenes\/podcast.png?fit=1831%2C1831&ssl=1","download_link":"","player_link":"","audio_player":false,"episode_data":{"playerMode":"dark","subscribeUrls":{"amazon":{"key":"amazon","url":"","label":"Amazon","class":"amazon","icon":"amazon.png"},"apple_podcasts":{"key":"apple_podcasts","url":"","label":"Apple Podcasts","class":"apple_podcasts","icon":"apple-podcasts.png"},"castbox":{"key":"castbox","url":"","label":"CastBox","class":"castbox","icon":"castbox.png"},"deezer":{"key":"deezer","url":"","label":"Deezer","class":"deezer","icon":"deezer.png"},"google_podcasts":{"key":"google_podcasts","url":"","label":"Google Podcasts","class":"google_podcasts","icon":"google-podcasts.png"},"listen_notes":{"key":"listen_notes","url":"","label":"Listen Notes","class":"listen_notes","icon":"listen-notes.png"},"pandora":{"key":"pandora","url":"","label":"Pandora","class":"pandora","icon":"pandora.png"},"podbean":{"key":"podbean","url":"","label":"Podbean","class":"podbean","icon":"podbean.png"},"podcast_republic":{"key":"podcast_republic","url":"","label":"Podcast Republic","class":"podcast_republic","icon":"podcast-republic.png"},"rss":{"key":"rss","url":"","label":"RSS","class":"rss","icon":"rss.png"},"spotify":{"key":"spotify","url":"","label":"Spotify","class":"spotify","icon":"spotify.png"},"stitcher":{"key":"stitcher","url":"","label":"Stitcher","class":"stitcher","icon":"stitcher.png"},"tunein":{"key":"tunein","url":"","label":"TuneIn","class":"tunein","icon":"tunein.png"},"youtube":{"key":"youtube","url":"","label":"YouTube","class":"youtube","icon":"youtube.png"},"iheartradio":{"key":"iheartradio","url":"","label":"iHeartRadio","class":"iheartradio","icon":"iheartradio.png"},"ivoox":{"key":"ivoox","url":"","label":"iVoox","class":"ivoox","icon":"ivoox.png"}},"rssFeedUrl":"https:\/\/quechilero.com\/blog\/feed\/podcast\/si-la-vida-nos-da-limones","embedCode":"<blockquote class=\"wp-embedded-content\" data-secret=\"cRk8BUCyEB\"><a href=\"https:\/\/quechilero.com\/blog\/2011\/04\/25\/el-beato-juan-xxiii\/\">El Beato Juan XXIII<\/a><\/blockquote><iframe sandbox=\"allow-scripts\" security=\"restricted\" src=\"https:\/\/quechilero.com\/blog\/2011\/04\/25\/el-beato-juan-xxiii\/embed\/#?secret=cRk8BUCyEB\" width=\"500\" height=\"350\" title=\"\u00abEl Beato Juan XXIII\u00bb \u2014 Si la Vida nos da Limones...\" data-secret=\"cRk8BUCyEB\" frameborder=\"0\" marginwidth=\"0\" marginheight=\"0\" scrolling=\"no\" class=\"wp-embedded-content\"><\/iframe><script>\n\/*! This file is auto-generated *\/\n!function(d,l){\"use strict\";l.querySelector&&d.addEventListener&&\"undefined\"!=typeof URL&&(d.wp=d.wp||{},d.wp.receiveEmbedMessage||(d.wp.receiveEmbedMessage=function(e){var t=e.data;if((t||t.secret||t.message||t.value)&&!\/[^a-zA-Z0-9]\/.test(t.secret)){for(var s,r,n,a=l.querySelectorAll('iframe[data-secret=\"'+t.secret+'\"]'),o=l.querySelectorAll('blockquote[data-secret=\"'+t.secret+'\"]'),c=new RegExp(\"^https?:$\",\"i\"),i=0;i<o.length;i++)o[i].style.display=\"none\";for(i=0;i<a.length;i++)s=a[i],e.source===s.contentWindow&&(s.removeAttribute(\"style\"),\"height\"===t.message?(1e3<(r=parseInt(t.value,10))?r=1e3:~~r<200&&(r=200),s.height=r):\"link\"===t.message&&(r=new URL(s.getAttribute(\"src\")),n=new URL(t.value),c.test(n.protocol))&&n.host===r.host&&l.activeElement===s&&(d.top.location.href=t.value))}},d.addEventListener(\"message\",d.wp.receiveEmbedMessage,!1),l.addEventListener(\"DOMContentLoaded\",function(){for(var e,t,s=l.querySelectorAll(\"iframe.wp-embedded-content\"),r=0;r<s.length;r++)(t=(e=s[r]).getAttribute(\"data-secret\"))||(t=Math.random().toString(36).substring(2,12),e.src+=\"#?secret=\"+t,e.setAttribute(\"data-secret\",t)),e.contentWindow.postMessage({message:\"ready\",secret:t},\"*\")},!1)))}(window,document);\n\/\/# sourceURL=https:\/\/quechilero.com\/blog\/wp-includes\/js\/wp-embed.min.js\n<\/script>\n"},"jetpack_publicize_connections":[],"jetpack_shortlink":"https:\/\/wp.me\/pDKli-1Xo","jetpack_sharing_enabled":true,"jetpack-related-posts":[{"id":18071,"url":"https:\/\/quechilero.com\/blog\/2014\/07\/30\/la-armonia\/","url_meta":{"origin":7526,"position":0},"title":"La armon\u00eda","author":"Pepe Barrascout Ortiz","date":"30 julio 2014","format":false,"excerpt":"El Esp\u00edritu Santo, aparentemente, crea desorden en el Iglesia, porque produce diversidad de carismas, de dones; sin embargo, bajo su acci\u00f3n, todo esto es una gran riqueza, porque el Esp\u00edritu Santo es el Esp\u00edritu de unidad, que no significa uniformidad, sino reconducir todo a la armon\u00eda. En la Iglesia, la\u2026","rel":"","context":"En \u00abLimones\u00bb","block_context":{"text":"Limones","link":"https:\/\/quechilero.com\/blog\/category\/limones\/"},"img":{"alt_text":"","src":"","width":0,"height":0},"classes":[]},{"id":453,"url":"https:\/\/quechilero.com\/blog\/2007\/02\/13\/la-misa-de-los-lopez\/","url_meta":{"origin":7526,"position":1},"title":"La Misa de los L\u00f3pez","author":"Pepe Barrascout Ortiz","date":"13 febrero 2007","format":false,"excerpt":"Los padres entran primero, tratando de no hacer ruido, seguidos de sus dos hijos. Se santiguan, hacen algo parecido a una genuflexi\u00f3n y buscan un sitio por atr\u00e1s. Unos feligreses tienen que recoger las piernas para que los cuatro puedan pasar por encima del reclinatorio. Sonrisita complaciente y caras de\u2026","rel":"","context":"En \u00abLimones\u00bb","block_context":{"text":"Limones","link":"https:\/\/quechilero.com\/blog\/category\/limones\/"},"img":{"alt_text":"","src":"","width":0,"height":0},"classes":[]},{"id":1055,"url":"https:\/\/quechilero.com\/blog\/2008\/08\/18\/comunion-en-la-luna\/","url_meta":{"origin":7526,"position":2},"title":"Comuni\u00f3n en la luna","author":"Pepe Barrascout Ortiz","date":"18 agosto 2008","format":false,"excerpt":"El Apolo 11 aluniz\u00f3 sobre la superficie de la luna el 20 de julio de 1969. La mayor\u00eda de nosotros estamos familiarizados con la hist\u00f3rica declaraci\u00f3n de Armstrong cuando pis\u00f3 la superficie lunar: \"Es un peque\u00f1o paso para un hombre; un gran salto para la humanidad\". Pero muy pocas personas\u2026","rel":"","context":"En \u00abLimones\u00bb","block_context":{"text":"Limones","link":"https:\/\/quechilero.com\/blog\/category\/limones\/"},"img":{"alt_text":"","src":"","width":0,"height":0},"classes":[]},{"id":16816,"url":"https:\/\/quechilero.com\/blog\/2013\/07\/11\/comunion-alimento-del-alma\/","url_meta":{"origin":7526,"position":3},"title":"Comuni\u00f3n, alimento del alma","author":"Pepe Barrascout Ortiz","date":"11 julio 2013","format":false,"excerpt":"Me he preguntado muchas veces: \u00bfPor qu\u00e9 los hombres, cuando van a un banquete, saben disfrutar del comer y del beber y, en cambio, cuando van a una iglesia, se aburren soberanamente? \u00bfSer\u00e1 m\u00e1s importante alimentar el cuerpo que alimentar el alma? El hombre es cuerpo y alma. El cuerpo\u2026","rel":"","context":"En \u00abLimones\u00bb","block_context":{"text":"Limones","link":"https:\/\/quechilero.com\/blog\/category\/limones\/"},"img":{"alt_text":"","src":"","width":0,"height":0},"classes":[]},{"id":5951,"url":"https:\/\/quechilero.com\/blog\/2010\/11\/01\/fiesta-de-todos-los-santos\/","url_meta":{"origin":7526,"position":4},"title":"Fiesta de Todos los Santos","author":"Pepe Barrascout Ortiz","date":"1 noviembre 2010","format":false,"excerpt":"Este d\u00eda se celebran a todos los millones de personas que han llegado al cielo, aunque sean desconocidos para nosotros. Santo es aquel que ha llegado al cielo, algunos han sido canonizados y son por esto propuestos por la Iglesia como ejemplos de vida cristiana. La comuni\u00f3n de los santos,\u2026","rel":"","context":"En \u00abLimones\u00bb","block_context":{"text":"Limones","link":"https:\/\/quechilero.com\/blog\/category\/limones\/"},"img":{"alt_text":"","src":"","width":0,"height":0},"classes":[]},{"id":423,"url":"https:\/\/quechilero.com\/blog\/2007\/01\/26\/vivira-eternamente-con-sus-hijos\/","url_meta":{"origin":7526,"position":5},"title":"Vivir\u00e1 Eternamente con Sus Hijos","author":"Pepe Barrascout Ortiz","date":"26 enero 2007","format":false,"excerpt":"El mayor gozo que puede tener un creyente en este mundo es el de disfrutar de unos momentos de comuni\u00f3n ininterrumpida con el Padre Celestial. Pero en el cielo tendremos comuni\u00f3n perfecta con \u00c9l, donde las congregaciones no se dispersar\u00e1n ni finalizar\u00e1n los s\u00e1bados. As\u00ed siempre estaremos con el Se\u00f1or.\u2026","rel":"","context":"En \u00abLimones\u00bb","block_context":{"text":"Limones","link":"https:\/\/quechilero.com\/blog\/category\/limones\/"},"img":{"alt_text":"","src":"","width":0,"height":0},"classes":[]}],"jetpack_featured_media_url":"","_links":{"self":[{"href":"https:\/\/quechilero.com\/blog\/wp-json\/wp\/v2\/posts\/7526","targetHints":{"allow":["GET"]}}],"collection":[{"href":"https:\/\/quechilero.com\/blog\/wp-json\/wp\/v2\/posts"}],"about":[{"href":"https:\/\/quechilero.com\/blog\/wp-json\/wp\/v2\/types\/post"}],"author":[{"embeddable":true,"href":"https:\/\/quechilero.com\/blog\/wp-json\/wp\/v2\/users\/1"}],"replies":[{"embeddable":true,"href":"https:\/\/quechilero.com\/blog\/wp-json\/wp\/v2\/comments?post=7526"}],"version-history":[{"count":0,"href":"https:\/\/quechilero.com\/blog\/wp-json\/wp\/v2\/posts\/7526\/revisions"}],"wp:attachment":[{"href":"https:\/\/quechilero.com\/blog\/wp-json\/wp\/v2\/media?parent=7526"}],"wp:term":[{"taxonomy":"category","embeddable":true,"href":"https:\/\/quechilero.com\/blog\/wp-json\/wp\/v2\/categories?post=7526"},{"taxonomy":"post_tag","embeddable":true,"href":"https:\/\/quechilero.com\/blog\/wp-json\/wp\/v2\/tags?post=7526"},{"taxonomy":"series","embeddable":true,"href":"https:\/\/quechilero.com\/blog\/wp-json\/wp\/v2\/series?post=7526"}],"curies":[{"name":"wp","href":"https:\/\/api.w.org\/{rel}","templated":true}]}}