{"id":7502,"date":"2011-10-15T08:00:58","date_gmt":"2011-10-15T14:00:58","guid":{"rendered":"http:\/\/quechilero.com\/blog\/?p=7502"},"modified":"2011-10-15T08:00:58","modified_gmt":"2011-10-15T14:00:58","slug":"epocas","status":"publish","type":"post","link":"https:\/\/quechilero.com\/blog\/2011\/10\/15\/epocas\/","title":{"rendered":"\u00c9pocas"},"content":{"rendered":"<p>En una cena en honor de Albert Einstein, un estudiante le pregunt\u00f3 al gran cient\u00edfico: <em>\u00ab\u00bfCu\u00e1l es su profesi\u00f3n?\u00bb<\/em><\/p>\n<p>&#8211; <em>Me dedico al estudio de la f\u00edsica<\/em> -dijo Einstein.<\/p>\n<p>El estudiante exclam\u00f3: <em>\u00ab\u00bfQuiere decir que usted sigue estudiando f\u00edsica? Yo termin\u00e9 el a\u00f1o pasado.\u00bb<\/em><\/p>\n<p>Una de las grandes tentaciones en la vida es dividirla en \u00e9pocas y pensar en cada una como un fin en s\u00ed misma. El estudiante piensa en el diploma del colegio secundario como una meta, pero no lo relaciona con lo que quiere hacer en la vida. El egresado tal vez consiga el trabajo de su elecci\u00f3n y nunca considere que podr\u00eda hacer otros trabajos en el futuro.<\/p>\n<p>\u00bfCu\u00e1ntas veces has visto a un muchacho y una muchacha que se comprometen en matrimonio y gastan una fortuna, y cientos de horas preparando la boda con poca o ninguna preparaci\u00f3n para los a\u00f1os de matrimonio que tienen por delante? O tal vez un matrimonio espera el nacimiento del hijo sin saber en realidad lo que significa la paternidad.<\/p>\n<p>El huerto de la vida es un ciclo continuo de a\u00f1os y estaciones. Quienes cosechan mucho parecen ser las personas que miran hacia atr\u00e1s y hacia adelante. Miran al pasado para rescatar de sus experiencias las que les servir\u00e1n a resolver los desaf\u00edos del presente. Miran al futuro para decidir qu\u00e9 semillas plantar\u00e1n hoy para lograr los \u00e9xitos del futuro.<\/p>\n<p>Dios esta presente en cada segmento de nuestra vida, inst\u00e1ndonos a aprender de las experiencias y los logros para que nuestros jardines alcancen el m\u00e1ximo de su potencial.<\/p>\n<p><strong><em>Del libro \u00abEn el jard\u00edn con Dios\u00bb, Editorial Unilit<\/em><\/strong><\/p>\n","protected":false},"excerpt":{"rendered":"<p>En una cena en honor de Albert Einstein, un estudiante le pregunt\u00f3 al gran cient\u00edfico: \u00ab\u00bfCu\u00e1l es su profesi\u00f3n?\u00bb &#8211; Me dedico al estudio de la f\u00edsica -dijo Einstein. El estudiante exclam\u00f3: \u00ab\u00bfQuiere decir que usted sigue estudiando f\u00edsica? Yo termin\u00e9 el a\u00f1o pasado.\u00bb Una de las grandes tentaciones en la vida es dividirla en &#8230; <a title=\"\u00c9pocas\" class=\"read-more\" href=\"https:\/\/quechilero.com\/blog\/2011\/10\/15\/epocas\/\" aria-label=\"Leer m\u00e1s sobre \u00c9pocas\">Leer m\u00e1s<\/a><\/p>\n","protected":false},"author":1,"featured_media":0,"comment_status":"open","ping_status":"open","sticky":false,"template":"","format":"standard","meta":{"advanced_seo_description":"","jetpack_seo_html_title":"","jetpack_seo_noindex":false,"jetpack_seo_schema_type":"","episode_type":"","audio_file":"","podmotor_file_id":"","podmotor_episode_id":"","cover_image":"","cover_image_id":"","duration":"","filesize":"","filesize_raw":"","date_recorded":"","explicit":"","block":"","_jetpack_newsletter_access":"","_jetpack_dont_email_post_to_subs":false,"_jetpack_newsletter_tier_id":0,"_jetpack_memberships_contains_paywalled_content":false,"_jetpack_feature_clip_id":0,"_jetpack_memberships_contains_paid_content":false,"footnotes":"","jetpack_publicize_message":"","jetpack_publicize_feature_enabled":true,"jetpack_social_post_already_shared":false,"jetpack_social_options":{"image_generator_settings":{"template":"highway","default_image_id":0,"font":"","enabled":false},"version":2},"jetpack_post_was_ever_published":false},"categories":[2],"tags":[29,51,72,36,24],"series":[],"class_list":["post-7502","post","type-post","status-publish","format-standard","hentry","category-limones","tag-aprender","tag-dios","tag-libro","tag-trabajo","tag-vida"],"episode_featured_image":false,"episode_player_image":"https:\/\/i0.wp.com\/quechilero.com\/blog\/imagenes\/podcast.png?fit=1831%2C1831&ssl=1","download_link":"","player_link":"","audio_player":false,"episode_data":{"playerMode":"dark","subscribeUrls":{"amazon":{"key":"amazon","url":"","label":"Amazon","class":"amazon","icon":"amazon.png"},"apple_podcasts":{"key":"apple_podcasts","url":"","label":"Apple Podcasts","class":"apple_podcasts","icon":"apple-podcasts.png"},"castbox":{"key":"castbox","url":"","label":"CastBox","class":"castbox","icon":"castbox.png"},"deezer":{"key":"deezer","url":"","label":"Deezer","class":"deezer","icon":"deezer.png"},"google_podcasts":{"key":"google_podcasts","url":"","label":"Google Podcasts","class":"google_podcasts","icon":"google-podcasts.png"},"listen_notes":{"key":"listen_notes","url":"","label":"Listen Notes","class":"listen_notes","icon":"listen-notes.png"},"pandora":{"key":"pandora","url":"","label":"Pandora","class":"pandora","icon":"pandora.png"},"podbean":{"key":"podbean","url":"","label":"Podbean","class":"podbean","icon":"podbean.png"},"podcast_republic":{"key":"podcast_republic","url":"","label":"Podcast Republic","class":"podcast_republic","icon":"podcast-republic.png"},"rss":{"key":"rss","url":"","label":"RSS","class":"rss","icon":"rss.png"},"spotify":{"key":"spotify","url":"","label":"Spotify","class":"spotify","icon":"spotify.png"},"stitcher":{"key":"stitcher","url":"","label":"Stitcher","class":"stitcher","icon":"stitcher.png"},"tunein":{"key":"tunein","url":"","label":"TuneIn","class":"tunein","icon":"tunein.png"},"youtube":{"key":"youtube","url":"","label":"YouTube","class":"youtube","icon":"youtube.png"},"iheartradio":{"key":"iheartradio","url":"","label":"iHeartRadio","class":"iheartradio","icon":"iheartradio.png"},"ivoox":{"key":"ivoox","url":"","label":"iVoox","class":"ivoox","icon":"ivoox.png"}},"rssFeedUrl":"https:\/\/quechilero.com\/blog\/feed\/podcast\/si-la-vida-nos-da-limones","embedCode":"<blockquote class=\"wp-embedded-content\" data-secret=\"MmpiqGyVrg\"><a href=\"https:\/\/quechilero.com\/blog\/2011\/10\/15\/epocas\/\">\u00c9pocas<\/a><\/blockquote><iframe sandbox=\"allow-scripts\" security=\"restricted\" src=\"https:\/\/quechilero.com\/blog\/2011\/10\/15\/epocas\/embed\/#?secret=MmpiqGyVrg\" width=\"500\" height=\"350\" title=\"\u00ab\u00c9pocas\u00bb \u2014 Si la Vida nos da Limones...\" data-secret=\"MmpiqGyVrg\" frameborder=\"0\" marginwidth=\"0\" marginheight=\"0\" scrolling=\"no\" class=\"wp-embedded-content\"><\/iframe><script>\n\/*! This file is auto-generated *\/\n!function(d,l){\"use strict\";l.querySelector&&d.addEventListener&&\"undefined\"!=typeof URL&&(d.wp=d.wp||{},d.wp.receiveEmbedMessage||(d.wp.receiveEmbedMessage=function(e){var t=e.data;if((t||t.secret||t.message||t.value)&&!\/[^a-zA-Z0-9]\/.test(t.secret)){for(var s,r,n,a=l.querySelectorAll('iframe[data-secret=\"'+t.secret+'\"]'),o=l.querySelectorAll('blockquote[data-secret=\"'+t.secret+'\"]'),c=new RegExp(\"^https?:$\",\"i\"),i=0;i<o.length;i++)o[i].style.display=\"none\";for(i=0;i<a.length;i++)s=a[i],e.source===s.contentWindow&&(s.removeAttribute(\"style\"),\"height\"===t.message?(1e3<(r=parseInt(t.value,10))?r=1e3:~~r<200&&(r=200),s.height=r):\"link\"===t.message&&(r=new URL(s.getAttribute(\"src\")),n=new URL(t.value),c.test(n.protocol))&&n.host===r.host&&l.activeElement===s&&(d.top.location.href=t.value))}},d.addEventListener(\"message\",d.wp.receiveEmbedMessage,!1),l.addEventListener(\"DOMContentLoaded\",function(){for(var e,t,s=l.querySelectorAll(\"iframe.wp-embedded-content\"),r=0;r<s.length;r++)(t=(e=s[r]).getAttribute(\"data-secret\"))||(t=Math.random().toString(36).substring(2,12),e.src+=\"#?secret=\"+t,e.setAttribute(\"data-secret\",t)),e.contentWindow.postMessage({message:\"ready\",secret:t},\"*\")},!1)))}(window,document);\n\/\/# sourceURL=https:\/\/quechilero.com\/blog\/wp-includes\/js\/wp-embed.min.js\n<\/script>\n"},"jetpack_publicize_connections":[],"jetpack_shortlink":"https:\/\/wp.me\/sDKli-epocas","jetpack_sharing_enabled":true,"jetpack-related-posts":[{"id":13179,"url":"https:\/\/quechilero.com\/blog\/2012\/04\/17\/la-mujer-con-el-mejor-fisico-del-mundo\/","url_meta":{"origin":7502,"position":0},"title":"La mujer con el mejor f\u00edsico del mundo","author":"Pepe Barrascout Ortiz","date":"17 abril 2012","format":false,"excerpt":"Las esposas de Einstein Mileva Mari\u0107 (1875 - 1948) fue una matem\u00e1tica serbia y la primera mujer de Albert Einstein. Fue compa\u00f1era, colega y confidente de Einstein. El grado de participaci\u00f3n en sus descubrimientos es muy discutido fuera del \u00e1mbito cient\u00edfico. Naci\u00f3 en Titel, en la provincia de Vojvodina, entonces\u2026","rel":"","context":"En \u00abLimones\u00bb","block_context":{"text":"Limones","link":"https:\/\/quechilero.com\/blog\/category\/limones\/"},"img":{"alt_text":"","src":"https:\/\/i0.wp.com\/i392.photobucket.com\/albums\/pp7\/pepejaguar\/blog\/431982_310910878958924_295097437206935_717136_1972611705_n.jpg?resize=350%2C200","width":350,"height":200},"classes":[]},{"id":175,"url":"https:\/\/quechilero.com\/blog\/2006\/08\/24\/frases-casi-celebres\/","url_meta":{"origin":7502,"position":1},"title":"Frases casi c\u00e9lebres","author":"Pepe Barrascout Ortiz","date":"24 agosto 2006","format":false,"excerpt":"No soy un completo in\u00fatil, por lo menos sirvo de mal ejemplo. Esta obsesi\u00f3n de suicidio me est\u00e1 matando. No m\u00e1s medios de comunicaci\u00f3n, los queremos completos. Si no eres parte de la soluci\u00f3n, eres parte del problema. Errar es humano, pero echarle la culpa al otro es m\u00e1s humano\u2026","rel":"","context":"En \u00abLimones\u00bb","block_context":{"text":"Limones","link":"https:\/\/quechilero.com\/blog\/category\/limones\/"},"img":{"alt_text":"","src":"","width":0,"height":0},"classes":[]},{"id":2977,"url":"https:\/\/quechilero.com\/blog\/2009\/07\/23\/a-donde-vas\/","url_meta":{"origin":7502,"position":2},"title":"\u00bfA d\u00f3nde vas?","author":"Pepe Barrascout Ortiz","date":"23 julio 2009","format":false,"excerpt":"Albert Einstein iba en un tren a un compromiso fuera de la ciudad donde viv\u00eda. El conductor recorr\u00eda los vagones para ponchar los boletos. Einstein, el gran hombre de ciencia, estaba tan entretenido con su trabajo que no lograba encontrar su boleto en su abrigo o la cartera. Entonces el\u2026","rel":"","context":"En \u00abLimones\u00bb","block_context":{"text":"Limones","link":"https:\/\/quechilero.com\/blog\/category\/limones\/"},"img":{"alt_text":"","src":"","width":0,"height":0},"classes":[]},{"id":19238,"url":"https:\/\/quechilero.com\/blog\/2014\/08\/17\/esfuerzate\/","url_meta":{"origin":7502,"position":3},"title":"\u00a1Esfu\u00e9rzate!","author":"Pepe Barrascout Ortiz","date":"17 agosto 2014","format":false,"excerpt":"Hubo una vez un jovencito que vivi\u00f3 una de las vidas m\u00e1s miserables. Hu\u00e9rfano antes de los tres a\u00f1os; fue recogido por extra\u00f1os. Fue expulsado del colegio, sufri\u00f3 la pobreza y como resultado de heredar debilidad f\u00edsica, desarroll\u00f3 un serio problema en el coraz\u00f3n siendo adolescente. Su amada esposa muri\u00f3\u2026","rel":"","context":"En \u00abLimones\u00bb","block_context":{"text":"Limones","link":"https:\/\/quechilero.com\/blog\/category\/limones\/"},"img":{"alt_text":"","src":"","width":0,"height":0},"classes":[]},{"id":14214,"url":"https:\/\/quechilero.com\/blog\/2012\/08\/19\/la-relatividad\/","url_meta":{"origin":7502,"position":4},"title":"La Relatividad","author":"Pepe Barrascout Ortiz","date":"19 agosto 2012","format":false,"excerpt":"Un periodista le pregunta a Albert Einstein: \u201c\u00bfMe puede Ud. explicar la Relatividad?\u201d. Y Einstein le contesta: \u201c\u00bfMe puede Ud. explicar c\u00f3mo se fr\u00ede un huevo?\u201d. El periodista lo mira extra\u00f1ado y le contesta: \u201cPues, s\u00ed. S\u00ed que puedo\u201d. A lo cual Einstein replica: \u201cBueno, pues h\u00e1galo, pero imaginando que\u2026","rel":"","context":"En \u00abLimones\u00bb","block_context":{"text":"Limones","link":"https:\/\/quechilero.com\/blog\/category\/limones\/"},"img":{"alt_text":"","src":"","width":0,"height":0},"classes":[]},{"id":14161,"url":"https:\/\/quechilero.com\/blog\/2012\/09\/01\/la-vida-es-como-montar-en-bicicleta\/","url_meta":{"origin":7502,"position":5},"title":"La Vida es como montar en bicicleta","author":"Pepe Barrascout Ortiz","date":"1 septiembre 2012","format":false,"excerpt":"La Vida es como montar en\u00a0bicicleta, si quieres mantener el equilibrio, tienes que seguir avanzando. Albert Einstein.","rel":"","context":"En \u00abLimones\u00bb","block_context":{"text":"Limones","link":"https:\/\/quechilero.com\/blog\/category\/limones\/"},"img":{"alt_text":"","src":"https:\/\/i0.wp.com\/i392.photobucket.com\/albums\/pp7\/pepejaguar\/blog\/12-1-2.jpg?resize=350%2C200","width":350,"height":200},"classes":[]}],"jetpack_featured_media_url":"","_links":{"self":[{"href":"https:\/\/quechilero.com\/blog\/wp-json\/wp\/v2\/posts\/7502","targetHints":{"allow":["GET"]}}],"collection":[{"href":"https:\/\/quechilero.com\/blog\/wp-json\/wp\/v2\/posts"}],"about":[{"href":"https:\/\/quechilero.com\/blog\/wp-json\/wp\/v2\/types\/post"}],"author":[{"embeddable":true,"href":"https:\/\/quechilero.com\/blog\/wp-json\/wp\/v2\/users\/1"}],"replies":[{"embeddable":true,"href":"https:\/\/quechilero.com\/blog\/wp-json\/wp\/v2\/comments?post=7502"}],"version-history":[{"count":0,"href":"https:\/\/quechilero.com\/blog\/wp-json\/wp\/v2\/posts\/7502\/revisions"}],"wp:attachment":[{"href":"https:\/\/quechilero.com\/blog\/wp-json\/wp\/v2\/media?parent=7502"}],"wp:term":[{"taxonomy":"category","embeddable":true,"href":"https:\/\/quechilero.com\/blog\/wp-json\/wp\/v2\/categories?post=7502"},{"taxonomy":"post_tag","embeddable":true,"href":"https:\/\/quechilero.com\/blog\/wp-json\/wp\/v2\/tags?post=7502"},{"taxonomy":"series","embeddable":true,"href":"https:\/\/quechilero.com\/blog\/wp-json\/wp\/v2\/series?post=7502"}],"curies":[{"name":"wp","href":"https:\/\/api.w.org\/{rel}","templated":true}]}}