{"id":7498,"date":"2011-04-09T08:00:34","date_gmt":"2011-04-09T14:00:34","guid":{"rendered":"http:\/\/quechilero.com\/blog\/?p=7498"},"modified":"2011-04-09T08:00:34","modified_gmt":"2011-04-09T14:00:34","slug":"quiero-que-se-diga","status":"publish","type":"post","link":"https:\/\/quechilero.com\/blog\/2011\/04\/09\/quiero-que-se-diga\/","title":{"rendered":"Quiero que se diga&#8230;"},"content":{"rendered":"<p>Martin Luther King fue un gran l\u00edder que dio la vida por sus ideales de hermandad y justicia. \u00c9l dej\u00f3 unas palabras para el d\u00eda de su funeral:<\/p>\n<p><em>\u00abYo quiero que en mi funeral se diga que siempre trat\u00e9 de servir a los dem\u00e1s. Que se diga que Martin Luther King trat\u00f3 de amar a todas las personas. Quiero que se diga que durante mi vida busqu\u00e9 alimentar al hambriento y vestir al desnudo. Quiero que en ese d\u00eda se diga que trat\u00e9 de visitar a los que estaban en prisi\u00f3n y que trat\u00e9 de amar y servir a la humanidad.\u00bb<\/em><\/p>\n","protected":false},"excerpt":{"rendered":"<p>Martin Luther King fue un gran l\u00edder que dio la vida por sus ideales de hermandad y justicia. \u00c9l dej\u00f3 unas palabras para el d\u00eda de su funeral: \u00abYo quiero que en mi funeral se diga que siempre trat\u00e9 de servir a los dem\u00e1s. Que se diga que Martin Luther King trat\u00f3 de amar a &#8230; <a title=\"Quiero que se diga&#8230;\" class=\"read-more\" href=\"https:\/\/quechilero.com\/blog\/2011\/04\/09\/quiero-que-se-diga\/\" aria-label=\"Leer m\u00e1s sobre Quiero que se diga&#8230;\">Leer m\u00e1s<\/a><\/p>\n","protected":false},"author":1,"featured_media":0,"comment_status":"open","ping_status":"open","sticky":false,"template":"","format":"standard","meta":{"advanced_seo_description":"","jetpack_seo_html_title":"","jetpack_seo_noindex":false,"jetpack_seo_schema_type":"","episode_type":"","audio_file":"","podmotor_file_id":"","podmotor_episode_id":"","cover_image":"","cover_image_id":"","duration":"","filesize":"","filesize_raw":"","date_recorded":"","explicit":"","block":"","_jetpack_newsletter_access":"","_jetpack_dont_email_post_to_subs":false,"_jetpack_newsletter_tier_id":0,"_jetpack_memberships_contains_paywalled_content":false,"_jetpack_feature_clip_id":0,"_jetpack_memberships_contains_paid_content":false,"footnotes":"","jetpack_publicize_message":"","jetpack_publicize_feature_enabled":true,"jetpack_social_post_already_shared":false,"jetpack_social_options":{"image_generator_settings":{"template":"highway","default_image_id":0,"font":"","enabled":false},"version":2},"jetpack_post_was_ever_published":false},"categories":[2],"tags":[9,66,42,24],"series":[],"class_list":["post-7498","post","type-post","status-publish","format-standard","hentry","category-limones","tag-idea","tag-lider","tag-palabra","tag-vida"],"episode_featured_image":false,"episode_player_image":"https:\/\/i0.wp.com\/quechilero.com\/blog\/imagenes\/podcast.png?fit=1831%2C1831&ssl=1","download_link":"","player_link":"","audio_player":false,"episode_data":{"playerMode":"dark","subscribeUrls":{"amazon":{"key":"amazon","url":"","label":"Amazon","class":"amazon","icon":"amazon.png"},"apple_podcasts":{"key":"apple_podcasts","url":"","label":"Apple Podcasts","class":"apple_podcasts","icon":"apple-podcasts.png"},"castbox":{"key":"castbox","url":"","label":"CastBox","class":"castbox","icon":"castbox.png"},"deezer":{"key":"deezer","url":"","label":"Deezer","class":"deezer","icon":"deezer.png"},"google_podcasts":{"key":"google_podcasts","url":"","label":"Google Podcasts","class":"google_podcasts","icon":"google-podcasts.png"},"listen_notes":{"key":"listen_notes","url":"","label":"Listen Notes","class":"listen_notes","icon":"listen-notes.png"},"pandora":{"key":"pandora","url":"","label":"Pandora","class":"pandora","icon":"pandora.png"},"podbean":{"key":"podbean","url":"","label":"Podbean","class":"podbean","icon":"podbean.png"},"podcast_republic":{"key":"podcast_republic","url":"","label":"Podcast Republic","class":"podcast_republic","icon":"podcast-republic.png"},"rss":{"key":"rss","url":"","label":"RSS","class":"rss","icon":"rss.png"},"spotify":{"key":"spotify","url":"","label":"Spotify","class":"spotify","icon":"spotify.png"},"stitcher":{"key":"stitcher","url":"","label":"Stitcher","class":"stitcher","icon":"stitcher.png"},"tunein":{"key":"tunein","url":"","label":"TuneIn","class":"tunein","icon":"tunein.png"},"youtube":{"key":"youtube","url":"","label":"YouTube","class":"youtube","icon":"youtube.png"},"iheartradio":{"key":"iheartradio","url":"","label":"iHeartRadio","class":"iheartradio","icon":"iheartradio.png"},"ivoox":{"key":"ivoox","url":"","label":"iVoox","class":"ivoox","icon":"ivoox.png"}},"rssFeedUrl":"https:\/\/quechilero.com\/blog\/feed\/podcast\/si-la-vida-nos-da-limones","embedCode":"<blockquote class=\"wp-embedded-content\" data-secret=\"WJfD6avIIr\"><a href=\"https:\/\/quechilero.com\/blog\/2011\/04\/09\/quiero-que-se-diga\/\">Quiero que se diga&#8230;<\/a><\/blockquote><iframe sandbox=\"allow-scripts\" security=\"restricted\" src=\"https:\/\/quechilero.com\/blog\/2011\/04\/09\/quiero-que-se-diga\/embed\/#?secret=WJfD6avIIr\" width=\"500\" height=\"350\" title=\"\u00abQuiero que se diga&#8230;\u00bb \u2014 Si la Vida nos da Limones...\" data-secret=\"WJfD6avIIr\" frameborder=\"0\" marginwidth=\"0\" marginheight=\"0\" scrolling=\"no\" class=\"wp-embedded-content\"><\/iframe><script>\n\/*! This file is auto-generated *\/\n!function(d,l){\"use strict\";l.querySelector&&d.addEventListener&&\"undefined\"!=typeof URL&&(d.wp=d.wp||{},d.wp.receiveEmbedMessage||(d.wp.receiveEmbedMessage=function(e){var t=e.data;if((t||t.secret||t.message||t.value)&&!\/[^a-zA-Z0-9]\/.test(t.secret)){for(var s,r,n,a=l.querySelectorAll('iframe[data-secret=\"'+t.secret+'\"]'),o=l.querySelectorAll('blockquote[data-secret=\"'+t.secret+'\"]'),c=new RegExp(\"^https?:$\",\"i\"),i=0;i<o.length;i++)o[i].style.display=\"none\";for(i=0;i<a.length;i++)s=a[i],e.source===s.contentWindow&&(s.removeAttribute(\"style\"),\"height\"===t.message?(1e3<(r=parseInt(t.value,10))?r=1e3:~~r<200&&(r=200),s.height=r):\"link\"===t.message&&(r=new URL(s.getAttribute(\"src\")),n=new URL(t.value),c.test(n.protocol))&&n.host===r.host&&l.activeElement===s&&(d.top.location.href=t.value))}},d.addEventListener(\"message\",d.wp.receiveEmbedMessage,!1),l.addEventListener(\"DOMContentLoaded\",function(){for(var e,t,s=l.querySelectorAll(\"iframe.wp-embedded-content\"),r=0;r<s.length;r++)(t=(e=s[r]).getAttribute(\"data-secret\"))||(t=Math.random().toString(36).substring(2,12),e.src+=\"#?secret=\"+t,e.setAttribute(\"data-secret\",t)),e.contentWindow.postMessage({message:\"ready\",secret:t},\"*\")},!1)))}(window,document);\n\/\/# sourceURL=https:\/\/quechilero.com\/blog\/wp-includes\/js\/wp-embed.min.js\n<\/script>\n"},"jetpack_publicize_connections":[],"jetpack_shortlink":"https:\/\/wp.me\/pDKli-1WW","jetpack_sharing_enabled":true,"jetpack-related-posts":[{"id":15574,"url":"https:\/\/quechilero.com\/blog\/2013\/01\/05\/me-gustaria\/","url_meta":{"origin":7498,"position":0},"title":"Me gustar\u00eda&#8230;","author":"Pepe Barrascout Ortiz","date":"5 enero 2013","format":false,"excerpt":"Me gustar\u00eda que en el d\u00eda de mi muerte se dijera que Martin Luther King trat\u00f3 de vivir en el servicio al pr\u00f3jimo. Me gustar\u00eda que alguien dijera aquel d\u00eda que Martin Luther King trat\u00f3 de amar a alguien. Ese d\u00eda quiero que puedan decir que trat\u00e9 de ser justo\u2026","rel":"","context":"En \u00abLimones\u00bb","block_context":{"text":"Limones","link":"https:\/\/quechilero.com\/blog\/category\/limones\/"},"img":{"alt_text":"","src":"","width":0,"height":0},"classes":[]},{"id":12855,"url":"https:\/\/quechilero.com\/blog\/2013\/04\/26\/limonada-263\/","url_meta":{"origin":7498,"position":1},"title":"Limonada # 263","author":"Pepe Barrascout Ortiz","date":"26 abril 2013","format":false,"excerpt":"Nada se olvida mas despacio que una ofensa y nada mas r\u00e1pido que un favor. Martin Luther King","rel":"","context":"En \u00abLimonadas\u00bb","block_context":{"text":"Limonadas","link":"https:\/\/quechilero.com\/blog\/category\/limonadas\/"},"img":{"alt_text":"","src":"","width":0,"height":0},"classes":[]},{"id":13410,"url":"https:\/\/quechilero.com\/blog\/2012\/05\/21\/el-circulo-de-oro-un-relato-inspirador\/","url_meta":{"origin":7498,"position":2},"title":"El c\u00edrculo de oro: un relato inspirador","author":"Pepe Barrascout Ortiz","date":"21 mayo 2012","format":false,"excerpt":"https:\/\/youtu.be\/kzIhT6EKgjc Simon\u00a0Sinek:\u00a0C\u00f3mo\u00a0los grandes l\u00edderes\u00a0inspiran la acci\u00f3n Simon Sinek tiene un modelo simple pero potente para transmitir un liderazgo inspirador, todo a partir de un c\u00edrculo de oro y la pregunta \"\u00bfpor qu\u00e9?\". Sus ejemplos incluyen a Apple, Martin Luther King, y los hermanos Wright. Diez y ocho minutos para inspirarse,\u2026","rel":"","context":"En \u00abLimones\u00bb","block_context":{"text":"Limones","link":"https:\/\/quechilero.com\/blog\/category\/limones\/"},"img":{"alt_text":"","src":"https:\/\/i0.wp.com\/img.youtube.com\/vi\/kzIhT6EKgjc\/0.jpg?resize=350%2C200","width":350,"height":200},"classes":[]},{"id":5041,"url":"https:\/\/quechilero.com\/blog\/2010\/07\/11\/se-negaba-a-ceder-ante-el-temor\/","url_meta":{"origin":7498,"position":3},"title":"Se negaba a ceder ante el temor","author":"Pepe Barrascout Ortiz","date":"11 julio 2010","format":false,"excerpt":"Martin Luther King fue y sigue siendo para m\u00ed una figura inspiradora. La fe que ten\u00eda en la causa de la justicia era inconmovible y parec\u00eda no tener ning\u00fan miedo, a pesar de ser odiado por tantos y amenazado con tanta frecuencia, por lo que la muerte debi\u00f3 de haberle\u2026","rel":"","context":"En \u00abLimones\u00bb","block_context":{"text":"Limones","link":"https:\/\/quechilero.com\/blog\/category\/limones\/"},"img":{"alt_text":"","src":"","width":0,"height":0},"classes":[]},{"id":5869,"url":"https:\/\/quechilero.com\/blog\/2011\/02\/04\/limonada-148\/","url_meta":{"origin":7498,"position":4},"title":"Limonada # 148","author":"Pepe Barrascout Ortiz","date":"4 febrero 2011","format":false,"excerpt":"No me preocupa el grito de los violentos, de los corruptos, de los deshonestos, de los sin \u00e9tica. Lo que me preocupa es el silencio de los buenos. Martin Luther King, Jr.","rel":"","context":"En \u00abLimonadas\u00bb","block_context":{"text":"Limonadas","link":"https:\/\/quechilero.com\/blog\/category\/limonadas\/"},"img":{"alt_text":"Libros","src":"https:\/\/i0.wp.com\/static.flickr.com\/57\/216091344_c2ca864164_m.jpg?resize=350%2C200","width":350,"height":200},"classes":[]},{"id":7297,"url":"https:\/\/quechilero.com\/blog\/2011\/02\/20\/amad-a-vuestros-enemigos\/","url_meta":{"origin":7498,"position":5},"title":"Amad a vuestros enemigos","author":"Pepe Barrascout Ortiz","date":"20 febrero 2011","format":false,"excerpt":"Evangelio seg\u00fan San Mateo 5:38-48 Hab\u00e9is o\u00eddo que se dijo: Ojo por ojo y diente por diente. Pues yo os digo: no resist\u00e1is al mal; antes bien, al que te abofetee en la mejilla derecha ofr\u00e9cele tambi\u00e9n la otra: al que quiera pleitear contigo para quitarte la t\u00fanica d\u00e9jale tambi\u00e9n\u2026","rel":"","context":"En \u00abLimones\u00bb","block_context":{"text":"Limones","link":"https:\/\/quechilero.com\/blog\/category\/limones\/"},"img":{"alt_text":"","src":"","width":0,"height":0},"classes":[]}],"jetpack_featured_media_url":"","_links":{"self":[{"href":"https:\/\/quechilero.com\/blog\/wp-json\/wp\/v2\/posts\/7498","targetHints":{"allow":["GET"]}}],"collection":[{"href":"https:\/\/quechilero.com\/blog\/wp-json\/wp\/v2\/posts"}],"about":[{"href":"https:\/\/quechilero.com\/blog\/wp-json\/wp\/v2\/types\/post"}],"author":[{"embeddable":true,"href":"https:\/\/quechilero.com\/blog\/wp-json\/wp\/v2\/users\/1"}],"replies":[{"embeddable":true,"href":"https:\/\/quechilero.com\/blog\/wp-json\/wp\/v2\/comments?post=7498"}],"version-history":[{"count":0,"href":"https:\/\/quechilero.com\/blog\/wp-json\/wp\/v2\/posts\/7498\/revisions"}],"wp:attachment":[{"href":"https:\/\/quechilero.com\/blog\/wp-json\/wp\/v2\/media?parent=7498"}],"wp:term":[{"taxonomy":"category","embeddable":true,"href":"https:\/\/quechilero.com\/blog\/wp-json\/wp\/v2\/categories?post=7498"},{"taxonomy":"post_tag","embeddable":true,"href":"https:\/\/quechilero.com\/blog\/wp-json\/wp\/v2\/tags?post=7498"},{"taxonomy":"series","embeddable":true,"href":"https:\/\/quechilero.com\/blog\/wp-json\/wp\/v2\/series?post=7498"}],"curies":[{"name":"wp","href":"https:\/\/api.w.org\/{rel}","templated":true}]}}