{"id":73,"date":"2006-07-29T00:00:34","date_gmt":"2006-07-29T06:00:34","guid":{"rendered":"http:\/\/quechilero.com\/blog\/2006\/07\/29\/actualizacion-de-firefox\/"},"modified":"2006-07-29T00:00:34","modified_gmt":"2006-07-29T06:00:34","slug":"actualizacion-de-firefox","status":"publish","type":"post","link":"https:\/\/quechilero.com\/blog\/2006\/07\/29\/actualizacion-de-firefox\/","title":{"rendered":"Actualizaci\u00f3n de Firefox"},"content":{"rendered":"<p><a title=\"Photo Sharing\" target=\"_new\" href=\"http:\/\/www.flickr.com\/photos\/pepejaguar\/200608477\/\"><img data-recalc-dims=\"1\" loading=\"lazy\" decoding=\"async\" width=\"60\" height=\"60\" border=\"0\" alt=\"Firefox\" src=\"https:\/\/i0.wp.com\/static.flickr.com\/72\/200608477_ecbbc0093d_o.png?resize=60%2C60\" \/><\/a><\/p>\n<p>Firefox, reci\u00e9n ha sacado la actualizaci\u00f3n 1.5.0.5 en la cual, seg\u00fan el sitio de <a target=\"_blank\" href=\"http:\/\/www.mozilla.org\/projects\/security\/known-vulnerabilities.html#firefox1.5.0.5\">fixes<\/a> (Known Vulnerabilities in Mozilla Products), han arreglado <strong>12<\/strong> deficiencias que ten\u00eda la versi\u00f3n 1.5.0.4 con estas llega a 56 desde que sali\u00f3 la versi\u00f3n 1.0, por mucho sigue siendo menos que las que podemos encontrar en IE, sin embargo en esta ocasi\u00f3n de los 12 fixes, hay 7 que ellos consideran cr\u00edticos, 2 clasificados altos y 3 moderados, no hay ninguno considerado como bajo.<\/p>\n<p>Dentro de los clasificados como cr\u00edticos est\u00e1n algunos relacionados con vulnerabilidades con JavaScript y sobre la memoria corrupta al trabajar en varios eventos simult\u00e1neos. A\u00fan no puedo entender como IE siendo el m\u00e1s utilizado, <em>solo porque ya est\u00e1 instalado en el sistema operativo<\/em>, no ha arreglado mayor cosa, aunque en la versi\u00f3n 7 prometen mejoras sustanciales.<\/p>\n<p>Ahora solo quedemos a la espera de Firefox 2.0 donde espero que logren bajar la cantidad de recursos de sistema que consume la aplicaci\u00f3n, lo cual en la versi\u00f3n beta a\u00fan no ha sido implementado.<\/p>\n<p>Y para los que leen este post y a\u00fan utilizan IE, les digo: <em>no saben de lo que se est\u00e1n perdiendo<\/em>, una navegaci\u00f3n m\u00e1s r\u00e1pida, m\u00e1s limpia, m\u00e1s segura. Hagan <a target=\"_blank\" href=\"http:\/\/www.mozilla.com\/\">click aqu\u00ed<\/a> y empiecen a navegar realmente en internet.<\/p>\n","protected":false},"excerpt":{"rendered":"<p>Firefox, reci\u00e9n ha sacado la actualizaci\u00f3n 1.5.0.5 en la cual, seg\u00fan el sitio de fixes (Known Vulnerabilities in Mozilla Products), han arreglado 12 deficiencias que ten\u00eda la versi\u00f3n 1.5.0.4 con estas llega a 56 desde que sali\u00f3 la versi\u00f3n 1.0, por mucho sigue siendo menos que las que podemos encontrar en IE, sin embargo en &#8230; <a title=\"Actualizaci\u00f3n de Firefox\" class=\"read-more\" href=\"https:\/\/quechilero.com\/blog\/2006\/07\/29\/actualizacion-de-firefox\/\" aria-label=\"Leer m\u00e1s sobre Actualizaci\u00f3n de Firefox\">Leer m\u00e1s<\/a><\/p>\n","protected":false},"author":1,"featured_media":0,"comment_status":"open","ping_status":"open","sticky":false,"template":"","format":"standard","meta":{"advanced_seo_description":"","jetpack_seo_html_title":"","jetpack_seo_noindex":false,"jetpack_seo_schema_type":"","episode_type":"","audio_file":"","podmotor_file_id":"","podmotor_episode_id":"","cover_image":"","cover_image_id":"","duration":"","filesize":"","filesize_raw":"","date_recorded":"","explicit":"","block":"","_jetpack_newsletter_access":"","_jetpack_dont_email_post_to_subs":false,"_jetpack_newsletter_tier_id":0,"_jetpack_memberships_contains_paywalled_content":false,"_jetpack_feature_clip_id":0,"_jetpack_memberships_contains_paid_content":false,"footnotes":"","jetpack_publicize_message":"","jetpack_publicize_feature_enabled":true,"jetpack_social_post_already_shared":false,"jetpack_social_options":{"image_generator_settings":{"template":"highway","default_image_id":0,"font":"","enabled":false},"version":2},"jetpack_post_was_ever_published":false},"categories":[2],"tags":[27,58],"series":[],"class_list":["post-73","post","type-post","status-publish","format-standard","hentry","category-limones","tag-internet","tag-regla"],"episode_featured_image":false,"episode_player_image":"https:\/\/i0.wp.com\/quechilero.com\/blog\/imagenes\/podcast.png?fit=1831%2C1831&ssl=1","download_link":"","player_link":"","audio_player":false,"episode_data":{"playerMode":"dark","subscribeUrls":{"amazon":{"key":"amazon","url":"","label":"Amazon","class":"amazon","icon":"amazon.png"},"apple_podcasts":{"key":"apple_podcasts","url":"","label":"Apple Podcasts","class":"apple_podcasts","icon":"apple-podcasts.png"},"castbox":{"key":"castbox","url":"","label":"CastBox","class":"castbox","icon":"castbox.png"},"deezer":{"key":"deezer","url":"","label":"Deezer","class":"deezer","icon":"deezer.png"},"google_podcasts":{"key":"google_podcasts","url":"","label":"Google Podcasts","class":"google_podcasts","icon":"google-podcasts.png"},"listen_notes":{"key":"listen_notes","url":"","label":"Listen Notes","class":"listen_notes","icon":"listen-notes.png"},"pandora":{"key":"pandora","url":"","label":"Pandora","class":"pandora","icon":"pandora.png"},"podbean":{"key":"podbean","url":"","label":"Podbean","class":"podbean","icon":"podbean.png"},"podcast_republic":{"key":"podcast_republic","url":"","label":"Podcast Republic","class":"podcast_republic","icon":"podcast-republic.png"},"rss":{"key":"rss","url":"","label":"RSS","class":"rss","icon":"rss.png"},"spotify":{"key":"spotify","url":"","label":"Spotify","class":"spotify","icon":"spotify.png"},"stitcher":{"key":"stitcher","url":"","label":"Stitcher","class":"stitcher","icon":"stitcher.png"},"tunein":{"key":"tunein","url":"","label":"TuneIn","class":"tunein","icon":"tunein.png"},"youtube":{"key":"youtube","url":"","label":"YouTube","class":"youtube","icon":"youtube.png"},"iheartradio":{"key":"iheartradio","url":"","label":"iHeartRadio","class":"iheartradio","icon":"iheartradio.png"},"ivoox":{"key":"ivoox","url":"","label":"iVoox","class":"ivoox","icon":"ivoox.png"}},"rssFeedUrl":"https:\/\/quechilero.com\/blog\/feed\/podcast\/si-la-vida-nos-da-limones","embedCode":"<blockquote class=\"wp-embedded-content\" data-secret=\"e3aPIXGtfx\"><a href=\"https:\/\/quechilero.com\/blog\/2006\/07\/29\/actualizacion-de-firefox\/\">Actualizaci\u00f3n de Firefox<\/a><\/blockquote><iframe sandbox=\"allow-scripts\" security=\"restricted\" src=\"https:\/\/quechilero.com\/blog\/2006\/07\/29\/actualizacion-de-firefox\/embed\/#?secret=e3aPIXGtfx\" width=\"500\" height=\"350\" title=\"\u00abActualizaci\u00f3n de Firefox\u00bb \u2014 Si la Vida nos da Limones...\" data-secret=\"e3aPIXGtfx\" frameborder=\"0\" marginwidth=\"0\" marginheight=\"0\" scrolling=\"no\" class=\"wp-embedded-content\"><\/iframe><script>\n\/*! This file is auto-generated *\/\n!function(d,l){\"use strict\";l.querySelector&&d.addEventListener&&\"undefined\"!=typeof URL&&(d.wp=d.wp||{},d.wp.receiveEmbedMessage||(d.wp.receiveEmbedMessage=function(e){var t=e.data;if((t||t.secret||t.message||t.value)&&!\/[^a-zA-Z0-9]\/.test(t.secret)){for(var s,r,n,a=l.querySelectorAll('iframe[data-secret=\"'+t.secret+'\"]'),o=l.querySelectorAll('blockquote[data-secret=\"'+t.secret+'\"]'),c=new RegExp(\"^https?:$\",\"i\"),i=0;i<o.length;i++)o[i].style.display=\"none\";for(i=0;i<a.length;i++)s=a[i],e.source===s.contentWindow&&(s.removeAttribute(\"style\"),\"height\"===t.message?(1e3<(r=parseInt(t.value,10))?r=1e3:~~r<200&&(r=200),s.height=r):\"link\"===t.message&&(r=new URL(s.getAttribute(\"src\")),n=new URL(t.value),c.test(n.protocol))&&n.host===r.host&&l.activeElement===s&&(d.top.location.href=t.value))}},d.addEventListener(\"message\",d.wp.receiveEmbedMessage,!1),l.addEventListener(\"DOMContentLoaded\",function(){for(var e,t,s=l.querySelectorAll(\"iframe.wp-embedded-content\"),r=0;r<s.length;r++)(t=(e=s[r]).getAttribute(\"data-secret\"))||(t=Math.random().toString(36).substring(2,12),e.src+=\"#?secret=\"+t,e.setAttribute(\"data-secret\",t)),e.contentWindow.postMessage({message:\"ready\",secret:t},\"*\")},!1)))}(window,document);\n\/\/# sourceURL=https:\/\/quechilero.com\/blog\/wp-includes\/js\/wp-embed.min.js\n<\/script>\n"},"jetpack_publicize_connections":[],"jetpack_shortlink":"https:\/\/wp.me\/pDKli-1b","jetpack_sharing_enabled":true,"jetpack-related-posts":[{"id":508,"url":"https:\/\/quechilero.com\/blog\/2007\/03\/23\/plugin-para-firefox-e-ie\/","url_meta":{"origin":73,"position":0},"title":"Plugin para Firefox e IE","author":"Pepe Barrascout Ortiz","date":"23 marzo 2007","format":false,"excerpt":"Para hacer mucho mas f\u00e1cil la consulta del material archivado en el directorio de los Blogs de Guatemala, se ha agregado un pluggin que se puede instalar en FireFox 2+ o en Internet Explorer 7+, este pluggin permite realizar b\u00fasquedas en la base de datos del directorio y encontrar textos\u2026","rel":"","context":"En \u00abLimones\u00bb","block_context":{"text":"Limones","link":"https:\/\/quechilero.com\/blog\/category\/limones\/"},"img":{"alt_text":"","src":"","width":0,"height":0},"classes":[]},{"id":160,"url":"https:\/\/quechilero.com\/blog\/2006\/08\/15\/todavia-usas-ie\/","url_meta":{"origin":73,"position":1},"title":"\u00bfTodav\u00eda usas IE?","author":"Pepe Barrascout Ortiz","date":"15 agosto 2006","format":false,"excerpt":"Si a\u00fan no te has decidido por Firefox, \u00d3pera o cualquier otro buen navegador, entonces entra a esta p\u00e1gina con tu Internet Explorer 6. Advertencia: antes de entrar graba todos tus archivos importantes con los que est\u00e9s trabajando. Entra aqu\u00ed con Internet Explorer 6. Y ahora \u00bfque piensas, listo para\u2026","rel":"","context":"En \u00abLimones\u00bb","block_context":{"text":"Limones","link":"https:\/\/quechilero.com\/blog\/category\/limones\/"},"img":{"alt_text":"","src":"","width":0,"height":0},"classes":[]},{"id":272,"url":"https:\/\/quechilero.com\/blog\/2006\/10\/08\/windows-ie-y-spyware\/","url_meta":{"origin":73,"position":2},"title":"Windows, IE y Spyware","author":"Pepe Barrascout Ortiz","date":"8 octubre 2006","format":false,"excerpt":"La verdad no se que pretende McAfee con este video, creo que en lugar de hacer publicidad a su sistema antivirus y antispyware, lo que est\u00e1n haciendo es publicidad, muy buena por cierto a FireFox en primer lugar y en segundo a GNU\/Linux Ubuntu, porque despu\u00e9s de ver este video\u2026","rel":"","context":"En \u00abLimones\u00bb","block_context":{"text":"Limones","link":"https:\/\/quechilero.com\/blog\/category\/limones\/"},"img":{"alt_text":"","src":"","width":0,"height":0},"classes":[]},{"id":14,"url":"https:\/\/quechilero.com\/blog\/2006\/06\/21\/screenshots\/","url_meta":{"origin":73,"position":3},"title":"Screenshots","author":"Pepe Barrascout Ortiz","date":"21 junio 2006","format":false,"excerpt":"Muchas veces no sabemos como se ver\u00e1 nuestra p\u00e1gina web en los distintos navegadores, IE, FireFox, Mozilla, Opera, Netscape, etc y generalmente no tenemos todos instalados en nuestra computadora, as\u00ed que siempre, como dise\u00f1adores nos queda la duda. Sin embargo hay una p\u00e1gina que se encarga de tomarle una fotograf\u00eda\u2026","rel":"","context":"En \u00abLimones\u00bb","block_context":{"text":"Limones","link":"https:\/\/quechilero.com\/blog\/category\/limones\/"},"img":{"alt_text":"","src":"","width":0,"height":0},"classes":[]},{"id":80,"url":"https:\/\/quechilero.com\/blog\/2006\/07\/31\/el-uso-de-memoria-en-firefox\/","url_meta":{"origin":73,"position":4},"title":"El uso de memoria en Firefox","author":"Pepe Barrascout Ortiz","date":"31 julio 2006","format":false,"excerpt":"Un art\u00edculo interesante sobre las p\u00e9rdidas de memoria en Firefox. Se puede leer como identificarlos y lo que se puede hacer. Incluye un listado de los elementos conocidos de p\u00e9rdida de memoria. El texto fue traducido al espa\u00f1ol del original en ingl\u00e9s. La traducci\u00f3n estubo a cargo de www.enespanol.com.ar El\u2026","rel":"","context":"En \u00abLimones\u00bb","block_context":{"text":"Limones","link":"https:\/\/quechilero.com\/blog\/category\/limones\/"},"img":{"alt_text":"Firefox","src":"https:\/\/i0.wp.com\/static.flickr.com\/72\/200608477_ecbbc0093d_o.png?resize=350%2C200","width":350,"height":200},"classes":[]},{"id":317,"url":"https:\/\/quechilero.com\/blog\/2006\/10\/24\/una-mala-y-una-buena-de-firefox-2\/","url_meta":{"origin":73,"position":5},"title":"Una mala y una buena de Firefox 2","author":"Pepe Barrascout Ortiz","date":"24 octubre 2006","format":false,"excerpt":"Desde hace unos d\u00edas he estado siguiendo los avances que han tenido las diferentes RC1, luego RC2 y finalmente la RC3 de FireFox 2, sin embargo decid\u00ed no instalar ninguno de estos candidatos hasta que no saliera la versi\u00f3n definitiva. Posteriormente se anunci\u00f3 para hace algunas semanas que ya estar\u00eda\u2026","rel":"","context":"En \u00abLimones\u00bb","block_context":{"text":"Limones","link":"https:\/\/quechilero.com\/blog\/category\/limones\/"},"img":{"alt_text":"","src":"","width":0,"height":0},"classes":[]}],"jetpack_featured_media_url":"","_links":{"self":[{"href":"https:\/\/quechilero.com\/blog\/wp-json\/wp\/v2\/posts\/73","targetHints":{"allow":["GET"]}}],"collection":[{"href":"https:\/\/quechilero.com\/blog\/wp-json\/wp\/v2\/posts"}],"about":[{"href":"https:\/\/quechilero.com\/blog\/wp-json\/wp\/v2\/types\/post"}],"author":[{"embeddable":true,"href":"https:\/\/quechilero.com\/blog\/wp-json\/wp\/v2\/users\/1"}],"replies":[{"embeddable":true,"href":"https:\/\/quechilero.com\/blog\/wp-json\/wp\/v2\/comments?post=73"}],"version-history":[{"count":0,"href":"https:\/\/quechilero.com\/blog\/wp-json\/wp\/v2\/posts\/73\/revisions"}],"wp:attachment":[{"href":"https:\/\/quechilero.com\/blog\/wp-json\/wp\/v2\/media?parent=73"}],"wp:term":[{"taxonomy":"category","embeddable":true,"href":"https:\/\/quechilero.com\/blog\/wp-json\/wp\/v2\/categories?post=73"},{"taxonomy":"post_tag","embeddable":true,"href":"https:\/\/quechilero.com\/blog\/wp-json\/wp\/v2\/tags?post=73"},{"taxonomy":"series","embeddable":true,"href":"https:\/\/quechilero.com\/blog\/wp-json\/wp\/v2\/series?post=73"}],"curies":[{"name":"wp","href":"https:\/\/api.w.org\/{rel}","templated":true}]}}