{"id":7297,"date":"2011-02-20T08:00:24","date_gmt":"2011-02-20T14:00:24","guid":{"rendered":"http:\/\/quechilero.com\/blog\/?p=7297"},"modified":"2011-02-20T08:00:24","modified_gmt":"2011-02-20T14:00:24","slug":"amad-a-vuestros-enemigos","status":"publish","type":"post","link":"https:\/\/quechilero.com\/blog\/2011\/02\/20\/amad-a-vuestros-enemigos\/","title":{"rendered":"Amad a vuestros enemigos"},"content":{"rendered":"<p><strong>Evangelio seg\u00fan San Mateo 5:38-48<\/strong><\/p>\n<p>Hab\u00e9is o\u00eddo que se dijo: Ojo por ojo y diente por diente.<\/p>\n<p>Pues yo os digo: no resist\u00e1is al mal; antes bien, al que te abofetee en la mejilla derecha ofr\u00e9cele tambi\u00e9n la otra:<br \/>\nal que quiera pleitear contigo para quitarte la t\u00fanica d\u00e9jale tambi\u00e9n el manto;<br \/>\ny al que te obligue a andar una milla vete con \u00e9l dos.<\/p>\n<p>A quien te pida da, y al que desee que le prestes algo no le vuelvas la espalda.<\/p>\n<p>Hab\u00e9is o\u00eddo que se dijo: Amar\u00e1s a tu pr\u00f3jimo y odiar\u00e1s a tu enemigo.<\/p>\n<p>Pues yo os digo: Amad a vuestros enemigos y rogad por los que os persigan,<br \/>\npara que se\u00e1is hijos de vuestro Padre celestial, que hace salir su sol sobre malos y buenos, y llover sobre justos e injustos.<\/p>\n<p>Porque si am\u00e1is a los que os aman, \u00bfqu\u00e9 recompensa vais a tener? \u00bfNo hacen eso mismo tambi\u00e9n los publicanos?<\/p>\n<p>Y si no salud\u00e1is m\u00e1s que a vuestros hermanos, \u00bfqu\u00e9 hac\u00e9is de particular? \u00bfNo hacen eso mismo tambi\u00e9n los gentiles?<\/p>\n<p>Vosotros, pues, sed perfectos como es perfecto vuestro Padre celestial.<\/p>\n<p><!--more-->***<\/p>\n<p>Nada nos mueve tanto a amar a los enemigos, que es en lo que consiste la perfecci\u00f3n de amor fraterno, como considerar con gratitud la paciencia admirable del <em>\u00abm\u00e1s bello de los hijos de los hombres\u00bb<\/em> (Sl 44,3). Mostr\u00f3 su bello rostro a los imp\u00edos para que lo cubrieran de salivazos. Dej\u00f3 que con una venda le taparan los ojos, \u00e9stos que, tan s\u00f3lo con un signo, gobiernan el universo. Expuso su espalda a los latigazos&#8230; Su cabeza, ante la cual tiemblan los pr\u00edncipes y los poderosos, la someti\u00f3 a los pinchos de las espinas. Se entreg\u00f3 \u00e9l mismo a las afrentas e injurias. Finalmente soport\u00f3 pacientemente la cruz, los clavos, la lanza, la hiel, el vinagre, manteni\u00e9ndose, en medio de todo ello, lleno de suavidad y serenidad. <em>\u00abComo un cordero llevado al matadero, como oveja ante el esquilador, enmudec\u00eda y no abr\u00eda la boca\u00bb<\/em> (Is 53,7).<\/p>\n<p>Al escuchar estas admirables palabras tan llenas de suavidad, de amor y de serenidad imperturbable: <em>\u00abPadre, perd\u00f3nalos\u00bb<\/em> (Lc 23,34) \u00bfqui\u00e9n podr\u00eda a\u00f1adir algo a la suavidad y a la caridad de estas palabras?<\/p>\n<p>Y sin embargo el Se\u00f1or todav\u00eda a\u00f1adi\u00f3 alguna m\u00e1s, pues no se content\u00f3 con orar sino que quiso tambi\u00e9n excusar: <em>\u00abPadre, perd\u00f3nalos, porque no saben lo que hacen.\u00bb<\/em> Sin duda que se trata de grandes pecadores, pero apenas tienen conciencia de ello; por eso: Padre, perd\u00f3nalos. Crucifican pero sin saber a quien crucifican&#8230; Piensan que se trata de un trasgresor de la Ley, de un usurpador de la divinidad, de un seductor del pueblo. Yo les he disimulado mi rostro. No han podido reconocer mi majestad. Por eso:<em> \u00abPadre, perd\u00f3nalos, porque no saben lo que hacen.\u00bb<\/em><\/p>\n<p>Para aprender a amar, pues, que el hombre que no se deje llevar de los impulsos de la carne&#8230; Que todo su afecto lo ponga en la suave paciencia de la carne del Se\u00f1or. Para encontrar un descanso m\u00e1s perfecto y m\u00e1s dichoso en las delicias de la caridad fraterna, que estreche tambi\u00e9n a sus enemigos en los brazos del verdadero amor. Pero para que ese fuego divino no disminuya por las injurias, que tenga siempre los ojos del esp\u00edritu fijos en la serena paciencia de su amado Se\u00f1or y Salvador.<\/p>\n","protected":false},"excerpt":{"rendered":"<p>Evangelio seg\u00fan San Mateo 5:38-48 Hab\u00e9is o\u00eddo que se dijo: Ojo por ojo y diente por diente. Pues yo os digo: no resist\u00e1is al mal; antes bien, al que te abofetee en la mejilla derecha ofr\u00e9cele tambi\u00e9n la otra: al que quiera pleitear contigo para quitarte la t\u00fanica d\u00e9jale tambi\u00e9n el manto; y al que &#8230; <a title=\"Amad a vuestros enemigos\" class=\"read-more\" href=\"https:\/\/quechilero.com\/blog\/2011\/02\/20\/amad-a-vuestros-enemigos\/\" aria-label=\"Leer m\u00e1s sobre Amad a vuestros enemigos\">Leer m\u00e1s<\/a><\/p>\n","protected":false},"author":1,"featured_media":0,"comment_status":"open","ping_status":"open","sticky":false,"template":"","format":"standard","meta":{"advanced_seo_description":"","jetpack_seo_html_title":"","jetpack_seo_noindex":false,"jetpack_seo_schema_type":"","episode_type":"","audio_file":"","podmotor_file_id":"","podmotor_episode_id":"","cover_image":"","cover_image_id":"","duration":"","filesize":"","filesize_raw":"","date_recorded":"","explicit":"","block":"","_jetpack_newsletter_access":"","_jetpack_dont_email_post_to_subs":false,"_jetpack_newsletter_tier_id":0,"_jetpack_memberships_contains_paywalled_content":false,"_jetpack_feature_clip_id":0,"_jetpack_memberships_contains_paid_content":false,"footnotes":"","jetpack_publicize_message":"","jetpack_publicize_feature_enabled":true,"jetpack_social_post_already_shared":false,"jetpack_social_options":{"image_generator_settings":{"template":"highway","default_image_id":0,"font":"","enabled":false},"version":2},"jetpack_post_was_ever_published":false},"categories":[2],"tags":[15,29,90,18,60,42,41,24],"series":[],"class_list":["post-7297","post","type-post","status-publish","format-standard","hentry","category-limones","tag-amor","tag-aprender","tag-evangelio","tag-hombre","tag-paciencia","tag-palabra","tag-verdad","tag-vida"],"episode_featured_image":false,"episode_player_image":"https:\/\/i0.wp.com\/quechilero.com\/blog\/imagenes\/podcast.png?fit=1831%2C1831&ssl=1","download_link":"","player_link":"","audio_player":false,"episode_data":{"playerMode":"dark","subscribeUrls":{"amazon":{"key":"amazon","url":"","label":"Amazon","class":"amazon","icon":"amazon.png"},"apple_podcasts":{"key":"apple_podcasts","url":"","label":"Apple Podcasts","class":"apple_podcasts","icon":"apple-podcasts.png"},"castbox":{"key":"castbox","url":"","label":"CastBox","class":"castbox","icon":"castbox.png"},"deezer":{"key":"deezer","url":"","label":"Deezer","class":"deezer","icon":"deezer.png"},"google_podcasts":{"key":"google_podcasts","url":"","label":"Google Podcasts","class":"google_podcasts","icon":"google-podcasts.png"},"listen_notes":{"key":"listen_notes","url":"","label":"Listen Notes","class":"listen_notes","icon":"listen-notes.png"},"pandora":{"key":"pandora","url":"","label":"Pandora","class":"pandora","icon":"pandora.png"},"podbean":{"key":"podbean","url":"","label":"Podbean","class":"podbean","icon":"podbean.png"},"podcast_republic":{"key":"podcast_republic","url":"","label":"Podcast Republic","class":"podcast_republic","icon":"podcast-republic.png"},"rss":{"key":"rss","url":"","label":"RSS","class":"rss","icon":"rss.png"},"spotify":{"key":"spotify","url":"","label":"Spotify","class":"spotify","icon":"spotify.png"},"stitcher":{"key":"stitcher","url":"","label":"Stitcher","class":"stitcher","icon":"stitcher.png"},"tunein":{"key":"tunein","url":"","label":"TuneIn","class":"tunein","icon":"tunein.png"},"youtube":{"key":"youtube","url":"","label":"YouTube","class":"youtube","icon":"youtube.png"},"iheartradio":{"key":"iheartradio","url":"","label":"iHeartRadio","class":"iheartradio","icon":"iheartradio.png"},"ivoox":{"key":"ivoox","url":"","label":"iVoox","class":"ivoox","icon":"ivoox.png"}},"rssFeedUrl":"https:\/\/quechilero.com\/blog\/feed\/podcast\/si-la-vida-nos-da-limones","embedCode":"<blockquote class=\"wp-embedded-content\" data-secret=\"pIRE6rg4Mo\"><a href=\"https:\/\/quechilero.com\/blog\/2011\/02\/20\/amad-a-vuestros-enemigos\/\">Amad a vuestros enemigos<\/a><\/blockquote><iframe sandbox=\"allow-scripts\" security=\"restricted\" src=\"https:\/\/quechilero.com\/blog\/2011\/02\/20\/amad-a-vuestros-enemigos\/embed\/#?secret=pIRE6rg4Mo\" width=\"500\" height=\"350\" title=\"\u00abAmad a vuestros enemigos\u00bb \u2014 Si la Vida nos da Limones...\" data-secret=\"pIRE6rg4Mo\" frameborder=\"0\" marginwidth=\"0\" marginheight=\"0\" scrolling=\"no\" class=\"wp-embedded-content\"><\/iframe><script>\n\/*! This file is auto-generated *\/\n!function(d,l){\"use strict\";l.querySelector&&d.addEventListener&&\"undefined\"!=typeof URL&&(d.wp=d.wp||{},d.wp.receiveEmbedMessage||(d.wp.receiveEmbedMessage=function(e){var t=e.data;if((t||t.secret||t.message||t.value)&&!\/[^a-zA-Z0-9]\/.test(t.secret)){for(var s,r,n,a=l.querySelectorAll('iframe[data-secret=\"'+t.secret+'\"]'),o=l.querySelectorAll('blockquote[data-secret=\"'+t.secret+'\"]'),c=new RegExp(\"^https?:$\",\"i\"),i=0;i<o.length;i++)o[i].style.display=\"none\";for(i=0;i<a.length;i++)s=a[i],e.source===s.contentWindow&&(s.removeAttribute(\"style\"),\"height\"===t.message?(1e3<(r=parseInt(t.value,10))?r=1e3:~~r<200&&(r=200),s.height=r):\"link\"===t.message&&(r=new URL(s.getAttribute(\"src\")),n=new URL(t.value),c.test(n.protocol))&&n.host===r.host&&l.activeElement===s&&(d.top.location.href=t.value))}},d.addEventListener(\"message\",d.wp.receiveEmbedMessage,!1),l.addEventListener(\"DOMContentLoaded\",function(){for(var e,t,s=l.querySelectorAll(\"iframe.wp-embedded-content\"),r=0;r<s.length;r++)(t=(e=s[r]).getAttribute(\"data-secret\"))||(t=Math.random().toString(36).substring(2,12),e.src+=\"#?secret=\"+t,e.setAttribute(\"data-secret\",t)),e.contentWindow.postMessage({message:\"ready\",secret:t},\"*\")},!1)))}(window,document);\n\/\/# sourceURL=https:\/\/quechilero.com\/blog\/wp-includes\/js\/wp-embed.min.js\n<\/script>\n"},"jetpack_publicize_connections":[],"jetpack_shortlink":"https:\/\/wp.me\/pDKli-1TH","jetpack_sharing_enabled":true,"jetpack-related-posts":[{"id":869,"url":"https:\/\/quechilero.com\/blog\/2008\/02\/16\/cuaresma-evangelio-16-feb-08\/","url_meta":{"origin":7297,"position":0},"title":"Cuaresma &#8211; Evangelio 16 feb 08","author":"Pepe Barrascout Ortiz","date":"16 febrero 2008","format":false,"excerpt":"Evangelio seg\u00fan San Mateo 5,43-48. Ustedes han o\u00eddo que se dijo: Amar\u00e1s a tu pr\u00f3jimo y odiar\u00e1s a tu enemigo. Pero yo les digo: Amen a sus enemigos, rueguen por sus perseguidores; as\u00ed ser\u00e1n hijos del Padre que est\u00e1 en el cielo, porque \u00c9l hace salir el sol sobre malos\u2026","rel":"","context":"En \u00abLimones\u00bb","block_context":{"text":"Limones","link":"https:\/\/quechilero.com\/blog\/category\/limones\/"},"img":{"alt_text":"","src":"","width":0,"height":0},"classes":[]},{"id":457,"url":"https:\/\/quechilero.com\/blog\/2007\/02\/18\/el-santo-evangelio\/","url_meta":{"origin":7297,"position":1},"title":"El Santo Evangelio","author":"Pepe Barrascout Ortiz","date":"18 febrero 2007","format":false,"excerpt":"Domingo de la 7\u00ba semana del tiempo ordinario Ornamentos Verdes Lecturas Primera Lectura: I Samuel 26: 2, 7 - 9, 12 - 13, 22 - 23 Se levant\u00f3 Sa\u00fal y baj\u00f3 al desierto de Zif, con tres mil hombres escogidos de Israel, para buscar a David en el desierto de\u2026","rel":"","context":"En \u00abLimones\u00bb","block_context":{"text":"Limones","link":"https:\/\/quechilero.com\/blog\/category\/limones\/"},"img":{"alt_text":"","src":"","width":0,"height":0},"classes":[]},{"id":3097,"url":"https:\/\/quechilero.com\/blog\/2009\/08\/05\/enemigos-destruidos\/","url_meta":{"origin":7297,"position":2},"title":"Enemigos Destruidos","author":"Pepe Barrascout Ortiz","date":"5 agosto 2009","format":false,"excerpt":"Se cuenta que cierto emperador chino, cuando le avisaron que en una de las provincias de su imperio hab\u00eda una insurrecci\u00f3n, dijo a los ministros de su gobierno y a los jefes militares que lo rodeaban: \u201cVamos. Seguidme. Pronto destruir\u00e9 a mis enemigos.\u201d Cuando el emperador y sus tropas llegaron\u2026","rel":"","context":"En \u00abLimones\u00bb","block_context":{"text":"Limones","link":"https:\/\/quechilero.com\/blog\/category\/limones\/"},"img":{"alt_text":"","src":"","width":0,"height":0},"classes":[]},{"id":17454,"url":"https:\/\/quechilero.com\/blog\/2013\/11\/11\/la-cruz-signo-del-amor-hasta-el-extremo\/","url_meta":{"origin":7297,"position":3},"title":"La cruz: signo del amor hasta el extremo","author":"Pepe Barrascout Ortiz","date":"11 noviembre 2013","format":false,"excerpt":"Cuando Cristo nos regala la cruz, nos obsequia la oportunidad de amar en plenitud. Pero debemos evitar la trampa de creer que la cruz est\u00e1 presente en nuestra vida s\u00f3lo en los grandes momentos de dolor, como puede ser la muerte de un ser querido, una enfermedad o un fracaso.\u2026","rel":"","context":"En \u00abLimones\u00bb","block_context":{"text":"Limones","link":"https:\/\/quechilero.com\/blog\/category\/limones\/"},"img":{"alt_text":"","src":"","width":0,"height":0},"classes":[]},{"id":906,"url":"https:\/\/quechilero.com\/blog\/2008\/03\/20\/cuaresma-evangelio-20-mar-08\/","url_meta":{"origin":7297,"position":4},"title":"Cuaresma &#8211; Evangelio 20 mar 08","author":"Pepe Barrascout Ortiz","date":"20 marzo 2008","format":false,"excerpt":"Evangelio seg\u00fan San Juan 13,1-15. Antes de la fiesta de Pascua, sabiendo Jes\u00fas que hab\u00eda llegado la hora de pasar de este mundo al Padre, \u00c9l, que hab\u00eda amado a los suyos que quedaban en el mundo, los am\u00f3 hasta el fin. Durante la Cena, cuando el demonio ya hab\u00eda\u2026","rel":"","context":"En \u00abLimones\u00bb","block_context":{"text":"Limones","link":"https:\/\/quechilero.com\/blog\/category\/limones\/"},"img":{"alt_text":"","src":"","width":0,"height":0},"classes":[]},{"id":896,"url":"https:\/\/quechilero.com\/blog\/2008\/03\/12\/cuaresma-evangelio-12-mar-08\/","url_meta":{"origin":7297,"position":5},"title":"Cuaresma &#8211; Evangelio 12 mar 08","author":"Pepe Barrascout Ortiz","date":"12 marzo 2008","format":false,"excerpt":"Evangelio seg\u00fan San Juan 8,31-42. Jes\u00fas dijo a aquellos jud\u00edos que hab\u00edan cre\u00eddo en \u00c9l: \"Si ustedes permanecen fieles a mi palabra, ser\u00e1n verdaderamente mis disc\u00edpulos: conocer\u00e1n la verdad y la verdad los har\u00e1 libres\". Ellos le respondieron: \"Somos descendientes de Abraham y jam\u00e1s hemos sido esclavos de nadie. \u00bfC\u00f3mo\u2026","rel":"","context":"En \u00abLimones\u00bb","block_context":{"text":"Limones","link":"https:\/\/quechilero.com\/blog\/category\/limones\/"},"img":{"alt_text":"","src":"","width":0,"height":0},"classes":[]}],"jetpack_featured_media_url":"","_links":{"self":[{"href":"https:\/\/quechilero.com\/blog\/wp-json\/wp\/v2\/posts\/7297","targetHints":{"allow":["GET"]}}],"collection":[{"href":"https:\/\/quechilero.com\/blog\/wp-json\/wp\/v2\/posts"}],"about":[{"href":"https:\/\/quechilero.com\/blog\/wp-json\/wp\/v2\/types\/post"}],"author":[{"embeddable":true,"href":"https:\/\/quechilero.com\/blog\/wp-json\/wp\/v2\/users\/1"}],"replies":[{"embeddable":true,"href":"https:\/\/quechilero.com\/blog\/wp-json\/wp\/v2\/comments?post=7297"}],"version-history":[{"count":0,"href":"https:\/\/quechilero.com\/blog\/wp-json\/wp\/v2\/posts\/7297\/revisions"}],"wp:attachment":[{"href":"https:\/\/quechilero.com\/blog\/wp-json\/wp\/v2\/media?parent=7297"}],"wp:term":[{"taxonomy":"category","embeddable":true,"href":"https:\/\/quechilero.com\/blog\/wp-json\/wp\/v2\/categories?post=7297"},{"taxonomy":"post_tag","embeddable":true,"href":"https:\/\/quechilero.com\/blog\/wp-json\/wp\/v2\/tags?post=7297"},{"taxonomy":"series","embeddable":true,"href":"https:\/\/quechilero.com\/blog\/wp-json\/wp\/v2\/series?post=7297"}],"curies":[{"name":"wp","href":"https:\/\/api.w.org\/{rel}","templated":true}]}}