{"id":7263,"date":"2011-03-28T08:00:57","date_gmt":"2011-03-28T14:00:57","guid":{"rendered":"http:\/\/quechilero.com\/blog\/?p=7263"},"modified":"2011-03-28T08:00:57","modified_gmt":"2011-03-28T14:00:57","slug":"no-mires-a-los-otros","status":"publish","type":"post","link":"https:\/\/quechilero.com\/blog\/2011\/03\/28\/no-mires-a-los-otros\/","title":{"rendered":"No mires a los otros"},"content":{"rendered":"<p>Un \u00e1rbol no era feliz en el jard\u00edn.<\/p>\n<p>Un d\u00eda lleg\u00f3 hasta el jard\u00edn el b\u00faho, la m\u00e1s sabia de las aves, y al ver la desesperaci\u00f3n del \u00e1rbol, exclam\u00f3: <em>\u00abNo te preocupes, tu problema no es tan grave, es el mismo de much\u00edsimos seres sobre la tierra. No dediques tu vida a ser como los dem\u00e1s quieran que seas. S\u00e9 tu mismo, con\u00f3cete, y para lograrlo, escucha tu voz interior.\u00bb<\/em> Y dicho esto, el b\u00faho desapareci\u00f3.<\/p>\n<p><em>\u00ab\u00bfMi voz interior&#8230;? \u00bfSer yo mismo&#8230;? \u00bfConocerme&#8230; ?\u00bb<\/em>, se preguntaba el \u00e1rbol desesperado. Entonces, de pronto, comprendi\u00f3&#8230; y cerrando los ojos y los o\u00eddos, abri\u00f3 el coraz\u00f3n, y por fin pudo escuchar su voz interior dici\u00e9ndole: <em>\u00abT\u00fa jam\u00e1s dar\u00e1s manzanas porque no eres un manzano, ni florecer\u00e1s cada primavera porque no eres un rosal. Eres un roble, y tu destino es crecer grande y majestuoso, dar cobijo a las aves, sombra a los viajeros, belleza al paisaje. Tienes una misi\u00f3n, \u00a1c\u00famplela!\u00bb<\/em><\/p>\n<p>Y el \u00e1rbol se sinti\u00f3 fuerte y seguro de s\u00ed mismo y se dispuso a ser todo aquello para lo cual estaba destinado. As\u00ed, pronto fue admirado y respetado por todos. Y s\u00f3lo entonces el jard\u00edn fue completamente feliz.<\/p>\n","protected":false},"excerpt":{"rendered":"<p>Un \u00e1rbol no era feliz en el jard\u00edn. Un d\u00eda lleg\u00f3 hasta el jard\u00edn el b\u00faho, la m\u00e1s sabia de las aves, y al ver la desesperaci\u00f3n del \u00e1rbol, exclam\u00f3: \u00abNo te preocupes, tu problema no es tan grave, es el mismo de much\u00edsimos seres sobre la tierra. No dediques tu vida a ser como &#8230; <a title=\"No mires a los otros\" class=\"read-more\" href=\"https:\/\/quechilero.com\/blog\/2011\/03\/28\/no-mires-a-los-otros\/\" aria-label=\"Leer m\u00e1s sobre No mires a los otros\">Leer m\u00e1s<\/a><\/p>\n","protected":false},"author":1,"featured_media":0,"comment_status":"open","ping_status":"open","sticky":false,"template":"","format":"standard","meta":{"advanced_seo_description":"","jetpack_seo_html_title":"","jetpack_seo_noindex":false,"jetpack_seo_schema_type":"","episode_type":"","audio_file":"","podmotor_file_id":"","podmotor_episode_id":"","cover_image":"","cover_image_id":"","duration":"","filesize":"","filesize_raw":"","date_recorded":"","explicit":"","block":"","_jetpack_newsletter_access":"","_jetpack_dont_email_post_to_subs":false,"_jetpack_newsletter_tier_id":0,"_jetpack_memberships_contains_paywalled_content":false,"_jetpack_feature_clip_id":0,"_jetpack_memberships_contains_paid_content":false,"footnotes":"","jetpack_publicize_message":"","jetpack_publicize_feature_enabled":true,"jetpack_social_post_already_shared":false,"jetpack_social_options":{"image_generator_settings":{"template":"highway","default_image_id":0,"font":"","enabled":false},"version":2},"jetpack_post_was_ever_published":false},"categories":[2],"tags":[67,46,21,24],"series":[],"class_list":["post-7263","post","type-post","status-publish","format-standard","hentry","category-limones","tag-crecer","tag-feliz","tag-problema","tag-vida"],"episode_featured_image":false,"episode_player_image":"https:\/\/i0.wp.com\/quechilero.com\/blog\/imagenes\/podcast.png?fit=1831%2C1831&ssl=1","download_link":"","player_link":"","audio_player":false,"episode_data":{"playerMode":"dark","subscribeUrls":{"amazon":{"key":"amazon","url":"","label":"Amazon","class":"amazon","icon":"amazon.png"},"apple_podcasts":{"key":"apple_podcasts","url":"","label":"Apple Podcasts","class":"apple_podcasts","icon":"apple-podcasts.png"},"castbox":{"key":"castbox","url":"","label":"CastBox","class":"castbox","icon":"castbox.png"},"deezer":{"key":"deezer","url":"","label":"Deezer","class":"deezer","icon":"deezer.png"},"google_podcasts":{"key":"google_podcasts","url":"","label":"Google Podcasts","class":"google_podcasts","icon":"google-podcasts.png"},"listen_notes":{"key":"listen_notes","url":"","label":"Listen Notes","class":"listen_notes","icon":"listen-notes.png"},"pandora":{"key":"pandora","url":"","label":"Pandora","class":"pandora","icon":"pandora.png"},"podbean":{"key":"podbean","url":"","label":"Podbean","class":"podbean","icon":"podbean.png"},"podcast_republic":{"key":"podcast_republic","url":"","label":"Podcast Republic","class":"podcast_republic","icon":"podcast-republic.png"},"rss":{"key":"rss","url":"","label":"RSS","class":"rss","icon":"rss.png"},"spotify":{"key":"spotify","url":"","label":"Spotify","class":"spotify","icon":"spotify.png"},"stitcher":{"key":"stitcher","url":"","label":"Stitcher","class":"stitcher","icon":"stitcher.png"},"tunein":{"key":"tunein","url":"","label":"TuneIn","class":"tunein","icon":"tunein.png"},"youtube":{"key":"youtube","url":"","label":"YouTube","class":"youtube","icon":"youtube.png"},"iheartradio":{"key":"iheartradio","url":"","label":"iHeartRadio","class":"iheartradio","icon":"iheartradio.png"},"ivoox":{"key":"ivoox","url":"","label":"iVoox","class":"ivoox","icon":"ivoox.png"}},"rssFeedUrl":"https:\/\/quechilero.com\/blog\/feed\/podcast\/si-la-vida-nos-da-limones","embedCode":"<blockquote class=\"wp-embedded-content\" data-secret=\"r35c9ZcanM\"><a href=\"https:\/\/quechilero.com\/blog\/2011\/03\/28\/no-mires-a-los-otros\/\">No mires a los otros<\/a><\/blockquote><iframe sandbox=\"allow-scripts\" security=\"restricted\" src=\"https:\/\/quechilero.com\/blog\/2011\/03\/28\/no-mires-a-los-otros\/embed\/#?secret=r35c9ZcanM\" width=\"500\" height=\"350\" title=\"\u00abNo mires a los otros\u00bb \u2014 Si la Vida nos da Limones...\" data-secret=\"r35c9ZcanM\" frameborder=\"0\" marginwidth=\"0\" marginheight=\"0\" scrolling=\"no\" class=\"wp-embedded-content\"><\/iframe><script>\n\/*! This file is auto-generated *\/\n!function(d,l){\"use strict\";l.querySelector&&d.addEventListener&&\"undefined\"!=typeof URL&&(d.wp=d.wp||{},d.wp.receiveEmbedMessage||(d.wp.receiveEmbedMessage=function(e){var t=e.data;if((t||t.secret||t.message||t.value)&&!\/[^a-zA-Z0-9]\/.test(t.secret)){for(var s,r,n,a=l.querySelectorAll('iframe[data-secret=\"'+t.secret+'\"]'),o=l.querySelectorAll('blockquote[data-secret=\"'+t.secret+'\"]'),c=new RegExp(\"^https?:$\",\"i\"),i=0;i<o.length;i++)o[i].style.display=\"none\";for(i=0;i<a.length;i++)s=a[i],e.source===s.contentWindow&&(s.removeAttribute(\"style\"),\"height\"===t.message?(1e3<(r=parseInt(t.value,10))?r=1e3:~~r<200&&(r=200),s.height=r):\"link\"===t.message&&(r=new URL(s.getAttribute(\"src\")),n=new URL(t.value),c.test(n.protocol))&&n.host===r.host&&l.activeElement===s&&(d.top.location.href=t.value))}},d.addEventListener(\"message\",d.wp.receiveEmbedMessage,!1),l.addEventListener(\"DOMContentLoaded\",function(){for(var e,t,s=l.querySelectorAll(\"iframe.wp-embedded-content\"),r=0;r<s.length;r++)(t=(e=s[r]).getAttribute(\"data-secret\"))||(t=Math.random().toString(36).substring(2,12),e.src+=\"#?secret=\"+t,e.setAttribute(\"data-secret\",t)),e.contentWindow.postMessage({message:\"ready\",secret:t},\"*\")},!1)))}(window,document);\n\/\/# sourceURL=https:\/\/quechilero.com\/blog\/wp-includes\/js\/wp-embed.min.js\n<\/script>\n"},"jetpack_publicize_connections":[],"jetpack_shortlink":"https:\/\/wp.me\/pDKli-1T9","jetpack_sharing_enabled":true,"jetpack-related-posts":[{"id":17616,"url":"https:\/\/quechilero.com\/blog\/2014\/01\/03\/el-buho-y-las-aves\/","url_meta":{"origin":7263,"position":0},"title":"El b\u00faho y las aves","author":"Pepe Barrascout Ortiz","date":"3 enero 2014","format":false,"excerpt":"Un b\u00faho, en su sabidur\u00eda, aconsej\u00f3 a las aves que cuando ciertas bellotas comenzaran a salir, las alejaran de la tierra y as\u00ed no pudieran crecer. Ella dijo que las bellotas producir\u00edan un fruto, del cual un veneno irremediable ser\u00eda extra\u00eddo y por el cual ellas ser\u00edan capturadas. El B\u00faho\u2026","rel":"","context":"En \u00abLimones\u00bb","block_context":{"text":"Limones","link":"https:\/\/quechilero.com\/blog\/category\/limones\/"},"img":{"alt_text":"","src":"","width":0,"height":0},"classes":[]},{"id":16735,"url":"https:\/\/quechilero.com\/blog\/2013\/05\/31\/el-%ef%bb%bfarbol-de-manzanas\/","url_meta":{"origin":7263,"position":1},"title":"El \ufeff\u00e1rbol de manzanas","author":"Pepe Barrascout Ortiz","date":"31 mayo 2013","format":false,"excerpt":"Hace mucho tiempo, exist\u00eda un enorme \u00e1rbol de manzanas. Un peque\u00f1o ni\u00f1o lo amaba mucho y todos los d\u00edas jugaba alrededor de \u00e9l. Trepaba al \u00e1rbol hasta el tope, com\u00eda sus manzanas y tomaba una siesta bajo su sombra. \u00c9l amaba al \u00e1rbol y el \u00e1rbol amaba al ni\u00f1o. Pas\u00f3\u2026","rel":"","context":"En \u00abLimones\u00bb","block_context":{"text":"Limones","link":"https:\/\/quechilero.com\/blog\/category\/limones\/"},"img":{"alt_text":"","src":"","width":0,"height":0},"classes":[]},{"id":17672,"url":"https:\/\/quechilero.com\/blog\/2014\/01\/18\/un-viaje-a-tu-interior\/","url_meta":{"origin":7263,"position":2},"title":"Un viaje a tu interior","author":"Pepe Barrascout Ortiz","date":"18 enero 2014","format":false,"excerpt":"Toma un viaje a tu interior. Una cita contigo mismo... Deja un momento esta semana s\u00f3lo para ti; puede ser 10 \u00f3 15 minutos, pero que sea un momento para cerrar los ojos y escuchar tu voz interior, la voz de tu alma. Piensa en un lugar que te guste,\u2026","rel":"","context":"En \u00abLimones\u00bb","block_context":{"text":"Limones","link":"https:\/\/quechilero.com\/blog\/category\/limones\/"},"img":{"alt_text":"","src":"","width":0,"height":0},"classes":[]},{"id":19687,"url":"https:\/\/quechilero.com\/blog\/2015\/02\/01\/como-crecer\/","url_meta":{"origin":7263,"position":3},"title":"C\u00f3mo crecer","author":"Pepe Barrascout Ortiz","date":"1 febrero 2015","format":false,"excerpt":"Un Rey fue hasta su jard\u00edn y descubri\u00f3 que sus \u00e1rboles, arbustos y flores se estaban muriendo. El Roble le dijo que se mor\u00eda porque no pod\u00eda ser tan alto como el Pino. Volvi\u00e9ndose al Pino, lo hall\u00f3 ca\u00eddo porque no pod\u00eda dar uvas como la Vid. Y la Vid\u2026","rel":"","context":"En \u00abLimones\u00bb","block_context":{"text":"Limones","link":"https:\/\/quechilero.com\/blog\/category\/limones\/"},"img":{"alt_text":"","src":"","width":0,"height":0},"classes":[]},{"id":2799,"url":"https:\/\/quechilero.com\/blog\/2009\/06\/14\/la-zorra-y-el-cuervo-griton\/","url_meta":{"origin":7263,"position":4},"title":"La zorra y el cuervo grit\u00f3n","author":"Pepe Barrascout Ortiz","date":"14 junio 2009","format":false,"excerpt":"Un cuervo rob\u00f3 a unos pastores un pedazo de carne y se retir\u00f3 a un \u00e1rbol. Lo vio una zorra y, deseando apoderarse de aquella carne, empez\u00f3 a halagar al cuervo, elogiando sus elegantes proporciones y su gran belleza, agregando adem\u00e1s que no hab\u00eda encontrado a nadie mejor dotado que\u2026","rel":"","context":"En \u00abLimones\u00bb","block_context":{"text":"Limones","link":"https:\/\/quechilero.com\/blog\/category\/limones\/"},"img":{"alt_text":"","src":"","width":0,"height":0},"classes":[]},{"id":850,"url":"https:\/\/quechilero.com\/blog\/2008\/02\/09\/buho\/","url_meta":{"origin":7263,"position":5},"title":"B\u00faho","author":"Pepe Barrascout Ortiz","date":"9 febrero 2008","format":false,"excerpt":"Con la caracter\u00edstica \u00fanica que tienen los b\u00fahos, te has identificado y te hace ser grande, inteligente, sab\u00eda y naturalmente bella. Feliz Cumplea\u00f1os Ileanita, tu b\u00faho siempre me acompa\u00f1a. Te quiero mucho.","rel":"","context":"En \u00abLimones\u00bb","block_context":{"text":"Limones","link":"https:\/\/quechilero.com\/blog\/category\/limones\/"},"img":{"alt_text":"Ileana Cano B\u00faho","src":"https:\/\/i0.wp.com\/img141.imageshack.us\/img141\/8009\/photocontestowldx0.jpg?resize=350%2C200","width":350,"height":200,"srcset":"https:\/\/i0.wp.com\/img141.imageshack.us\/img141\/8009\/photocontestowldx0.jpg?resize=350%2C200 1x, https:\/\/i0.wp.com\/img141.imageshack.us\/img141\/8009\/photocontestowldx0.jpg?resize=525%2C300 1.5x"},"classes":[]}],"jetpack_featured_media_url":"","_links":{"self":[{"href":"https:\/\/quechilero.com\/blog\/wp-json\/wp\/v2\/posts\/7263","targetHints":{"allow":["GET"]}}],"collection":[{"href":"https:\/\/quechilero.com\/blog\/wp-json\/wp\/v2\/posts"}],"about":[{"href":"https:\/\/quechilero.com\/blog\/wp-json\/wp\/v2\/types\/post"}],"author":[{"embeddable":true,"href":"https:\/\/quechilero.com\/blog\/wp-json\/wp\/v2\/users\/1"}],"replies":[{"embeddable":true,"href":"https:\/\/quechilero.com\/blog\/wp-json\/wp\/v2\/comments?post=7263"}],"version-history":[{"count":0,"href":"https:\/\/quechilero.com\/blog\/wp-json\/wp\/v2\/posts\/7263\/revisions"}],"wp:attachment":[{"href":"https:\/\/quechilero.com\/blog\/wp-json\/wp\/v2\/media?parent=7263"}],"wp:term":[{"taxonomy":"category","embeddable":true,"href":"https:\/\/quechilero.com\/blog\/wp-json\/wp\/v2\/categories?post=7263"},{"taxonomy":"post_tag","embeddable":true,"href":"https:\/\/quechilero.com\/blog\/wp-json\/wp\/v2\/tags?post=7263"},{"taxonomy":"series","embeddable":true,"href":"https:\/\/quechilero.com\/blog\/wp-json\/wp\/v2\/series?post=7263"}],"curies":[{"name":"wp","href":"https:\/\/api.w.org\/{rel}","templated":true}]}}