{"id":7127,"date":"2011-05-13T08:00:25","date_gmt":"2011-05-13T14:00:25","guid":{"rendered":"http:\/\/quechilero.com\/blog\/?p=7127"},"modified":"2011-05-13T08:00:25","modified_gmt":"2011-05-13T14:00:25","slug":"cual-es-tu-camino","status":"publish","type":"post","link":"https:\/\/quechilero.com\/blog\/2011\/05\/13\/cual-es-tu-camino\/","title":{"rendered":"\u00bfCu\u00e1l es tu camino?"},"content":{"rendered":"<p>Todos en alguna ocasi\u00f3n hemos le\u00eddo, escuchado o visto el cuento de <em>\u00abAlicia En El Pa\u00eds De Las Maravillas\u00bb<\/em>. De este cuento hay algo que me llama la atenci\u00f3n y es que cuando Alicia esta perdida, se encuentra en una bifurcaci\u00f3n de 4 caminos, ella no sabe cual tomar y de pronto aparece un conejo al cual ella le pregunta qu\u00e9 camino tomar. El conejo le pregunta: \u00ab<em>\u00bfHacia d\u00f3nde vas?<\/em>\u00bb Alicia responde: \u00ab<em>No s\u00e9<\/em>\u00ab. Entonces el conejo le dice: \u00ab<em>Si no sabes hacia d\u00f3nde vas, toma cualquier camino que te llevar\u00e1 a alg\u00fan lado.<\/em>\u00bb<\/p>\n<p>Cuando no sabemos hacia d\u00f3nde vamos, tomamos cualquier camino creyendo que de todas formas nos har\u00e1 llegar a alg\u00fan lado. Es as\u00ed como nos enredamos en cualquier relaci\u00f3n, en cualquier religi\u00f3n, en cualquier carrera, etc. Si sabemos lo que buscamos, entonces podemos encontrarlo, si sabemos hacia d\u00f3nde queremos llegar, sabremos qu\u00e9 opciones tomar.<\/p>\n<p>\u00bfCu\u00e1les son tus metas? \u00bfCu\u00e1les son tus sue\u00f1os? \u00bfQu\u00e9 estas haciendo para conseguirlos? \u00bfEst\u00e1s sembrando la semilla correcta en el terreno correcto?<\/p>\n<p>Jes\u00fas dijo: \u00ab<em>Yo soy el camino, y la verdad, y la vida; nadie viene al Padre, sino por m\u00ed.<\/em>\u00bb (Juan 14:6) Si no tienes una gu\u00eda en esta vida, sigue a Jes\u00fas, de seguro que no te perder\u00e1s.<\/p>\n","protected":false},"excerpt":{"rendered":"<p>Todos en alguna ocasi\u00f3n hemos le\u00eddo, escuchado o visto el cuento de \u00abAlicia En El Pa\u00eds De Las Maravillas\u00bb. De este cuento hay algo que me llama la atenci\u00f3n y es que cuando Alicia esta perdida, se encuentra en una bifurcaci\u00f3n de 4 caminos, ella no sabe cual tomar y de pronto aparece un conejo &#8230; <a title=\"\u00bfCu\u00e1l es tu camino?\" class=\"read-more\" href=\"https:\/\/quechilero.com\/blog\/2011\/05\/13\/cual-es-tu-camino\/\" aria-label=\"Leer m\u00e1s sobre \u00bfCu\u00e1l es tu camino?\">Leer m\u00e1s<\/a><\/p>\n","protected":false},"author":1,"featured_media":0,"comment_status":"open","ping_status":"open","sticky":false,"template":"","format":"standard","meta":{"advanced_seo_description":"","jetpack_seo_html_title":"","jetpack_seo_noindex":false,"jetpack_seo_schema_type":"","episode_type":"","audio_file":"","podmotor_file_id":"","podmotor_episode_id":"","cover_image":"","cover_image_id":"","duration":"","filesize":"","filesize_raw":"","date_recorded":"","explicit":"","block":"","_jetpack_newsletter_access":"","_jetpack_dont_email_post_to_subs":false,"_jetpack_newsletter_tier_id":0,"_jetpack_memberships_contains_paywalled_content":false,"_jetpack_feature_clip_id":0,"_jetpack_memberships_contains_paid_content":false,"footnotes":"","jetpack_publicize_message":"","jetpack_publicize_feature_enabled":true,"jetpack_social_post_already_shared":false,"jetpack_social_options":{"image_generator_settings":{"template":"highway","default_image_id":0,"font":"","enabled":false},"version":2},"jetpack_post_was_ever_published":false},"categories":[2],"tags":[74,56,41,24],"series":[],"class_list":["post-7127","post","type-post","status-publish","format-standard","hentry","category-limones","tag-jesus","tag-sueno","tag-verdad","tag-vida"],"episode_featured_image":false,"episode_player_image":"https:\/\/i0.wp.com\/quechilero.com\/blog\/imagenes\/podcast.png?fit=1831%2C1831&ssl=1","download_link":"","player_link":"","audio_player":false,"episode_data":{"playerMode":"dark","subscribeUrls":{"amazon":{"key":"amazon","url":"","label":"Amazon","class":"amazon","icon":"amazon.png"},"apple_podcasts":{"key":"apple_podcasts","url":"","label":"Apple Podcasts","class":"apple_podcasts","icon":"apple-podcasts.png"},"castbox":{"key":"castbox","url":"","label":"CastBox","class":"castbox","icon":"castbox.png"},"deezer":{"key":"deezer","url":"","label":"Deezer","class":"deezer","icon":"deezer.png"},"google_podcasts":{"key":"google_podcasts","url":"","label":"Google Podcasts","class":"google_podcasts","icon":"google-podcasts.png"},"listen_notes":{"key":"listen_notes","url":"","label":"Listen Notes","class":"listen_notes","icon":"listen-notes.png"},"pandora":{"key":"pandora","url":"","label":"Pandora","class":"pandora","icon":"pandora.png"},"podbean":{"key":"podbean","url":"","label":"Podbean","class":"podbean","icon":"podbean.png"},"podcast_republic":{"key":"podcast_republic","url":"","label":"Podcast Republic","class":"podcast_republic","icon":"podcast-republic.png"},"rss":{"key":"rss","url":"","label":"RSS","class":"rss","icon":"rss.png"},"spotify":{"key":"spotify","url":"","label":"Spotify","class":"spotify","icon":"spotify.png"},"stitcher":{"key":"stitcher","url":"","label":"Stitcher","class":"stitcher","icon":"stitcher.png"},"tunein":{"key":"tunein","url":"","label":"TuneIn","class":"tunein","icon":"tunein.png"},"youtube":{"key":"youtube","url":"","label":"YouTube","class":"youtube","icon":"youtube.png"},"iheartradio":{"key":"iheartradio","url":"","label":"iHeartRadio","class":"iheartradio","icon":"iheartradio.png"},"ivoox":{"key":"ivoox","url":"","label":"iVoox","class":"ivoox","icon":"ivoox.png"}},"rssFeedUrl":"https:\/\/quechilero.com\/blog\/feed\/podcast\/si-la-vida-nos-da-limones","embedCode":"<blockquote class=\"wp-embedded-content\" data-secret=\"NFzg6AW1Bn\"><a href=\"https:\/\/quechilero.com\/blog\/2011\/05\/13\/cual-es-tu-camino\/\">\u00bfCu\u00e1l es tu camino?<\/a><\/blockquote><iframe sandbox=\"allow-scripts\" security=\"restricted\" src=\"https:\/\/quechilero.com\/blog\/2011\/05\/13\/cual-es-tu-camino\/embed\/#?secret=NFzg6AW1Bn\" width=\"500\" height=\"350\" title=\"\u00ab\u00bfCu\u00e1l es tu camino?\u00bb \u2014 Si la Vida nos da Limones...\" data-secret=\"NFzg6AW1Bn\" frameborder=\"0\" marginwidth=\"0\" marginheight=\"0\" scrolling=\"no\" class=\"wp-embedded-content\"><\/iframe><script>\n\/*! This file is auto-generated *\/\n!function(d,l){\"use strict\";l.querySelector&&d.addEventListener&&\"undefined\"!=typeof URL&&(d.wp=d.wp||{},d.wp.receiveEmbedMessage||(d.wp.receiveEmbedMessage=function(e){var t=e.data;if((t||t.secret||t.message||t.value)&&!\/[^a-zA-Z0-9]\/.test(t.secret)){for(var s,r,n,a=l.querySelectorAll('iframe[data-secret=\"'+t.secret+'\"]'),o=l.querySelectorAll('blockquote[data-secret=\"'+t.secret+'\"]'),c=new RegExp(\"^https?:$\",\"i\"),i=0;i<o.length;i++)o[i].style.display=\"none\";for(i=0;i<a.length;i++)s=a[i],e.source===s.contentWindow&&(s.removeAttribute(\"style\"),\"height\"===t.message?(1e3<(r=parseInt(t.value,10))?r=1e3:~~r<200&&(r=200),s.height=r):\"link\"===t.message&&(r=new URL(s.getAttribute(\"src\")),n=new URL(t.value),c.test(n.protocol))&&n.host===r.host&&l.activeElement===s&&(d.top.location.href=t.value))}},d.addEventListener(\"message\",d.wp.receiveEmbedMessage,!1),l.addEventListener(\"DOMContentLoaded\",function(){for(var e,t,s=l.querySelectorAll(\"iframe.wp-embedded-content\"),r=0;r<s.length;r++)(t=(e=s[r]).getAttribute(\"data-secret\"))||(t=Math.random().toString(36).substring(2,12),e.src+=\"#?secret=\"+t,e.setAttribute(\"data-secret\",t)),e.contentWindow.postMessage({message:\"ready\",secret:t},\"*\")},!1)))}(window,document);\n\/\/# sourceURL=https:\/\/quechilero.com\/blog\/wp-includes\/js\/wp-embed.min.js\n<\/script>\n"},"jetpack_publicize_connections":[],"jetpack_shortlink":"https:\/\/wp.me\/pDKli-1QX","jetpack_sharing_enabled":true,"jetpack-related-posts":[{"id":888,"url":"https:\/\/quechilero.com\/blog\/2008\/03\/04\/cuaresma-evangelio-04-mar-08\/","url_meta":{"origin":7127,"position":0},"title":"Cuaresma &#8211; Evangelio 04 mar 08","author":"Pepe Barrascout Ortiz","date":"4 marzo 2008","format":false,"excerpt":"Evangelio seg\u00fan San Juan 5,1-3.5-16. Despu\u00e9s de esto, se celebraba una fiesta de los jud\u00edos y Jes\u00fas subi\u00f3 a Jerusal\u00e9n. Junto a la puerta de las Ovejas, en Jerusal\u00e9n, hay una piscina llamada en hebreo Betsata, que tiene cinco p\u00f3rticos. Bajo estos p\u00f3rticos yac\u00eda una multitud de enfermos, ciegos, paral\u00edticos\u2026","rel":"","context":"En \u00abLimones\u00bb","block_context":{"text":"Limones","link":"https:\/\/quechilero.com\/blog\/category\/limones\/"},"img":{"alt_text":"","src":"","width":0,"height":0},"classes":[]},{"id":227,"url":"https:\/\/quechilero.com\/blog\/2006\/09\/22\/es-asunto-de-escoger\/","url_meta":{"origin":7127,"position":1},"title":"Es asunto de escoger","author":"Pepe Barrascout Ortiz","date":"22 septiembre 2006","format":false,"excerpt":"Al inicio de mi clase de las 8:00 a.m., un lunes en la Universidad de Nevada en Las Vegas (UNLV), alegremente le pregunt\u00e9 a mis estudiantes c\u00f3mo hab\u00edan pasado su fin de semana. Un joven me dijo que su fin de semana no hab\u00eda sido muy bueno. Le hab\u00edan extra\u00eddo\u2026","rel":"","context":"En \u00abLimones\u00bb","block_context":{"text":"Limones","link":"https:\/\/quechilero.com\/blog\/category\/limones\/"},"img":{"alt_text":"","src":"","width":0,"height":0},"classes":[]},{"id":5115,"url":"https:\/\/quechilero.com\/blog\/2010\/07\/24\/cuento-gracioso\/","url_meta":{"origin":7127,"position":2},"title":"Cuento gracioso","author":"Pepe Barrascout Ortiz","date":"24 julio 2010","format":false,"excerpt":"Hace alg\u00fan tiempo escuch\u00e9 este gracioso cuento: Estaba Jes\u00fas con sus disc\u00edpulos camino a orar al monte y el les dice: \"Tomen una piedra y s\u00edganme.\" Entonces todos toman una piedra de un tama\u00f1o regular, ni muy grande ni muy peque\u00f1a, pero hubo uno, Judas, que tom\u00f3 una piedra muy\u2026","rel":"","context":"En \u00abLimones\u00bb","block_context":{"text":"Limones","link":"https:\/\/quechilero.com\/blog\/category\/limones\/"},"img":{"alt_text":"","src":"","width":0,"height":0},"classes":[]},{"id":20044,"url":"https:\/\/quechilero.com\/blog\/2015\/04\/13\/en-donde-te-refugias\/","url_meta":{"origin":7127,"position":3},"title":"\u00bfEn d\u00f3nde te refugias?","author":"Pepe Barrascout Ortiz","date":"13 abril 2015","format":false,"excerpt":"Mi amigo cuenta la historia de algo que sucedi\u00f3 mientras su pap\u00e1 estaba cazando venados en los bosques de Oregon. Con el rifle acunado en el hueco de sus brazos, su padre iba por un antiguo camino de le\u00f1adores casi borrado por la exuberante espesura. Ca\u00eda la tarde y estaba\u2026","rel":"","context":"En \u00abLimones\u00bb","block_context":{"text":"Limones","link":"https:\/\/quechilero.com\/blog\/category\/limones\/"},"img":{"alt_text":"","src":"","width":0,"height":0},"classes":[]},{"id":561,"url":"https:\/\/quechilero.com\/blog\/2007\/05\/28\/para-que-has-nacido\/","url_meta":{"origin":7127,"position":4},"title":"\u00bfPara qu\u00e9 has nacido?","author":"Pepe Barrascout Ortiz","date":"28 mayo 2007","format":false,"excerpt":"Es cierto que nacimos sin haberlo pedido; no elegimos c\u00f3mo, cu\u00e1ndo ni d\u00f3nde, lo \u00fanico que sabemos es que estamos vivos. Pero alguna vez te has preguntado, \u00bfPor qu\u00e9 o para qu\u00e9 has nacido? Hay quienes creen que su vida es un error, muchos no encuentran en s\u00ed mismo ning\u00fan\u2026","rel":"","context":"En \u00abLimones\u00bb","block_context":{"text":"Limones","link":"https:\/\/quechilero.com\/blog\/category\/limones\/"},"img":{"alt_text":"","src":"","width":0,"height":0},"classes":[]},{"id":3184,"url":"https:\/\/quechilero.com\/blog\/2009\/09\/09\/el-ermitano-domador-de-animales\/","url_meta":{"origin":7127,"position":5},"title":"El Ermita\u00f1o domador de animales","author":"Pepe Barrascout Ortiz","date":"9 septiembre 2009","format":false,"excerpt":"Se cuenta lo siguiente de un viejo anacoreta o ermita\u00f1o, es decir, una de esas personas que por amor a Dios se refugian en la soledad del desierto, del bosque o de las monta\u00f1as para solamente dedicarse a la oraci\u00f3n y a la penitencia. Se quejaba muchas veces que ten\u00eda\u2026","rel":"","context":"En \u00abLimones\u00bb","block_context":{"text":"Limones","link":"https:\/\/quechilero.com\/blog\/category\/limones\/"},"img":{"alt_text":"","src":"","width":0,"height":0},"classes":[]}],"jetpack_featured_media_url":"","_links":{"self":[{"href":"https:\/\/quechilero.com\/blog\/wp-json\/wp\/v2\/posts\/7127","targetHints":{"allow":["GET"]}}],"collection":[{"href":"https:\/\/quechilero.com\/blog\/wp-json\/wp\/v2\/posts"}],"about":[{"href":"https:\/\/quechilero.com\/blog\/wp-json\/wp\/v2\/types\/post"}],"author":[{"embeddable":true,"href":"https:\/\/quechilero.com\/blog\/wp-json\/wp\/v2\/users\/1"}],"replies":[{"embeddable":true,"href":"https:\/\/quechilero.com\/blog\/wp-json\/wp\/v2\/comments?post=7127"}],"version-history":[{"count":0,"href":"https:\/\/quechilero.com\/blog\/wp-json\/wp\/v2\/posts\/7127\/revisions"}],"wp:attachment":[{"href":"https:\/\/quechilero.com\/blog\/wp-json\/wp\/v2\/media?parent=7127"}],"wp:term":[{"taxonomy":"category","embeddable":true,"href":"https:\/\/quechilero.com\/blog\/wp-json\/wp\/v2\/categories?post=7127"},{"taxonomy":"post_tag","embeddable":true,"href":"https:\/\/quechilero.com\/blog\/wp-json\/wp\/v2\/tags?post=7127"},{"taxonomy":"series","embeddable":true,"href":"https:\/\/quechilero.com\/blog\/wp-json\/wp\/v2\/series?post=7127"}],"curies":[{"name":"wp","href":"https:\/\/api.w.org\/{rel}","templated":true}]}}