{"id":71,"date":"2006-07-27T19:47:46","date_gmt":"2006-07-28T01:47:46","guid":{"rendered":"http:\/\/quechilero.com\/blog\/2006\/07\/27\/emetra\/"},"modified":"2006-07-27T19:47:46","modified_gmt":"2006-07-28T01:47:46","slug":"emetra","status":"publish","type":"post","link":"https:\/\/quechilero.com\/blog\/2006\/07\/27\/emetra\/","title":{"rendered":"Emetra &#8211; PMT"},"content":{"rendered":"<p>A todos en alguna oportunidad, para bien o para mal, nos ha tocado hablar con alg\u00fan integrante de la <a target=\"_blank\" href=\"http:\/\/emetra.muniguate.com\/\">Polic\u00eda Municipal de Tr\u00e1nsito<\/a> de la capital. Algunos talvez a las 3 de la ma\u00f1ana despu\u00e9s de una parranda y han sido multados por exceso de velocidad, por manejar en estado <em>azul<\/em> de ebriedad, o talvez a medio d\u00eda en medio del calor y del tr\u00e1fico por manejar sin usar el cintur\u00f3n de seguridad o por hablar por el celular mientras conduce.<\/p>\n<p>Aunque en ese momento ellos han sido v\u00edctimas de maltratadas, nos sentimos ofendidos y hasta rabiamos por la multa que nos han puesto (que la reducen en un 20% si se paga ese d\u00eda), creo que como dicen las <em>abuelitas<\/em>, es por nuestro bien, aunque no siempre lo veamos as\u00ed.<\/p>\n<p>Hoy me conduc\u00eda a pie por el inicio de la avenida Petapa cerca del trebol, sinceramente no recuerdo la \u00faltima vez que andaba a pie por ah\u00ed, realmente me sent\u00eda inseguro y sent\u00eda que de un momento a otro iba, en el mejor de los casos, a ser asaltado. Y entre todo eso yo andaba <em>medio perdido<\/em> necesitaba abordar un autobus y no estaba seguro exactamente cual tomar.<\/p>\n<p>En una esquina hab\u00edan cuatro integrantes de la Polic\u00eda Municipal de Tr\u00e1nsito y contagiado por el miedo que viv\u00eda yo en ese sector, un poco temeroso me acerqu\u00e9 a preguntarles por la ruta de bus que deb\u00eda abordar y en donde estaba el <em>parabus<\/em> mas cercano de esa ruta.<\/p>\n<p><a title=\"Photo Sharing\" target=\"_new\" href=\"http:\/\/www.flickr.com\/photos\/pepejaguar\/199935873\/\"><img data-recalc-dims=\"1\" decoding=\"async\" border=\"0\" align=\"left\" alt=\"Emetra\" style=\"width: 235px; height: 182px\" src=\"https:\/\/i0.wp.com\/static.flickr.com\/60\/199935873_a8cec8fd73_o.jpg?w=1200\" \/><\/a><\/p>\n<p>A pesar del calor, el cansancio y la inseguridad, en forma muy amable y cort\u00e9s me indicaron con lujo de detalles, no solo cuales rutas pod\u00eda tomar, sino donde deb\u00eda bajar para llegar m\u00e1s r\u00e1pido a mi destino. Despu\u00e9s de unos tres minutos de espera, apareci\u00f3 uno de los buses que me llevar\u00eda y nuevamente uno de estos polic\u00edas me indic\u00f3 que ese bus me pod\u00eda llevar y me relat\u00f3 brevemente otra vez, donde deb\u00eda bajarme.<\/p>\n<p>Aunque seg\u00fan sus <a target=\"_blank\" href=\"http:\/\/emetra.muniguate.com\/article15.html\"><em>funciones b\u00e1sicas<\/em><\/a>, no est\u00e1 la de ayudar prioritariamente al peat\u00f3n, el servicio que me prestaron, aunque quiz\u00e1 sencillo para ellos, fue muy valioso y oportuno para mi, y al parecer as\u00ed como yo, han sido beneficiadas muchas personas m\u00e1s. (<a target=\"_blank\" href=\"http:\/\/emetra.muniguate.com\/modules.php?name=News&#038;file=article&#038;sid=278\">ver relatos<\/a>)<\/p>\n<p>Desde este medio, quiero agradecer a estos Polic\u00edas de Tr\u00e1nsito y los motivo a que sigan trabajando de esta manera por el bien de nuestra querida Guatemala.<\/p>\n<p><em>Foto: <a target=\"_blank\" href=\"http:\/\/quechilero.com\/blog\/wp-admin\/www.muniguate.com\">www.muniguate.com<\/a><\/em><\/p>\n","protected":false},"excerpt":{"rendered":"<p>A todos en alguna oportunidad, para bien o para mal, nos ha tocado hablar con alg\u00fan integrante de la Polic\u00eda Municipal de Tr\u00e1nsito de la capital. Algunos talvez a las 3 de la ma\u00f1ana despu\u00e9s de una parranda y han sido multados por exceso de velocidad, por manejar en estado azul de ebriedad, o talvez &#8230; <a title=\"Emetra &#8211; PMT\" class=\"read-more\" href=\"https:\/\/quechilero.com\/blog\/2006\/07\/27\/emetra\/\" aria-label=\"Leer m\u00e1s sobre Emetra &#8211; PMT\">Leer m\u00e1s<\/a><\/p>\n","protected":false},"author":1,"featured_media":0,"comment_status":"open","ping_status":"open","sticky":false,"template":"","format":"standard","meta":{"advanced_seo_description":"","jetpack_seo_html_title":"","jetpack_seo_noindex":false,"jetpack_seo_schema_type":"","episode_type":"","audio_file":"","podmotor_file_id":"","podmotor_episode_id":"","cover_image":"","cover_image_id":"","duration":"","filesize":"","filesize_raw":"","date_recorded":"","explicit":"","block":"","_jetpack_newsletter_access":"","_jetpack_dont_email_post_to_subs":false,"_jetpack_newsletter_tier_id":0,"_jetpack_memberships_contains_paywalled_content":false,"_jetpack_feature_clip_id":0,"_jetpack_memberships_contains_paid_content":false,"footnotes":"","jetpack_publicize_message":"","jetpack_publicize_feature_enabled":true,"jetpack_social_post_already_shared":false,"jetpack_social_options":{"image_generator_settings":{"template":"highway","default_image_id":0,"font":"","enabled":false},"version":2},"jetpack_post_was_ever_published":false},"categories":[2],"tags":[37,4,10],"series":[],"class_list":["post-71","post","type-post","status-publish","format-standard","hentry","category-limones","tag-ayuda","tag-blog","tag-guatemala"],"episode_featured_image":false,"episode_player_image":"https:\/\/i0.wp.com\/quechilero.com\/blog\/imagenes\/podcast.png?fit=1831%2C1831&ssl=1","download_link":"","player_link":"","audio_player":false,"episode_data":{"playerMode":"dark","subscribeUrls":{"amazon":{"key":"amazon","url":"","label":"Amazon","class":"amazon","icon":"amazon.png"},"apple_podcasts":{"key":"apple_podcasts","url":"","label":"Apple Podcasts","class":"apple_podcasts","icon":"apple-podcasts.png"},"castbox":{"key":"castbox","url":"","label":"CastBox","class":"castbox","icon":"castbox.png"},"deezer":{"key":"deezer","url":"","label":"Deezer","class":"deezer","icon":"deezer.png"},"google_podcasts":{"key":"google_podcasts","url":"","label":"Google Podcasts","class":"google_podcasts","icon":"google-podcasts.png"},"listen_notes":{"key":"listen_notes","url":"","label":"Listen Notes","class":"listen_notes","icon":"listen-notes.png"},"pandora":{"key":"pandora","url":"","label":"Pandora","class":"pandora","icon":"pandora.png"},"podbean":{"key":"podbean","url":"","label":"Podbean","class":"podbean","icon":"podbean.png"},"podcast_republic":{"key":"podcast_republic","url":"","label":"Podcast Republic","class":"podcast_republic","icon":"podcast-republic.png"},"rss":{"key":"rss","url":"","label":"RSS","class":"rss","icon":"rss.png"},"spotify":{"key":"spotify","url":"","label":"Spotify","class":"spotify","icon":"spotify.png"},"stitcher":{"key":"stitcher","url":"","label":"Stitcher","class":"stitcher","icon":"stitcher.png"},"tunein":{"key":"tunein","url":"","label":"TuneIn","class":"tunein","icon":"tunein.png"},"youtube":{"key":"youtube","url":"","label":"YouTube","class":"youtube","icon":"youtube.png"},"iheartradio":{"key":"iheartradio","url":"","label":"iHeartRadio","class":"iheartradio","icon":"iheartradio.png"},"ivoox":{"key":"ivoox","url":"","label":"iVoox","class":"ivoox","icon":"ivoox.png"}},"rssFeedUrl":"https:\/\/quechilero.com\/blog\/feed\/podcast\/si-la-vida-nos-da-limones","embedCode":"<blockquote class=\"wp-embedded-content\" data-secret=\"Uy1qqw4SNr\"><a href=\"https:\/\/quechilero.com\/blog\/2006\/07\/27\/emetra\/\">Emetra &#8211; PMT<\/a><\/blockquote><iframe sandbox=\"allow-scripts\" security=\"restricted\" src=\"https:\/\/quechilero.com\/blog\/2006\/07\/27\/emetra\/embed\/#?secret=Uy1qqw4SNr\" width=\"500\" height=\"350\" title=\"\u00abEmetra &#8211; PMT\u00bb \u2014 Si la Vida nos da Limones...\" data-secret=\"Uy1qqw4SNr\" frameborder=\"0\" marginwidth=\"0\" marginheight=\"0\" scrolling=\"no\" class=\"wp-embedded-content\"><\/iframe><script>\n\/*! This file is auto-generated *\/\n!function(d,l){\"use strict\";l.querySelector&&d.addEventListener&&\"undefined\"!=typeof URL&&(d.wp=d.wp||{},d.wp.receiveEmbedMessage||(d.wp.receiveEmbedMessage=function(e){var t=e.data;if((t||t.secret||t.message||t.value)&&!\/[^a-zA-Z0-9]\/.test(t.secret)){for(var s,r,n,a=l.querySelectorAll('iframe[data-secret=\"'+t.secret+'\"]'),o=l.querySelectorAll('blockquote[data-secret=\"'+t.secret+'\"]'),c=new RegExp(\"^https?:$\",\"i\"),i=0;i<o.length;i++)o[i].style.display=\"none\";for(i=0;i<a.length;i++)s=a[i],e.source===s.contentWindow&&(s.removeAttribute(\"style\"),\"height\"===t.message?(1e3<(r=parseInt(t.value,10))?r=1e3:~~r<200&&(r=200),s.height=r):\"link\"===t.message&&(r=new URL(s.getAttribute(\"src\")),n=new URL(t.value),c.test(n.protocol))&&n.host===r.host&&l.activeElement===s&&(d.top.location.href=t.value))}},d.addEventListener(\"message\",d.wp.receiveEmbedMessage,!1),l.addEventListener(\"DOMContentLoaded\",function(){for(var e,t,s=l.querySelectorAll(\"iframe.wp-embedded-content\"),r=0;r<s.length;r++)(t=(e=s[r]).getAttribute(\"data-secret\"))||(t=Math.random().toString(36).substring(2,12),e.src+=\"#?secret=\"+t,e.setAttribute(\"data-secret\",t)),e.contentWindow.postMessage({message:\"ready\",secret:t},\"*\")},!1)))}(window,document);\n\/\/# sourceURL=https:\/\/quechilero.com\/blog\/wp-includes\/js\/wp-embed.min.js\n<\/script>\n"},"jetpack_publicize_connections":[],"jetpack_shortlink":"https:\/\/wp.me\/sDKli-emetra","jetpack_sharing_enabled":true,"jetpack-related-posts":[{"id":5955,"url":"https:\/\/quechilero.com\/blog\/2010\/12\/30\/a-mi-manera\/","url_meta":{"origin":71,"position":0},"title":"A mi manera","author":"Pepe Barrascout Ortiz","date":"30 diciembre 2010","format":false,"excerpt":"El final se acerca ya, lo esperar\u00e9 serenamente, Ya ves, yo he sido as\u00ed, te lo dir\u00e9 sinceramente Viv\u00ed la inmensidad sin conocer jam\u00e1s fronteras Jugu\u00e9 sin descansar y a mi manera Jam\u00e1s viv\u00ed un amor que para m\u00ed fuera importante Cort\u00e9 s\u00f3lo la flor y lo mejor de cada\u2026","rel":"","context":"En \u00abLimones\u00bb","block_context":{"text":"Limones","link":"https:\/\/quechilero.com\/blog\/category\/limones\/"},"img":{"alt_text":"","src":"","width":0,"height":0},"classes":[]},{"id":11670,"url":"https:\/\/quechilero.com\/blog\/2012\/01\/11\/entre-el-primer-y-el-tercer-mundo\/","url_meta":{"origin":71,"position":1},"title":"Entre el \u00abprimer\u00bb y el \u00abtercer\u00bb mundo","author":"Pepe Barrascout Ortiz","date":"11 enero 2012","format":false,"excerpt":"Muchas cosas, son las que definen el concepto de primer mundo y tercer mundo, que tanto se repite y se menciona en diferentes contextos y tonalidades, desde los que le dan un tono econ\u00f3mico, hasta quienes lo hacen como una forma elegante de ofensa\u00a0y menosprecio hacia otras personas. La idea\u2026","rel":"","context":"En \u00abLimones\u00bb","block_context":{"text":"Limones","link":"https:\/\/quechilero.com\/blog\/category\/limones\/"},"img":{"alt_text":"","src":"","width":0,"height":0},"classes":[]},{"id":132,"url":"https:\/\/quechilero.com\/blog\/2006\/08\/09\/maraton-de-blogs\/","url_meta":{"origin":71,"position":2},"title":"Marat\u00f3n de Blogs","author":"Pepe Barrascout Ortiz","date":"9 agosto 2006","format":false,"excerpt":"Durante la semana anterior, Desdeguate organiz\u00f3 un marat\u00f3n de blogs chapines y se cont\u00f3 con la participaci\u00f3n de varios posts de algunos blogs de manufactura guatemalteca, es decir hecho por chapines, aunque no necesariamente ellos se encuentren f\u00edsicamente en el pa\u00eds. Esta iniciativa me pareci\u00f3 muy interesante, tomando en cuenta\u2026","rel":"","context":"En \u00abLimones\u00bb","block_context":{"text":"Limones","link":"https:\/\/quechilero.com\/blog\/category\/limones\/"},"img":{"alt_text":"Blogs Chapines","src":"https:\/\/i0.wp.com\/static.flickr.com\/59\/202075787_c177d7fc9f_o.gif?resize=350%2C200","width":350,"height":200},"classes":[]},{"id":16786,"url":"https:\/\/quechilero.com\/blog\/2013\/06\/25\/palomitas-de-%ef%bb%bfmaiz\/","url_meta":{"origin":71,"position":3},"title":"Palomitas de \ufeffMa\u00edz","author":"Pepe Barrascout Ortiz","date":"25 junio 2013","format":false,"excerpt":"Hace algunas semanas se instal\u00f3 en la ciudad un circo en un terreno que es rentado para este tipo de eventos. El d\u00eda que este circo abandono la ciudad, uno m\u00e1s llegaba para instalarse y empezar su temporada de funciones. Asist\u00ed a una funci\u00f3n en cada uno de estos, y\u2026","rel":"","context":"En \u00abLimones\u00bb","block_context":{"text":"Limones","link":"https:\/\/quechilero.com\/blog\/category\/limones\/"},"img":{"alt_text":"","src":"","width":0,"height":0},"classes":[]},{"id":16391,"url":"https:\/\/quechilero.com\/blog\/2013\/04\/06\/que-quieres-ser-cuando-seas-grande\/","url_meta":{"origin":71,"position":4},"title":"\u00bfQu\u00e9 quieres ser, cuando seas grande?","author":"Pepe Barrascout Ortiz","date":"6 abril 2013","format":false,"excerpt":"Texto original de Luciano Pires Al ser anunciado el nuevo Papa, qued\u00e9 imaginando lo que pas\u00f3 por la cabeza de las personas que conocieron a Jorge Mario Bergoglio cuando era ni\u00f1o, en Buenos Aires. Gente que convivi\u00f3 con \u00e9l, bien cerca y que ahora conocen de su nombramiento para uno\u2026","rel":"","context":"En \u00abLimones\u00bb","block_context":{"text":"Limones","link":"https:\/\/quechilero.com\/blog\/category\/limones\/"},"img":{"alt_text":"","src":"","width":0,"height":0},"classes":[]},{"id":2969,"url":"https:\/\/quechilero.com\/blog\/2009\/07\/18\/amigos\/","url_meta":{"origin":71,"position":5},"title":"Amigos","author":"Pepe Barrascout Ortiz","date":"18 julio 2009","format":false,"excerpt":"Tengo amigos que no saben cu\u00e1nto son mis amigos. No perciben el amor que les profeso y la absoluta necesidad que tengo de ellos. La amistad es un sentimiento m\u00e1s noble que el amor: es que permite que el objeto de ella se divida en otros afectos; en cuanto el\u2026","rel":"","context":"En \u00abLimones\u00bb","block_context":{"text":"Limones","link":"https:\/\/quechilero.com\/blog\/category\/limones\/"},"img":{"alt_text":"","src":"","width":0,"height":0},"classes":[]}],"jetpack_featured_media_url":"","_links":{"self":[{"href":"https:\/\/quechilero.com\/blog\/wp-json\/wp\/v2\/posts\/71","targetHints":{"allow":["GET"]}}],"collection":[{"href":"https:\/\/quechilero.com\/blog\/wp-json\/wp\/v2\/posts"}],"about":[{"href":"https:\/\/quechilero.com\/blog\/wp-json\/wp\/v2\/types\/post"}],"author":[{"embeddable":true,"href":"https:\/\/quechilero.com\/blog\/wp-json\/wp\/v2\/users\/1"}],"replies":[{"embeddable":true,"href":"https:\/\/quechilero.com\/blog\/wp-json\/wp\/v2\/comments?post=71"}],"version-history":[{"count":0,"href":"https:\/\/quechilero.com\/blog\/wp-json\/wp\/v2\/posts\/71\/revisions"}],"wp:attachment":[{"href":"https:\/\/quechilero.com\/blog\/wp-json\/wp\/v2\/media?parent=71"}],"wp:term":[{"taxonomy":"category","embeddable":true,"href":"https:\/\/quechilero.com\/blog\/wp-json\/wp\/v2\/categories?post=71"},{"taxonomy":"post_tag","embeddable":true,"href":"https:\/\/quechilero.com\/blog\/wp-json\/wp\/v2\/tags?post=71"},{"taxonomy":"series","embeddable":true,"href":"https:\/\/quechilero.com\/blog\/wp-json\/wp\/v2\/series?post=71"}],"curies":[{"name":"wp","href":"https:\/\/api.w.org\/{rel}","templated":true}]}}