{"id":6790,"date":"2011-01-15T08:00:59","date_gmt":"2011-01-15T14:00:59","guid":{"rendered":"http:\/\/quechilero.com\/blog\/?p=6790"},"modified":"2011-01-15T08:00:59","modified_gmt":"2011-01-15T14:00:59","slug":"senor-de-esquipulas-4","status":"publish","type":"post","link":"https:\/\/quechilero.com\/blog\/2011\/01\/15\/senor-de-esquipulas-4\/","title":{"rendered":"Se\u00f1or de Esquipulas"},"content":{"rendered":"<p><strong>Novena al Se\u00f1or de Esquipulas<\/strong><\/p>\n<p><strong>Acto de\u00a0Contrici\u00f3n<\/strong><\/p>\n<p>Jes\u00fas crucificado: postrado a tus pies el m\u00e1s ingrato pecador, te pide perd\u00f3n y misericordia de haberte ofendido con tantas culpas; me pesa, mi Jes\u00fas, haber ofendido a tan soberana Majestad, propongo la enmienda de mi vida; te doy la palabra de confesar todos mis pecados, sin callar alguno; de apartarme de todas las ocasiones y peligros de ofenderte y hacer esta Novena agradable a tus divinos ojos, d\u00e1ndome tu divina gracia; conf\u00edo de tu misericordia, que me has de perdonar y conceder lo que pido en esta Novena. Pequ\u00e9, Dios m\u00edo; pequ\u00e9, amant\u00edsimo Padre de mi vida; pequ\u00e9, due\u00f1o de mi alma; misericordia, Jes\u00fas Salvador del Mundo; misericordia, Se\u00f1or viva tu fe, viva tu amor, viva tu gracia. Am\u00e9n.<\/p>\n<p><strong>Sonetos de San Francisco Xavier<\/strong><\/p>\n<p>No me mueve, mi Dios para quererte<br \/>\nel cielo que me tienes prometido<br \/>\nni me mueve el infierno tan temido<br \/>\npara dejar por eso de ofenderte.<br \/>\nT\u00fa me mueves, Se\u00f1or, mu\u00e9veme al verte<br \/>\nclavado en esa Cruz y escarnecido,<br \/>\nmu\u00e9veme al ver tu cuerpo tan herido,<br \/>\nmu\u00e9veme tus afrentas<br \/>\ny tu muerte.<\/p>\n<p>Mu\u00e9veme, en fin tu amor de tal manera,<br \/>\nque aunque no hubiera cielo yo te amar\u00e9<br \/>\ny aunque no hubiere infierno, te temiera.<br \/>\nNo me tienes que dar porque te quiera,<br \/>\nporque si cuanto espero, no esperara,<br \/>\nlo mismo que te quiero, te quisiera.<\/p>\n<p><a href=\"http:\/\/s392.photobucket.com\/albums\/pp7\/pepejaguar\/blog\/?action=view&amp;current=procesion_cristo1.jpg\"><img data-recalc-dims=\"1\" decoding=\"async\" class=\"alignnone\" src=\"https:\/\/i0.wp.com\/i392.photobucket.com\/albums\/pp7\/pepejaguar\/blog\/procesion_cristo1.jpg?w=560\" alt=\"\"  \/><\/a><\/p>\n<p><!--more--><\/p>\n<p><strong>Oraci\u00f3n para todos los d\u00edas<\/strong><\/p>\n<p>Jes\u00fas Crucificado de Esquipulas. Divina Imagen milagrosa, que tres veces has sudado copiosamente, dando salud a todos los enfermos que te invocan, socorriendo a todos los necesitados que te aclaman. \u00a1Oh, c\u00f3mo, mi buen Jes\u00fas, al paso que se multiplican mis<\/p>\n<p>pecados, amontonas para mi tantos favores; te ruego, Sagrada Imagen, im\u00e1n de los corazones, por tu Sant\u00edsimo Sudor te compadezcas de mi alma abri\u00e9ndome los ojos para el conocimiento de la gravedad del pecado, que ha puesto a tu Sant\u00edsima Imagen tan negra y oscurecida, y te suplico me concedas el favor que te pido en esta Novena, a mayor gloria de tu Sant\u00edsimo Nombre. Am\u00e9n<\/p>\n<p><strong>D\u00eda Primero<\/strong><\/p>\n<p>Considera alma, el bell\u00edsimo y delicad\u00edsimo Cuerpo de mi Jes\u00fas Crucificado, que por mis pecados fue puesto en el \u00c1rbol de la Cruz entre los ladrones, desnudo y maltratado. Saludemos al Cuerpo de nuestro redentor con tres Padres Nuestros y tres Ave Mar\u00edas<\/p>\n<p><strong>Primera Canci\u00f3n<\/strong><\/p>\n<p>Ave, Dios Omnipotente,<br \/>\nmi crucificado amante,<br \/>\npor el amor eminente<br \/>\nde ese pecho sagrado<br \/>\nPues por amor tan constante<br \/>\nte veo en Cruz pendiente,<br \/>\nR-L\u00edbranos como piadoso,<br \/>\nde la muerte y del pecado<\/p>\n<p><strong>Oraci\u00f3n<\/strong><\/p>\n<p>\u00a1Oh, delicad\u00edsimo Cuerpo de mi Crucificado, lo adoro y beso, y quisiera morir de dolor al verlo hecho pedazos por m\u00ed! \u00a1Oh, c\u00f3mo lo han puesto mis pecados! Negro y afeado, siendo la hermosura del Cielo y recreo de los \u00e1ngeles te pido por tu precioso Cuerpo, viva desnudo de las cosas terrenas y mundanas, s\u00f3lo vistas las celestiales; y el favor que te pido en esta Novena, a mayor honra y gloria de tu Sant\u00edsimo Nombre. Am\u00e9n.<\/p>\n<p><strong>Oraci\u00f3n a Nuestra Se\u00f1ora de Dolores<\/strong><\/p>\n<p><em>(Que se ha de decir todos los d\u00edas al final de la Novena)<\/em><br \/>\nVirgen Dolor\u00edsima y Madre de los pecadores, por el dolor que traspas\u00f3 tu sant\u00edsima Alma, cuando ba\u00f1ada en l\u00e1grimas al pie del le\u00f1o de la Cruz, estuviste mirando el Cuerpo de mi Jes\u00fas Crucificado, negro y oscurecido, con el polvo y saliva de los sayones; por este dolor, Se\u00f1ora y Madre m\u00eda, te suplico que, ba\u00f1ado yo en l\u00e1grimas de verdadera contrici\u00f3n, mire la Imagen de Cristo Crucificado, de Esquipulas, que la han puesto negra mis pecados, y con lloroso y tierno coraz\u00f3n te suplico, por tus dulc\u00edsimas l\u00e1grimas, me alcances de tu Sant\u00edsimo Hijo, el favor que te pido en esta Novena, a mayor honra y gloria de su Sant\u00edsimo Nombre. Am\u00e9n.<\/p>\n<p><strong>Oraci\u00f3n al Arc\u00e1ngel San Miguel<\/strong><\/p>\n<p><em>(Para todos los d\u00edas)<\/em><br \/>\nGlorios\u00edsimo Pr\u00edncipe, San Miguel General de los Ej\u00e9rcitos de Dios, por el amor con que asististe a nuestro Redentor Crucificado enviado del Padre Eterno a confortarle, y fuiste testigo del Sudor de Sangre y congojas que pas\u00f3 colgado de la Cruz, te suplico mire yo con lloroso coraz\u00f3n la Imagen de Cristo Crucificado de Esquipulas, para que con tal vista quede mi alma limpia de todo pecado. Am\u00e9n.<\/p>\n<p><strong>D\u00eda Segundo<\/strong><\/p>\n<p><em>(Todo como el primer d\u00eda)<\/em><br \/>\nConsidera, alma, la cabeza de mi Jes\u00fas Crucificado, traspasado con la Corona de Espinas, que por mis pecados le pusieron en sus Sant\u00edsimas Sienes; salud\u00e9mosla con tres Padres Nuestros y tres Ave Mar\u00edas.<\/p>\n<p><strong>Segunda Canci\u00f3n<\/strong><\/p>\n<p>Ave, \u00c1rbol, que tanta vida<br \/>\nal hombre has comunicado<br \/>\ncon cuyo fruto sagrado;<br \/>\nnos das la gracia cumplida<br \/>\npor firmeza tan unida<br \/>\na tu pecho enamorado<br \/>\nL\u00edbranos, como piadoso,<br \/>\nde la muerte y del pecado.<\/p>\n<p><strong>Oraci\u00f3n<\/strong><\/p>\n<p>\u00a1Oh, bell\u00edsima Cabeza de Jes\u00fas Crucificado, reverenciada y temida de los \u00c1ngeles, por mis muchos pecados traspasada de espinas; te pido me des resistencia para vencer las tentaciones del demonio y s\u00f3lo piense con ternura en las Sagradas Espinas que traspasaron su Sant\u00edsima Cabeza; por ella te suplico me concedas el favor que te pido en esta Novena, a mayor honra y gloria de tu Sant\u00edsimo Nombre Am\u00e9n.<\/p>\n<p><strong>D\u00eda Tercero<\/strong><\/p>\n<p>Considera, alma, el Divino Rostro de Mi Jes\u00fas Crucificado, afeado y negro con las bofetadas y salivas de los sayones, sufridas con tanta paciencia por mi salud y remedio. Saludemos su Sant\u00edsimo Rostro, con tres Padre Nuestros y tres Ave Mar\u00edas.<\/p>\n<p><strong>Tercera Canci\u00f3n<\/strong><\/p>\n<p>Ave Serpiente Exaltada<br \/>\nen este monte Divino<br \/>\ncuya virtud le previno;<br \/>\nla Santidad m\u00e1s deseada<br \/>\nal que el ama envenenada<br \/>\nten\u00eda en su mal estado<br \/>\nL\u00edbranos, como piadoso,<br \/>\nde la muerte y del pecado<\/p>\n<p><strong>Oraci\u00f3n<\/strong><\/p>\n<p>\u00a1Oh, Hermos\u00edsimo Rostro! \u00a1Oh, Resplandeciente Rostro de mi Hermoso Jes\u00fas Crucificado, en quien se miran los Serafines que por mis pecados lo veo negro y obscurecido: te ruego que por tu Sant\u00edsimo Rostro, s\u00f3lo atienda al negocio de salvaci\u00f3n en esta vida y lo que te pido en esta Novena, a mayor honra y glori<br \/>\na de tu Sant\u00edsimo Nombre Am\u00e9n.<\/p>\n<p><strong>D\u00eda Cuarto<\/strong><\/p>\n<p>Considera, alma, los Ojos Bell\u00edsimos de mi Jes\u00fas Crucificado, los dos luceros de la Gloria, cubiertos y vendados con un lienzo. Salud\u00e9mosle con tres Padre Nuestros y tres Ave Mar\u00edas.<\/p>\n<p><strong>Cuarta Canci\u00f3n<\/strong><\/p>\n<p>Ave, Iris, que el ama adora<br \/>\ncual bello anuncio de paz,<br \/>\nen cuyos arcos no hay m\u00e1s<br \/>\nque luz de sol que los dora<br \/>\ny el blanco roc\u00edo mejora<br \/>\nal mundo en llanto abnegado.<br \/>\nL\u00edbranos, como piadoso,<br \/>\nde la muerte, y del pecado<\/p>\n<p><strong>Oraci\u00f3n<\/strong><\/p>\n<p>\u00a1Oh, Benign\u00edsimos Ojos de mi Jes\u00fas Crucificado!, embelesos de los querubines, ba\u00f1ados en l\u00e1grimas por mis pecados; por ellos te ruego mires con piedad mi alma y por ello merezca verte en la gloria, y el favor que te pido en esta Novena, y para mayor honra y gloria de tu Sant\u00edsimo Nombre. Am\u00e9n<\/p>\n<p><strong>D\u00eda Quinto<\/strong><\/p>\n<p>Considera, alma los O\u00eddos de mi Jes\u00fas Crucificado, tantas veces lastimado con injurias y oprobios. Salud\u00e9mosle con tres Padres Nuestros y tres Ave Mar\u00edas.<\/p>\n<p><strong>Quinta Canci\u00f3n<\/strong><\/p>\n<p>Ave fruto de la palma<br \/>\ntan dulce para gustado,<br \/>\npues de quien de ti enamorado<br \/>\nlo come, te rinde el alma,<br \/>\npues le sacas del alma,<br \/>\nque la culpa le ha engendrado<br \/>\nR-L\u00edbranos, como piadoso,<br \/>\nde la muerte y del pecado.<\/p>\n<p><strong>Oraci\u00f3n<\/strong><\/p>\n<p>Oh, Sant\u00edsimos O\u00eddos de mi Jes\u00fas Crucificado, que no cesan los coros de los Principados de alabarte por mis pecados tantas veces lastimados: te suplico Padre amoros\u00edsimo, oigas mis peticiones y ruegos, principalmente el favor que te pido en esta Novena, a mayor honra y gloria de tu Sant\u00edsimo Nombre. Am\u00e9n.<\/p>\n<p><strong>D\u00eda Sexto<\/strong><\/p>\n<p>Considera, alma, aquella Boca y Labios suav\u00edsimos de mi Jes\u00fas Crucificado, con la amargura de la hiel y vinagre rociados; salud\u00e9mosla con tres Padres Nuestro y tres Ave Mar\u00edas.<\/p>\n<p><strong>Sexta Canci\u00f3n<\/strong><\/p>\n<p>Ave, Vid, bella, sagrada,<br \/>\ndel Pecho de mi Jes\u00fas,<br \/>\ncuyo licor causa luz<br \/>\na la oveja ciega, errada;<br \/>\ndadle a mi al dulce entrada,<br \/>\npues la sangre te ha costado.<br \/>\nL\u00edbranos, como piadoso<br \/>\nde la muerte y del pecado.<\/p>\n<p><strong>Oraci\u00f3n<\/strong><\/p>\n<p>\u00a1Oh, Dulc\u00edsima Boca de mi Jes\u00fas Crucificado!, que no cesan de alabar los Coros de las potestades, por mis pecados amargada, te ruego oiga yo de tu Sant\u00edsima Boca la sentencia favorable para el Cielo y lo que te pido en esta Novena, a mayor honra y gloria de tu Sant\u00edsimo Nombre Am\u00e9n.<\/p>\n<p><strong>D\u00eda S\u00e9ptimo<\/strong><\/p>\n<p>Considera, alma, aquel blanco y humilde Cuello de Jes\u00fas Crucificado negro y maltratado con las sogas y cordeles que le pusieron los Sayones. Salud\u00e9mosle con tres Padre Nuestros y tres Ave Mar\u00edas.<\/p>\n<p><strong>S\u00e9ptima Canci\u00f3n<\/strong><\/p>\n<p>Ave, luminar mayor,<br \/>\ncuyo esplendor celestial<br \/>\ncomunicas, tan igual<br \/>\nal bueno y al pecador,<br \/>\nal bueno para mejorarlo,<br \/>\nal malo para ampararlo,<br \/>\nL\u00edbranos, como piadoso,<br \/>\nde la muerte y del pecado<\/p>\n<p><strong>Oraci\u00f3n<\/strong><\/p>\n<p>\u00a1Oh, Amoros\u00edsimo Cuello de mi Jes\u00fas Crucificado, que no cesen de alabar y glorificar los coros de las Virtudes maltratado por sus pecados y des\u00f3rdenes, te suplico ande yo ce\u00f1ido a tu santa ley y mandamientos; aborrezca el pecado mortal y me concedas lo que te pido en esta Novena, a mayor honra y gloria de tu Sant\u00edsimo Nombre. Am\u00e9n.<\/p>\n<p><strong>D\u00eda Octavo<\/strong><\/p>\n<p>Considera, alma, los Hombros de mi Jes\u00fas Crucificado, con la pesada carga de la Cruz atormentados. Salud\u00e9mosle con tres Padres Nuestros y tres Ave Mar\u00edas.<\/p>\n<p><strong>Octava Canci\u00f3n<\/strong><\/p>\n<p>Ave, Fuente, que das vida<br \/>\npor esas cinco corrientes,<br \/>\nde cuyas divinas fuentes<br \/>\nmiro tu sangre vertida;<br \/>\n\u00a1ay! y quien en cada herida<br \/>\nviviera siempre anegado!<br \/>\nL\u00edbranos, como piadoso<br \/>\nde la muerte y del pecado.<\/p>\n<p><strong>Oraci\u00f3n<\/strong><\/p>\n<p>\u00a1Oh, Sacrat\u00edsimos Hombros de mi Jes\u00fas Crucificado! que no cesan de alabar y glorificar los Coros de las Dominaciones por mis pecados llegados; te suplico me des a conocer la gravedad y peso del pecado mortal y lo que te pido en esta Novena a mayor honra y gloria de tu Sant\u00edsimo Nombre. Am\u00e9n.<\/p>\n<p><strong>D\u00eda Noveno<\/strong><\/p>\n<p>Considera, alma, a aquel Pecho Amoros\u00edsimo, Coraz\u00f3n de mi Jes\u00fas Crucificado, traspasado con la lanza y dolores del martirio de su pasi\u00f3n. Saludemos al Coraz\u00f3n de Jes\u00fas con tres Padres Nuestros y tres Ave Mar\u00edas.<\/p>\n<p><strong>Novena Canci\u00f3n<\/strong><\/p>\n<p>Ave, Vara milagrosa<br \/>\ncon cuya virtud divina<br \/>\ntransformaci\u00f3n de peregrina<br \/>\nhaces de una alma achacosa;<br \/>\nal amor de quien la ha creado.<br \/>\nL\u00edbranos, como piadoso, de la muerte y del pecado.<\/p>\n<p><strong>Oraci\u00f3n<\/strong><\/p>\n<p>\u00a1Oh, Afligid\u00edsimo Coraz\u00f3n, oh, Amoros\u00edsimo Pecho de mi Jes\u00fas Crucificado, dep\u00f3sito de los secretos del Padre Eterno que no cesen de alabar los Arc\u00e1ngeles; por m\u00ed afligido, por m\u00ed acongojado, y por m\u00ed lastimado; oh, Coraz\u00f3n Ardiente de mi Jes\u00fas! dadme verdadero fuego de tu amor, hasta que se deshaga mi coraz\u00f3n en sus llamas; humildemente y llenos de l\u00e1grimas, adoro y beso tu coraz\u00f3n, y por \u00e9l te pido que me concedas en esta novena, se haga pedazos mi coraz\u00f3n con dolor de todos mis pecados, y por tu Sant\u00edsimo Coraz\u00f3n te pido, por todos los pecadores y especialmente por las Almas del Purgatorio, y el favor que te pido en esta Novena, a mayor honra y gloria de tu Sant\u00edsimo Coraz\u00f3n.<\/p>\n<p>Con informaci\u00f3n e imagen de <a title=\"Esquipulas\" href=\"http:\/\/www.esquipulas.com.gt\/\" target=\"_blank\">Esquipulas<\/a><\/p>\n","protected":false},"excerpt":{"rendered":"<p>Novena al Se\u00f1or de Esquipulas Acto de\u00a0Contrici\u00f3n Jes\u00fas crucificado: postrado a tus pies el m\u00e1s ingrato pecador, te pide perd\u00f3n y misericordia de haberte ofendido con tantas culpas; me pesa, mi Jes\u00fas, haber ofendido a tan soberana Majestad, propongo la enmienda de mi vida; te doy la palabra de confesar todos mis pecados, sin callar &#8230; <a title=\"Se\u00f1or de Esquipulas\" class=\"read-more\" href=\"https:\/\/quechilero.com\/blog\/2011\/01\/15\/senor-de-esquipulas-4\/\" aria-label=\"Leer m\u00e1s sobre Se\u00f1or de Esquipulas\">Leer m\u00e1s<\/a><\/p>\n","protected":false},"author":1,"featured_media":0,"comment_status":"open","ping_status":"open","sticky":false,"template":"","format":"standard","meta":{"advanced_seo_description":"","jetpack_seo_html_title":"","jetpack_seo_noindex":false,"jetpack_seo_schema_type":"","episode_type":"","audio_file":"","podmotor_file_id":"","podmotor_episode_id":"","cover_image":"","cover_image_id":"","duration":"","filesize":"","filesize_raw":"","date_recorded":"","explicit":"","block":"","_jetpack_newsletter_access":"","_jetpack_dont_email_post_to_subs":false,"_jetpack_newsletter_tier_id":0,"_jetpack_memberships_contains_paywalled_content":false,"_jetpack_feature_clip_id":0,"_jetpack_memberships_contains_paid_content":false,"footnotes":"","jetpack_publicize_message":"","jetpack_publicize_feature_enabled":true,"jetpack_social_post_already_shared":false,"jetpack_social_options":{"image_generator_settings":{"template":"highway","default_image_id":0,"font":"","enabled":false},"version":2},"jetpack_post_was_ever_published":false},"categories":[2],"tags":[15,12,51,32,18,74,39,50,86,60,42,52,40,41,24],"series":[],"class_list":["post-6790","post","type-post","status-publish","format-standard","hentry","category-limones","tag-amor","tag-cosas","tag-dios","tag-especial","tag-hombre","tag-jesus","tag-madre","tag-muerte","tag-oracion","tag-paciencia","tag-palabra","tag-pasion","tag-paz","tag-verdad","tag-vida"],"episode_featured_image":false,"episode_player_image":"https:\/\/i0.wp.com\/quechilero.com\/blog\/imagenes\/podcast.png?fit=1831%2C1831&ssl=1","download_link":"","player_link":"","audio_player":false,"episode_data":{"playerMode":"dark","subscribeUrls":{"amazon":{"key":"amazon","url":"","label":"Amazon","class":"amazon","icon":"amazon.png"},"apple_podcasts":{"key":"apple_podcasts","url":"","label":"Apple Podcasts","class":"apple_podcasts","icon":"apple-podcasts.png"},"castbox":{"key":"castbox","url":"","label":"CastBox","class":"castbox","icon":"castbox.png"},"deezer":{"key":"deezer","url":"","label":"Deezer","class":"deezer","icon":"deezer.png"},"google_podcasts":{"key":"google_podcasts","url":"","label":"Google Podcasts","class":"google_podcasts","icon":"google-podcasts.png"},"listen_notes":{"key":"listen_notes","url":"","label":"Listen Notes","class":"listen_notes","icon":"listen-notes.png"},"pandora":{"key":"pandora","url":"","label":"Pandora","class":"pandora","icon":"pandora.png"},"podbean":{"key":"podbean","url":"","label":"Podbean","class":"podbean","icon":"podbean.png"},"podcast_republic":{"key":"podcast_republic","url":"","label":"Podcast Republic","class":"podcast_republic","icon":"podcast-republic.png"},"rss":{"key":"rss","url":"","label":"RSS","class":"rss","icon":"rss.png"},"spotify":{"key":"spotify","url":"","label":"Spotify","class":"spotify","icon":"spotify.png"},"stitcher":{"key":"stitcher","url":"","label":"Stitcher","class":"stitcher","icon":"stitcher.png"},"tunein":{"key":"tunein","url":"","label":"TuneIn","class":"tunein","icon":"tunein.png"},"youtube":{"key":"youtube","url":"","label":"YouTube","class":"youtube","icon":"youtube.png"},"iheartradio":{"key":"iheartradio","url":"","label":"iHeartRadio","class":"iheartradio","icon":"iheartradio.png"},"ivoox":{"key":"ivoox","url":"","label":"iVoox","class":"ivoox","icon":"ivoox.png"}},"rssFeedUrl":"https:\/\/quechilero.com\/blog\/feed\/podcast\/si-la-vida-nos-da-limones","embedCode":"<blockquote class=\"wp-embedded-content\" data-secret=\"muheT3lXZ2\"><a href=\"https:\/\/quechilero.com\/blog\/2011\/01\/15\/senor-de-esquipulas-4\/\">Se\u00f1or de Esquipulas<\/a><\/blockquote><iframe sandbox=\"allow-scripts\" security=\"restricted\" src=\"https:\/\/quechilero.com\/blog\/2011\/01\/15\/senor-de-esquipulas-4\/embed\/#?secret=muheT3lXZ2\" width=\"500\" height=\"350\" title=\"\u00abSe\u00f1or de Esquipulas\u00bb \u2014 Si la Vida nos da Limones...\" data-secret=\"muheT3lXZ2\" frameborder=\"0\" marginwidth=\"0\" marginheight=\"0\" scrolling=\"no\" class=\"wp-embedded-content\"><\/iframe><script>\n\/*! This file is auto-generated *\/\n!function(d,l){\"use strict\";l.querySelector&&d.addEventListener&&\"undefined\"!=typeof URL&&(d.wp=d.wp||{},d.wp.receiveEmbedMessage||(d.wp.receiveEmbedMessage=function(e){var t=e.data;if((t||t.secret||t.message||t.value)&&!\/[^a-zA-Z0-9]\/.test(t.secret)){for(var s,r,n,a=l.querySelectorAll('iframe[data-secret=\"'+t.secret+'\"]'),o=l.querySelectorAll('blockquote[data-secret=\"'+t.secret+'\"]'),c=new RegExp(\"^https?:$\",\"i\"),i=0;i<o.length;i++)o[i].style.display=\"none\";for(i=0;i<a.length;i++)s=a[i],e.source===s.contentWindow&&(s.removeAttribute(\"style\"),\"height\"===t.message?(1e3<(r=parseInt(t.value,10))?r=1e3:~~r<200&&(r=200),s.height=r):\"link\"===t.message&&(r=new URL(s.getAttribute(\"src\")),n=new URL(t.value),c.test(n.protocol))&&n.host===r.host&&l.activeElement===s&&(d.top.location.href=t.value))}},d.addEventListener(\"message\",d.wp.receiveEmbedMessage,!1),l.addEventListener(\"DOMContentLoaded\",function(){for(var e,t,s=l.querySelectorAll(\"iframe.wp-embedded-content\"),r=0;r<s.length;r++)(t=(e=s[r]).getAttribute(\"data-secret\"))||(t=Math.random().toString(36).substring(2,12),e.src+=\"#?secret=\"+t,e.setAttribute(\"data-secret\",t)),e.contentWindow.postMessage({message:\"ready\",secret:t},\"*\")},!1)))}(window,document);\n\/\/# sourceURL=https:\/\/quechilero.com\/blog\/wp-includes\/js\/wp-embed.min.js\n<\/script>\n"},"jetpack_publicize_connections":[],"jetpack_shortlink":"https:\/\/wp.me\/pDKli-1Lw","jetpack_sharing_enabled":true,"jetpack-related-posts":[{"id":4607,"url":"https:\/\/quechilero.com\/blog\/2010\/04\/02\/meditacion-de-las-siete-palabras\/","url_meta":{"origin":6790,"position":0},"title":"Meditaci\u00f3n de las Siete Palabras","author":"Pepe Barrascout Ortiz","date":"2 abril 2010","format":false,"excerpt":"Oraci\u00f3n Jes\u00fas en la Cruz aboga: da al ladr\u00f3n: lega su Madre: qu\u00e9jase: la sed le ahoga: cumple: entrega el alma al Padre Al Calvario hay que llegar porque Cristo, nuestra Luz, hoy tambi\u00e9n nos quiere hablar desde el ara de la Cruz. \u00a1Virgen de dolores y Madre m\u00eda! Que,\u2026","rel":"","context":"En \u00abLimones\u00bb","block_context":{"text":"Limones","link":"https:\/\/quechilero.com\/blog\/category\/limones\/"},"img":{"alt_text":"","src":"","width":0,"height":0},"classes":[]},{"id":4611,"url":"https:\/\/quechilero.com\/blog\/2010\/04\/02\/oracion-del-via-crucis\/","url_meta":{"origin":6790,"position":1},"title":"Oraci\u00f3n del Via Crucis","author":"Pepe Barrascout Ortiz","date":"2 abril 2010","format":false,"excerpt":"1\u00aa Estaci\u00f3n: Jes\u00fas sentenciado a muerte Te adoramos, Se\u00f1or, y te bendecimos, porque por tu santa cruz redimiste al mundo. Sentenciado y no por un tribunal, sino por todos. Condenado por los mismos que le hab\u00edan aclamado poco antes. Y El calla... Nosotros hu\u00edmos de ser reprochados. Y saltamos inmediatamente...\u2026","rel":"","context":"En \u00abLimones\u00bb","block_context":{"text":"Limones","link":"https:\/\/quechilero.com\/blog\/category\/limones\/"},"img":{"alt_text":"","src":"","width":0,"height":0},"classes":[]},{"id":4248,"url":"https:\/\/quechilero.com\/blog\/2010\/01\/15\/senor-de-esquipulas-3\/","url_meta":{"origin":6790,"position":2},"title":"Se\u00f1or de Esquipulas","author":"Pepe Barrascout Ortiz","date":"15 enero 2010","format":false,"excerpt":"Se\u00f1or Jes\u00fas, creemos que est\u00e1s vivo y resucitado. Creemos que est\u00e1s realmente presente en el Sant\u00edsimo Sacramento del altar y en cada uno de nosotros. Te alabamos y te adoramos. Te damos gracias, Se\u00f1or, por venir hasta nosotros como pan vivo bajado del cielo. T\u00fa eres la plenitud de la\u2026","rel":"","context":"En \u00abLimones\u00bb","block_context":{"text":"Limones","link":"https:\/\/quechilero.com\/blog\/category\/limones\/"},"img":{"alt_text":"","src":"","width":0,"height":0},"classes":[]},{"id":2326,"url":"https:\/\/quechilero.com\/blog\/2009\/01\/15\/senor-de-esquipulas-2\/","url_meta":{"origin":6790,"position":3},"title":"Se\u00f1or de Esquipulas","author":"Pepe Barrascout Ortiz","date":"15 enero 2009","format":false,"excerpt":"Creo en Ti, Dios Padre, creemos en Ti, Se\u00f1or nuestro, fuente de vida y de esperanzas, creador de nuestro ser y due\u00f1o de nuestra vida, T\u00fa, s\u00f3lo T\u00fa eres quien nos form\u00f3 y quien nos mueve. Creo en Ti, Dios Hijo, creemos en Ti, Amigo fiel, compa\u00f1ero de camino y\u2026","rel":"","context":"En \u00abLimones\u00bb","block_context":{"text":"Limones","link":"https:\/\/quechilero.com\/blog\/category\/limones\/"},"img":{"alt_text":"","src":"https:\/\/i0.wp.com\/img76.imageshack.us\/img76\/3873\/basilicanoche06wn7.jpg?resize=350%2C200","width":350,"height":200},"classes":[]},{"id":415,"url":"https:\/\/quechilero.com\/blog\/2007\/01\/20\/afligido-por-la-gracia\/","url_meta":{"origin":6790,"position":4},"title":"Afligido por la gracia","author":"Pepe Barrascout Ortiz","date":"20 enero 2007","format":false,"excerpt":"En su libro The Divine Intruder [El divino intruso], James Edwards presenta al profeta Jon\u00e1s como un hombre que se afligi\u00f3 por la gracia de Dios. Dios hab\u00eda dicho a Jon\u00e1s que predicara el arrepentimiento al pueblo de N\u00ednive. Sin embargo, \u00e9l cre\u00eda que la malvada ciudad merec\u00eda ser destruida\u2026","rel":"","context":"En \u00abLimones\u00bb","block_context":{"text":"Limones","link":"https:\/\/quechilero.com\/blog\/category\/limones\/"},"img":{"alt_text":"","src":"","width":0,"height":0},"classes":[]},{"id":27329,"url":"https:\/\/quechilero.com\/blog\/2010\/10\/01\/el-santo-rosario-misterios-dolorosos\/","url_meta":{"origin":6790,"position":5},"title":"El Santo Rosario: Misterios Dolorosos","author":"Pepe Barrascout Ortiz","date":"1 octubre 2010","format":false,"excerpt":"Los Misterios Dolorosos los rezamos los Martes y Viernes. \u00a0 En el nombre del Padre, y del Hijo, y del Esp\u00edritu Santo. Am\u00e9n. Dios m\u00edo, ven en mi auxilio. Se\u00f1or, date prisa en socorrerme. Gloria al Padre, Gloria al Hijo y Gloria al Esp\u00edritu Santo, Am\u00e9n. Primer Misterio Doloroso. La\u2026","rel":"","context":"En \u00abEl Santo Rosario\u00bb","block_context":{"text":"El Santo Rosario","link":"https:\/\/quechilero.com\/blog\/category\/podcast\/el-santo-rosario\/"},"img":{"alt_text":"Misterios Dolorosos","src":"https:\/\/i0.wp.com\/i392.photobucket.com\/albums\/pp7\/pepejaguar\/blog\/Misterios-Dolorosos_zps89480d5f.jpg?resize=350%2C200","width":350,"height":200,"srcset":"https:\/\/i0.wp.com\/i392.photobucket.com\/albums\/pp7\/pepejaguar\/blog\/Misterios-Dolorosos_zps89480d5f.jpg?resize=350%2C200 1x, https:\/\/i0.wp.com\/i392.photobucket.com\/albums\/pp7\/pepejaguar\/blog\/Misterios-Dolorosos_zps89480d5f.jpg?resize=525%2C300 1.5x"},"classes":[]}],"jetpack_featured_media_url":"","_links":{"self":[{"href":"https:\/\/quechilero.com\/blog\/wp-json\/wp\/v2\/posts\/6790","targetHints":{"allow":["GET"]}}],"collection":[{"href":"https:\/\/quechilero.com\/blog\/wp-json\/wp\/v2\/posts"}],"about":[{"href":"https:\/\/quechilero.com\/blog\/wp-json\/wp\/v2\/types\/post"}],"author":[{"embeddable":true,"href":"https:\/\/quechilero.com\/blog\/wp-json\/wp\/v2\/users\/1"}],"replies":[{"embeddable":true,"href":"https:\/\/quechilero.com\/blog\/wp-json\/wp\/v2\/comments?post=6790"}],"version-history":[{"count":0,"href":"https:\/\/quechilero.com\/blog\/wp-json\/wp\/v2\/posts\/6790\/revisions"}],"wp:attachment":[{"href":"https:\/\/quechilero.com\/blog\/wp-json\/wp\/v2\/media?parent=6790"}],"wp:term":[{"taxonomy":"category","embeddable":true,"href":"https:\/\/quechilero.com\/blog\/wp-json\/wp\/v2\/categories?post=6790"},{"taxonomy":"post_tag","embeddable":true,"href":"https:\/\/quechilero.com\/blog\/wp-json\/wp\/v2\/tags?post=6790"},{"taxonomy":"series","embeddable":true,"href":"https:\/\/quechilero.com\/blog\/wp-json\/wp\/v2\/series?post=6790"}],"curies":[{"name":"wp","href":"https:\/\/api.w.org\/{rel}","templated":true}]}}