{"id":676,"date":"2007-09-30T17:40:13","date_gmt":"2007-09-30T23:40:13","guid":{"rendered":"http:\/\/www.quechilero.com\/blog\/2007\/09\/30\/fotografias-de-alta-velocidad\/"},"modified":"2007-09-30T17:40:13","modified_gmt":"2007-09-30T23:40:13","slug":"fotografias-de-alta-velocidad","status":"publish","type":"post","link":"https:\/\/quechilero.com\/blog\/2007\/09\/30\/fotografias-de-alta-velocidad\/","title":{"rendered":"Fotograf\u00edas de Alta Velocidad"},"content":{"rendered":"<p>La fotograf\u00eda es uno de los inventos que mas ha apasionado a las personas, desde sus inicios, pasando por una vertiginosa evoluci\u00f3n hasta nuestros d\u00edas, en los que podemos ver unos equipos fotogr\u00e1ficos de magn\u00edfica calidad.<\/p>\n<p>La fotograf\u00eda ha apasionado tanto que incluso hay personas que en la actualidad todav\u00eda tienen la creencia que se les \u00ab<em>roba el alma<\/em>\u00bb a trav\u00e9s de la captura de su imagen. Pero dejando a un lado esto y centr\u00e1ndonos en los grandes avances que ha tenido este invento hasta llegarlo a convertir en arte, el mes de Octubre lo vamos a dedicar a las fotograf\u00edas en especial a las tomadas en alta velocidad, que pueden ir desde una mil\u00e9sima de segundo (1\/1,000), hasta una millon\u00e9sima (1\/1,000,000).<\/p>\n<p>Generalmente se utiliza para ver cosas que a simple vista no podr\u00edamos ver ya que el ojo humano \u00ab<em>trabaja<\/em>\u00bb a 30 cuadros por segundo, todo lo que est\u00e1 por arriba o por abajo lo vemos distorsionado o simplemente no lo vemos.<\/p>\n<p>Estas fotograf\u00edas de alta velocidad se han tomado principalmente a elementos l\u00edquidos e insectos, aunque tambi\u00e9n podremos ver algunas de choques entre s\u00f3lidos y l\u00edquidos y s\u00f3lidos. Realmente es un arte las im\u00e1genes que se forman y que hasta ahora no hab\u00edamos podido ver, im\u00e1genes \u00fanicas e irrepetibles, que ahora son imortalizadas a trav\u00e9s de la <em>\u00abmagia\u00bb<\/em> de la fotograf\u00eda.<\/p>\n<p>El mes de octubre, mes de la fotograf\u00eda va dedicado a <em>Kiki mi fot\u00f3grafa favorita<\/em>.<\/p>\n","protected":false},"excerpt":{"rendered":"<p>La fotograf\u00eda es uno de los inventos que mas ha apasionado a las personas, desde sus inicios, pasando por una vertiginosa evoluci\u00f3n hasta nuestros d\u00edas, en los que podemos ver unos equipos fotogr\u00e1ficos de magn\u00edfica calidad. La fotograf\u00eda ha apasionado tanto que incluso hay personas que en la actualidad todav\u00eda tienen la creencia que se &#8230; <a title=\"Fotograf\u00edas de Alta Velocidad\" class=\"read-more\" href=\"https:\/\/quechilero.com\/blog\/2007\/09\/30\/fotografias-de-alta-velocidad\/\" aria-label=\"Leer m\u00e1s sobre Fotograf\u00edas de Alta Velocidad\">Leer m\u00e1s<\/a><\/p>\n","protected":false},"author":1,"featured_media":0,"comment_status":"open","ping_status":"open","sticky":false,"template":"","format":"standard","meta":{"advanced_seo_description":"","jetpack_seo_html_title":"","jetpack_seo_noindex":false,"jetpack_seo_schema_type":"","episode_type":"","audio_file":"","podmotor_file_id":"","podmotor_episode_id":"","cover_image":"","cover_image_id":"","duration":"","filesize":"","filesize_raw":"","date_recorded":"","explicit":"","block":"","_jetpack_newsletter_access":"","_jetpack_dont_email_post_to_subs":false,"_jetpack_newsletter_tier_id":0,"_jetpack_memberships_contains_paywalled_content":false,"_jetpack_feature_clip_id":0,"_jetpack_memberships_contains_paid_content":false,"footnotes":"","jetpack_publicize_message":"","jetpack_publicize_feature_enabled":true,"jetpack_social_post_already_shared":false,"jetpack_social_options":{"image_generator_settings":{"template":"highway","default_image_id":0,"font":"","enabled":false},"version":2},"jetpack_post_was_ever_published":false},"categories":[98],"tags":[12,16,32,8,54],"series":[],"class_list":["post-676","post","type-post","status-publish","format-standard","hentry","category-limones-por-mano","tag-cosas","tag-equipo","tag-especial","tag-fotografia","tag-kiki"],"episode_featured_image":false,"episode_player_image":"https:\/\/i0.wp.com\/quechilero.com\/blog\/imagenes\/podcast.png?fit=1831%2C1831&ssl=1","download_link":"","player_link":"","audio_player":false,"episode_data":{"playerMode":"dark","subscribeUrls":{"amazon":{"key":"amazon","url":"","label":"Amazon","class":"amazon","icon":"amazon.png"},"apple_podcasts":{"key":"apple_podcasts","url":"","label":"Apple Podcasts","class":"apple_podcasts","icon":"apple-podcasts.png"},"castbox":{"key":"castbox","url":"","label":"CastBox","class":"castbox","icon":"castbox.png"},"deezer":{"key":"deezer","url":"","label":"Deezer","class":"deezer","icon":"deezer.png"},"google_podcasts":{"key":"google_podcasts","url":"","label":"Google Podcasts","class":"google_podcasts","icon":"google-podcasts.png"},"listen_notes":{"key":"listen_notes","url":"","label":"Listen Notes","class":"listen_notes","icon":"listen-notes.png"},"pandora":{"key":"pandora","url":"","label":"Pandora","class":"pandora","icon":"pandora.png"},"podbean":{"key":"podbean","url":"","label":"Podbean","class":"podbean","icon":"podbean.png"},"podcast_republic":{"key":"podcast_republic","url":"","label":"Podcast Republic","class":"podcast_republic","icon":"podcast-republic.png"},"rss":{"key":"rss","url":"","label":"RSS","class":"rss","icon":"rss.png"},"spotify":{"key":"spotify","url":"","label":"Spotify","class":"spotify","icon":"spotify.png"},"stitcher":{"key":"stitcher","url":"","label":"Stitcher","class":"stitcher","icon":"stitcher.png"},"tunein":{"key":"tunein","url":"","label":"TuneIn","class":"tunein","icon":"tunein.png"},"youtube":{"key":"youtube","url":"","label":"YouTube","class":"youtube","icon":"youtube.png"},"iheartradio":{"key":"iheartradio","url":"","label":"iHeartRadio","class":"iheartradio","icon":"iheartradio.png"},"ivoox":{"key":"ivoox","url":"","label":"iVoox","class":"ivoox","icon":"ivoox.png"}},"rssFeedUrl":"https:\/\/quechilero.com\/blog\/feed\/podcast\/si-la-vida-nos-da-limones","embedCode":"<blockquote class=\"wp-embedded-content\" data-secret=\"GaWJJNKxZH\"><a href=\"https:\/\/quechilero.com\/blog\/2007\/09\/30\/fotografias-de-alta-velocidad\/\">Fotograf\u00edas de Alta Velocidad<\/a><\/blockquote><iframe sandbox=\"allow-scripts\" security=\"restricted\" src=\"https:\/\/quechilero.com\/blog\/2007\/09\/30\/fotografias-de-alta-velocidad\/embed\/#?secret=GaWJJNKxZH\" width=\"500\" height=\"350\" title=\"\u00abFotograf\u00edas de Alta Velocidad\u00bb \u2014 Si la Vida nos da Limones...\" data-secret=\"GaWJJNKxZH\" frameborder=\"0\" marginwidth=\"0\" marginheight=\"0\" scrolling=\"no\" class=\"wp-embedded-content\"><\/iframe><script>\n\/*! This file is auto-generated *\/\n!function(d,l){\"use strict\";l.querySelector&&d.addEventListener&&\"undefined\"!=typeof URL&&(d.wp=d.wp||{},d.wp.receiveEmbedMessage||(d.wp.receiveEmbedMessage=function(e){var t=e.data;if((t||t.secret||t.message||t.value)&&!\/[^a-zA-Z0-9]\/.test(t.secret)){for(var s,r,n,a=l.querySelectorAll('iframe[data-secret=\"'+t.secret+'\"]'),o=l.querySelectorAll('blockquote[data-secret=\"'+t.secret+'\"]'),c=new RegExp(\"^https?:$\",\"i\"),i=0;i<o.length;i++)o[i].style.display=\"none\";for(i=0;i<a.length;i++)s=a[i],e.source===s.contentWindow&&(s.removeAttribute(\"style\"),\"height\"===t.message?(1e3<(r=parseInt(t.value,10))?r=1e3:~~r<200&&(r=200),s.height=r):\"link\"===t.message&&(r=new URL(s.getAttribute(\"src\")),n=new URL(t.value),c.test(n.protocol))&&n.host===r.host&&l.activeElement===s&&(d.top.location.href=t.value))}},d.addEventListener(\"message\",d.wp.receiveEmbedMessage,!1),l.addEventListener(\"DOMContentLoaded\",function(){for(var e,t,s=l.querySelectorAll(\"iframe.wp-embedded-content\"),r=0;r<s.length;r++)(t=(e=s[r]).getAttribute(\"data-secret\"))||(t=Math.random().toString(36).substring(2,12),e.src+=\"#?secret=\"+t,e.setAttribute(\"data-secret\",t)),e.contentWindow.postMessage({message:\"ready\",secret:t},\"*\")},!1)))}(window,document);\n\/\/# sourceURL=https:\/\/quechilero.com\/blog\/wp-includes\/js\/wp-embed.min.js\n<\/script>\n"},"jetpack_publicize_connections":[],"jetpack_shortlink":"https:\/\/wp.me\/pDKli-aU","jetpack_sharing_enabled":true,"jetpack-related-posts":[{"id":678,"url":"https:\/\/quechilero.com\/blog\/2007\/10\/02\/fotografia-en-alta-velocidad-2\/","url_meta":{"origin":676,"position":0},"title":"Fotograf\u00eda en Alta Velocidad","author":"Pepe Barrascout Ortiz","date":"2 octubre 2007","format":false,"excerpt":"Fotograf\u00eda en alta velocidad. Choque de solidos Visto aqui","rel":"","context":"En \u00abLimones por mano\u00bb","block_context":{"text":"Limones por mano","link":"https:\/\/quechilero.com\/blog\/category\/limones-por-mano\/"},"img":{"alt_text":"","src":"","width":0,"height":0},"classes":[]},{"id":677,"url":"https:\/\/quechilero.com\/blog\/2007\/10\/01\/fotografia-en-alta-velocidad\/","url_meta":{"origin":676,"position":1},"title":"Fotograf\u00eda en Alta Velocidad","author":"Pepe Barrascout Ortiz","date":"1 octubre 2007","format":false,"excerpt":"Fotograf\u00eda en alta velocidad. Gota de agua. Visto aqui","rel":"","context":"En \u00abLimones por mano\u00bb","block_context":{"text":"Limones por mano","link":"https:\/\/quechilero.com\/blog\/category\/limones-por-mano\/"},"img":{"alt_text":"","src":"","width":0,"height":0},"classes":[]},{"id":7033,"url":"https:\/\/quechilero.com\/blog\/2011\/06\/05\/fotos-de-alta-resolucion\/","url_meta":{"origin":676,"position":2},"title":"Fotos de alta resoluci\u00f3n","author":"Pepe Barrascout Ortiz","date":"5 junio 2011","format":false,"excerpt":"La resoluci\u00f3n de las fotograf\u00edas, las medimos en megapixeles, que es una medida arbitraria y que convencionalmente, se empez\u00f3 a utilizar para de alguna forma, medir el tama\u00f1o de las im\u00e1genes que tomamos con nuestras c\u00e1maras. Claro que una imagen con una alta resoluci\u00f3n, ir\u00e1 a ocupar un gran espacio\u2026","rel":"","context":"En \u00abLimones\u00bb","block_context":{"text":"Limones","link":"https:\/\/quechilero.com\/blog\/category\/limones\/"},"img":{"alt_text":"","src":"https:\/\/i0.wp.com\/i392.photobucket.com\/albums\/pp7\/pepejaguar\/blog\/caught-in-the-act-01.jpg?resize=350%2C200","width":350,"height":200},"classes":[]},{"id":9226,"url":"https:\/\/quechilero.com\/blog\/2011\/08\/22\/animales-carinosos-palomas\/","url_meta":{"origin":676,"position":3},"title":"Animales cari\u00f1osos: Palomas","author":"Pepe Barrascout Ortiz","date":"22 agosto 2011","format":false,"excerpt":"Los col\u00fambidos (Columbidae) son una familia de aves del orden Columbiformes que incluye las palomas, las t\u00f3rtolas y formas afines, siendo en total unas 308 especies. Los col\u00fambidos se distribuyen por todo el mundo; la mayor diversidad de especies la tiene la ecozona indomalaya y la ecozona de Australasia. Los\u2026","rel":"","context":"En \u00abLimones por mano\u00bb","block_context":{"text":"Limones por mano","link":"https:\/\/quechilero.com\/blog\/category\/limones-por-mano\/"},"img":{"alt_text":"","src":"","width":0,"height":0},"classes":[]},{"id":9326,"url":"https:\/\/quechilero.com\/blog\/2011\/07\/25\/animales-carinosos-palomas-2\/","url_meta":{"origin":676,"position":4},"title":"Animales cari\u00f1osos: Palomas","author":"Pepe Barrascout Ortiz","date":"25 julio 2011","format":false,"excerpt":"Los col\u00fambidos (Columbidae) son una familia de aves del orden Columbiformes que incluye las palomas, las t\u00f3rtolas y formas afines, siendo en total unas 308 especies. Los col\u00fambidos se distribuyen por todo el mundo; la mayor diversidad de especies la tiene la ecozona indomalaya y la ecozona de Australasia. Los\u2026","rel":"","context":"En \u00abLimones por mano\u00bb","block_context":{"text":"Limones por mano","link":"https:\/\/quechilero.com\/blog\/category\/limones-por-mano\/"},"img":{"alt_text":"","src":"","width":0,"height":0},"classes":[]},{"id":5211,"url":"https:\/\/quechilero.com\/blog\/2010\/08\/04\/maraton-de-blogs-de-mi-cocina\/","url_meta":{"origin":676,"position":5},"title":"Marat\u00f3n de Blogs: De mi Cocina","author":"Pepe Barrascout Ortiz","date":"4 agosto 2010","format":false,"excerpt":"De mi Cocina, es un blog que hasta hace unos d\u00edas no conoc\u00eda y me alegro much\u00edsimo por el enlace con la direcci\u00f3n del blog, que me proporcionaron en la nominaci\u00f3n. Como su nombre bien lo indica, est\u00e1 dedicado a la cocina, pero hay muchas cosas que me han llamado\u2026","rel":"","context":"En \u00abBlogs de Guatemala\u00bb","block_context":{"text":"Blogs de Guatemala","link":"https:\/\/quechilero.com\/blog\/category\/blogs-de-guatemala\/"},"img":{"alt_text":"","src":"https:\/\/i0.wp.com\/i392.photobucket.com\/albums\/pp7\/pepejaguar\/maraton\/demicocina.png?resize=350%2C200","width":350,"height":200,"srcset":"https:\/\/i0.wp.com\/i392.photobucket.com\/albums\/pp7\/pepejaguar\/maraton\/demicocina.png?resize=350%2C200 1x, https:\/\/i0.wp.com\/i392.photobucket.com\/albums\/pp7\/pepejaguar\/maraton\/demicocina.png?resize=525%2C300 1.5x"},"classes":[]}],"jetpack_featured_media_url":"","_links":{"self":[{"href":"https:\/\/quechilero.com\/blog\/wp-json\/wp\/v2\/posts\/676","targetHints":{"allow":["GET"]}}],"collection":[{"href":"https:\/\/quechilero.com\/blog\/wp-json\/wp\/v2\/posts"}],"about":[{"href":"https:\/\/quechilero.com\/blog\/wp-json\/wp\/v2\/types\/post"}],"author":[{"embeddable":true,"href":"https:\/\/quechilero.com\/blog\/wp-json\/wp\/v2\/users\/1"}],"replies":[{"embeddable":true,"href":"https:\/\/quechilero.com\/blog\/wp-json\/wp\/v2\/comments?post=676"}],"version-history":[{"count":0,"href":"https:\/\/quechilero.com\/blog\/wp-json\/wp\/v2\/posts\/676\/revisions"}],"wp:attachment":[{"href":"https:\/\/quechilero.com\/blog\/wp-json\/wp\/v2\/media?parent=676"}],"wp:term":[{"taxonomy":"category","embeddable":true,"href":"https:\/\/quechilero.com\/blog\/wp-json\/wp\/v2\/categories?post=676"},{"taxonomy":"post_tag","embeddable":true,"href":"https:\/\/quechilero.com\/blog\/wp-json\/wp\/v2\/tags?post=676"},{"taxonomy":"series","embeddable":true,"href":"https:\/\/quechilero.com\/blog\/wp-json\/wp\/v2\/series?post=676"}],"curies":[{"name":"wp","href":"https:\/\/api.w.org\/{rel}","templated":true}]}}