{"id":674,"date":"2007-09-21T15:12:06","date_gmt":"2007-09-21T21:12:06","guid":{"rendered":"http:\/\/www.quechilero.com\/blog\/2007\/09\/21\/la-paz-perfecta\/"},"modified":"2007-09-21T15:12:06","modified_gmt":"2007-09-21T21:12:06","slug":"la-paz-perfecta","status":"publish","type":"post","link":"https:\/\/quechilero.com\/blog\/2007\/09\/21\/la-paz-perfecta\/","title":{"rendered":"La Paz Perfecta"},"content":{"rendered":"<p>&#8230; Un Rey que ofreci\u00f3 un gran premio a aquel artista que pudiera captar en una pintura la paz perfecta.<\/p>\n<p>Muchos artistas intentaron. El rey observ\u00f3 y admir\u00f3 todas las pinturas, pero solamente hubo dos que a \u00e9l realmente le gustaron y tuvo que escoger entre ellas.<\/p>\n<p>La primera era un lago muy tranquilo. Este lago era un espejo perfecto donde se reflejaban unas pl\u00e1cidas monta\u00f1as que lo rodeaban. Sobre \u00e9stas se encontraba un cielo muy azul con tenues nubes blancas. Todos los que miraron esta pintura pensaron que \u00e9sta reflejaba la paz perfecta.<\/p>\n<p>La segunda pintura tambi\u00e9n ten\u00eda monta\u00f1as. Pero \u00e9stas eran escabrosas y descubiertas. Sobre ellas hab\u00eda un cielo furioso del cual ca\u00eda un impetuoso aguacero con rayos y truenos. Monta\u00f1a abajo parec\u00eda retumbar un espumoso torrente de agua.<\/p>\n<p>Todo esto no se revelaba para nada pac\u00edfico. Pero cuando el Rey observ\u00f3 cuidadosamente, \u00e9l mir\u00f3 tras la cascada un delicado arbusto creciendo en una grieta de la roca.<\/p>\n<p>En este arbusto se encontraba un nido. All\u00e1, en medio del rugir de la violenta ca\u00edda de agua, estaba sentado pl\u00e1cidamente un pajarito en el medio de su nido&#8230;<\/p>\n<p>Paz perfecta \u00bfCu\u00e1l crees que fue la pintura ganadora?<\/p>\n<p>El Rey escogi\u00f3 la segunda. \u00bfSabes por qu\u00e9? \u00abPorque,\u00bb explicaba el Rey, \u00abPaz no significa estar en un lugar sin ruidos, sin problemas, sin trabajo duro o sin dolor. Paz significa que a pesar de estar en medio de todas estas cosas permanezcamos calmados dentro de nuestro coraz\u00f3n.<\/p>\n<p><strong>\u00bfEste es el verdadero significado de la paz?<\/strong><\/p>\n<p><a href=\"http:\/\/tierradesuenios.blogspot.com\/\" target=\"_blank\"><em>Visto aqui<\/em><\/a><\/p>\n","protected":false},"excerpt":{"rendered":"<p>&#8230; Un Rey que ofreci\u00f3 un gran premio a aquel artista que pudiera captar en una pintura la paz perfecta. Muchos artistas intentaron. El rey observ\u00f3 y admir\u00f3 todas las pinturas, pero solamente hubo dos que a \u00e9l realmente le gustaron y tuvo que escoger entre ellas. La primera era un lago muy tranquilo. Este &#8230; <a title=\"La Paz Perfecta\" class=\"read-more\" href=\"https:\/\/quechilero.com\/blog\/2007\/09\/21\/la-paz-perfecta\/\" aria-label=\"Leer m\u00e1s sobre La Paz Perfecta\">Leer m\u00e1s<\/a><\/p>\n","protected":false},"author":1,"featured_media":0,"comment_status":"open","ping_status":"open","sticky":false,"template":"","format":"standard","meta":{"advanced_seo_description":"","jetpack_seo_html_title":"","jetpack_seo_noindex":false,"jetpack_seo_schema_type":"","episode_type":"","audio_file":"","podmotor_file_id":"","podmotor_episode_id":"","cover_image":"","cover_image_id":"","duration":"","filesize":"","filesize_raw":"","date_recorded":"","explicit":"","block":"","_jetpack_newsletter_access":"","_jetpack_dont_email_post_to_subs":false,"_jetpack_newsletter_tier_id":0,"_jetpack_memberships_contains_paywalled_content":false,"_jetpack_feature_clip_id":0,"_jetpack_memberships_contains_paid_content":false,"footnotes":"","jetpack_publicize_message":"","jetpack_publicize_feature_enabled":true,"jetpack_social_post_already_shared":false,"jetpack_social_options":{"image_generator_settings":{"template":"highway","default_image_id":0,"font":"","enabled":false},"version":2},"jetpack_post_was_ever_published":false},"categories":[2],"tags":[4,12,40,21,36,41],"series":[],"class_list":["post-674","post","type-post","status-publish","format-standard","hentry","category-limones","tag-blog","tag-cosas","tag-paz","tag-problema","tag-trabajo","tag-verdad"],"episode_featured_image":false,"episode_player_image":"https:\/\/i0.wp.com\/quechilero.com\/blog\/imagenes\/podcast.png?fit=1831%2C1831&ssl=1","download_link":"","player_link":"","audio_player":false,"episode_data":{"playerMode":"dark","subscribeUrls":{"amazon":{"key":"amazon","url":"","label":"Amazon","class":"amazon","icon":"amazon.png"},"apple_podcasts":{"key":"apple_podcasts","url":"","label":"Apple Podcasts","class":"apple_podcasts","icon":"apple-podcasts.png"},"castbox":{"key":"castbox","url":"","label":"CastBox","class":"castbox","icon":"castbox.png"},"deezer":{"key":"deezer","url":"","label":"Deezer","class":"deezer","icon":"deezer.png"},"google_podcasts":{"key":"google_podcasts","url":"","label":"Google Podcasts","class":"google_podcasts","icon":"google-podcasts.png"},"listen_notes":{"key":"listen_notes","url":"","label":"Listen Notes","class":"listen_notes","icon":"listen-notes.png"},"pandora":{"key":"pandora","url":"","label":"Pandora","class":"pandora","icon":"pandora.png"},"podbean":{"key":"podbean","url":"","label":"Podbean","class":"podbean","icon":"podbean.png"},"podcast_republic":{"key":"podcast_republic","url":"","label":"Podcast Republic","class":"podcast_republic","icon":"podcast-republic.png"},"rss":{"key":"rss","url":"","label":"RSS","class":"rss","icon":"rss.png"},"spotify":{"key":"spotify","url":"","label":"Spotify","class":"spotify","icon":"spotify.png"},"stitcher":{"key":"stitcher","url":"","label":"Stitcher","class":"stitcher","icon":"stitcher.png"},"tunein":{"key":"tunein","url":"","label":"TuneIn","class":"tunein","icon":"tunein.png"},"youtube":{"key":"youtube","url":"","label":"YouTube","class":"youtube","icon":"youtube.png"},"iheartradio":{"key":"iheartradio","url":"","label":"iHeartRadio","class":"iheartradio","icon":"iheartradio.png"},"ivoox":{"key":"ivoox","url":"","label":"iVoox","class":"ivoox","icon":"ivoox.png"}},"rssFeedUrl":"https:\/\/quechilero.com\/blog\/feed\/podcast\/si-la-vida-nos-da-limones","embedCode":"<blockquote class=\"wp-embedded-content\" data-secret=\"q1QQWY9LEW\"><a href=\"https:\/\/quechilero.com\/blog\/2007\/09\/21\/la-paz-perfecta\/\">La Paz Perfecta<\/a><\/blockquote><iframe sandbox=\"allow-scripts\" security=\"restricted\" src=\"https:\/\/quechilero.com\/blog\/2007\/09\/21\/la-paz-perfecta\/embed\/#?secret=q1QQWY9LEW\" width=\"500\" height=\"350\" title=\"\u00abLa Paz Perfecta\u00bb \u2014 Si la Vida nos da Limones...\" data-secret=\"q1QQWY9LEW\" frameborder=\"0\" marginwidth=\"0\" marginheight=\"0\" scrolling=\"no\" class=\"wp-embedded-content\"><\/iframe><script>\n\/*! This file is auto-generated *\/\n!function(d,l){\"use strict\";l.querySelector&&d.addEventListener&&\"undefined\"!=typeof URL&&(d.wp=d.wp||{},d.wp.receiveEmbedMessage||(d.wp.receiveEmbedMessage=function(e){var t=e.data;if((t||t.secret||t.message||t.value)&&!\/[^a-zA-Z0-9]\/.test(t.secret)){for(var s,r,n,a=l.querySelectorAll('iframe[data-secret=\"'+t.secret+'\"]'),o=l.querySelectorAll('blockquote[data-secret=\"'+t.secret+'\"]'),c=new RegExp(\"^https?:$\",\"i\"),i=0;i<o.length;i++)o[i].style.display=\"none\";for(i=0;i<a.length;i++)s=a[i],e.source===s.contentWindow&&(s.removeAttribute(\"style\"),\"height\"===t.message?(1e3<(r=parseInt(t.value,10))?r=1e3:~~r<200&&(r=200),s.height=r):\"link\"===t.message&&(r=new URL(s.getAttribute(\"src\")),n=new URL(t.value),c.test(n.protocol))&&n.host===r.host&&l.activeElement===s&&(d.top.location.href=t.value))}},d.addEventListener(\"message\",d.wp.receiveEmbedMessage,!1),l.addEventListener(\"DOMContentLoaded\",function(){for(var e,t,s=l.querySelectorAll(\"iframe.wp-embedded-content\"),r=0;r<s.length;r++)(t=(e=s[r]).getAttribute(\"data-secret\"))||(t=Math.random().toString(36).substring(2,12),e.src+=\"#?secret=\"+t,e.setAttribute(\"data-secret\",t)),e.contentWindow.postMessage({message:\"ready\",secret:t},\"*\")},!1)))}(window,document);\n\/\/# sourceURL=https:\/\/quechilero.com\/blog\/wp-includes\/js\/wp-embed.min.js\n<\/script>\n"},"jetpack_publicize_connections":[],"jetpack_shortlink":"https:\/\/wp.me\/pDKli-aS","jetpack_sharing_enabled":true,"jetpack-related-posts":[{"id":21251,"url":"https:\/\/quechilero.com\/blog\/2015\/07\/07\/la-paz-perfecta-2\/","url_meta":{"origin":674,"position":0},"title":"La Paz Perfecta","author":"Pepe Barrascout Ortiz","date":"7 julio 2015","format":false,"excerpt":"Hab\u00eda una vez un Rey que ofreci\u00f3 un premio al artista que pudiera captar en una pintura la Paz Perfecta. Muchos artistas intentaron. El rey observ\u00f3 y admir\u00f3 todos los cuadros, pero s\u00f3lo hubo dos que realmente le gustaron, y tuvo que escoger entre ellos. Uno era el de un\u2026","rel":"","context":"En \u00abLimones\u00bb","block_context":{"text":"Limones","link":"https:\/\/quechilero.com\/blog\/category\/limones\/"},"img":{"alt_text":"","src":"","width":0,"height":0},"classes":[]},{"id":9185,"url":"https:\/\/quechilero.com\/blog\/2011\/07\/01\/pinturas-realistas-en-3d-reflejo\/","url_meta":{"origin":674,"position":1},"title":"Pinturas realistas en 3D: Reflejo","author":"Pepe Barrascout Ortiz","date":"1 julio 2011","format":false,"excerpt":"El arte 3D\u00a0callejero, a menudo\u00a0conocido\u00a0como\u00a0el arte\u00a03D en tiza\u00a0es una obra\u00a0de dos dimensiones, dibujada en\u00a0la misma calle y que le da\u00a0una\u00a0ilusi\u00f3n\u00a0\u00f3ptica\u00a0de tres dimensiones, si se ve desde una cierta perspectiva. Puede llegar a ser\u00a0muy\u00a0impresionante, realista\u00a0y al mismo tiempo fascinante\u00a0una vez que se encuentra el \u00e1ngulo\u00a0correcto. La creaci\u00f3n no es f\u00e1cil y\u2026","rel":"","context":"En \u00abLimones por mano\u00bb","block_context":{"text":"Limones por mano","link":"https:\/\/quechilero.com\/blog\/category\/limones-por-mano\/"},"img":{"alt_text":"","src":"","width":0,"height":0},"classes":[]},{"id":5808,"url":"https:\/\/quechilero.com\/blog\/2010\/10\/28\/la-anciana-y-el-cocodrilo\/","url_meta":{"origin":674,"position":2},"title":"La anciana y el cocodrilo","author":"Pepe Barrascout Ortiz","date":"28 octubre 2010","format":false,"excerpt":"Hace varios a\u00f1os, los peri\u00f3dicos contaron la historia de una anciana que viv\u00eda en el sur del Estado de la Florida. Su hogar era una casucha ubicada junto a un peque\u00f1o lago. Todos los d\u00edas iba a sacar agua del lago. All\u00ed, viv\u00eda un cocodrilo. Aunque era un animal peligroso,\u2026","rel":"","context":"En \u00abLimones\u00bb","block_context":{"text":"Limones","link":"https:\/\/quechilero.com\/blog\/category\/limones\/"},"img":{"alt_text":"","src":"","width":0,"height":0},"classes":[]},{"id":386,"url":"https:\/\/quechilero.com\/blog\/2006\/12\/28\/del-regalo\/","url_meta":{"origin":674,"position":3},"title":"Del Regalo","author":"Pepe Barrascout Ortiz","date":"28 diciembre 2006","format":false,"excerpt":"Miie Tamaki resolvi\u00f3 dejar que todo lo que hac\u00eda (era economista) para dedicarse a la pintura. Durante a\u00f1os busc\u00f3 un maestro adecuado, hasta que encontr\u00f3 una mujer especialista en miniaturas que viv\u00eda en el Tibet. Miie dej\u00f3 Jap\u00f3n y fue para las monta\u00f1as tibetanas, a aprender lo que precisaba. Pas\u00f3\u2026","rel":"","context":"En \u00abLimones\u00bb","block_context":{"text":"Limones","link":"https:\/\/quechilero.com\/blog\/category\/limones\/"},"img":{"alt_text":"","src":"","width":0,"height":0},"classes":[]},{"id":6708,"url":"https:\/\/quechilero.com\/blog\/2011\/01\/19\/adelanto-del-cielo\/","url_meta":{"origin":674,"position":4},"title":"Adelanto del Cielo","author":"Pepe Barrascout Ortiz","date":"19 enero 2011","format":false,"excerpt":"Ocurri\u00f3 durante un mes de voluntariado en las vacaciones de verano. Cuando llegamos a Nairobi (Kenya) nos pregunt\u00e1bamos c\u00f3mo nosotros, inexpertos universitarios, podr\u00edamos ayudar en aquella \u00c1frica sucia, polvorienta y calurosa. Quiz\u00e1 arreglando tejados... pero no ten\u00edamos experiencia en construcci\u00f3n. Quiz\u00e1 pintando un colegio... pero no sab\u00edamos de pintura. Lo\u2026","rel":"","context":"En \u00abLimones\u00bb","block_context":{"text":"Limones","link":"https:\/\/quechilero.com\/blog\/category\/limones\/"},"img":{"alt_text":"","src":"","width":0,"height":0},"classes":[]},{"id":5746,"url":"https:\/\/quechilero.com\/blog\/2010\/10\/21\/si-pudiera\/","url_meta":{"origin":674,"position":5},"title":"Si pudiera\u2026","author":"Pepe Barrascout Ortiz","date":"21 octubre 2010","format":false,"excerpt":"Si pudiera, te regalar\u00eda un castillo y compartir\u00eda contigo su belleza y su majestuosidad. Si pudiera, te regalar\u00eda una monta\u00f1a, que pudieras considerar de tu propiedad. Un lugar donde encontrar serenidad, un lugar donde estar en paz. Si pudiera, tomar\u00eda todos tus problemas y los arrojar\u00eda al mar. Pero todas\u2026","rel":"","context":"En \u00abLimones\u00bb","block_context":{"text":"Limones","link":"https:\/\/quechilero.com\/blog\/category\/limones\/"},"img":{"alt_text":"","src":"","width":0,"height":0},"classes":[]}],"jetpack_featured_media_url":"","_links":{"self":[{"href":"https:\/\/quechilero.com\/blog\/wp-json\/wp\/v2\/posts\/674","targetHints":{"allow":["GET"]}}],"collection":[{"href":"https:\/\/quechilero.com\/blog\/wp-json\/wp\/v2\/posts"}],"about":[{"href":"https:\/\/quechilero.com\/blog\/wp-json\/wp\/v2\/types\/post"}],"author":[{"embeddable":true,"href":"https:\/\/quechilero.com\/blog\/wp-json\/wp\/v2\/users\/1"}],"replies":[{"embeddable":true,"href":"https:\/\/quechilero.com\/blog\/wp-json\/wp\/v2\/comments?post=674"}],"version-history":[{"count":0,"href":"https:\/\/quechilero.com\/blog\/wp-json\/wp\/v2\/posts\/674\/revisions"}],"wp:attachment":[{"href":"https:\/\/quechilero.com\/blog\/wp-json\/wp\/v2\/media?parent=674"}],"wp:term":[{"taxonomy":"category","embeddable":true,"href":"https:\/\/quechilero.com\/blog\/wp-json\/wp\/v2\/categories?post=674"},{"taxonomy":"post_tag","embeddable":true,"href":"https:\/\/quechilero.com\/blog\/wp-json\/wp\/v2\/tags?post=674"},{"taxonomy":"series","embeddable":true,"href":"https:\/\/quechilero.com\/blog\/wp-json\/wp\/v2\/series?post=674"}],"curies":[{"name":"wp","href":"https:\/\/api.w.org\/{rel}","templated":true}]}}