{"id":673,"date":"2007-08-20T15:12:02","date_gmt":"2007-08-20T21:12:02","guid":{"rendered":"http:\/\/www.quechilero.com\/blog\/2007\/08\/20\/credo-para-vivir\/"},"modified":"2007-08-20T15:12:02","modified_gmt":"2007-08-20T21:12:02","slug":"credo-para-vivir","status":"publish","type":"post","link":"https:\/\/quechilero.com\/blog\/2007\/08\/20\/credo-para-vivir\/","title":{"rendered":"Credo para vivir"},"content":{"rendered":"<p>No te subestimes compar\u00e1ndote con los dem\u00e1s. Todos somos diferentes y cada uno es especial.<\/p>\n<p>No establezcas tus objetivos de acuerdo con lo que otros consideran importante. S\u00f3lo t\u00fa sabes qu\u00e9 es lo mejor para ti.<\/p>\n<p>No des por sentado aquello m\u00e1s cercano a tu coraz\u00f3n. Af\u00e9rrate a eso como a la vida, ya que sin eso la vida carece de sentido.<\/p>\n<p>No dejes que esa vida se te escape de las manos por vivir en el pasado o por pensar en el futuro. Si vives tu vida de a un d\u00eda por vez, vivir\u00e1s todos y cada uno de los d\u00edas de tu vida.<\/p>\n<p>No te des por vencido cuando todav\u00eda tienes algo para dar. Nada est\u00e1 realmente terminado sino hasta el momento en que dejas de intentarlo.<\/p>\n<p>No temas reconocer que no eres perfecto. Ese es el fr\u00e1gil lazo que nos une a los dem\u00e1s.<\/p>\n<p>No temas enfrentar riesgos. Es precisamente asumiendo riesgos que aprendemos a ser valientes.<\/p>\n<p>No dejes el amor fuera de tu vida y no digas que es imposible de encontrar. La forma m\u00e1s eficaz de recibir amor es dar amor; la forma m\u00e1s r\u00e1pida de perder el amor es sofocarlo y aferrarse a \u00e9l; la mejor manera de conservar el amor es darle alas.<\/p>\n<p>No pierdas tus sue\u00f1os. Quedarse sin sue\u00f1os es quedarse sin esperanzas; vivir sin esperanzas es vivir sin un prop\u00f3sito en la vida.<\/p>\n<p>No corras por la vida hasta terminar olvidando no s\u00f3lo d\u00f3nde has estado sino tambi\u00e9n a donde vas. La vida no es una carrera sino un viaje que debe ser disfrutado a cada paso.<\/p>\n<p><em><strong>Susan Polis Schutz<\/strong><\/em><\/p>\n<p><a href=\"http:\/\/tierradesuenios.blogspot.com\/\" target=\"_blank\"><em>Visto aqui<\/em><\/a><\/p>\n","protected":false},"excerpt":{"rendered":"<p>No te subestimes compar\u00e1ndote con los dem\u00e1s. Todos somos diferentes y cada uno es especial. No establezcas tus objetivos de acuerdo con lo que otros consideran importante. S\u00f3lo t\u00fa sabes qu\u00e9 es lo mejor para ti. No des por sentado aquello m\u00e1s cercano a tu coraz\u00f3n. Af\u00e9rrate a eso como a la vida, ya que &#8230; <a title=\"Credo para vivir\" class=\"read-more\" href=\"https:\/\/quechilero.com\/blog\/2007\/08\/20\/credo-para-vivir\/\" aria-label=\"Leer m\u00e1s sobre Credo para vivir\">Leer m\u00e1s<\/a><\/p>\n","protected":false},"author":1,"featured_media":0,"comment_status":"open","ping_status":"open","sticky":false,"template":"","format":"standard","meta":{"advanced_seo_description":"","jetpack_seo_html_title":"","jetpack_seo_noindex":false,"episode_type":"","audio_file":"","cover_image":"","cover_image_id":"","duration":"","filesize":"","date_recorded":"","explicit":"","block":"","filesize_raw":"","jetpack_post_was_ever_published":false,"_jetpack_newsletter_access":"","_jetpack_dont_email_post_to_subs":false,"_jetpack_newsletter_tier_id":0,"_jetpack_memberships_contains_paywalled_content":false,"_jetpack_memberships_contains_paid_content":false,"footnotes":"","jetpack_publicize_message":"","jetpack_publicize_feature_enabled":true,"jetpack_social_post_already_shared":false,"jetpack_social_options":{"image_generator_settings":{"template":"highway","enabled":false},"version":2}},"categories":[2],"tags":[15,4,32,56,24],"series":[],"class_list":["post-673","post","type-post","status-publish","format-standard","hentry","category-limones","tag-amor","tag-blog","tag-especial","tag-sueno","tag-vida"],"episode_featured_image":false,"episode_player_image":"https:\/\/i0.wp.com\/quechilero.com\/blog\/imagenes\/podcast.png?fit=1831%2C1831&ssl=1","download_link":"","player_link":"","audio_player":false,"episode_data":{"playerMode":"dark","subscribeUrls":{"amazon":{"key":"amazon","url":"","label":"Amazon","class":"amazon","icon":"amazon.png"},"apple_podcasts":{"key":"apple_podcasts","url":"","label":"Apple Podcasts","class":"apple_podcasts","icon":"apple-podcasts.png"},"castbox":{"key":"castbox","url":"","label":"CastBox","class":"castbox","icon":"castbox.png"},"deezer":{"key":"deezer","url":"","label":"Deezer","class":"deezer","icon":"deezer.png"},"google_podcasts":{"key":"google_podcasts","url":"","label":"Google Podcasts","class":"google_podcasts","icon":"google-podcasts.png"},"listen_notes":{"key":"listen_notes","url":"","label":"Listen Notes","class":"listen_notes","icon":"listen-notes.png"},"pandora":{"key":"pandora","url":"","label":"Pandora","class":"pandora","icon":"pandora.png"},"podbean":{"key":"podbean","url":"","label":"Podbean","class":"podbean","icon":"podbean.png"},"podcast_republic":{"key":"podcast_republic","url":"","label":"Podcast Republic","class":"podcast_republic","icon":"podcast-republic.png"},"rss":{"key":"rss","url":"","label":"RSS","class":"rss","icon":"rss.png"},"spotify":{"key":"spotify","url":"","label":"Spotify","class":"spotify","icon":"spotify.png"},"stitcher":{"key":"stitcher","url":"","label":"Stitcher","class":"stitcher","icon":"stitcher.png"},"tunein":{"key":"tunein","url":"","label":"TuneIn","class":"tunein","icon":"tunein.png"},"youtube":{"key":"youtube","url":"","label":"YouTube","class":"youtube","icon":"youtube.png"},"iheartradio":{"key":"iheartradio","url":"","label":"iHeartRadio","class":"iheartradio","icon":"iheartradio.png"},"ivoox":{"key":"ivoox","url":"","label":"iVoox","class":"ivoox","icon":"ivoox.png"}},"rssFeedUrl":"https:\/\/quechilero.com\/blog\/feed\/podcast\/si-la-vida-nos-da-limones","embedCode":"<blockquote class=\"wp-embedded-content\" data-secret=\"fXp1lF73Ty\"><a href=\"https:\/\/quechilero.com\/blog\/2007\/08\/20\/credo-para-vivir\/\">Credo para vivir<\/a><\/blockquote><iframe sandbox=\"allow-scripts\" security=\"restricted\" src=\"https:\/\/quechilero.com\/blog\/2007\/08\/20\/credo-para-vivir\/embed\/#?secret=fXp1lF73Ty\" width=\"500\" height=\"350\" title=\"\u00abCredo para vivir\u00bb \u2014 Si la Vida nos da Limones...\" data-secret=\"fXp1lF73Ty\" frameborder=\"0\" marginwidth=\"0\" marginheight=\"0\" scrolling=\"no\" class=\"wp-embedded-content\"><\/iframe><script>\n\/*! This file is auto-generated *\/\n!function(d,l){\"use strict\";l.querySelector&&d.addEventListener&&\"undefined\"!=typeof URL&&(d.wp=d.wp||{},d.wp.receiveEmbedMessage||(d.wp.receiveEmbedMessage=function(e){var t=e.data;if((t||t.secret||t.message||t.value)&&!\/[^a-zA-Z0-9]\/.test(t.secret)){for(var s,r,n,a=l.querySelectorAll('iframe[data-secret=\"'+t.secret+'\"]'),o=l.querySelectorAll('blockquote[data-secret=\"'+t.secret+'\"]'),c=new RegExp(\"^https?:$\",\"i\"),i=0;i<o.length;i++)o[i].style.display=\"none\";for(i=0;i<a.length;i++)s=a[i],e.source===s.contentWindow&&(s.removeAttribute(\"style\"),\"height\"===t.message?(1e3<(r=parseInt(t.value,10))?r=1e3:~~r<200&&(r=200),s.height=r):\"link\"===t.message&&(r=new URL(s.getAttribute(\"src\")),n=new URL(t.value),c.test(n.protocol))&&n.host===r.host&&l.activeElement===s&&(d.top.location.href=t.value))}},d.addEventListener(\"message\",d.wp.receiveEmbedMessage,!1),l.addEventListener(\"DOMContentLoaded\",function(){for(var e,t,s=l.querySelectorAll(\"iframe.wp-embedded-content\"),r=0;r<s.length;r++)(t=(e=s[r]).getAttribute(\"data-secret\"))||(t=Math.random().toString(36).substring(2,12),e.src+=\"#?secret=\"+t,e.setAttribute(\"data-secret\",t)),e.contentWindow.postMessage({message:\"ready\",secret:t},\"*\")},!1)))}(window,document);\n\/\/# sourceURL=https:\/\/quechilero.com\/blog\/wp-includes\/js\/wp-embed.min.js\n<\/script>\n"},"jetpack_publicize_connections":[],"jetpack_featured_media_url":"","jetpack_shortlink":"https:\/\/wp.me\/pDKli-aR","jetpack_sharing_enabled":true,"jetpack-related-posts":[],"_links":{"self":[{"href":"https:\/\/quechilero.com\/blog\/wp-json\/wp\/v2\/posts\/673","targetHints":{"allow":["GET"]}}],"collection":[{"href":"https:\/\/quechilero.com\/blog\/wp-json\/wp\/v2\/posts"}],"about":[{"href":"https:\/\/quechilero.com\/blog\/wp-json\/wp\/v2\/types\/post"}],"author":[{"embeddable":true,"href":"https:\/\/quechilero.com\/blog\/wp-json\/wp\/v2\/users\/1"}],"replies":[{"embeddable":true,"href":"https:\/\/quechilero.com\/blog\/wp-json\/wp\/v2\/comments?post=673"}],"version-history":[{"count":0,"href":"https:\/\/quechilero.com\/blog\/wp-json\/wp\/v2\/posts\/673\/revisions"}],"wp:attachment":[{"href":"https:\/\/quechilero.com\/blog\/wp-json\/wp\/v2\/media?parent=673"}],"wp:term":[{"taxonomy":"category","embeddable":true,"href":"https:\/\/quechilero.com\/blog\/wp-json\/wp\/v2\/categories?post=673"},{"taxonomy":"post_tag","embeddable":true,"href":"https:\/\/quechilero.com\/blog\/wp-json\/wp\/v2\/tags?post=673"},{"taxonomy":"series","embeddable":true,"href":"https:\/\/quechilero.com\/blog\/wp-json\/wp\/v2\/series?post=673"}],"curies":[{"name":"wp","href":"https:\/\/api.w.org\/{rel}","templated":true}]}}