{"id":671,"date":"2007-09-15T07:39:43","date_gmt":"2007-09-15T13:39:43","guid":{"rendered":"http:\/\/www.quechilero.com\/blog\/2007\/08\/15\/feliz-cumpleanos-guatemala\/"},"modified":"2007-09-15T07:39:43","modified_gmt":"2007-09-15T13:39:43","slug":"feliz-cumpleanos-guatemala","status":"publish","type":"post","link":"https:\/\/quechilero.com\/blog\/2007\/09\/15\/feliz-cumpleanos-guatemala\/","title":{"rendered":"Feliz Cumplea\u00f1os Guatemala"},"content":{"rendered":"<p>Feliz Cumplea\u00f1os Guatemala, <em>\u00ab&#8230;que tus haras no profane jam\u00e1s el verdugo&#8230;\u00bb<\/em><\/p>\n<p><object classid=\"clsid:d27cdb6e-ae6d-11cf-96b8-444553540000\" width=\"425\" height=\"344\" codebase=\"http:\/\/download.macromedia.com\/pub\/shockwave\/cabs\/flash\/swflash.cab#version=6,0,40,0\"><param name=\"allowFullScreen\" value=\"true\" \/><param name=\"src\" value=\"http:\/\/www.youtube.com\/v\/c6UJPX5CNEc&amp;hl=es&amp;fs=1&amp;rel=0\" \/><\/object><\/p>\n","protected":false},"excerpt":{"rendered":"<p>Feliz Cumplea\u00f1os Guatemala, \u00ab&#8230;que tus haras no profane jam\u00e1s el verdugo&#8230;\u00bb<\/p>\n","protected":false},"author":1,"featured_media":0,"comment_status":"open","ping_status":"open","sticky":false,"template":"","format":"standard","meta":{"advanced_seo_description":"","jetpack_seo_html_title":"","jetpack_seo_noindex":false,"jetpack_seo_schema_type":"","episode_type":"","audio_file":"","podmotor_file_id":"","podmotor_episode_id":"","cover_image":"","cover_image_id":"","duration":"","filesize":"","filesize_raw":"","date_recorded":"","explicit":"","block":"","_jetpack_newsletter_access":"","_jetpack_dont_email_post_to_subs":false,"_jetpack_newsletter_tier_id":0,"_jetpack_memberships_contains_paywalled_content":false,"_jetpack_feature_clip_id":0,"_jetpack_memberships_contains_paid_content":false,"footnotes":"","jetpack_publicize_message":"","jetpack_publicize_feature_enabled":true,"jetpack_social_post_already_shared":false,"jetpack_social_options":{"image_generator_settings":{"template":"highway","default_image_id":0,"font":"","enabled":false},"version":2},"jetpack_post_was_ever_published":false},"categories":[2],"tags":[46,10,53],"series":[],"class_list":["post-671","post","type-post","status-publish","format-standard","hentry","category-limones","tag-feliz","tag-guatemala","tag-youtube"],"episode_featured_image":false,"episode_player_image":"https:\/\/i0.wp.com\/quechilero.com\/blog\/imagenes\/podcast.png?fit=1831%2C1831&ssl=1","download_link":"","player_link":"","audio_player":false,"episode_data":{"playerMode":"dark","subscribeUrls":{"amazon":{"key":"amazon","url":"","label":"Amazon","class":"amazon","icon":"amazon.png"},"apple_podcasts":{"key":"apple_podcasts","url":"","label":"Apple Podcasts","class":"apple_podcasts","icon":"apple-podcasts.png"},"castbox":{"key":"castbox","url":"","label":"CastBox","class":"castbox","icon":"castbox.png"},"deezer":{"key":"deezer","url":"","label":"Deezer","class":"deezer","icon":"deezer.png"},"google_podcasts":{"key":"google_podcasts","url":"","label":"Google Podcasts","class":"google_podcasts","icon":"google-podcasts.png"},"listen_notes":{"key":"listen_notes","url":"","label":"Listen Notes","class":"listen_notes","icon":"listen-notes.png"},"pandora":{"key":"pandora","url":"","label":"Pandora","class":"pandora","icon":"pandora.png"},"podbean":{"key":"podbean","url":"","label":"Podbean","class":"podbean","icon":"podbean.png"},"podcast_republic":{"key":"podcast_republic","url":"","label":"Podcast Republic","class":"podcast_republic","icon":"podcast-republic.png"},"rss":{"key":"rss","url":"","label":"RSS","class":"rss","icon":"rss.png"},"spotify":{"key":"spotify","url":"","label":"Spotify","class":"spotify","icon":"spotify.png"},"stitcher":{"key":"stitcher","url":"","label":"Stitcher","class":"stitcher","icon":"stitcher.png"},"tunein":{"key":"tunein","url":"","label":"TuneIn","class":"tunein","icon":"tunein.png"},"youtube":{"key":"youtube","url":"","label":"YouTube","class":"youtube","icon":"youtube.png"},"iheartradio":{"key":"iheartradio","url":"","label":"iHeartRadio","class":"iheartradio","icon":"iheartradio.png"},"ivoox":{"key":"ivoox","url":"","label":"iVoox","class":"ivoox","icon":"ivoox.png"}},"rssFeedUrl":"https:\/\/quechilero.com\/blog\/feed\/podcast\/si-la-vida-nos-da-limones","embedCode":"<blockquote class=\"wp-embedded-content\" data-secret=\"bi0m7is8WB\"><a href=\"https:\/\/quechilero.com\/blog\/2007\/09\/15\/feliz-cumpleanos-guatemala\/\">Feliz Cumplea\u00f1os Guatemala<\/a><\/blockquote><iframe sandbox=\"allow-scripts\" security=\"restricted\" src=\"https:\/\/quechilero.com\/blog\/2007\/09\/15\/feliz-cumpleanos-guatemala\/embed\/#?secret=bi0m7is8WB\" width=\"500\" height=\"350\" title=\"\u00abFeliz Cumplea\u00f1os Guatemala\u00bb \u2014 Si la Vida nos da Limones...\" data-secret=\"bi0m7is8WB\" frameborder=\"0\" marginwidth=\"0\" marginheight=\"0\" scrolling=\"no\" class=\"wp-embedded-content\"><\/iframe><script>\n\/*! This file is auto-generated *\/\n!function(d,l){\"use strict\";l.querySelector&&d.addEventListener&&\"undefined\"!=typeof URL&&(d.wp=d.wp||{},d.wp.receiveEmbedMessage||(d.wp.receiveEmbedMessage=function(e){var t=e.data;if((t||t.secret||t.message||t.value)&&!\/[^a-zA-Z0-9]\/.test(t.secret)){for(var s,r,n,a=l.querySelectorAll('iframe[data-secret=\"'+t.secret+'\"]'),o=l.querySelectorAll('blockquote[data-secret=\"'+t.secret+'\"]'),c=new RegExp(\"^https?:$\",\"i\"),i=0;i<o.length;i++)o[i].style.display=\"none\";for(i=0;i<a.length;i++)s=a[i],e.source===s.contentWindow&&(s.removeAttribute(\"style\"),\"height\"===t.message?(1e3<(r=parseInt(t.value,10))?r=1e3:~~r<200&&(r=200),s.height=r):\"link\"===t.message&&(r=new URL(s.getAttribute(\"src\")),n=new URL(t.value),c.test(n.protocol))&&n.host===r.host&&l.activeElement===s&&(d.top.location.href=t.value))}},d.addEventListener(\"message\",d.wp.receiveEmbedMessage,!1),l.addEventListener(\"DOMContentLoaded\",function(){for(var e,t,s=l.querySelectorAll(\"iframe.wp-embedded-content\"),r=0;r<s.length;r++)(t=(e=s[r]).getAttribute(\"data-secret\"))||(t=Math.random().toString(36).substring(2,12),e.src+=\"#?secret=\"+t,e.setAttribute(\"data-secret\",t)),e.contentWindow.postMessage({message:\"ready\",secret:t},\"*\")},!1)))}(window,document);\n\/\/# sourceURL=https:\/\/quechilero.com\/blog\/wp-includes\/js\/wp-embed.min.js\n<\/script>\n"},"jetpack_publicize_connections":[],"jetpack_shortlink":"https:\/\/wp.me\/pDKli-aP","jetpack_sharing_enabled":true,"jetpack-related-posts":[{"id":23,"url":"https:\/\/quechilero.com\/blog\/2006\/07\/14\/guatemala-el-7%c2%ba-pais-mas-feliz-del-mundo\/","url_meta":{"origin":671,"position":0},"title":"Guatemala el 7mo. Pa\u00eds m\u00e1s Feliz del Mundo","author":"Pepe Barrascout Ortiz","date":"14 julio 2006","format":false,"excerpt":"Seg\u00fan un estudio realizado por Happy Planet Index Guatemala se encuentra en el puesto 7 a nivel mundial del listado de los pa\u00edses m\u00e1s felices. Seg\u00fan el estudio llevado a cabo por la prestigiosa entidad brit\u00e1nica New Economics Foundation, todos deber\u00edamos irnos a vivir a la peque\u00f1a isla de Vanuatu\u2026","rel":"","context":"En \u00abLimones\u00bb","block_context":{"text":"Limones","link":"https:\/\/quechilero.com\/blog\/category\/limones\/"},"img":{"alt_text":"","src":"","width":0,"height":0},"classes":[]},{"id":3756,"url":"https:\/\/quechilero.com\/blog\/2009\/09\/15\/no-profane-jamas-el-verdugo\/","url_meta":{"origin":671,"position":1},"title":"No profane jam\u00e1s el verdugo&#8230;","author":"Pepe Barrascout Ortiz","date":"15 septiembre 2009","format":false,"excerpt":"No profane jam\u00e1s el verdugo, ni haya esclavos que laman el yugo... Hoy no me siento con ganas de celebrar la independencia, quiz\u00e1 cuando ya no existan muertes extrajudiciales en el pa\u00eds, quiz\u00e1 cuando las oportunidades sean iguales para todos, quiz\u00e1 cuando la desigualdad no sea producto de la opresi\u00f3n,\u2026","rel":"","context":"En \u00abLimones\u00bb","block_context":{"text":"Limones","link":"https:\/\/quechilero.com\/blog\/category\/limones\/"},"img":{"alt_text":"","src":"","width":0,"height":0},"classes":[]},{"id":19346,"url":"https:\/\/quechilero.com\/blog\/2014\/09\/15\/mi-bella-guatemala\/","url_meta":{"origin":671,"position":2},"title":"Mi bella Guatemala","author":"Pepe Barrascout Ortiz","date":"15 septiembre 2014","format":false,"excerpt":"https:\/\/youtu.be\/DIxL6KX-I1s Es mi bella Guatemala un gran pa\u00eds, que en la Am\u00e9rica del Centro puso Dios... hoy celebramos un aniversario mas de la\u00a0independencia de centroamericana de Espa\u00f1a, all\u00e1 por el a\u00f1o de 1821. En Guatemala particularmente se celebra de una forma muy colorida y con un gran sincretismo de tradiciones,\u2026","rel":"","context":"En \u00abVideoBlog\u00bb","block_context":{"text":"VideoBlog","link":"https:\/\/quechilero.com\/blog\/category\/videoblog\/"},"img":{"alt_text":"","src":"https:\/\/i0.wp.com\/img.youtube.com\/vi\/DIxL6KX-I1s\/0.jpg?resize=350%2C200","width":350,"height":200},"classes":[]},{"id":3136,"url":"https:\/\/quechilero.com\/blog\/2009\/10\/14\/feliz-cumpleanos-kiki\/","url_meta":{"origin":671,"position":3},"title":"Feliz cumplea\u00f1os Kiki","author":"Pepe Barrascout Ortiz","date":"14 octubre 2009","format":false,"excerpt":"Kiki, que Dios te bendiga hoy y siempre, gracias chinita por todo :-D","rel":"","context":"En \u00abLimones\u00bb","block_context":{"text":"Limones","link":"https:\/\/quechilero.com\/blog\/category\/limones\/"},"img":{"alt_text":"","src":"https:\/\/i0.wp.com\/i392.photobucket.com\/albums\/pp7\/pepejaguar\/blog\/01.jpg?resize=350%2C200","width":350,"height":200,"srcset":"https:\/\/i0.wp.com\/i392.photobucket.com\/albums\/pp7\/pepejaguar\/blog\/01.jpg?resize=350%2C200 1x, https:\/\/i0.wp.com\/i392.photobucket.com\/albums\/pp7\/pepejaguar\/blog\/01.jpg?resize=525%2C300 1.5x"},"classes":[]},{"id":11975,"url":"https:\/\/quechilero.com\/blog\/2012\/01\/16\/blogs-de-guatemala-los-50-temas-mas-buscados-en-el-2011\/","url_meta":{"origin":671,"position":4},"title":"Blogs de Guatemala: los 50 temas mas buscados en el 2011","author":"Pepe Barrascout Ortiz","date":"16 enero 2012","format":false,"excerpt":"Durante el\u00a02011, los lectores de los\u00a0Blogs de Guatemala\u00a0se han interesado en muchos temas y han realizado un poco mas de\u00a029 millones\u00a0de b\u00fasquedas, a lo largo del a\u00f1o, utilizando para ello la\u00a0caja de b\u00fasqueda\u00a0que se encuentra a disposici\u00f3n de los usuarios. Hay una secci\u00f3n, denominada\u00a0etiquetas\u00a0y que muestra las consultas mas populares\u2026","rel":"","context":"En \u00abBlogs de Guatemala\u00bb","block_context":{"text":"Blogs de Guatemala","link":"https:\/\/quechilero.com\/blog\/category\/blogs-de-guatemala\/"},"img":{"alt_text":"","src":"https:\/\/i0.wp.com\/img.youtube.com\/vi\/SAIEamakLoY\/0.jpg?resize=350%2C200","width":350,"height":200},"classes":[]},{"id":1411,"url":"https:\/\/quechilero.com\/blog\/2008\/10\/14\/solo-tu\/","url_meta":{"origin":671,"position":5},"title":"Solo tu","author":"Pepe Barrascout Ortiz","date":"14 octubre 2008","format":false,"excerpt":"Solo tu me haces sentir lo que siento, solo tu puedes hacer que mi vida de un giro completo, solo tu puedes hacer que me sienta vivo. Feliz Cumplea\u00f1os Kiki, Only You","rel":"","context":"En \u00abLimones\u00bb","block_context":{"text":"Limones","link":"https:\/\/quechilero.com\/blog\/category\/limones\/"},"img":{"alt_text":"","src":"","width":0,"height":0},"classes":[]}],"jetpack_featured_media_url":"","_links":{"self":[{"href":"https:\/\/quechilero.com\/blog\/wp-json\/wp\/v2\/posts\/671","targetHints":{"allow":["GET"]}}],"collection":[{"href":"https:\/\/quechilero.com\/blog\/wp-json\/wp\/v2\/posts"}],"about":[{"href":"https:\/\/quechilero.com\/blog\/wp-json\/wp\/v2\/types\/post"}],"author":[{"embeddable":true,"href":"https:\/\/quechilero.com\/blog\/wp-json\/wp\/v2\/users\/1"}],"replies":[{"embeddable":true,"href":"https:\/\/quechilero.com\/blog\/wp-json\/wp\/v2\/comments?post=671"}],"version-history":[{"count":0,"href":"https:\/\/quechilero.com\/blog\/wp-json\/wp\/v2\/posts\/671\/revisions"}],"wp:attachment":[{"href":"https:\/\/quechilero.com\/blog\/wp-json\/wp\/v2\/media?parent=671"}],"wp:term":[{"taxonomy":"category","embeddable":true,"href":"https:\/\/quechilero.com\/blog\/wp-json\/wp\/v2\/categories?post=671"},{"taxonomy":"post_tag","embeddable":true,"href":"https:\/\/quechilero.com\/blog\/wp-json\/wp\/v2\/tags?post=671"},{"taxonomy":"series","embeddable":true,"href":"https:\/\/quechilero.com\/blog\/wp-json\/wp\/v2\/series?post=671"}],"curies":[{"name":"wp","href":"https:\/\/api.w.org\/{rel}","templated":true}]}}