{"id":6709,"date":"2011-01-21T08:00:46","date_gmt":"2011-01-21T14:00:46","guid":{"rendered":"http:\/\/quechilero.com\/blog\/?p=6709"},"modified":"2011-01-21T08:00:46","modified_gmt":"2011-01-21T14:00:46","slug":"la-verdadera-grandeza","status":"publish","type":"post","link":"https:\/\/quechilero.com\/blog\/2011\/01\/21\/la-verdadera-grandeza\/","title":{"rendered":"La verdadera grandeza"},"content":{"rendered":"<p>Una tarde, mientras regresaba de la capital a su casa, el senador John Stennis fue asaltado a mano armada. A pesar de que Stennis entreg\u00f3 lo poco de valor que ten\u00eda, los asaltantes le dispararon dos veces, peg\u00e1ndole en el est\u00f3mago y en la pierna. Los cirujanos del Centro M\u00e9dico Walter Reed trabajaron m\u00e1s de seis horas para salvarle la vida.<\/p>\n<p>Esa tarde tambi\u00e9n iba de camino a su casa el senador Mark Hatfield, que hab\u00eda tenido a menudo encontronazos con Stennis. Los dos estaban por completo en desacuerdo en cuanto a la pol\u00edtica. Sin embargo, cuando Hatfield oy\u00f3 en la radio lo que hab\u00eda sucedido, de inmediato se dirigi\u00f3 al hospital en su coche.<\/p>\n<p>Ya ah\u00ed, se percat\u00f3 con rapidez de que el personal del conmutador estaba sobrecargado con las llamadas de los otros senadores, los reporteros y los amigos de Stennis. Le dijo a un operador: S\u00e9 c\u00f3mo utilizar uno de estos equipos, d\u00e9jeme ayudarlo. Lo ayud\u00f3 a atender los tel\u00e9fonos hasta el anochecer, cuando las llamadas disminuyeron. Luego, sin fanfarronear y calladamente, se present\u00f3 mientras se iba.<\/p>\n<p>Mi nombre es Hatfield&#8230; estoy encantado de haber podido ayudarle en algo que concierne a un hombre al cual respeto profundamente.<\/p>\n<p><strong><em>Tomado de \u00abEl libro devocionario de Dios para Pap\u00e1s\u00bb<\/em><\/strong><\/p>\n","protected":false},"excerpt":{"rendered":"<p>Una tarde, mientras regresaba de la capital a su casa, el senador John Stennis fue asaltado a mano armada. A pesar de que Stennis entreg\u00f3 lo poco de valor que ten\u00eda, los asaltantes le dispararon dos veces, peg\u00e1ndole en el est\u00f3mago y en la pierna. Los cirujanos del Centro M\u00e9dico Walter Reed trabajaron m\u00e1s de &#8230; <a title=\"La verdadera grandeza\" class=\"read-more\" href=\"https:\/\/quechilero.com\/blog\/2011\/01\/21\/la-verdadera-grandeza\/\" aria-label=\"Leer m\u00e1s sobre La verdadera grandeza\">Leer m\u00e1s<\/a><\/p>\n","protected":false},"author":1,"featured_media":0,"comment_status":"open","ping_status":"open","sticky":false,"template":"","format":"standard","meta":{"advanced_seo_description":"","jetpack_seo_html_title":"","jetpack_seo_noindex":false,"jetpack_seo_schema_type":"","episode_type":"","audio_file":"","podmotor_file_id":"","podmotor_episode_id":"","cover_image":"","cover_image_id":"","duration":"","filesize":"","filesize_raw":"","date_recorded":"","explicit":"","block":"","_jetpack_newsletter_access":"","_jetpack_dont_email_post_to_subs":false,"_jetpack_newsletter_tier_id":0,"_jetpack_memberships_contains_paywalled_content":false,"_jetpack_feature_clip_id":0,"_jetpack_memberships_contains_paid_content":false,"footnotes":"","jetpack_publicize_message":"","jetpack_publicize_feature_enabled":true,"jetpack_social_post_already_shared":false,"jetpack_social_options":{"image_generator_settings":{"template":"highway","default_image_id":0,"font":"","enabled":false},"version":2},"jetpack_post_was_ever_published":false},"categories":[2],"tags":[11,37,51,16,18,72,41,24],"series":[],"class_list":["post-6709","post","type-post","status-publish","format-standard","hentry","category-limones","tag-amigo","tag-ayuda","tag-dios","tag-equipo","tag-hombre","tag-libro","tag-verdad","tag-vida"],"episode_featured_image":false,"episode_player_image":"https:\/\/i0.wp.com\/quechilero.com\/blog\/imagenes\/podcast.png?fit=1831%2C1831&ssl=1","download_link":"","player_link":"","audio_player":false,"episode_data":{"playerMode":"dark","subscribeUrls":{"amazon":{"key":"amazon","url":"","label":"Amazon","class":"amazon","icon":"amazon.png"},"apple_podcasts":{"key":"apple_podcasts","url":"","label":"Apple Podcasts","class":"apple_podcasts","icon":"apple-podcasts.png"},"castbox":{"key":"castbox","url":"","label":"CastBox","class":"castbox","icon":"castbox.png"},"deezer":{"key":"deezer","url":"","label":"Deezer","class":"deezer","icon":"deezer.png"},"google_podcasts":{"key":"google_podcasts","url":"","label":"Google Podcasts","class":"google_podcasts","icon":"google-podcasts.png"},"listen_notes":{"key":"listen_notes","url":"","label":"Listen Notes","class":"listen_notes","icon":"listen-notes.png"},"pandora":{"key":"pandora","url":"","label":"Pandora","class":"pandora","icon":"pandora.png"},"podbean":{"key":"podbean","url":"","label":"Podbean","class":"podbean","icon":"podbean.png"},"podcast_republic":{"key":"podcast_republic","url":"","label":"Podcast Republic","class":"podcast_republic","icon":"podcast-republic.png"},"rss":{"key":"rss","url":"","label":"RSS","class":"rss","icon":"rss.png"},"spotify":{"key":"spotify","url":"","label":"Spotify","class":"spotify","icon":"spotify.png"},"stitcher":{"key":"stitcher","url":"","label":"Stitcher","class":"stitcher","icon":"stitcher.png"},"tunein":{"key":"tunein","url":"","label":"TuneIn","class":"tunein","icon":"tunein.png"},"youtube":{"key":"youtube","url":"","label":"YouTube","class":"youtube","icon":"youtube.png"},"iheartradio":{"key":"iheartradio","url":"","label":"iHeartRadio","class":"iheartradio","icon":"iheartradio.png"},"ivoox":{"key":"ivoox","url":"","label":"iVoox","class":"ivoox","icon":"ivoox.png"}},"rssFeedUrl":"https:\/\/quechilero.com\/blog\/feed\/podcast\/si-la-vida-nos-da-limones","embedCode":"<blockquote class=\"wp-embedded-content\" data-secret=\"4LhtU4nxli\"><a href=\"https:\/\/quechilero.com\/blog\/2011\/01\/21\/la-verdadera-grandeza\/\">La verdadera grandeza<\/a><\/blockquote><iframe sandbox=\"allow-scripts\" security=\"restricted\" src=\"https:\/\/quechilero.com\/blog\/2011\/01\/21\/la-verdadera-grandeza\/embed\/#?secret=4LhtU4nxli\" width=\"500\" height=\"350\" title=\"\u00abLa verdadera grandeza\u00bb \u2014 Si la Vida nos da Limones...\" data-secret=\"4LhtU4nxli\" frameborder=\"0\" marginwidth=\"0\" marginheight=\"0\" scrolling=\"no\" class=\"wp-embedded-content\"><\/iframe><script>\n\/*! This file is auto-generated *\/\n!function(d,l){\"use strict\";l.querySelector&&d.addEventListener&&\"undefined\"!=typeof URL&&(d.wp=d.wp||{},d.wp.receiveEmbedMessage||(d.wp.receiveEmbedMessage=function(e){var t=e.data;if((t||t.secret||t.message||t.value)&&!\/[^a-zA-Z0-9]\/.test(t.secret)){for(var s,r,n,a=l.querySelectorAll('iframe[data-secret=\"'+t.secret+'\"]'),o=l.querySelectorAll('blockquote[data-secret=\"'+t.secret+'\"]'),c=new RegExp(\"^https?:$\",\"i\"),i=0;i<o.length;i++)o[i].style.display=\"none\";for(i=0;i<a.length;i++)s=a[i],e.source===s.contentWindow&&(s.removeAttribute(\"style\"),\"height\"===t.message?(1e3<(r=parseInt(t.value,10))?r=1e3:~~r<200&&(r=200),s.height=r):\"link\"===t.message&&(r=new URL(s.getAttribute(\"src\")),n=new URL(t.value),c.test(n.protocol))&&n.host===r.host&&l.activeElement===s&&(d.top.location.href=t.value))}},d.addEventListener(\"message\",d.wp.receiveEmbedMessage,!1),l.addEventListener(\"DOMContentLoaded\",function(){for(var e,t,s=l.querySelectorAll(\"iframe.wp-embedded-content\"),r=0;r<s.length;r++)(t=(e=s[r]).getAttribute(\"data-secret\"))||(t=Math.random().toString(36).substring(2,12),e.src+=\"#?secret=\"+t,e.setAttribute(\"data-secret\",t)),e.contentWindow.postMessage({message:\"ready\",secret:t},\"*\")},!1)))}(window,document);\n\/\/# sourceURL=https:\/\/quechilero.com\/blog\/wp-includes\/js\/wp-embed.min.js\n<\/script>\n"},"jetpack_publicize_connections":[],"jetpack_shortlink":"https:\/\/wp.me\/pDKli-1Kd","jetpack_sharing_enabled":true,"jetpack-related-posts":[{"id":12436,"url":"https:\/\/quechilero.com\/blog\/2012\/06\/02\/perseverancia\/","url_meta":{"origin":6709,"position":0},"title":"Perseverancia","author":"Pepe Barrascout Ortiz","date":"2 junio 2012","format":false,"excerpt":"1816 - Su familia fue forzada a salir de su hogar, a la edad de 7 a\u00f1os tuvo que empezar a trabajar para ayudar con los gastos. 1818 - Su madre muri\u00f3. 1831 - Fracas\u00f3 en todos los negocios que emprendi\u00f3. 1832 - Compiti\u00f3 para la Legislatura estatal y perdi\u00f3.\u2026","rel":"","context":"En \u00abLimones\u00bb","block_context":{"text":"Limones","link":"https:\/\/quechilero.com\/blog\/category\/limones\/"},"img":{"alt_text":"","src":"","width":0,"height":0},"classes":[]},{"id":5797,"url":"https:\/\/quechilero.com\/blog\/2010\/11\/06\/el-aguila-y-los-gallos\/","url_meta":{"origin":6709,"position":1},"title":"El \u00e1guila y los gallos","author":"Pepe Barrascout Ortiz","date":"6 noviembre 2010","format":false,"excerpt":"Dos gallos re\u00f1\u00edan por la preferencia de las gallinas, y al fin uno puso en fuga al otro. Resignadamente se retir\u00f3 el vencido a un matorral, ocult\u00e1ndose all\u00ed. En cambio el vencedor orgulloso se subi\u00f3 a una tapia alta d\u00e1ndose a cantar con gran estruendo. Mas no tard\u00f3 un \u00e1guila\u2026","rel":"","context":"En \u00abLimones\u00bb","block_context":{"text":"Limones","link":"https:\/\/quechilero.com\/blog\/category\/limones\/"},"img":{"alt_text":"","src":"","width":0,"height":0},"classes":[]},{"id":64,"url":"https:\/\/quechilero.com\/blog\/2006\/07\/27\/asalto-transmitido-en-directo\/","url_meta":{"origin":6709,"position":2},"title":"Asalto transmitido en directo","author":"Pepe Barrascout Ortiz","date":"27 julio 2006","format":false,"excerpt":"Esto ocurri\u00f3 en Brasil, seg\u00fan El Mercurio Online que reporta la siguiente nota: Un locutor brasile\u00f1o fue asaltado por una pareja mientras emit\u00eda un programa nocturno en una radio de provincia, pero decenas de oyentes alertaron del hecho a la Polic\u00eda y los asaltantes fueron detenidos, inform\u00f3 hoy la prensa\u2026","rel":"","context":"En \u00abLimones\u00bb","block_context":{"text":"Limones","link":"https:\/\/quechilero.com\/blog\/category\/limones\/"},"img":{"alt_text":"","src":"","width":0,"height":0},"classes":[]},{"id":16024,"url":"https:\/\/quechilero.com\/blog\/2013\/02\/15\/la-actitud\/","url_meta":{"origin":6709,"position":3},"title":"La Actitud","author":"Pepe Barrascout Ortiz","date":"15 febrero 2013","format":false,"excerpt":"Hace unos veinte a\u00f1os yo estaba viviendo en Seattle y pasaba por tiempos dif\u00edciles. No hab\u00eda podido encontrar un trabajo satisfactorio, a\u00fan a pesar de contar con mucha experiencia y una maestr\u00eda. Para mi verg\u00fcenza, conduc\u00eda el autob\u00fas de una escuela tratando de llegar a fin de mes mientras viv\u00eda\u2026","rel":"","context":"En \u00abLimones\u00bb","block_context":{"text":"Limones","link":"https:\/\/quechilero.com\/blog\/category\/limones\/"},"img":{"alt_text":"","src":"","width":0,"height":0},"classes":[]},{"id":11494,"url":"https:\/\/quechilero.com\/blog\/2012\/01\/08\/dos-meses-de-vida\/","url_meta":{"origin":6709,"position":4},"title":"Dos meses de vida","author":"Pepe Barrascout Ortiz","date":"8 enero 2012","format":false,"excerpt":"Antes de que los comunistas ocuparan el territorio de China, fue llevada a un hospital cristiano en Cant\u00f3n una mujer muy enferma. All\u00ed, la mujer oy\u00f3 hablar de Cristo y le entreg\u00f3 su vida. Un d\u00eda la mujer le pregunt\u00f3 al doctor: - Doctor, \u00bfcu\u00e1nto tiempo m\u00e1s puedo vivir si\u2026","rel":"","context":"En \u00abLimones\u00bb","block_context":{"text":"Limones","link":"https:\/\/quechilero.com\/blog\/category\/limones\/"},"img":{"alt_text":"","src":"","width":0,"height":0},"classes":[]},{"id":387,"url":"https:\/\/quechilero.com\/blog\/2006\/12\/30\/ensenale-a-los-ninos\/","url_meta":{"origin":6709,"position":5},"title":"Ens\u00e9\u00f1ale a los ni\u00f1os","author":"Pepe Barrascout Ortiz","date":"30 diciembre 2006","format":false,"excerpt":"Ens\u00e9\u00f1ale a los ni\u00f1os a creer en los ideales, y que aquellas cosas que no se ven tambi\u00e9n son realidades. Diles que el amor no se ve, pero se puede sentir, que la m\u00fasica tiene una explicaci\u00f3n pero que las melod\u00edas salen del coraz\u00f3n. Ens\u00e9\u00f1ales a tener esperanzas, pues todos\u2026","rel":"","context":"En \u00abLimones\u00bb","block_context":{"text":"Limones","link":"https:\/\/quechilero.com\/blog\/category\/limones\/"},"img":{"alt_text":"","src":"","width":0,"height":0},"classes":[]}],"jetpack_featured_media_url":"","_links":{"self":[{"href":"https:\/\/quechilero.com\/blog\/wp-json\/wp\/v2\/posts\/6709","targetHints":{"allow":["GET"]}}],"collection":[{"href":"https:\/\/quechilero.com\/blog\/wp-json\/wp\/v2\/posts"}],"about":[{"href":"https:\/\/quechilero.com\/blog\/wp-json\/wp\/v2\/types\/post"}],"author":[{"embeddable":true,"href":"https:\/\/quechilero.com\/blog\/wp-json\/wp\/v2\/users\/1"}],"replies":[{"embeddable":true,"href":"https:\/\/quechilero.com\/blog\/wp-json\/wp\/v2\/comments?post=6709"}],"version-history":[{"count":0,"href":"https:\/\/quechilero.com\/blog\/wp-json\/wp\/v2\/posts\/6709\/revisions"}],"wp:attachment":[{"href":"https:\/\/quechilero.com\/blog\/wp-json\/wp\/v2\/media?parent=6709"}],"wp:term":[{"taxonomy":"category","embeddable":true,"href":"https:\/\/quechilero.com\/blog\/wp-json\/wp\/v2\/categories?post=6709"},{"taxonomy":"post_tag","embeddable":true,"href":"https:\/\/quechilero.com\/blog\/wp-json\/wp\/v2\/tags?post=6709"},{"taxonomy":"series","embeddable":true,"href":"https:\/\/quechilero.com\/blog\/wp-json\/wp\/v2\/series?post=6709"}],"curies":[{"name":"wp","href":"https:\/\/api.w.org\/{rel}","templated":true}]}}