{"id":6708,"date":"2011-01-19T08:00:27","date_gmt":"2011-01-19T14:00:27","guid":{"rendered":"http:\/\/quechilero.com\/blog\/?p=6708"},"modified":"2011-01-19T08:00:27","modified_gmt":"2011-01-19T14:00:27","slug":"adelanto-del-cielo","status":"publish","type":"post","link":"https:\/\/quechilero.com\/blog\/2011\/01\/19\/adelanto-del-cielo\/","title":{"rendered":"Adelanto del Cielo"},"content":{"rendered":"<p>Ocurri\u00f3 durante un mes de voluntariado en las vacaciones de verano.<\/p>\n<p>Cuando llegamos a Nairobi (Kenya) nos pregunt\u00e1bamos c\u00f3mo nosotros, inexpertos universitarios, podr\u00edamos ayudar en aquella \u00c1frica sucia, polvorienta y calurosa.<\/p>\n<p>Quiz\u00e1 arreglando tejados&#8230; pero no ten\u00edamos experiencia en construcci\u00f3n. Quiz\u00e1 pintando un colegio&#8230; pero no sab\u00edamos de pintura. Lo que s\u00ed ten\u00edamos claro era nuestra intenci\u00f3n de darnos totalmente a los dem\u00e1s. Sin embargo, recibir\u00edamos mucho m\u00e1s de lo que logramos dar: tuvimos la suerte de entrar en contacto con el Tercer Mundo, a trav\u00e9s de un alojamiento para ni\u00f1os moribundos de las Hermanas de la Caridad en Nairobi.<\/p>\n<p>Todos entramos en aquella casucha, un tugurio sin muebles, con poca luz. Contrastaban las hamacas llenas de ni\u00f1os enfermos y lloriqueando con los limp\u00edsimos trajes talares blancos y azules de las Hermanas de la Caridad, que rebosaban alegr\u00eda.<\/p>\n<p>Yo me qued\u00e9 bloqueado, en mitad de la habitaci\u00f3n. Nunca hab\u00eda visto nada as\u00ed. Mis compa\u00f1eros universitarios se esparcieron por las estancias, siguiendo a distintas monjas, que requer\u00edan su asistencia.<\/p>\n<p>Una hermana me pregunt\u00f3 en ingl\u00e9s:<\/p>\n<p><em>&#8211; \u00bfHas venido a mirar o quieres ayudar?<\/em><\/p>\n<p>Sorprendido por tan directa pregunta y en estado de sopor, balbuce\u00e9:<\/p>\n<p><em>&#8211; A ayudar&#8230;<\/em><\/p>\n<p><em>&#8211; \u00bfVes a ese ni\u00f1o de all\u00ed, el del fondo que llora?<\/em><\/p>\n<p>Lloraba desconsoladamente, pero sin fuerza.<\/p>\n<p><em>&#8211; S\u00ed, \u00bf\u00e9se? -le dije se\u00f1al\u00e1ndolo.<\/em><\/p>\n<p><em>&#8211; Bien: t\u00f3malo con cuidado y tr\u00e1elo. Lo bautizamos ayer.<\/em><\/p>\n<p>Lo not\u00e9 con una fiebre alt\u00edsima. El ni\u00f1o tendr\u00eda un par de a\u00f1os.<\/p>\n<p><em>&#8211; Ahora t\u00f3malo y dale todo el amor que puedas&#8230;<\/em><\/p>\n<p><em>&#8211; No entiendo&#8230; -me excus\u00e9.<\/em><\/p>\n<p><em>&#8211; Que le des todo el cari\u00f1o de que seas capaz, a tu manera&#8230; -y me dej\u00f3 con el ni\u00f1o.<\/em><\/p>\n<p>Le cant\u00e9, lo bes\u00e9, lo arrull\u00e9&#8230; dej\u00f3 de llorar, me sonri\u00f3, se durmi\u00f3&#8230; Al cabo de un rato busqu\u00e9 llorando a la hermana:<\/p>\n<p><em>&#8211; Hermana: no respira&#8230;<\/em><\/p>\n<p>La monja certific\u00f3 su muerte:<\/p>\n<p><em>&#8211; Ha muerto en tus brazos&#8230; Y t\u00fa le has adelantado quince minutos con tu cari\u00f1o el Amor que Dios le va a dar por toda la Eternidad.<\/em><\/p>\n<p>Entonces entend\u00ed tantas cosas: el cielo, el amor de mis padres, el amor de Jes\u00fas, los detalles de afecto de mis amigos&#8230; Mi viaje a Kenya supuso un antes y un despu\u00e9s en mi vida. Ahora s\u00e9 que todos tenemos \u00abkenyas\u00bb a nuestro alrededor para dar amor cada d\u00eda.<\/p>\n<p><em>An\u00f3nimo<\/em><\/p>\n","protected":false},"excerpt":{"rendered":"<p>Ocurri\u00f3 durante un mes de voluntariado en las vacaciones de verano. Cuando llegamos a Nairobi (Kenya) nos pregunt\u00e1bamos c\u00f3mo nosotros, inexpertos universitarios, podr\u00edamos ayudar en aquella \u00c1frica sucia, polvorienta y calurosa. Quiz\u00e1 arreglando tejados&#8230; pero no ten\u00edamos experiencia en construcci\u00f3n. Quiz\u00e1 pintando un colegio&#8230; pero no sab\u00edamos de pintura. Lo que s\u00ed ten\u00edamos claro era &#8230; <a title=\"Adelanto del Cielo\" class=\"read-more\" href=\"https:\/\/quechilero.com\/blog\/2011\/01\/19\/adelanto-del-cielo\/\" aria-label=\"Leer m\u00e1s sobre Adelanto del Cielo\">Leer m\u00e1s<\/a><\/p>\n","protected":false},"author":1,"featured_media":0,"comment_status":"open","ping_status":"open","sticky":false,"template":"","format":"standard","meta":{"advanced_seo_description":"","jetpack_seo_html_title":"","jetpack_seo_noindex":false,"jetpack_seo_schema_type":"","episode_type":"","audio_file":"","podmotor_file_id":"","podmotor_episode_id":"","cover_image":"","cover_image_id":"","duration":"","filesize":"","filesize_raw":"","date_recorded":"","explicit":"","block":"","_jetpack_newsletter_access":"","_jetpack_dont_email_post_to_subs":false,"_jetpack_newsletter_tier_id":0,"_jetpack_memberships_contains_paywalled_content":false,"_jetpack_feature_clip_id":0,"_jetpack_memberships_contains_paid_content":false,"footnotes":"","jetpack_publicize_message":"","jetpack_publicize_feature_enabled":true,"jetpack_social_post_already_shared":false,"jetpack_social_options":{"image_generator_settings":{"template":"highway","default_image_id":0,"font":"","enabled":false},"version":2},"jetpack_post_was_ever_published":false},"categories":[2],"tags":[87,11,15,37,12,51,74,50,40,58,24],"series":[],"class_list":["post-6708","post","type-post","status-publish","format-standard","hentry","category-limones","tag-alegria","tag-amigo","tag-amor","tag-ayuda","tag-cosas","tag-dios","tag-jesus","tag-muerte","tag-paz","tag-regla","tag-vida"],"episode_featured_image":false,"episode_player_image":"https:\/\/i0.wp.com\/quechilero.com\/blog\/imagenes\/podcast.png?fit=1831%2C1831&ssl=1","download_link":"","player_link":"","audio_player":false,"episode_data":{"playerMode":"dark","subscribeUrls":{"amazon":{"key":"amazon","url":"","label":"Amazon","class":"amazon","icon":"amazon.png"},"apple_podcasts":{"key":"apple_podcasts","url":"","label":"Apple Podcasts","class":"apple_podcasts","icon":"apple-podcasts.png"},"castbox":{"key":"castbox","url":"","label":"CastBox","class":"castbox","icon":"castbox.png"},"deezer":{"key":"deezer","url":"","label":"Deezer","class":"deezer","icon":"deezer.png"},"google_podcasts":{"key":"google_podcasts","url":"","label":"Google Podcasts","class":"google_podcasts","icon":"google-podcasts.png"},"listen_notes":{"key":"listen_notes","url":"","label":"Listen Notes","class":"listen_notes","icon":"listen-notes.png"},"pandora":{"key":"pandora","url":"","label":"Pandora","class":"pandora","icon":"pandora.png"},"podbean":{"key":"podbean","url":"","label":"Podbean","class":"podbean","icon":"podbean.png"},"podcast_republic":{"key":"podcast_republic","url":"","label":"Podcast Republic","class":"podcast_republic","icon":"podcast-republic.png"},"rss":{"key":"rss","url":"","label":"RSS","class":"rss","icon":"rss.png"},"spotify":{"key":"spotify","url":"","label":"Spotify","class":"spotify","icon":"spotify.png"},"stitcher":{"key":"stitcher","url":"","label":"Stitcher","class":"stitcher","icon":"stitcher.png"},"tunein":{"key":"tunein","url":"","label":"TuneIn","class":"tunein","icon":"tunein.png"},"youtube":{"key":"youtube","url":"","label":"YouTube","class":"youtube","icon":"youtube.png"},"iheartradio":{"key":"iheartradio","url":"","label":"iHeartRadio","class":"iheartradio","icon":"iheartradio.png"},"ivoox":{"key":"ivoox","url":"","label":"iVoox","class":"ivoox","icon":"ivoox.png"}},"rssFeedUrl":"https:\/\/quechilero.com\/blog\/feed\/podcast\/si-la-vida-nos-da-limones","embedCode":"<blockquote class=\"wp-embedded-content\" data-secret=\"hUtvNvWcNW\"><a href=\"https:\/\/quechilero.com\/blog\/2011\/01\/19\/adelanto-del-cielo\/\">Adelanto del Cielo<\/a><\/blockquote><iframe sandbox=\"allow-scripts\" security=\"restricted\" src=\"https:\/\/quechilero.com\/blog\/2011\/01\/19\/adelanto-del-cielo\/embed\/#?secret=hUtvNvWcNW\" width=\"500\" height=\"350\" title=\"\u00abAdelanto del Cielo\u00bb \u2014 Si la Vida nos da Limones...\" data-secret=\"hUtvNvWcNW\" frameborder=\"0\" marginwidth=\"0\" marginheight=\"0\" scrolling=\"no\" class=\"wp-embedded-content\"><\/iframe><script>\n\/*! This file is auto-generated *\/\n!function(d,l){\"use strict\";l.querySelector&&d.addEventListener&&\"undefined\"!=typeof URL&&(d.wp=d.wp||{},d.wp.receiveEmbedMessage||(d.wp.receiveEmbedMessage=function(e){var t=e.data;if((t||t.secret||t.message||t.value)&&!\/[^a-zA-Z0-9]\/.test(t.secret)){for(var s,r,n,a=l.querySelectorAll('iframe[data-secret=\"'+t.secret+'\"]'),o=l.querySelectorAll('blockquote[data-secret=\"'+t.secret+'\"]'),c=new RegExp(\"^https?:$\",\"i\"),i=0;i<o.length;i++)o[i].style.display=\"none\";for(i=0;i<a.length;i++)s=a[i],e.source===s.contentWindow&&(s.removeAttribute(\"style\"),\"height\"===t.message?(1e3<(r=parseInt(t.value,10))?r=1e3:~~r<200&&(r=200),s.height=r):\"link\"===t.message&&(r=new URL(s.getAttribute(\"src\")),n=new URL(t.value),c.test(n.protocol))&&n.host===r.host&&l.activeElement===s&&(d.top.location.href=t.value))}},d.addEventListener(\"message\",d.wp.receiveEmbedMessage,!1),l.addEventListener(\"DOMContentLoaded\",function(){for(var e,t,s=l.querySelectorAll(\"iframe.wp-embedded-content\"),r=0;r<s.length;r++)(t=(e=s[r]).getAttribute(\"data-secret\"))||(t=Math.random().toString(36).substring(2,12),e.src+=\"#?secret=\"+t,e.setAttribute(\"data-secret\",t)),e.contentWindow.postMessage({message:\"ready\",secret:t},\"*\")},!1)))}(window,document);\n\/\/# sourceURL=https:\/\/quechilero.com\/blog\/wp-includes\/js\/wp-embed.min.js\n<\/script>\n"},"jetpack_publicize_connections":[],"jetpack_shortlink":"https:\/\/wp.me\/pDKli-1Kc","jetpack_sharing_enabled":true,"jetpack-related-posts":[{"id":31659,"url":"https:\/\/quechilero.com\/blog\/2023\/06\/22\/kenia-nairobi\/","url_meta":{"origin":6708,"position":0},"title":"Kenia Nairobi","author":"Pepe Barrascout Ortiz","date":"22 junio 2023","format":false,"excerpt":"Hola amigos, este es un episodio muy especial, porque por primera vez voy a hablar de una persona que asiste al gimnasio y la llamar\u00e9 por su nombre. Durante los primeros 117 episodios que antecedieron a este, pues nunca he mencionado ning\u00fan nombre, ni el de las personas de las\u2026","rel":"","context":"En \u00abDaily Gym\u00bb","block_context":{"text":"Daily Gym","link":"https:\/\/quechilero.com\/blog\/category\/podcast\/daily-gym\/"},"img":{"alt_text":"Daily Gym Podcast","src":"https:\/\/i0.wp.com\/quechilero.com\/blog\/imagenes\/DailyGym.jpg?fit=1200%2C675&ssl=1&resize=350%2C200","width":350,"height":200,"srcset":"https:\/\/i0.wp.com\/quechilero.com\/blog\/imagenes\/DailyGym.jpg?fit=1200%2C675&ssl=1&resize=350%2C200 1x, https:\/\/i0.wp.com\/quechilero.com\/blog\/imagenes\/DailyGym.jpg?fit=1200%2C675&ssl=1&resize=525%2C300 1.5x, https:\/\/i0.wp.com\/quechilero.com\/blog\/imagenes\/DailyGym.jpg?fit=1200%2C675&ssl=1&resize=700%2C400 2x, https:\/\/i0.wp.com\/quechilero.com\/blog\/imagenes\/DailyGym.jpg?fit=1200%2C675&ssl=1&resize=1050%2C600 3x"},"classes":[]},{"id":12450,"url":"https:\/\/quechilero.com\/blog\/2012\/06\/18\/epifania-del-senor\/","url_meta":{"origin":6708,"position":1},"title":"Epifan\u00eda del Se\u00f1or","author":"Pepe Barrascout Ortiz","date":"18 junio 2012","format":false,"excerpt":"Con los pastores pas\u00f3 hace unos d\u00edas un acontecimiento extra\u00f1o que result\u00f3 bien. Cuidaban sus reba\u00f1os cumpliendo su rudo oficio cuando vieron una tan extra\u00f1a como clara visi\u00f3n de \u00e1ngeles que les dec\u00edan cosas al principio incomprensibles y al poco rato comprobadas. S\u00ed, all\u00ed, en una casucha, estaba el Ni\u00f1o\u2026","rel":"","context":"En \u00abLimones\u00bb","block_context":{"text":"Limones","link":"https:\/\/quechilero.com\/blog\/category\/limones\/"},"img":{"alt_text":"","src":"","width":0,"height":0},"classes":[]},{"id":19826,"url":"https:\/\/quechilero.com\/blog\/2015\/02\/13\/la-lagartija-en-el-pozo\/","url_meta":{"origin":6708,"position":2},"title":"La lagartija en el pozo","author":"Pepe Barrascout Ortiz","date":"13 febrero 2015","format":false,"excerpt":"En cierta ocasi\u00f3n, dos hombres se encontraban d\u00e1ndole mantenimiento a un pozo en las afueras del pueblo. Uno de ellos ten\u00eda que meterse para sacar las cubetas de lodo y basura, con la finalidad de que del pozo vertiera agua limpia. De pronto, aquel hombre que trabajaba con esmero dentro\u2026","rel":"","context":"En \u00abLimones\u00bb","block_context":{"text":"Limones","link":"https:\/\/quechilero.com\/blog\/category\/limones\/"},"img":{"alt_text":"","src":"","width":0,"height":0},"classes":[]},{"id":344,"url":"https:\/\/quechilero.com\/blog\/2006\/12\/10\/la-nina-y-el-anciano\/","url_meta":{"origin":6708,"position":3},"title":"La ni\u00f1a y el anciano","author":"Pepe Barrascout Ortiz","date":"10 diciembre 2006","format":false,"excerpt":"Nani era una ni\u00f1ita de seis a\u00f1os. Aquella tarde parec\u00eda haberse propuesto generar un terrible chirrido que, por lo estridente, trastornaba los sentidos tanto de residentes como de quienes simplemente pasaban por all\u00ed. Y es que iba montada, pedaleando a toda velocidad, en su viejo y oxidado triciclo... un triciclo\u2026","rel":"","context":"En \u00abLimones\u00bb","block_context":{"text":"Limones","link":"https:\/\/quechilero.com\/blog\/category\/limones\/"},"img":{"alt_text":"","src":"","width":0,"height":0},"classes":[]},{"id":4353,"url":"https:\/\/quechilero.com\/blog\/2010\/03\/05\/lego-fans\/","url_meta":{"origin":6708,"position":4},"title":"Lego Fans","author":"Pepe Barrascout Ortiz","date":"5 marzo 2010","format":false,"excerpt":"Desde peque\u00f1o, Lego fue mi juguete favorito, \u00bfy de quien no?. Quiz\u00e1 pas\u00e9 mas tiempo con mis legos, que con cualquier otro juguete que pude haber tenido. Lastimosamente, las generaciones actuales, han dejado de un lado este tipo de juguetes educativos, por los juegos de video, que sin una muy\u2026","rel":"","context":"En \u00abLimones\u00bb","block_context":{"text":"Limones","link":"https:\/\/quechilero.com\/blog\/category\/limones\/"},"img":{"alt_text":"","src":"https:\/\/i0.wp.com\/i392.photobucket.com\/albums\/pp7\/pepejaguar\/blog\/2909077980_3a91ce21e5.jpg?resize=350%2C200","width":350,"height":200},"classes":[]},{"id":17609,"url":"https:\/\/quechilero.com\/blog\/2013\/12\/27\/dos-bebes-en-un-pesebre\/","url_meta":{"origin":6708,"position":5},"title":"Dos beb\u00e9s en un pesebre","author":"Pepe Barrascout Ortiz","date":"27 diciembre 2013","format":false,"excerpt":"En 1994, dos americanos respondieron una invitaci\u00f3n que les hiciera llegar el Departamento de Educaci\u00f3n de Rusia, para ense\u00f1ar moral y \u00e9tica en las escuelas p\u00fablicas, basada en principios b\u00edblicos. Deb\u00edan ense\u00f1ar en prisiones, negocios, el departamento de bomberos, de la polic\u00eda y en un gran orfanato. En el orfanato\u2026","rel":"","context":"En \u00abLimones\u00bb","block_context":{"text":"Limones","link":"https:\/\/quechilero.com\/blog\/category\/limones\/"},"img":{"alt_text":"","src":"","width":0,"height":0},"classes":[]}],"jetpack_featured_media_url":"","_links":{"self":[{"href":"https:\/\/quechilero.com\/blog\/wp-json\/wp\/v2\/posts\/6708","targetHints":{"allow":["GET"]}}],"collection":[{"href":"https:\/\/quechilero.com\/blog\/wp-json\/wp\/v2\/posts"}],"about":[{"href":"https:\/\/quechilero.com\/blog\/wp-json\/wp\/v2\/types\/post"}],"author":[{"embeddable":true,"href":"https:\/\/quechilero.com\/blog\/wp-json\/wp\/v2\/users\/1"}],"replies":[{"embeddable":true,"href":"https:\/\/quechilero.com\/blog\/wp-json\/wp\/v2\/comments?post=6708"}],"version-history":[{"count":0,"href":"https:\/\/quechilero.com\/blog\/wp-json\/wp\/v2\/posts\/6708\/revisions"}],"wp:attachment":[{"href":"https:\/\/quechilero.com\/blog\/wp-json\/wp\/v2\/media?parent=6708"}],"wp:term":[{"taxonomy":"category","embeddable":true,"href":"https:\/\/quechilero.com\/blog\/wp-json\/wp\/v2\/categories?post=6708"},{"taxonomy":"post_tag","embeddable":true,"href":"https:\/\/quechilero.com\/blog\/wp-json\/wp\/v2\/tags?post=6708"},{"taxonomy":"series","embeddable":true,"href":"https:\/\/quechilero.com\/blog\/wp-json\/wp\/v2\/series?post=6708"}],"curies":[{"name":"wp","href":"https:\/\/api.w.org\/{rel}","templated":true}]}}