{"id":6704,"date":"2011-01-14T08:00:50","date_gmt":"2011-01-14T14:00:50","guid":{"rendered":"http:\/\/quechilero.com\/blog\/?p=6704"},"modified":"2011-01-14T08:00:50","modified_gmt":"2011-01-14T14:00:50","slug":"dos-rios","status":"publish","type":"post","link":"https:\/\/quechilero.com\/blog\/2011\/01\/14\/dos-rios\/","title":{"rendered":"Dos r\u00edos"},"content":{"rendered":"<p>El Nilo Azul es un r\u00edo de corriente muy r\u00e1pida que obtiene mucha de su energ\u00eda de las monta\u00f1as por las que desciende. Transporta hacia el lejano delta del Nilo mucha de la riqueza del suelo lodoso que atraviesa.<\/p>\n<p>Se junta con el Nilo Blanco, un r\u00edo mucho m\u00e1s lento que atraviesa las llanuras. El Nilo Blanco es un r\u00edo claro en comparaci\u00f3n con el Azul.<\/p>\n<p>Una vez que se unen en el mismo lecho del r\u00edo, mantienen sus rangos distintivos por much\u00edsimos kil\u00f3metros. Desde el aire, se pueden apreciar las aguas lodosas del Nilo Azul y las aguas claras del Nilo Blanco. Est\u00e1n separados, aunque unidos. No obstante, mientras m\u00e1s tiempo compartan el mismo lecho del r\u00edo, m\u00e1s se entremezclan sus corrientes hasta que los dos r\u00edos se convierten en un curso de agua potente y lleno de vida.<\/p>\n<p>Cuando los tiempos dif\u00edciles golpeen el matrimonio o surjan desacuerdos, tomen la decisi\u00f3n de trabajar juntos, antes que permitir que los hagan pedazos por lo que quiz\u00e1 sean situaciones temporales o diferenciales con soluci\u00f3n. \u00a1Decidan fluir juntos!<\/p>\n<p>No todo en el matrimonio es soleado, pero dos personas pueden compartir un paraguas si est\u00e1n bien juntas.<\/p>\n<p><strong><em>Tomado de \u00abEl libro devocionario de Dios para Matrimonios\u00bb<\/em><\/strong><\/p>\n","protected":false},"excerpt":{"rendered":"<p>El Nilo Azul es un r\u00edo de corriente muy r\u00e1pida que obtiene mucha de su energ\u00eda de las monta\u00f1as por las que desciende. Transporta hacia el lejano delta del Nilo mucha de la riqueza del suelo lodoso que atraviesa. Se junta con el Nilo Blanco, un r\u00edo mucho m\u00e1s lento que atraviesa las llanuras. El &#8230; <a title=\"Dos r\u00edos\" class=\"read-more\" href=\"https:\/\/quechilero.com\/blog\/2011\/01\/14\/dos-rios\/\" aria-label=\"Leer m\u00e1s sobre Dos r\u00edos\">Leer m\u00e1s<\/a><\/p>\n","protected":false},"author":1,"featured_media":0,"comment_status":"open","ping_status":"open","sticky":false,"template":"","format":"standard","meta":{"advanced_seo_description":"","jetpack_seo_html_title":"","jetpack_seo_noindex":false,"jetpack_seo_schema_type":"","episode_type":"","audio_file":"","podmotor_file_id":"","podmotor_episode_id":"","cover_image":"","cover_image_id":"","duration":"","filesize":"","filesize_raw":"","date_recorded":"","explicit":"","block":"","_jetpack_newsletter_access":"","_jetpack_dont_email_post_to_subs":false,"_jetpack_newsletter_tier_id":0,"_jetpack_memberships_contains_paywalled_content":false,"_jetpack_feature_clip_id":0,"_jetpack_memberships_contains_paid_content":false,"footnotes":"","jetpack_publicize_message":"","jetpack_publicize_feature_enabled":true,"jetpack_social_post_already_shared":false,"jetpack_social_options":{"image_generator_settings":{"template":"highway","default_image_id":0,"font":"","enabled":false},"version":2},"jetpack_post_was_ever_published":false},"categories":[2],"tags":[51,71,72,34,5,24],"series":[],"class_list":["post-6704","post","type-post","status-publish","format-standard","hentry","category-limones","tag-dios","tag-energia","tag-libro","tag-solucion","tag-tiempo","tag-vida"],"episode_featured_image":false,"episode_player_image":"https:\/\/i0.wp.com\/quechilero.com\/blog\/imagenes\/podcast.png?fit=1831%2C1831&ssl=1","download_link":"","player_link":"","audio_player":false,"episode_data":{"playerMode":"dark","subscribeUrls":{"amazon":{"key":"amazon","url":"","label":"Amazon","class":"amazon","icon":"amazon.png"},"apple_podcasts":{"key":"apple_podcasts","url":"","label":"Apple Podcasts","class":"apple_podcasts","icon":"apple-podcasts.png"},"castbox":{"key":"castbox","url":"","label":"CastBox","class":"castbox","icon":"castbox.png"},"deezer":{"key":"deezer","url":"","label":"Deezer","class":"deezer","icon":"deezer.png"},"google_podcasts":{"key":"google_podcasts","url":"","label":"Google Podcasts","class":"google_podcasts","icon":"google-podcasts.png"},"listen_notes":{"key":"listen_notes","url":"","label":"Listen Notes","class":"listen_notes","icon":"listen-notes.png"},"pandora":{"key":"pandora","url":"","label":"Pandora","class":"pandora","icon":"pandora.png"},"podbean":{"key":"podbean","url":"","label":"Podbean","class":"podbean","icon":"podbean.png"},"podcast_republic":{"key":"podcast_republic","url":"","label":"Podcast Republic","class":"podcast_republic","icon":"podcast-republic.png"},"rss":{"key":"rss","url":"","label":"RSS","class":"rss","icon":"rss.png"},"spotify":{"key":"spotify","url":"","label":"Spotify","class":"spotify","icon":"spotify.png"},"stitcher":{"key":"stitcher","url":"","label":"Stitcher","class":"stitcher","icon":"stitcher.png"},"tunein":{"key":"tunein","url":"","label":"TuneIn","class":"tunein","icon":"tunein.png"},"youtube":{"key":"youtube","url":"","label":"YouTube","class":"youtube","icon":"youtube.png"},"iheartradio":{"key":"iheartradio","url":"","label":"iHeartRadio","class":"iheartradio","icon":"iheartradio.png"},"ivoox":{"key":"ivoox","url":"","label":"iVoox","class":"ivoox","icon":"ivoox.png"}},"rssFeedUrl":"https:\/\/quechilero.com\/blog\/feed\/podcast\/si-la-vida-nos-da-limones","embedCode":"<blockquote class=\"wp-embedded-content\" data-secret=\"R8aRKByAvH\"><a href=\"https:\/\/quechilero.com\/blog\/2011\/01\/14\/dos-rios\/\">Dos r\u00edos<\/a><\/blockquote><iframe sandbox=\"allow-scripts\" security=\"restricted\" src=\"https:\/\/quechilero.com\/blog\/2011\/01\/14\/dos-rios\/embed\/#?secret=R8aRKByAvH\" width=\"500\" height=\"350\" title=\"\u00abDos r\u00edos\u00bb \u2014 Si la Vida nos da Limones...\" data-secret=\"R8aRKByAvH\" frameborder=\"0\" marginwidth=\"0\" marginheight=\"0\" scrolling=\"no\" class=\"wp-embedded-content\"><\/iframe><script>\n\/*! This file is auto-generated *\/\n!function(d,l){\"use strict\";l.querySelector&&d.addEventListener&&\"undefined\"!=typeof URL&&(d.wp=d.wp||{},d.wp.receiveEmbedMessage||(d.wp.receiveEmbedMessage=function(e){var t=e.data;if((t||t.secret||t.message||t.value)&&!\/[^a-zA-Z0-9]\/.test(t.secret)){for(var s,r,n,a=l.querySelectorAll('iframe[data-secret=\"'+t.secret+'\"]'),o=l.querySelectorAll('blockquote[data-secret=\"'+t.secret+'\"]'),c=new RegExp(\"^https?:$\",\"i\"),i=0;i<o.length;i++)o[i].style.display=\"none\";for(i=0;i<a.length;i++)s=a[i],e.source===s.contentWindow&&(s.removeAttribute(\"style\"),\"height\"===t.message?(1e3<(r=parseInt(t.value,10))?r=1e3:~~r<200&&(r=200),s.height=r):\"link\"===t.message&&(r=new URL(s.getAttribute(\"src\")),n=new URL(t.value),c.test(n.protocol))&&n.host===r.host&&l.activeElement===s&&(d.top.location.href=t.value))}},d.addEventListener(\"message\",d.wp.receiveEmbedMessage,!1),l.addEventListener(\"DOMContentLoaded\",function(){for(var e,t,s=l.querySelectorAll(\"iframe.wp-embedded-content\"),r=0;r<s.length;r++)(t=(e=s[r]).getAttribute(\"data-secret\"))||(t=Math.random().toString(36).substring(2,12),e.src+=\"#?secret=\"+t,e.setAttribute(\"data-secret\",t)),e.contentWindow.postMessage({message:\"ready\",secret:t},\"*\")},!1)))}(window,document);\n\/\/# sourceURL=https:\/\/quechilero.com\/blog\/wp-includes\/js\/wp-embed.min.js\n<\/script>\n"},"jetpack_publicize_connections":[],"jetpack_shortlink":"https:\/\/wp.me\/pDKli-1K8","jetpack_sharing_enabled":true,"jetpack-related-posts":[{"id":15220,"url":"https:\/\/quechilero.com\/blog\/2012\/12\/01\/contra-corriente\/","url_meta":{"origin":6704,"position":0},"title":"Contra corriente","author":"Pepe Barrascout Ortiz","date":"1 diciembre 2012","format":false,"excerpt":"Bajo un sol abrazador, dos africanos descend\u00edan por el r\u00edo Zambeze y remaban con pagaya en su angosta piragua. Oculto bajo las tranquilas aguas, el cocodrilo, terror del r\u00edo, aguardaba su presa. De repente, la embarcaci\u00f3n fue fuertemente sacudida y un cocodrilo hundi\u00f3 sus puntiagudos dientes en uno de los\u2026","rel":"","context":"En \u00abLimones\u00bb","block_context":{"text":"Limones","link":"https:\/\/quechilero.com\/blog\/category\/limones\/"},"img":{"alt_text":"","src":"","width":0,"height":0},"classes":[]},{"id":19557,"url":"https:\/\/quechilero.com\/blog\/2014\/10\/22\/las-zorras-orillas-del-rio-meandro\/","url_meta":{"origin":6704,"position":1},"title":"Las zorras a orillas del r\u00edo Meandro","author":"Pepe Barrascout Ortiz","date":"22 octubre 2014","format":false,"excerpt":"Se reunieron un d\u00eda las zorras a orillas del r\u00edo Meandro con el fin de calmar su sed; pero el r\u00edo estaba muy turbulento, y aunque se estimulaban unas a otras, ninguna se atrev\u00eda a ingresar al r\u00edo de primera. Al fin una de ellas habl\u00f3, y queriendo humillar a\u2026","rel":"","context":"En \u00abLimones\u00bb","block_context":{"text":"Limones","link":"https:\/\/quechilero.com\/blog\/category\/limones\/"},"img":{"alt_text":"","src":"","width":0,"height":0},"classes":[]},{"id":17610,"url":"https:\/\/quechilero.com\/blog\/2013\/12\/28\/volver-a-la-juventud\/","url_meta":{"origin":6704,"position":2},"title":"Volver a la Juventud","author":"Pepe Barrascout Ortiz","date":"28 diciembre 2013","format":false,"excerpt":"Tito Rodr\u00edguez, Director del Instituto Argentino de Buceo, nos cuenta sobre las truchas: Cuando el duro invierno canadiense ha perdido su fuerza, el hielo que cubre las aguas del R\u00edo Nass se resquebraja, las truchas arco iris del Pac\u00edfico que se hab\u00edan congregado en el fiordo de Portland emprenden el\u2026","rel":"","context":"En \u00abLimones\u00bb","block_context":{"text":"Limones","link":"https:\/\/quechilero.com\/blog\/category\/limones\/"},"img":{"alt_text":"","src":"","width":0,"height":0},"classes":[]},{"id":620,"url":"https:\/\/quechilero.com\/blog\/2007\/08\/02\/maraton-de-blogs-al-volcan-de-agua\/","url_meta":{"origin":6704,"position":3},"title":"Marat\u00f3n de Blogs &#8211; Al Volc\u00e1n de Agua","author":"Pepe Barrascout Ortiz","date":"2 agosto 2007","format":false,"excerpt":"Contin\u00faa el Marat\u00f3n de Blogs, con este texto publicado originalmente en Historias y Opiniones, un magn\u00edfico poema de Jos\u00e9 Batres Montufar, dedicado al Volc\u00e1n de Agua. Batres Montufar un gran poeta guatemalteco. ********** Al Volc\u00e1n de Agua Sobre la gran muralla americana altivo torre\u00f3n, vecino al cielo, su c\u00faspide levanta\u2026","rel":"","context":"En \u00abLimones\u00bb","block_context":{"text":"Limones","link":"https:\/\/quechilero.com\/blog\/category\/limones\/"},"img":{"alt_text":"","src":"","width":0,"height":0},"classes":[]},{"id":17350,"url":"https:\/\/quechilero.com\/blog\/2013\/10\/20\/dos-mares\/","url_meta":{"origin":6704,"position":4},"title":"Dos mares","author":"Pepe Barrascout Ortiz","date":"20 octubre 2013","format":false,"excerpt":"Hay dos mares en Palestina. Uno es fresco y lleno de peces, hermosas plantas adornan sus orillas; los \u00e1rboles extienden sus ramas sobre \u00e9l y alargan sus sedientas ra\u00edces para beber sus saludables aguas y en sus playas los ni\u00f1os juegan. El r\u00edo Jord\u00e1n hace este mar con burbujeantes aguas\u2026","rel":"","context":"En \u00abLimones\u00bb","block_context":{"text":"Limones","link":"https:\/\/quechilero.com\/blog\/category\/limones\/"},"img":{"alt_text":"","src":"","width":0,"height":0},"classes":[]},{"id":4502,"url":"https:\/\/quechilero.com\/blog\/2010\/03\/29\/el-perro-y-su-reflejo-en-el-rio\/","url_meta":{"origin":6704,"position":5},"title":"El perro y su reflejo en el r\u00edo","author":"Pepe Barrascout Ortiz","date":"29 marzo 2010","format":false,"excerpt":"Vadeaba un perro un r\u00edo llevando en su hocico un sabroso pedazo de carne. Vio su propio reflejo en el agua del r\u00edo y crey\u00f3 que aquel reflejo era en realidad otro perro que llevaba un trozo de carne mayor que el suyo. Y deseando adue\u00f1arse del pedazo ajeno, solt\u00f3\u2026","rel":"","context":"En \u00abLimones\u00bb","block_context":{"text":"Limones","link":"https:\/\/quechilero.com\/blog\/category\/limones\/"},"img":{"alt_text":"","src":"","width":0,"height":0},"classes":[]}],"jetpack_featured_media_url":"","_links":{"self":[{"href":"https:\/\/quechilero.com\/blog\/wp-json\/wp\/v2\/posts\/6704","targetHints":{"allow":["GET"]}}],"collection":[{"href":"https:\/\/quechilero.com\/blog\/wp-json\/wp\/v2\/posts"}],"about":[{"href":"https:\/\/quechilero.com\/blog\/wp-json\/wp\/v2\/types\/post"}],"author":[{"embeddable":true,"href":"https:\/\/quechilero.com\/blog\/wp-json\/wp\/v2\/users\/1"}],"replies":[{"embeddable":true,"href":"https:\/\/quechilero.com\/blog\/wp-json\/wp\/v2\/comments?post=6704"}],"version-history":[{"count":0,"href":"https:\/\/quechilero.com\/blog\/wp-json\/wp\/v2\/posts\/6704\/revisions"}],"wp:attachment":[{"href":"https:\/\/quechilero.com\/blog\/wp-json\/wp\/v2\/media?parent=6704"}],"wp:term":[{"taxonomy":"category","embeddable":true,"href":"https:\/\/quechilero.com\/blog\/wp-json\/wp\/v2\/categories?post=6704"},{"taxonomy":"post_tag","embeddable":true,"href":"https:\/\/quechilero.com\/blog\/wp-json\/wp\/v2\/tags?post=6704"},{"taxonomy":"series","embeddable":true,"href":"https:\/\/quechilero.com\/blog\/wp-json\/wp\/v2\/series?post=6704"}],"curies":[{"name":"wp","href":"https:\/\/api.w.org\/{rel}","templated":true}]}}