{"id":661,"date":"2007-08-20T14:00:33","date_gmt":"2007-08-20T20:00:33","guid":{"rendered":"http:\/\/www.quechilero.com\/blog\/2007\/08\/20\/maraton-de-blogs-octava-maravilla\/"},"modified":"2007-08-20T14:00:33","modified_gmt":"2007-08-20T20:00:33","slug":"maraton-de-blogs-octava-maravilla","status":"publish","type":"post","link":"https:\/\/quechilero.com\/blog\/2007\/08\/20\/maraton-de-blogs-octava-maravilla\/","title":{"rendered":"Marat\u00f3n de Blogs &#8211; Octava Maravilla"},"content":{"rendered":"<p>Sigue el <a href=\"http:\/\/www.quechilero.com\/2007\/07\/31\/maraton-de-blogs-de-guatemala\/\">Marat\u00f3n de Blogs<\/a>, con este texto publicado originalmente en el blog <a target=\"_blank\" href=\"http:\/\/vocesequilibradas.blogspot.com\/2007\/07\/la-octava-maravilla-del-mundo-moderno.html\">Voces Equilibradas<\/a>, a prop\u00f3sito de la elecci\u00f3n de las nuevas siete maravillas del mundo, Voces Equilibradas nos propone a la octava maravilla, la cual comparto y para secundar la propuesta, reproduzco el texto publicado.<\/p>\n<p>**********<\/p>\n<p><strong>La Octava Maravilla del Mundo Moderno<br \/>\n<\/strong><\/p>\n<p>Hoy con regocijo y alegr\u00eda propongo que declaremos a <strong>\u00abLOS BLOGS\u00bb <\/strong>como <strong>\u00abLa Octava Maravilla del Mundo Moderno\u00bb.<br \/>\n<\/strong><br \/>\nLas razones son las de cada uno de ustedes y su servidor, que hemos descubierto en este medio una manera de poner nuestros pensamientos, comentarios, ideas, reflexiones, temas, noticias, conocimientos e inspiraciones para dar nuestro punto de vista y opini\u00f3n en los mismos.<\/p>\n<p>Para m\u00ed, <strong>\u00abLos Blogs\u00bb<\/strong> son y ser\u00e1n una herramienta de la era moderna y un derecho como individuos de los 6,000 millones (m\u00e1s o menos) que habitamos en el planeta tierra y que nos da el verdadero sentido de democracia a un promedio de 90 millones de blogs que ya existen.<\/p>\n<p>Felicito a cada uno y una de ustedes por su espacio, sin discriminaci\u00f3n, a todos los blogs del mundo y de mi pa\u00eds Guatemala. Hoy, mi reconocimiento a todos y todas en donde aprecio sus espacios de la siguiente manera:<\/p>\n<p><strong> Primero: <\/strong>como personas y seres humanos.<\/p>\n<p><strong>Segundo<\/strong>: por sus profesiones y conocimientos.<\/p>\n<p><strong>Tercero:<\/strong> por su perseverancia en el medio y por el esfuerzo que conlleva crear, escribir y editar un blog, sin que la parte econ\u00f3mica sea preponderante.<\/p>\n<p>Quiero tambi\u00e9n, pedir disculpas a cada uno por cualquier error ortogr\u00e1fico y gramatical que hayan observado y encuentren en mis escritos, estar\u00e9 mejorando en ese aspecto y en la manera de escribir. Espero que para nadie esto haya sido o sea una ofensa.<\/p>\n<p>Como siempre, me suscribo a todos y todas como su amigo y servidor.<\/p>\n<p><em>Texto publicado originalmente en <a target=\"_blank\" href=\"http:\/\/vocesequilibradas.blogspot.com\/2007\/07\/la-octava-maravilla-del-mundo-moderno.html\">Voces Equilibradas<\/a><\/em><br \/>\n<a title=\"Marat\u00f3n de Blogs\" href=\"http:\/\/www.quechilero.com\/blog\/2007\/07\/31\/maraton-de-blogs-de-guatemala\/\"><img data-recalc-dims=\"1\" decoding=\"async\" border=\"0\" title=\"Marat\u00f3n de Blogs\" alt=\"Marat\u00f3n de Blogs\" src=\"https:\/\/i0.wp.com\/img214.imageshack.us\/img214\/3169\/maratonng0.gif?w=1200\" \/><\/a><\/p>\n","protected":false},"excerpt":{"rendered":"<p>Sigue el Marat\u00f3n de Blogs, con este texto publicado originalmente en el blog Voces Equilibradas, a prop\u00f3sito de la elecci\u00f3n de las nuevas siete maravillas del mundo, Voces Equilibradas nos propone a la octava maravilla, la cual comparto y para secundar la propuesta, reproduzco el texto publicado. ********** La Octava Maravilla del Mundo Moderno Hoy &#8230; <a title=\"Marat\u00f3n de Blogs &#8211; Octava Maravilla\" class=\"read-more\" href=\"https:\/\/quechilero.com\/blog\/2007\/08\/20\/maraton-de-blogs-octava-maravilla\/\" aria-label=\"Leer m\u00e1s sobre Marat\u00f3n de Blogs &#8211; Octava Maravilla\">Leer m\u00e1s<\/a><\/p>\n","protected":false},"author":1,"featured_media":0,"comment_status":"open","ping_status":"open","sticky":false,"template":"","format":"standard","meta":{"advanced_seo_description":"","jetpack_seo_html_title":"","jetpack_seo_noindex":false,"jetpack_seo_schema_type":"","episode_type":"","audio_file":"","podmotor_file_id":"","podmotor_episode_id":"","cover_image":"","cover_image_id":"","duration":"","filesize":"","filesize_raw":"","date_recorded":"","explicit":"","block":"","_jetpack_newsletter_access":"","_jetpack_dont_email_post_to_subs":false,"_jetpack_newsletter_tier_id":0,"_jetpack_memberships_contains_paywalled_content":false,"_jetpack_feature_clip_id":0,"_jetpack_memberships_contains_paid_content":false,"footnotes":"","jetpack_publicize_message":"","jetpack_publicize_feature_enabled":true,"jetpack_social_post_already_shared":false,"jetpack_social_options":{"image_generator_settings":{"template":"highway","default_image_id":0,"font":"","enabled":false},"version":2},"jetpack_post_was_ever_published":false},"categories":[2],"tags":[87,11,4,30,49,10,33,9,62,41],"series":[],"class_list":["post-661","post","type-post","status-publish","format-standard","hentry","category-limones","tag-alegria","tag-amigo","tag-blog","tag-error","tag-esfuerzo","tag-guatemala","tag-humanos","tag-idea","tag-maraton","tag-verdad"],"episode_featured_image":false,"episode_player_image":"https:\/\/i0.wp.com\/quechilero.com\/blog\/imagenes\/podcast.png?fit=1831%2C1831&ssl=1","download_link":"","player_link":"","audio_player":false,"episode_data":{"playerMode":"dark","subscribeUrls":{"amazon":{"key":"amazon","url":"","label":"Amazon","class":"amazon","icon":"amazon.png"},"apple_podcasts":{"key":"apple_podcasts","url":"","label":"Apple Podcasts","class":"apple_podcasts","icon":"apple-podcasts.png"},"castbox":{"key":"castbox","url":"","label":"CastBox","class":"castbox","icon":"castbox.png"},"deezer":{"key":"deezer","url":"","label":"Deezer","class":"deezer","icon":"deezer.png"},"google_podcasts":{"key":"google_podcasts","url":"","label":"Google Podcasts","class":"google_podcasts","icon":"google-podcasts.png"},"listen_notes":{"key":"listen_notes","url":"","label":"Listen Notes","class":"listen_notes","icon":"listen-notes.png"},"pandora":{"key":"pandora","url":"","label":"Pandora","class":"pandora","icon":"pandora.png"},"podbean":{"key":"podbean","url":"","label":"Podbean","class":"podbean","icon":"podbean.png"},"podcast_republic":{"key":"podcast_republic","url":"","label":"Podcast Republic","class":"podcast_republic","icon":"podcast-republic.png"},"rss":{"key":"rss","url":"","label":"RSS","class":"rss","icon":"rss.png"},"spotify":{"key":"spotify","url":"","label":"Spotify","class":"spotify","icon":"spotify.png"},"stitcher":{"key":"stitcher","url":"","label":"Stitcher","class":"stitcher","icon":"stitcher.png"},"tunein":{"key":"tunein","url":"","label":"TuneIn","class":"tunein","icon":"tunein.png"},"youtube":{"key":"youtube","url":"","label":"YouTube","class":"youtube","icon":"youtube.png"},"iheartradio":{"key":"iheartradio","url":"","label":"iHeartRadio","class":"iheartradio","icon":"iheartradio.png"},"ivoox":{"key":"ivoox","url":"","label":"iVoox","class":"ivoox","icon":"ivoox.png"}},"rssFeedUrl":"https:\/\/quechilero.com\/blog\/feed\/podcast\/si-la-vida-nos-da-limones","embedCode":"<blockquote class=\"wp-embedded-content\" data-secret=\"iQcTWLaxVK\"><a href=\"https:\/\/quechilero.com\/blog\/2007\/08\/20\/maraton-de-blogs-octava-maravilla\/\">Marat\u00f3n de Blogs &#8211; Octava Maravilla<\/a><\/blockquote><iframe sandbox=\"allow-scripts\" security=\"restricted\" src=\"https:\/\/quechilero.com\/blog\/2007\/08\/20\/maraton-de-blogs-octava-maravilla\/embed\/#?secret=iQcTWLaxVK\" width=\"500\" height=\"350\" title=\"\u00abMarat\u00f3n de Blogs &#8211; Octava Maravilla\u00bb \u2014 Si la Vida nos da Limones...\" data-secret=\"iQcTWLaxVK\" frameborder=\"0\" marginwidth=\"0\" marginheight=\"0\" scrolling=\"no\" class=\"wp-embedded-content\"><\/iframe><script>\n\/*! This file is auto-generated *\/\n!function(d,l){\"use strict\";l.querySelector&&d.addEventListener&&\"undefined\"!=typeof URL&&(d.wp=d.wp||{},d.wp.receiveEmbedMessage||(d.wp.receiveEmbedMessage=function(e){var t=e.data;if((t||t.secret||t.message||t.value)&&!\/[^a-zA-Z0-9]\/.test(t.secret)){for(var s,r,n,a=l.querySelectorAll('iframe[data-secret=\"'+t.secret+'\"]'),o=l.querySelectorAll('blockquote[data-secret=\"'+t.secret+'\"]'),c=new RegExp(\"^https?:$\",\"i\"),i=0;i<o.length;i++)o[i].style.display=\"none\";for(i=0;i<a.length;i++)s=a[i],e.source===s.contentWindow&&(s.removeAttribute(\"style\"),\"height\"===t.message?(1e3<(r=parseInt(t.value,10))?r=1e3:~~r<200&&(r=200),s.height=r):\"link\"===t.message&&(r=new URL(s.getAttribute(\"src\")),n=new URL(t.value),c.test(n.protocol))&&n.host===r.host&&l.activeElement===s&&(d.top.location.href=t.value))}},d.addEventListener(\"message\",d.wp.receiveEmbedMessage,!1),l.addEventListener(\"DOMContentLoaded\",function(){for(var e,t,s=l.querySelectorAll(\"iframe.wp-embedded-content\"),r=0;r<s.length;r++)(t=(e=s[r]).getAttribute(\"data-secret\"))||(t=Math.random().toString(36).substring(2,12),e.src+=\"#?secret=\"+t,e.setAttribute(\"data-secret\",t)),e.contentWindow.postMessage({message:\"ready\",secret:t},\"*\")},!1)))}(window,document);\n\/\/# sourceURL=https:\/\/quechilero.com\/blog\/wp-includes\/js\/wp-embed.min.js\n<\/script>\n"},"jetpack_publicize_connections":[],"jetpack_shortlink":"https:\/\/wp.me\/pDKli-aF","jetpack_sharing_enabled":true,"jetpack-related-posts":[{"id":3259,"url":"https:\/\/quechilero.com\/blog\/2009\/08\/19\/maraton-de-blogs-voces-equilibradas\/","url_meta":{"origin":661,"position":0},"title":"Marat\u00f3n de Blogs: Voces Equilibradas","author":"Pepe Barrascout Ortiz","date":"19 agosto 2009","format":false,"excerpt":"Voces Equilibradas es el blog que desde Miami, publica Roberto Lone, manifestando su particular punto de vista, sobre temas de inter\u00e9s general y de apoyo a los guatemaltecos. En Voces Equilibradas podemos encontrar una media de tres art\u00edculos publicados al mes, sin embargo Roberto es un comentarista y lector asiduo\u2026","rel":"","context":"En \u00abBlogs de Guatemala\u00bb","block_context":{"text":"Blogs de Guatemala","link":"https:\/\/quechilero.com\/blog\/category\/blogs-de-guatemala\/"},"img":{"alt_text":"Marat\u00f3n de Blogs 2009","src":"https:\/\/i0.wp.com\/i392.photobucket.com\/albums\/pp7\/pepejaguar\/maraton2009\/maraton2009.jpg?resize=350%2C200","width":350,"height":200,"srcset":"https:\/\/i0.wp.com\/i392.photobucket.com\/albums\/pp7\/pepejaguar\/maraton2009\/maraton2009.jpg?resize=350%2C200 1x, https:\/\/i0.wp.com\/i392.photobucket.com\/albums\/pp7\/pepejaguar\/maraton2009\/maraton2009.jpg?resize=525%2C300 1.5x"},"classes":[]},{"id":9936,"url":"https:\/\/quechilero.com\/blog\/2011\/08\/28\/maraton-de-blogs-evy\/","url_meta":{"origin":661,"position":1},"title":"Marat\u00f3n de Blogs: Evy","author":"Pepe Barrascout Ortiz","date":"28 agosto 2011","format":false,"excerpt":"Este es un espacio para compartir contigo, donde deseo publicar de todo un poco, perlo lo importante es que te deje algo a ti en el coraz\u00f3n y te haga reflexionar... as\u00ed es como Evelyn\u00a0da la bienvenida a sus lectores en su blog llamado simplemente Evy, que seguro es por\u2026","rel":"","context":"En \u00abBlogs de Guatemala\u00bb","block_context":{"text":"Blogs de Guatemala","link":"https:\/\/quechilero.com\/blog\/category\/blogs-de-guatemala\/"},"img":{"alt_text":"","src":"https:\/\/i0.wp.com\/i392.photobucket.com\/albums\/pp7\/pepejaguar\/maraton\/evy.png?resize=350%2C200","width":350,"height":200,"srcset":"https:\/\/i0.wp.com\/i392.photobucket.com\/albums\/pp7\/pepejaguar\/maraton\/evy.png?resize=350%2C200 1x, https:\/\/i0.wp.com\/i392.photobucket.com\/albums\/pp7\/pepejaguar\/maraton\/evy.png?resize=525%2C300 1.5x"},"classes":[]},{"id":1262,"url":"https:\/\/quechilero.com\/blog\/2008\/08\/29\/maravillosamente-absurdo\/","url_meta":{"origin":661,"position":2},"title":"Marat\u00f3n &#8211; Maravillosamente Absurdo","author":"Pepe Barrascout Ortiz","date":"29 agosto 2008","format":false,"excerpt":"Descubrir y disfrutar las maravillas que se encuentran en lo absurdo es la propuesta que Regina C\u00f3rdova, nos presenta en su blog Maravillosamente Absurdo. Con un estilo fresco, el blog recientemente creado y con un poco mas de 4 meses, ya ha escrito 80 entradas, lo que indica el buen\u2026","rel":"","context":"En \u00abBlogs de Guatemala\u00bb","block_context":{"text":"Blogs de Guatemala","link":"https:\/\/quechilero.com\/blog\/category\/blogs-de-guatemala\/"},"img":{"alt_text":"","src":"https:\/\/i0.wp.com\/img525.imageshack.us\/img525\/4855\/maratonvp6.jpg?resize=350%2C200","width":350,"height":200},"classes":[]},{"id":1285,"url":"https:\/\/quechilero.com\/blog\/2008\/08\/01\/un-blog-desde-guate\/","url_meta":{"origin":661,"position":3},"title":"Marat\u00f3n &#8211; Blog desde Guate","author":"Pepe Barrascout Ortiz","date":"1 agosto 2008","format":false,"excerpt":"Iniciamos por tercer a\u00f1o consecutivo, la Marat\u00f3n de Blogs 2008, con el Blog desde Guatemala. Se encuentra alojado en Blogger y cuenta con publicaciones desde hace varios a\u00f1os. Su principal objetivo es \"ser una ventana al mundo\" y dar a conocer de una manera muy positiva, de las maravillas naturales,\u2026","rel":"","context":"En \u00abBlogs de Guatemala\u00bb","block_context":{"text":"Blogs de Guatemala","link":"https:\/\/quechilero.com\/blog\/category\/blogs-de-guatemala\/"},"img":{"alt_text":"Blog desde Guatemala","src":"https:\/\/i0.wp.com\/img145.imageshack.us\/img145\/5861\/desdeguatejp9.jpg?resize=350%2C200","width":350,"height":200},"classes":[]},{"id":3651,"url":"https:\/\/quechilero.com\/blog\/2009\/09\/10\/premios-de-la-maraton-de-blogs-2009\/","url_meta":{"origin":661,"position":4},"title":"Premios de la Marat\u00f3n de Blogs 2009","author":"Pepe Barrascout Ortiz","date":"10 septiembre 2009","format":false,"excerpt":"Como parte de las actividades que se realizaron en la Marat\u00f3n de Blogs 2009, en esta ocasi\u00f3n ofrec\u00ed dos nombres de dominio para los blogs que mas votos alcanzara, a trav\u00e9s de los comentarios que se publicaron junto al listado de participantes para el 2009. El otro dominio es para\u2026","rel":"","context":"En \u00abBlogs de Guatemala\u00bb","block_context":{"text":"Blogs de Guatemala","link":"https:\/\/quechilero.com\/blog\/category\/blogs-de-guatemala\/"},"img":{"alt_text":"Marat\u00f3n de Blogs 2009","src":"https:\/\/i0.wp.com\/i392.photobucket.com\/albums\/pp7\/pepejaguar\/maraton2009\/maraton2009.jpg?resize=350%2C200","width":350,"height":200,"srcset":"https:\/\/i0.wp.com\/i392.photobucket.com\/albums\/pp7\/pepejaguar\/maraton2009\/maraton2009.jpg?resize=350%2C200 1x, https:\/\/i0.wp.com\/i392.photobucket.com\/albums\/pp7\/pepejaguar\/maraton2009\/maraton2009.jpg?resize=525%2C300 1.5x"},"classes":[]},{"id":620,"url":"https:\/\/quechilero.com\/blog\/2007\/08\/02\/maraton-de-blogs-al-volcan-de-agua\/","url_meta":{"origin":661,"position":5},"title":"Marat\u00f3n de Blogs &#8211; Al Volc\u00e1n de Agua","author":"Pepe Barrascout Ortiz","date":"2 agosto 2007","format":false,"excerpt":"Contin\u00faa el Marat\u00f3n de Blogs, con este texto publicado originalmente en Historias y Opiniones, un magn\u00edfico poema de Jos\u00e9 Batres Montufar, dedicado al Volc\u00e1n de Agua. Batres Montufar un gran poeta guatemalteco. ********** Al Volc\u00e1n de Agua Sobre la gran muralla americana altivo torre\u00f3n, vecino al cielo, su c\u00faspide levanta\u2026","rel":"","context":"En \u00abLimones\u00bb","block_context":{"text":"Limones","link":"https:\/\/quechilero.com\/blog\/category\/limones\/"},"img":{"alt_text":"","src":"","width":0,"height":0},"classes":[]}],"jetpack_featured_media_url":"","_links":{"self":[{"href":"https:\/\/quechilero.com\/blog\/wp-json\/wp\/v2\/posts\/661","targetHints":{"allow":["GET"]}}],"collection":[{"href":"https:\/\/quechilero.com\/blog\/wp-json\/wp\/v2\/posts"}],"about":[{"href":"https:\/\/quechilero.com\/blog\/wp-json\/wp\/v2\/types\/post"}],"author":[{"embeddable":true,"href":"https:\/\/quechilero.com\/blog\/wp-json\/wp\/v2\/users\/1"}],"replies":[{"embeddable":true,"href":"https:\/\/quechilero.com\/blog\/wp-json\/wp\/v2\/comments?post=661"}],"version-history":[{"count":0,"href":"https:\/\/quechilero.com\/blog\/wp-json\/wp\/v2\/posts\/661\/revisions"}],"wp:attachment":[{"href":"https:\/\/quechilero.com\/blog\/wp-json\/wp\/v2\/media?parent=661"}],"wp:term":[{"taxonomy":"category","embeddable":true,"href":"https:\/\/quechilero.com\/blog\/wp-json\/wp\/v2\/categories?post=661"},{"taxonomy":"post_tag","embeddable":true,"href":"https:\/\/quechilero.com\/blog\/wp-json\/wp\/v2\/tags?post=661"},{"taxonomy":"series","embeddable":true,"href":"https:\/\/quechilero.com\/blog\/wp-json\/wp\/v2\/series?post=661"}],"curies":[{"name":"wp","href":"https:\/\/api.w.org\/{rel}","templated":true}]}}