{"id":6544,"date":"2010-12-23T12:00:41","date_gmt":"2010-12-23T18:00:41","guid":{"rendered":"http:\/\/quechilero.com\/blog\/?p=6544"},"modified":"2010-12-23T12:00:41","modified_gmt":"2010-12-23T18:00:41","slug":"estampas-navidenas-chicas-bailarinas","status":"publish","type":"post","link":"https:\/\/quechilero.com\/blog\/2010\/12\/23\/estampas-navidenas-chicas-bailarinas\/","title":{"rendered":"Estampas Navide\u00f1as: Chicas bailarinas"},"content":{"rendered":"<p>Para nosotros, los <em>Santas<\/em> son obesos y representan las temperaturas bajo cero.\u00a0En Orlando, Florida por otra parte, en las noches c\u00e1lidas de diciembre, se puede ver este grupo de <em>Chicas Bailarinas<\/em>, alegrando las noches previas a la\u00a0Navidad.<\/p>\n<p><a href=\"http:\/\/s392.photobucket.com\/albums\/pp7\/pepejaguar\/blog\/?action=view&amp;current=orlando_xmas_01_maxsize_735_490.jpg\"><img data-recalc-dims=\"1\" decoding=\"async\" class=\"alignnone\" src=\"https:\/\/i0.wp.com\/i392.photobucket.com\/albums\/pp7\/pepejaguar\/blog\/orlando_xmas_01_maxsize_735_490.jpg?w=560\" alt=\"\"  \/><\/a><\/p>\n<p>Imagen: <a title=\"Estampas Navide\u00f1as\" href=\"http:\/\/www.stern.de\/reise\/fernreisen\/merry-christmas-in-florida-schrille-nacht-1628932-5befea53f7581dc5.html\" target=\"_blank\">\u00a9 Till Bartels<\/a><\/p>\n","protected":false},"excerpt":{"rendered":"<p>Para nosotros, los Santas son obesos y representan las temperaturas bajo cero.\u00a0En Orlando, Florida por otra parte, en las noches c\u00e1lidas de diciembre, se puede ver este grupo de Chicas Bailarinas, alegrando las noches previas a la\u00a0Navidad. Imagen: \u00a9 Till Bartels<\/p>\n","protected":false},"author":1,"featured_media":0,"comment_status":"open","ping_status":"open","sticky":false,"template":"","format":"standard","meta":{"advanced_seo_description":"","jetpack_seo_html_title":"","jetpack_seo_noindex":false,"jetpack_seo_schema_type":"","episode_type":"","audio_file":"","podmotor_file_id":"","podmotor_episode_id":"","cover_image":"","cover_image_id":"","duration":"","filesize":"","filesize_raw":"","date_recorded":"","explicit":"","block":"","_jetpack_newsletter_access":"","_jetpack_dont_email_post_to_subs":false,"_jetpack_newsletter_tier_id":0,"_jetpack_memberships_contains_paywalled_content":false,"_jetpack_feature_clip_id":0,"_jetpack_memberships_contains_paid_content":false,"footnotes":"","jetpack_publicize_message":"","jetpack_publicize_feature_enabled":true,"jetpack_social_post_already_shared":false,"jetpack_social_options":{"image_generator_settings":{"template":"highway","default_image_id":0,"font":"","enabled":false},"version":2},"jetpack_post_was_ever_published":false},"categories":[98],"tags":[24],"series":[],"class_list":["post-6544","post","type-post","status-publish","format-standard","hentry","category-limones-por-mano","tag-vida"],"episode_featured_image":false,"episode_player_image":"https:\/\/i0.wp.com\/quechilero.com\/blog\/imagenes\/podcast.png?fit=1831%2C1831&ssl=1","download_link":"","player_link":"","audio_player":false,"episode_data":{"playerMode":"dark","subscribeUrls":{"amazon":{"key":"amazon","url":"","label":"Amazon","class":"amazon","icon":"amazon.png"},"apple_podcasts":{"key":"apple_podcasts","url":"","label":"Apple Podcasts","class":"apple_podcasts","icon":"apple-podcasts.png"},"castbox":{"key":"castbox","url":"","label":"CastBox","class":"castbox","icon":"castbox.png"},"deezer":{"key":"deezer","url":"","label":"Deezer","class":"deezer","icon":"deezer.png"},"google_podcasts":{"key":"google_podcasts","url":"","label":"Google Podcasts","class":"google_podcasts","icon":"google-podcasts.png"},"listen_notes":{"key":"listen_notes","url":"","label":"Listen Notes","class":"listen_notes","icon":"listen-notes.png"},"pandora":{"key":"pandora","url":"","label":"Pandora","class":"pandora","icon":"pandora.png"},"podbean":{"key":"podbean","url":"","label":"Podbean","class":"podbean","icon":"podbean.png"},"podcast_republic":{"key":"podcast_republic","url":"","label":"Podcast Republic","class":"podcast_republic","icon":"podcast-republic.png"},"rss":{"key":"rss","url":"","label":"RSS","class":"rss","icon":"rss.png"},"spotify":{"key":"spotify","url":"","label":"Spotify","class":"spotify","icon":"spotify.png"},"stitcher":{"key":"stitcher","url":"","label":"Stitcher","class":"stitcher","icon":"stitcher.png"},"tunein":{"key":"tunein","url":"","label":"TuneIn","class":"tunein","icon":"tunein.png"},"youtube":{"key":"youtube","url":"","label":"YouTube","class":"youtube","icon":"youtube.png"},"iheartradio":{"key":"iheartradio","url":"","label":"iHeartRadio","class":"iheartradio","icon":"iheartradio.png"},"ivoox":{"key":"ivoox","url":"","label":"iVoox","class":"ivoox","icon":"ivoox.png"}},"rssFeedUrl":"https:\/\/quechilero.com\/blog\/feed\/podcast\/si-la-vida-nos-da-limones","embedCode":"<blockquote class=\"wp-embedded-content\" data-secret=\"QPH3LQYqEG\"><a href=\"https:\/\/quechilero.com\/blog\/2010\/12\/23\/estampas-navidenas-chicas-bailarinas\/\">Estampas Navide\u00f1as: Chicas bailarinas<\/a><\/blockquote><iframe sandbox=\"allow-scripts\" security=\"restricted\" src=\"https:\/\/quechilero.com\/blog\/2010\/12\/23\/estampas-navidenas-chicas-bailarinas\/embed\/#?secret=QPH3LQYqEG\" width=\"500\" height=\"350\" title=\"\u00abEstampas Navide\u00f1as: Chicas bailarinas\u00bb \u2014 Si la Vida nos da Limones...\" data-secret=\"QPH3LQYqEG\" frameborder=\"0\" marginwidth=\"0\" marginheight=\"0\" scrolling=\"no\" class=\"wp-embedded-content\"><\/iframe><script>\n\/*! This file is auto-generated *\/\n!function(d,l){\"use strict\";l.querySelector&&d.addEventListener&&\"undefined\"!=typeof URL&&(d.wp=d.wp||{},d.wp.receiveEmbedMessage||(d.wp.receiveEmbedMessage=function(e){var t=e.data;if((t||t.secret||t.message||t.value)&&!\/[^a-zA-Z0-9]\/.test(t.secret)){for(var s,r,n,a=l.querySelectorAll('iframe[data-secret=\"'+t.secret+'\"]'),o=l.querySelectorAll('blockquote[data-secret=\"'+t.secret+'\"]'),c=new RegExp(\"^https?:$\",\"i\"),i=0;i<o.length;i++)o[i].style.display=\"none\";for(i=0;i<a.length;i++)s=a[i],e.source===s.contentWindow&&(s.removeAttribute(\"style\"),\"height\"===t.message?(1e3<(r=parseInt(t.value,10))?r=1e3:~~r<200&&(r=200),s.height=r):\"link\"===t.message&&(r=new URL(s.getAttribute(\"src\")),n=new URL(t.value),c.test(n.protocol))&&n.host===r.host&&l.activeElement===s&&(d.top.location.href=t.value))}},d.addEventListener(\"message\",d.wp.receiveEmbedMessage,!1),l.addEventListener(\"DOMContentLoaded\",function(){for(var e,t,s=l.querySelectorAll(\"iframe.wp-embedded-content\"),r=0;r<s.length;r++)(t=(e=s[r]).getAttribute(\"data-secret\"))||(t=Math.random().toString(36).substring(2,12),e.src+=\"#?secret=\"+t,e.setAttribute(\"data-secret\",t)),e.contentWindow.postMessage({message:\"ready\",secret:t},\"*\")},!1)))}(window,document);\n\/\/# sourceURL=https:\/\/quechilero.com\/blog\/wp-includes\/js\/wp-embed.min.js\n<\/script>\n"},"jetpack_publicize_connections":[],"jetpack_shortlink":"https:\/\/wp.me\/pDKli-1Hy","jetpack_sharing_enabled":true,"jetpack-related-posts":[{"id":12312,"url":"https:\/\/quechilero.com\/blog\/2012\/11\/23\/fotografia-conceptual-rosa-bailarina\/","url_meta":{"origin":6544,"position":0},"title":"Fotograf\u00eda Conceptual: Rosa Bailarina","author":"Pepe Barrascout Ortiz","date":"23 noviembre 2012","format":false,"excerpt":"Como alguien ha dicho con raz\u00f3n, las im\u00e1genes hablan m\u00e1s que mil palabras. La fotograf\u00eda conceptual es un g\u00e9nero de fotograf\u00eda en la que los artistas hacen una fotograf\u00eda de un concepto o idea. Por lo general, la concepci\u00f3n de la idea precede a la realizaci\u00f3n de la fotograf\u00eda. Fotograf\u00eda\u2026","rel":"","context":"En \u00abLimones por mano\u00bb","block_context":{"text":"Limones por mano","link":"https:\/\/quechilero.com\/blog\/category\/limones-por-mano\/"},"img":{"alt_text":"","src":"","width":0,"height":0},"classes":[]},{"id":12313,"url":"https:\/\/quechilero.com\/blog\/2012\/11\/30\/fotografia-conceptual-tulipan-bailarina\/","url_meta":{"origin":6544,"position":1},"title":"Fotograf\u00eda Conceptual: Tulip\u00e1n Bailarina","author":"Pepe Barrascout Ortiz","date":"30 noviembre 2012","format":false,"excerpt":"Como alguien ha dicho con raz\u00f3n, las im\u00e1genes hablan m\u00e1s que mil palabras. La fotograf\u00eda conceptual es un g\u00e9nero de fotograf\u00eda en la que los artistas hacen una fotograf\u00eda de un concepto o idea. Por lo general, la concepci\u00f3n de la idea precede a la realizaci\u00f3n de la fotograf\u00eda. Fotograf\u00eda\u2026","rel":"","context":"En \u00abLimones por mano\u00bb","block_context":{"text":"Limones por mano","link":"https:\/\/quechilero.com\/blog\/category\/limones-por-mano\/"},"img":{"alt_text":"","src":"","width":0,"height":0},"classes":[]},{"id":12314,"url":"https:\/\/quechilero.com\/blog\/2012\/12\/07\/fotografia-conceptual-flor-bailarina\/","url_meta":{"origin":6544,"position":2},"title":"Fotograf\u00eda Conceptual: Flor Bailarina","author":"Pepe Barrascout Ortiz","date":"7 diciembre 2012","format":false,"excerpt":"Como alguien ha dicho con raz\u00f3n, las im\u00e1genes hablan m\u00e1s que mil palabras. La fotograf\u00eda conceptual es un g\u00e9nero de fotograf\u00eda en la que los artistas hacen una fotograf\u00eda de un concepto o idea. Por lo general, la concepci\u00f3n de la idea precede a la realizaci\u00f3n de la fotograf\u00eda. Fotograf\u00eda\u2026","rel":"","context":"En \u00abLimones por mano\u00bb","block_context":{"text":"Limones por mano","link":"https:\/\/quechilero.com\/blog\/category\/limones-por-mano\/"},"img":{"alt_text":"","src":"","width":0,"height":0},"classes":[]},{"id":19656,"url":"https:\/\/quechilero.com\/blog\/2015\/01\/15\/los-monos-bailarines\/","url_meta":{"origin":6544,"position":3},"title":"Los monos bailarines","author":"Pepe Barrascout Ortiz","date":"15 enero 2015","format":false,"excerpt":"Un pr\u00edncipe ten\u00eda algunos monos entrenados para bailar. Siendo naturalmente grandes imitadores de las acciones de los hombres, ellos demostraron ser unos alumnos apropiados, y cuando los vest\u00edan con su ropa y m\u00e1scaras, ellos bailaban tan bien como cualquiera de los cortesanos. El espect\u00e1culo a menudo era repetido con grandes\u2026","rel":"","context":"En \u00abLimones\u00bb","block_context":{"text":"Limones","link":"https:\/\/quechilero.com\/blog\/category\/limones\/"},"img":{"alt_text":"","src":"","width":0,"height":0},"classes":[]},{"id":8780,"url":"https:\/\/quechilero.com\/blog\/2011\/08\/05\/gelatina-slow-motion\/","url_meta":{"origin":6544,"position":4},"title":"Gelatina: Slow Motion","author":"Pepe Barrascout Ortiz","date":"5 agosto 2011","format":false,"excerpt":"Con la impresionante velocidad de 6,200 cuadros por segundo, podemos ver como un cubo de gelatina, cae y las formas que toma al volver a subir, totalmente impredecible. La gracia de una bailarina que hipnotiza y hace que se desee por mas tiempo el video. Este trabajo fue creado por\u00a0Modernist\u2026","rel":"","context":"En \u00abLimones\u00bb","block_context":{"text":"Limones","link":"https:\/\/quechilero.com\/blog\/category\/limones\/"},"img":{"alt_text":"","src":"https:\/\/i0.wp.com\/img.youtube.com\/vi\/4n5AfHYST6E\/0.jpg?resize=350%2C200","width":350,"height":200},"classes":[]},{"id":13839,"url":"https:\/\/quechilero.com\/blog\/2012\/07\/08\/dubai-airport-flash-mob\/","url_meta":{"origin":6544,"position":5},"title":"Dubai Airport &#8211; Flash Mob","author":"Pepe Barrascout Ortiz","date":"8 julio 2012","format":false,"excerpt":"https:\/\/youtu.be\/_yXy4YGOyvU En el Aeropuerto de Dubai, se realiz\u00f3 un flash mob mostrando el talento de 55 bailarines de todas las edades, que hicieron su actuaci\u00f3n en la Terminal 1. El proyecto, en el que tambi\u00e9n participa DDF y FlyDubai, fue un elemento clave en una campa\u00f1a de promoci\u00f3n destinada a\u2026","rel":"","context":"En \u00abLimones\u00bb","block_context":{"text":"Limones","link":"https:\/\/quechilero.com\/blog\/category\/limones\/"},"img":{"alt_text":"","src":"https:\/\/i0.wp.com\/img.youtube.com\/vi\/_yXy4YGOyvU\/0.jpg?resize=350%2C200","width":350,"height":200},"classes":[]}],"jetpack_featured_media_url":"","_links":{"self":[{"href":"https:\/\/quechilero.com\/blog\/wp-json\/wp\/v2\/posts\/6544","targetHints":{"allow":["GET"]}}],"collection":[{"href":"https:\/\/quechilero.com\/blog\/wp-json\/wp\/v2\/posts"}],"about":[{"href":"https:\/\/quechilero.com\/blog\/wp-json\/wp\/v2\/types\/post"}],"author":[{"embeddable":true,"href":"https:\/\/quechilero.com\/blog\/wp-json\/wp\/v2\/users\/1"}],"replies":[{"embeddable":true,"href":"https:\/\/quechilero.com\/blog\/wp-json\/wp\/v2\/comments?post=6544"}],"version-history":[{"count":0,"href":"https:\/\/quechilero.com\/blog\/wp-json\/wp\/v2\/posts\/6544\/revisions"}],"wp:attachment":[{"href":"https:\/\/quechilero.com\/blog\/wp-json\/wp\/v2\/media?parent=6544"}],"wp:term":[{"taxonomy":"category","embeddable":true,"href":"https:\/\/quechilero.com\/blog\/wp-json\/wp\/v2\/categories?post=6544"},{"taxonomy":"post_tag","embeddable":true,"href":"https:\/\/quechilero.com\/blog\/wp-json\/wp\/v2\/tags?post=6544"},{"taxonomy":"series","embeddable":true,"href":"https:\/\/quechilero.com\/blog\/wp-json\/wp\/v2\/series?post=6544"}],"curies":[{"name":"wp","href":"https:\/\/api.w.org\/{rel}","templated":true}]}}