{"id":6532,"date":"2010-12-19T12:00:51","date_gmt":"2010-12-19T18:00:51","guid":{"rendered":"http:\/\/quechilero.com\/blog\/?p=6532"},"modified":"2010-12-19T12:00:51","modified_gmt":"2010-12-19T18:00:51","slug":"estampas-navidenas-hiroshima","status":"publish","type":"post","link":"https:\/\/quechilero.com\/blog\/2010\/12\/19\/estampas-navidenas-hiroshima\/","title":{"rendered":"Estampas Navide\u00f1as: Hiroshima"},"content":{"rendered":"<p>Tambi\u00e9n en el Extremo Oriente, llega la luz de la estrella de Navidad, en Jap\u00f3n, la fe con creencia en Jes\u00fas, no es mayoritaria, sin embargo, desde hace mucho tiempo, en diciembre, brilla desde hace mucho tiempo, la Navidad, en ciudades como Hiroshima.<\/p>\n<p><a href=\"http:\/\/s392.photobucket.com\/albums\/pp7\/pepejaguar\/blog\/?action=view&amp;current=Weihnachtsrituale_47_2010_18_maxsize_735_490.jpg\"><img data-recalc-dims=\"1\" decoding=\"async\" class=\"alignnone\" src=\"https:\/\/i0.wp.com\/i392.photobucket.com\/albums\/pp7\/pepejaguar\/blog\/Weihnachtsrituale_47_2010_18_maxsize_735_490.jpg?w=560\" alt=\"\"  \/><\/a><\/p>\n<p>Imagen: <a title=\"Estampas Navide\u00f1as\" href=\"http:\/\/www.stern.de\/reise\/fernreisen\/advent-weltweit-es-weihnachtet-auf-allen-kontinenten-1627752-2c722899b5ef0091.html\" target=\"_blank\">\u00a9 Kimimasa Mayama\/EPA<\/a><\/p>\n","protected":false},"excerpt":{"rendered":"<p>Tambi\u00e9n en el Extremo Oriente, llega la luz de la estrella de Navidad, en Jap\u00f3n, la fe con creencia en Jes\u00fas, no es mayoritaria, sin embargo, desde hace mucho tiempo, en diciembre, brilla desde hace mucho tiempo, la Navidad, en ciudades como Hiroshima. Imagen: \u00a9 Kimimasa Mayama\/EPA<\/p>\n","protected":false},"author":1,"featured_media":0,"comment_status":"open","ping_status":"open","sticky":false,"template":"","format":"standard","meta":{"advanced_seo_description":"","jetpack_seo_html_title":"","jetpack_seo_noindex":false,"jetpack_seo_schema_type":"","episode_type":"","audio_file":"","podmotor_file_id":"","podmotor_episode_id":"","cover_image":"","cover_image_id":"","duration":"","filesize":"","filesize_raw":"","date_recorded":"","explicit":"","block":"","_jetpack_newsletter_access":"","_jetpack_dont_email_post_to_subs":false,"_jetpack_newsletter_tier_id":0,"_jetpack_memberships_contains_paywalled_content":false,"_jetpack_feature_clip_id":0,"_jetpack_memberships_contains_paid_content":false,"footnotes":"","jetpack_publicize_message":"","jetpack_publicize_feature_enabled":true,"jetpack_social_post_already_shared":false,"jetpack_social_options":{"image_generator_settings":{"template":"highway","default_image_id":0,"font":"","enabled":false},"version":2},"jetpack_post_was_ever_published":false},"categories":[98],"tags":[74,5,24],"series":[],"class_list":["post-6532","post","type-post","status-publish","format-standard","hentry","category-limones-por-mano","tag-jesus","tag-tiempo","tag-vida"],"episode_featured_image":false,"episode_player_image":"https:\/\/i0.wp.com\/quechilero.com\/blog\/imagenes\/podcast.png?fit=1831%2C1831&ssl=1","download_link":"","player_link":"","audio_player":false,"episode_data":{"playerMode":"dark","subscribeUrls":{"amazon":{"key":"amazon","url":"","label":"Amazon","class":"amazon","icon":"amazon.png"},"apple_podcasts":{"key":"apple_podcasts","url":"","label":"Apple Podcasts","class":"apple_podcasts","icon":"apple-podcasts.png"},"castbox":{"key":"castbox","url":"","label":"CastBox","class":"castbox","icon":"castbox.png"},"deezer":{"key":"deezer","url":"","label":"Deezer","class":"deezer","icon":"deezer.png"},"google_podcasts":{"key":"google_podcasts","url":"","label":"Google Podcasts","class":"google_podcasts","icon":"google-podcasts.png"},"listen_notes":{"key":"listen_notes","url":"","label":"Listen Notes","class":"listen_notes","icon":"listen-notes.png"},"pandora":{"key":"pandora","url":"","label":"Pandora","class":"pandora","icon":"pandora.png"},"podbean":{"key":"podbean","url":"","label":"Podbean","class":"podbean","icon":"podbean.png"},"podcast_republic":{"key":"podcast_republic","url":"","label":"Podcast Republic","class":"podcast_republic","icon":"podcast-republic.png"},"rss":{"key":"rss","url":"","label":"RSS","class":"rss","icon":"rss.png"},"spotify":{"key":"spotify","url":"","label":"Spotify","class":"spotify","icon":"spotify.png"},"stitcher":{"key":"stitcher","url":"","label":"Stitcher","class":"stitcher","icon":"stitcher.png"},"tunein":{"key":"tunein","url":"","label":"TuneIn","class":"tunein","icon":"tunein.png"},"youtube":{"key":"youtube","url":"","label":"YouTube","class":"youtube","icon":"youtube.png"},"iheartradio":{"key":"iheartradio","url":"","label":"iHeartRadio","class":"iheartradio","icon":"iheartradio.png"},"ivoox":{"key":"ivoox","url":"","label":"iVoox","class":"ivoox","icon":"ivoox.png"}},"rssFeedUrl":"https:\/\/quechilero.com\/blog\/feed\/podcast\/si-la-vida-nos-da-limones","embedCode":"<blockquote class=\"wp-embedded-content\" data-secret=\"YDhDWjG7nY\"><a href=\"https:\/\/quechilero.com\/blog\/2010\/12\/19\/estampas-navidenas-hiroshima\/\">Estampas Navide\u00f1as: Hiroshima<\/a><\/blockquote><iframe sandbox=\"allow-scripts\" security=\"restricted\" src=\"https:\/\/quechilero.com\/blog\/2010\/12\/19\/estampas-navidenas-hiroshima\/embed\/#?secret=YDhDWjG7nY\" width=\"500\" height=\"350\" title=\"\u00abEstampas Navide\u00f1as: Hiroshima\u00bb \u2014 Si la Vida nos da Limones...\" data-secret=\"YDhDWjG7nY\" frameborder=\"0\" marginwidth=\"0\" marginheight=\"0\" scrolling=\"no\" class=\"wp-embedded-content\"><\/iframe><script>\n\/*! This file is auto-generated *\/\n!function(d,l){\"use strict\";l.querySelector&&d.addEventListener&&\"undefined\"!=typeof URL&&(d.wp=d.wp||{},d.wp.receiveEmbedMessage||(d.wp.receiveEmbedMessage=function(e){var t=e.data;if((t||t.secret||t.message||t.value)&&!\/[^a-zA-Z0-9]\/.test(t.secret)){for(var s,r,n,a=l.querySelectorAll('iframe[data-secret=\"'+t.secret+'\"]'),o=l.querySelectorAll('blockquote[data-secret=\"'+t.secret+'\"]'),c=new RegExp(\"^https?:$\",\"i\"),i=0;i<o.length;i++)o[i].style.display=\"none\";for(i=0;i<a.length;i++)s=a[i],e.source===s.contentWindow&&(s.removeAttribute(\"style\"),\"height\"===t.message?(1e3<(r=parseInt(t.value,10))?r=1e3:~~r<200&&(r=200),s.height=r):\"link\"===t.message&&(r=new URL(s.getAttribute(\"src\")),n=new URL(t.value),c.test(n.protocol))&&n.host===r.host&&l.activeElement===s&&(d.top.location.href=t.value))}},d.addEventListener(\"message\",d.wp.receiveEmbedMessage,!1),l.addEventListener(\"DOMContentLoaded\",function(){for(var e,t,s=l.querySelectorAll(\"iframe.wp-embedded-content\"),r=0;r<s.length;r++)(t=(e=s[r]).getAttribute(\"data-secret\"))||(t=Math.random().toString(36).substring(2,12),e.src+=\"#?secret=\"+t,e.setAttribute(\"data-secret\",t)),e.contentWindow.postMessage({message:\"ready\",secret:t},\"*\")},!1)))}(window,document);\n\/\/# sourceURL=https:\/\/quechilero.com\/blog\/wp-includes\/js\/wp-embed.min.js\n<\/script>\n"},"jetpack_publicize_connections":[],"jetpack_shortlink":"https:\/\/wp.me\/pDKli-1Hm","jetpack_sharing_enabled":true,"jetpack-related-posts":[{"id":5979,"url":"https:\/\/quechilero.com\/blog\/2010\/12\/20\/reflexion-navidena\/","url_meta":{"origin":6532,"position":0},"title":"Reflexi\u00f3n Navide\u00f1a","author":"Pepe Barrascout Ortiz","date":"20 diciembre 2010","format":false,"excerpt":"Creo que muy pocos, ojal\u00e1 fueran muchos, tienen presente lo que realmente significa la Navidad. Toda esa gente que se preocupa s\u00f3lo por ver qu\u00e9 regala, qu\u00e9 compra, c\u00f3mo organizar posadas, pero no las posadas tradicionales, sino en las que s\u00f3lo se piensa en la fiesta, en la diversi\u00f3n, olvidando\u2026","rel":"","context":"En \u00abLimones\u00bb","block_context":{"text":"Limones","link":"https:\/\/quechilero.com\/blog\/category\/limones\/"},"img":{"alt_text":"","src":"","width":0,"height":0},"classes":[]},{"id":819,"url":"https:\/\/quechilero.com\/blog\/2007\/12\/24\/como-comenzo-a-celebrarse-la-navidad\/","url_meta":{"origin":6532,"position":1},"title":"\u00bfC\u00f3mo comenz\u00f3 a celebrarse la Navidad?","author":"Pepe Barrascout Ortiz","date":"24 diciembre 2007","format":false,"excerpt":"Uno podr\u00eda pensar que si el nacimiento de alguien debiera haber quedado registrado, sin duda ser\u00eda el nacimiento de Nuestro Salvador. Sin embargo, la verdad es que no es as\u00ed. Los Evangelios no registran la fecha exacta del nacimiento de Nuestro Se\u00f1or. La raz\u00f3n probable de por qu\u00e9 los evangelios\u2026","rel":"","context":"En \u00abLimones\u00bb","block_context":{"text":"Limones","link":"https:\/\/quechilero.com\/blog\/category\/limones\/"},"img":{"alt_text":"","src":"","width":0,"height":0},"classes":[]},{"id":11451,"url":"https:\/\/quechilero.com\/blog\/2011\/12\/23\/tolerancia-como-dijo\/","url_meta":{"origin":6532,"position":2},"title":"\u00bfTolerancia? \u00bfC\u00f3mo dijo?","author":"Pepe Barrascout Ortiz","date":"23 diciembre 2011","format":false,"excerpt":"En el Primer Mundo la tolerancia se ha convertido en un tema muy importante. Pero claro, tolerancia de los cristianos para con los no cristianos, nunca al rev\u00e9s. Porque, cr\u00e9ase o no, hay personas que afirman sentirse ofendidas cuando en un pa\u00eds de mayor\u00eda cristiana, se les dice Feliz Navidad.\u2026","rel":"","context":"En \u00abLimones\u00bb","block_context":{"text":"Limones","link":"https:\/\/quechilero.com\/blog\/category\/limones\/"},"img":{"alt_text":"","src":"","width":0,"height":0},"classes":[]},{"id":11460,"url":"https:\/\/quechilero.com\/blog\/2011\/12\/26\/una-navidad-sin-cristo-o-un-cristo-sin-navidad\/","url_meta":{"origin":6532,"position":3},"title":"\u00bfUna Navidad sin Cristo o un Cristo sin Navidad?","author":"Pepe Barrascout Ortiz","date":"26 diciembre 2011","format":false,"excerpt":"Cristo vino porque Dios nos ama y porque quiere hacer sentir su amor entre nosotros. Yo me siento orgulloso porque mi Buen Padre Dios me ama. \u00bfUna Navidad sin Cristo o un Cristo sin Navidad? Cristo en su Navidad es el puente tendido por Dios para acercarse a los hombres\u2026","rel":"","context":"En \u00abLimones\u00bb","block_context":{"text":"Limones","link":"https:\/\/quechilero.com\/blog\/category\/limones\/"},"img":{"alt_text":"","src":"","width":0,"height":0},"classes":[]},{"id":17591,"url":"https:\/\/quechilero.com\/blog\/2013\/12\/19\/si-tienes\/","url_meta":{"origin":6532,"position":4},"title":"Si tienes&#8230;","author":"Pepe Barrascout Ortiz","date":"19 diciembre 2013","format":false,"excerpt":"Si tienes tinieblas, encuentra tu l\u00e1mpara. La Navidad es luz. Si tienes errores, reflexiona. La Navidad es verdad. Si tienes enemigos, reconc\u00edliate. La Navidad es paz. Si tienes tristeza, al\u00e9grate. La Navidad es gozo. Si tienes pecados, convi\u00e9rtete. La Navidad es gracia. Si tienes odio, olv\u00eddalo. La Navidad es perd\u00f3n.\u2026","rel":"","context":"En \u00abLimones\u00bb","block_context":{"text":"Limones","link":"https:\/\/quechilero.com\/blog\/category\/limones\/"},"img":{"alt_text":"","src":"","width":0,"height":0},"classes":[]},{"id":17608,"url":"https:\/\/quechilero.com\/blog\/2013\/12\/26\/con-quien-pasaras-las-fiestas\/","url_meta":{"origin":6532,"position":5},"title":"\u00bfCon qui\u00e9n pasar\u00e1s las fiestas?","author":"Pepe Barrascout Ortiz","date":"26 diciembre 2013","format":false,"excerpt":"Se acerca la Navidad y las preguntas obligadas comienzan a surgir: - \u00bfCon qui\u00e9n vas a pasar las fiestas? - \u00bfQu\u00e9 van a cenar en tu casa? - \u00bfD\u00f3nde vas a pasar el 24? \u00bfY el 25? Es ah\u00ed donde surgen las respuestas tambi\u00e9n obligadas: - Con mis padres, mis\u2026","rel":"","context":"En \u00abLimones\u00bb","block_context":{"text":"Limones","link":"https:\/\/quechilero.com\/blog\/category\/limones\/"},"img":{"alt_text":"","src":"","width":0,"height":0},"classes":[]}],"jetpack_featured_media_url":"","_links":{"self":[{"href":"https:\/\/quechilero.com\/blog\/wp-json\/wp\/v2\/posts\/6532","targetHints":{"allow":["GET"]}}],"collection":[{"href":"https:\/\/quechilero.com\/blog\/wp-json\/wp\/v2\/posts"}],"about":[{"href":"https:\/\/quechilero.com\/blog\/wp-json\/wp\/v2\/types\/post"}],"author":[{"embeddable":true,"href":"https:\/\/quechilero.com\/blog\/wp-json\/wp\/v2\/users\/1"}],"replies":[{"embeddable":true,"href":"https:\/\/quechilero.com\/blog\/wp-json\/wp\/v2\/comments?post=6532"}],"version-history":[{"count":0,"href":"https:\/\/quechilero.com\/blog\/wp-json\/wp\/v2\/posts\/6532\/revisions"}],"wp:attachment":[{"href":"https:\/\/quechilero.com\/blog\/wp-json\/wp\/v2\/media?parent=6532"}],"wp:term":[{"taxonomy":"category","embeddable":true,"href":"https:\/\/quechilero.com\/blog\/wp-json\/wp\/v2\/categories?post=6532"},{"taxonomy":"post_tag","embeddable":true,"href":"https:\/\/quechilero.com\/blog\/wp-json\/wp\/v2\/tags?post=6532"},{"taxonomy":"series","embeddable":true,"href":"https:\/\/quechilero.com\/blog\/wp-json\/wp\/v2\/series?post=6532"}],"curies":[{"name":"wp","href":"https:\/\/api.w.org\/{rel}","templated":true}]}}