{"id":6530,"date":"2010-12-18T12:00:12","date_gmt":"2010-12-18T18:00:12","guid":{"rendered":"http:\/\/quechilero.com\/blog\/?p=6530"},"modified":"2010-12-18T12:00:12","modified_gmt":"2010-12-18T18:00:12","slug":"estampas-navidenas-quebec","status":"publish","type":"post","link":"https:\/\/quechilero.com\/blog\/2010\/12\/18\/estampas-navidenas-quebec\/","title":{"rendered":"Estampas Navide\u00f1as: Qu\u00e9bec"},"content":{"rendered":"<p>En Canad\u00e1, las posibilidades de una blanca Navidad son muy buenas.\u00a0La foto muestra el hist\u00f3rico distrito de la zona de \u00abLe Ville\u00bb en Qu\u00e9bec.<\/p>\n<p><a href=\"http:\/\/s392.photobucket.com\/albums\/pp7\/pepejaguar\/blog\/?action=view&amp;current=Weihnachtsrituale_47_2010_17_maxsize_735_490.jpg\"><img data-recalc-dims=\"1\" decoding=\"async\" class=\"alignnone\" src=\"https:\/\/i0.wp.com\/i392.photobucket.com\/albums\/pp7\/pepejaguar\/blog\/Weihnachtsrituale_47_2010_17_maxsize_735_490.jpg?w=560\" alt=\"\"  \/><\/a><\/p>\n<p>Imagen: <a title=\"Estampas Navide\u00f1as\" href=\"http:\/\/www.stern.de\/reise\/fernreisen\/advent-weltweit-es-weihnachtet-auf-allen-kontinenten-1627752-9edc5f7e87364499.html\" target=\"_blank\">\u00a9 Jacques Boissinot\/AP<\/a><\/p>\n","protected":false},"excerpt":{"rendered":"<p>En Canad\u00e1, las posibilidades de una blanca Navidad son muy buenas.\u00a0La foto muestra el hist\u00f3rico distrito de la zona de \u00abLe Ville\u00bb en Qu\u00e9bec. Imagen: \u00a9 Jacques Boissinot\/AP<\/p>\n","protected":false},"author":1,"featured_media":0,"comment_status":"open","ping_status":"open","sticky":false,"template":"","format":"standard","meta":{"advanced_seo_description":"","jetpack_seo_html_title":"","jetpack_seo_noindex":false,"jetpack_seo_schema_type":"","episode_type":"","audio_file":"","podmotor_file_id":"","podmotor_episode_id":"","cover_image":"","cover_image_id":"","duration":"","filesize":"","filesize_raw":"","date_recorded":"","explicit":"","block":"","_jetpack_newsletter_access":"","_jetpack_dont_email_post_to_subs":false,"_jetpack_newsletter_tier_id":0,"_jetpack_memberships_contains_paywalled_content":false,"_jetpack_feature_clip_id":0,"_jetpack_memberships_contains_paid_content":false,"footnotes":"","jetpack_publicize_message":"","jetpack_publicize_feature_enabled":true,"jetpack_social_post_already_shared":false,"jetpack_social_options":{"image_generator_settings":{"template":"highway","default_image_id":0,"font":"","enabled":false},"version":2},"jetpack_post_was_ever_published":false},"categories":[98],"tags":[24],"series":[],"class_list":["post-6530","post","type-post","status-publish","format-standard","hentry","category-limones-por-mano","tag-vida"],"episode_featured_image":false,"episode_player_image":"https:\/\/i0.wp.com\/quechilero.com\/blog\/imagenes\/podcast.png?fit=1831%2C1831&ssl=1","download_link":"","player_link":"","audio_player":false,"episode_data":{"playerMode":"dark","subscribeUrls":{"amazon":{"key":"amazon","url":"","label":"Amazon","class":"amazon","icon":"amazon.png"},"apple_podcasts":{"key":"apple_podcasts","url":"","label":"Apple Podcasts","class":"apple_podcasts","icon":"apple-podcasts.png"},"castbox":{"key":"castbox","url":"","label":"CastBox","class":"castbox","icon":"castbox.png"},"deezer":{"key":"deezer","url":"","label":"Deezer","class":"deezer","icon":"deezer.png"},"google_podcasts":{"key":"google_podcasts","url":"","label":"Google Podcasts","class":"google_podcasts","icon":"google-podcasts.png"},"listen_notes":{"key":"listen_notes","url":"","label":"Listen Notes","class":"listen_notes","icon":"listen-notes.png"},"pandora":{"key":"pandora","url":"","label":"Pandora","class":"pandora","icon":"pandora.png"},"podbean":{"key":"podbean","url":"","label":"Podbean","class":"podbean","icon":"podbean.png"},"podcast_republic":{"key":"podcast_republic","url":"","label":"Podcast Republic","class":"podcast_republic","icon":"podcast-republic.png"},"rss":{"key":"rss","url":"","label":"RSS","class":"rss","icon":"rss.png"},"spotify":{"key":"spotify","url":"","label":"Spotify","class":"spotify","icon":"spotify.png"},"stitcher":{"key":"stitcher","url":"","label":"Stitcher","class":"stitcher","icon":"stitcher.png"},"tunein":{"key":"tunein","url":"","label":"TuneIn","class":"tunein","icon":"tunein.png"},"youtube":{"key":"youtube","url":"","label":"YouTube","class":"youtube","icon":"youtube.png"},"iheartradio":{"key":"iheartradio","url":"","label":"iHeartRadio","class":"iheartradio","icon":"iheartradio.png"},"ivoox":{"key":"ivoox","url":"","label":"iVoox","class":"ivoox","icon":"ivoox.png"}},"rssFeedUrl":"https:\/\/quechilero.com\/blog\/feed\/podcast\/si-la-vida-nos-da-limones","embedCode":"<blockquote class=\"wp-embedded-content\" data-secret=\"cQFmkq6mze\"><a href=\"https:\/\/quechilero.com\/blog\/2010\/12\/18\/estampas-navidenas-quebec\/\">Estampas Navide\u00f1as: Qu\u00e9bec<\/a><\/blockquote><iframe sandbox=\"allow-scripts\" security=\"restricted\" src=\"https:\/\/quechilero.com\/blog\/2010\/12\/18\/estampas-navidenas-quebec\/embed\/#?secret=cQFmkq6mze\" width=\"500\" height=\"350\" title=\"\u00abEstampas Navide\u00f1as: Qu\u00e9bec\u00bb \u2014 Si la Vida nos da Limones...\" data-secret=\"cQFmkq6mze\" frameborder=\"0\" marginwidth=\"0\" marginheight=\"0\" scrolling=\"no\" class=\"wp-embedded-content\"><\/iframe><script>\n\/*! This file is auto-generated *\/\n!function(d,l){\"use strict\";l.querySelector&&d.addEventListener&&\"undefined\"!=typeof URL&&(d.wp=d.wp||{},d.wp.receiveEmbedMessage||(d.wp.receiveEmbedMessage=function(e){var t=e.data;if((t||t.secret||t.message||t.value)&&!\/[^a-zA-Z0-9]\/.test(t.secret)){for(var s,r,n,a=l.querySelectorAll('iframe[data-secret=\"'+t.secret+'\"]'),o=l.querySelectorAll('blockquote[data-secret=\"'+t.secret+'\"]'),c=new RegExp(\"^https?:$\",\"i\"),i=0;i<o.length;i++)o[i].style.display=\"none\";for(i=0;i<a.length;i++)s=a[i],e.source===s.contentWindow&&(s.removeAttribute(\"style\"),\"height\"===t.message?(1e3<(r=parseInt(t.value,10))?r=1e3:~~r<200&&(r=200),s.height=r):\"link\"===t.message&&(r=new URL(s.getAttribute(\"src\")),n=new URL(t.value),c.test(n.protocol))&&n.host===r.host&&l.activeElement===s&&(d.top.location.href=t.value))}},d.addEventListener(\"message\",d.wp.receiveEmbedMessage,!1),l.addEventListener(\"DOMContentLoaded\",function(){for(var e,t,s=l.querySelectorAll(\"iframe.wp-embedded-content\"),r=0;r<s.length;r++)(t=(e=s[r]).getAttribute(\"data-secret\"))||(t=Math.random().toString(36).substring(2,12),e.src+=\"#?secret=\"+t,e.setAttribute(\"data-secret\",t)),e.contentWindow.postMessage({message:\"ready\",secret:t},\"*\")},!1)))}(window,document);\n\/\/# sourceURL=https:\/\/quechilero.com\/blog\/wp-includes\/js\/wp-embed.min.js\n<\/script>\n"},"jetpack_publicize_connections":[],"jetpack_shortlink":"https:\/\/wp.me\/pDKli-1Hk","jetpack_sharing_enabled":true,"jetpack-related-posts":[{"id":21642,"url":"https:\/\/quechilero.com\/blog\/2016\/01\/19\/la-vuelta-al-mundo-en-20-hyperlapses-quebec\/","url_meta":{"origin":6530,"position":0},"title":"La vuelta al mundo en 20 hyperlapses: Quebec","author":"Pepe Barrascout Ortiz","date":"19 enero 2016","format":false,"excerpt":"El hyperlapse, que no es mas que una t\u00e9cnica derivada del timelapse, le agrega un toque de movimiento extra, permitiendo que la c\u00e1mara no se encuentre en una posici\u00f3n fija, logrando darle riqueza a la composici\u00f3n visual. 16. Quebec de noche https:\/\/vimeo.com\/58983130 Otros hyperlapses\u00a0aqu\u00ed.","rel":"","context":"En \u00abVideoBlog\u00bb","block_context":{"text":"VideoBlog","link":"https:\/\/quechilero.com\/blog\/category\/videoblog\/"},"img":{"alt_text":"","src":"","width":0,"height":0},"classes":[]},{"id":17927,"url":"https:\/\/quechilero.com\/blog\/2014\/06\/25\/la-fe-de-jorge-muller\/","url_meta":{"origin":6530,"position":1},"title":"La fe de Jorge M\u00fcller","author":"Pepe Barrascout Ortiz","date":"25 junio 2014","format":false,"excerpt":"El capit\u00e1n de un barco cont\u00f3 la siguiente historia: La \u00faltima vez que navegu\u00e9 por aqu\u00ed, hace cinco semanas, me aconteci\u00f3 algo extraordinario que revolucion\u00f3 mi vida por completo. Ten\u00edamos a bordo a Jorge M\u00fcller, de Bristol. Durante veinticuatro horas yo no hab\u00eda abandonado el puente de mando, cuando se\u2026","rel":"","context":"En \u00abLimones\u00bb","block_context":{"text":"Limones","link":"https:\/\/quechilero.com\/blog\/category\/limones\/"},"img":{"alt_text":"","src":"","width":0,"height":0},"classes":[]},{"id":12679,"url":"https:\/\/quechilero.com\/blog\/2012\/04\/09\/creatividad-i-gotta-feeling\/","url_meta":{"origin":6530,"position":2},"title":"Creatividad &#8211; I Gotta Feeling","author":"Pepe Barrascout Ortiz","date":"9 abril 2012","format":false,"excerpt":"https:\/\/youtu.be\/-zcOFN_VBVo Un grupo de 172 estudiantes de ciencias de la comunicaci\u00f3n, de la Universidad de Quebec, para la semana de integraci\u00f3n. El video fue realizado el 10 de septiembre de 2009 en apenas 2 horas y 15 minutos. Con un presupuesto m\u00ednimo, pero mucha creatividad y coordinaci\u00f3n, se pueden lograr\u2026","rel":"","context":"En \u00abLimones\u00bb","block_context":{"text":"Limones","link":"https:\/\/quechilero.com\/blog\/category\/limones\/"},"img":{"alt_text":"","src":"https:\/\/i0.wp.com\/img.youtube.com\/vi\/-zcOFN_VBVo\/0.jpg?resize=350%2C200","width":350,"height":200},"classes":[]},{"id":22613,"url":"https:\/\/quechilero.com\/blog\/2017\/08\/22\/gracias-amigos-2017\/","url_meta":{"origin":6530,"position":3},"title":"Gracias amigos","author":"Pepe Barrascout Ortiz","date":"22 agosto 2017","format":false,"excerpt":"Una vez m\u00e1s, a todos mis amigos les doy las gracias, que como en a\u00f1os anteriores, me han saludado con motivo de mi cumplea\u00f1os. Cada vez, este mensaje de agradecimiento llega m\u00e1s tarde, porque cada vez son m\u00e1s los saludos que recibo y se hace bastante complicado irlos reuniendo. Sin\u2026","rel":"","context":"En \u00abLimones\u00bb","block_context":{"text":"Limones","link":"https:\/\/quechilero.com\/blog\/category\/limones\/"},"img":{"alt_text":"","src":"","width":0,"height":0},"classes":[]}],"jetpack_featured_media_url":"","_links":{"self":[{"href":"https:\/\/quechilero.com\/blog\/wp-json\/wp\/v2\/posts\/6530","targetHints":{"allow":["GET"]}}],"collection":[{"href":"https:\/\/quechilero.com\/blog\/wp-json\/wp\/v2\/posts"}],"about":[{"href":"https:\/\/quechilero.com\/blog\/wp-json\/wp\/v2\/types\/post"}],"author":[{"embeddable":true,"href":"https:\/\/quechilero.com\/blog\/wp-json\/wp\/v2\/users\/1"}],"replies":[{"embeddable":true,"href":"https:\/\/quechilero.com\/blog\/wp-json\/wp\/v2\/comments?post=6530"}],"version-history":[{"count":0,"href":"https:\/\/quechilero.com\/blog\/wp-json\/wp\/v2\/posts\/6530\/revisions"}],"wp:attachment":[{"href":"https:\/\/quechilero.com\/blog\/wp-json\/wp\/v2\/media?parent=6530"}],"wp:term":[{"taxonomy":"category","embeddable":true,"href":"https:\/\/quechilero.com\/blog\/wp-json\/wp\/v2\/categories?post=6530"},{"taxonomy":"post_tag","embeddable":true,"href":"https:\/\/quechilero.com\/blog\/wp-json\/wp\/v2\/tags?post=6530"},{"taxonomy":"series","embeddable":true,"href":"https:\/\/quechilero.com\/blog\/wp-json\/wp\/v2\/series?post=6530"}],"curies":[{"name":"wp","href":"https:\/\/api.w.org\/{rel}","templated":true}]}}