{"id":6527,"date":"2010-12-17T12:00:43","date_gmt":"2010-12-17T18:00:43","guid":{"rendered":"http:\/\/quechilero.com\/blog\/?p=6527"},"modified":"2010-12-17T12:00:43","modified_gmt":"2010-12-17T18:00:43","slug":"estampas-navidenas-praga","status":"publish","type":"post","link":"https:\/\/quechilero.com\/blog\/2010\/12\/17\/estampas-navidenas-praga\/","title":{"rendered":"Estampas Navide\u00f1as: Praga"},"content":{"rendered":"<div id=\"gt-res-c\">\n<div id=\"gt-res-p\">\n<div id=\"gt-res-data\">\n<div id=\"gt-res-content\">\n<div dir=\"ltr\">\u00bfY lo que comemos en la v\u00edspera de Navidad?: El men\u00fa de Navidad variar\u00e1 de pa\u00eds a pa\u00eds, de regi\u00f3n a regi\u00f3n. En Praga es el pescado, en este caso una carpa, engalanar\u00e1 alguna mesa festiva.<\/div>\n<\/div>\n<\/div>\n<\/div>\n<\/div>\n<p><a href=\"http:\/\/s392.photobucket.com\/albums\/pp7\/pepejaguar\/blog\/?action=view&amp;current=Weihnachtsrituale_47_2010_16_maxsize_735_490.jpg\"><img data-recalc-dims=\"1\" decoding=\"async\" class=\"alignnone\" src=\"https:\/\/i0.wp.com\/i392.photobucket.com\/albums\/pp7\/pepejaguar\/blog\/Weihnachtsrituale_47_2010_16_maxsize_735_490.jpg?w=560\" alt=\"\"  \/><\/a><\/p>\n<p>Imagen: <a title=\"Estampas navide\u00f1as\" href=\"http:\/\/www.stern.de\/reise\/fernreisen\/advent-weltweit-es-weihnachtet-auf-allen-kontinenten-1627752-1c3bc5819dc86405.html\" target=\"_blank\">\u00a9 Filip Singer\/EPA<\/a><\/p>\n","protected":false},"excerpt":{"rendered":"<p>\u00bfY lo que comemos en la v\u00edspera de Navidad?: El men\u00fa de Navidad variar\u00e1 de pa\u00eds a pa\u00eds, de regi\u00f3n a regi\u00f3n. En Praga es el pescado, en este caso una carpa, engalanar\u00e1 alguna mesa festiva. Imagen: \u00a9 Filip Singer\/EPA<\/p>\n","protected":false},"author":1,"featured_media":0,"comment_status":"open","ping_status":"open","sticky":false,"template":"","format":"standard","meta":{"advanced_seo_description":"","jetpack_seo_html_title":"","jetpack_seo_noindex":false,"jetpack_seo_schema_type":"","episode_type":"","audio_file":"","podmotor_file_id":"","podmotor_episode_id":"","cover_image":"","cover_image_id":"","duration":"","filesize":"","filesize_raw":"","date_recorded":"","explicit":"","block":"","_jetpack_newsletter_access":"","_jetpack_dont_email_post_to_subs":false,"_jetpack_newsletter_tier_id":0,"_jetpack_memberships_contains_paywalled_content":false,"_jetpack_feature_clip_id":0,"_jetpack_memberships_contains_paid_content":false,"footnotes":"","jetpack_publicize_message":"","jetpack_publicize_feature_enabled":true,"jetpack_social_post_already_shared":false,"jetpack_social_options":{"image_generator_settings":{"template":"highway","default_image_id":0,"font":"","enabled":false},"version":2},"jetpack_post_was_ever_published":false},"categories":[98],"tags":[24],"series":[],"class_list":["post-6527","post","type-post","status-publish","format-standard","hentry","category-limones-por-mano","tag-vida"],"episode_featured_image":false,"episode_player_image":"https:\/\/i0.wp.com\/quechilero.com\/blog\/imagenes\/podcast.png?fit=1831%2C1831&ssl=1","download_link":"","player_link":"","audio_player":false,"episode_data":{"playerMode":"dark","subscribeUrls":{"amazon":{"key":"amazon","url":"","label":"Amazon","class":"amazon","icon":"amazon.png"},"apple_podcasts":{"key":"apple_podcasts","url":"","label":"Apple Podcasts","class":"apple_podcasts","icon":"apple-podcasts.png"},"castbox":{"key":"castbox","url":"","label":"CastBox","class":"castbox","icon":"castbox.png"},"deezer":{"key":"deezer","url":"","label":"Deezer","class":"deezer","icon":"deezer.png"},"google_podcasts":{"key":"google_podcasts","url":"","label":"Google Podcasts","class":"google_podcasts","icon":"google-podcasts.png"},"listen_notes":{"key":"listen_notes","url":"","label":"Listen Notes","class":"listen_notes","icon":"listen-notes.png"},"pandora":{"key":"pandora","url":"","label":"Pandora","class":"pandora","icon":"pandora.png"},"podbean":{"key":"podbean","url":"","label":"Podbean","class":"podbean","icon":"podbean.png"},"podcast_republic":{"key":"podcast_republic","url":"","label":"Podcast Republic","class":"podcast_republic","icon":"podcast-republic.png"},"rss":{"key":"rss","url":"","label":"RSS","class":"rss","icon":"rss.png"},"spotify":{"key":"spotify","url":"","label":"Spotify","class":"spotify","icon":"spotify.png"},"stitcher":{"key":"stitcher","url":"","label":"Stitcher","class":"stitcher","icon":"stitcher.png"},"tunein":{"key":"tunein","url":"","label":"TuneIn","class":"tunein","icon":"tunein.png"},"youtube":{"key":"youtube","url":"","label":"YouTube","class":"youtube","icon":"youtube.png"},"iheartradio":{"key":"iheartradio","url":"","label":"iHeartRadio","class":"iheartradio","icon":"iheartradio.png"},"ivoox":{"key":"ivoox","url":"","label":"iVoox","class":"ivoox","icon":"ivoox.png"}},"rssFeedUrl":"https:\/\/quechilero.com\/blog\/feed\/podcast\/si-la-vida-nos-da-limones","embedCode":"<blockquote class=\"wp-embedded-content\" data-secret=\"O6QSwb1mvC\"><a href=\"https:\/\/quechilero.com\/blog\/2010\/12\/17\/estampas-navidenas-praga\/\">Estampas Navide\u00f1as: Praga<\/a><\/blockquote><iframe sandbox=\"allow-scripts\" security=\"restricted\" src=\"https:\/\/quechilero.com\/blog\/2010\/12\/17\/estampas-navidenas-praga\/embed\/#?secret=O6QSwb1mvC\" width=\"500\" height=\"350\" title=\"\u00abEstampas Navide\u00f1as: Praga\u00bb \u2014 Si la Vida nos da Limones...\" data-secret=\"O6QSwb1mvC\" frameborder=\"0\" marginwidth=\"0\" marginheight=\"0\" scrolling=\"no\" class=\"wp-embedded-content\"><\/iframe><script>\n\/*! This file is auto-generated *\/\n!function(d,l){\"use strict\";l.querySelector&&d.addEventListener&&\"undefined\"!=typeof URL&&(d.wp=d.wp||{},d.wp.receiveEmbedMessage||(d.wp.receiveEmbedMessage=function(e){var t=e.data;if((t||t.secret||t.message||t.value)&&!\/[^a-zA-Z0-9]\/.test(t.secret)){for(var s,r,n,a=l.querySelectorAll('iframe[data-secret=\"'+t.secret+'\"]'),o=l.querySelectorAll('blockquote[data-secret=\"'+t.secret+'\"]'),c=new RegExp(\"^https?:$\",\"i\"),i=0;i<o.length;i++)o[i].style.display=\"none\";for(i=0;i<a.length;i++)s=a[i],e.source===s.contentWindow&&(s.removeAttribute(\"style\"),\"height\"===t.message?(1e3<(r=parseInt(t.value,10))?r=1e3:~~r<200&&(r=200),s.height=r):\"link\"===t.message&&(r=new URL(s.getAttribute(\"src\")),n=new URL(t.value),c.test(n.protocol))&&n.host===r.host&&l.activeElement===s&&(d.top.location.href=t.value))}},d.addEventListener(\"message\",d.wp.receiveEmbedMessage,!1),l.addEventListener(\"DOMContentLoaded\",function(){for(var e,t,s=l.querySelectorAll(\"iframe.wp-embedded-content\"),r=0;r<s.length;r++)(t=(e=s[r]).getAttribute(\"data-secret\"))||(t=Math.random().toString(36).substring(2,12),e.src+=\"#?secret=\"+t,e.setAttribute(\"data-secret\",t)),e.contentWindow.postMessage({message:\"ready\",secret:t},\"*\")},!1)))}(window,document);\n\/\/# sourceURL=https:\/\/quechilero.com\/blog\/wp-includes\/js\/wp-embed.min.js\n<\/script>\n"},"jetpack_publicize_connections":[],"jetpack_shortlink":"https:\/\/wp.me\/pDKli-1Hh","jetpack_sharing_enabled":true,"jetpack-related-posts":[{"id":60,"url":"https:\/\/quechilero.com\/blog\/2006\/08\/01\/la-calle-mas-angosta-del-mundo\/","url_meta":{"origin":6527,"position":0},"title":"La calle m\u00e1s angosta del mundo","author":"Pepe Barrascout Ortiz","date":"1 agosto 2006","format":false,"excerpt":"Una curiosidad mas. La calle mas angosta del mundo est\u00e1 en Praga y es tan angosta que se ha colocado un sem\u00e1foro para peatones, puesto que dos personas no la pueden cruzar al mismo tiempo. Intereseante, sobre todo la cultura del sem\u00e1foro peatonal. En nuestra regi\u00f3n solo en Costa Rica\u2026","rel":"","context":"En \u00abLimones\u00bb","block_context":{"text":"Limones","link":"https:\/\/quechilero.com\/blog\/category\/limones\/"},"img":{"alt_text":"","src":"","width":0,"height":0},"classes":[]},{"id":10649,"url":"https:\/\/quechilero.com\/blog\/2011\/09\/19\/disena-el-futuro-de-las-noticias\/","url_meta":{"origin":6527,"position":1},"title":"Dise\u00f1a el futuro de las noticias","author":"Pepe Barrascout Ortiz","date":"19 septiembre 2011","format":false,"excerpt":"Sourcefabric invita a dise\u00f1adores y desarrolladores de todo el mundo a inventar nuevas formas de desplegar contenido period\u00edstico. El primer lugar se har\u00e1 acreedor de un viaje al ciclo de conferencias Mediafabric Praga 2011 donde podr\u00e1 presentar su dise\u00f1o a expertos en periodismo digital. La mec\u00e1nica para participar no podr\u00eda\u2026","rel":"","context":"En \u00abLimones\u00bb","block_context":{"text":"Limones","link":"https:\/\/quechilero.com\/blog\/category\/limones\/"},"img":{"alt_text":"","src":"","width":0,"height":0},"classes":[]},{"id":6493,"url":"https:\/\/quechilero.com\/blog\/2010\/12\/05\/estampas-navidenas-republica-checa\/","url_meta":{"origin":6527,"position":2},"title":"Estampas Navide\u00f1as: Rep\u00fablica Checa","author":"Pepe Barrascout Ortiz","date":"5 diciembre 2010","format":false,"excerpt":"Rituales pre Navide\u00f1os en la Rep\u00fablica Checa: Cada a\u00f1o despu\u00e9s del amanecer, el 5 de\u00a0De diciembre, el San Nicol\u00e1s en Praga, se presenta acompa\u00f1ado por un diablo que asusta a los ni\u00f1os, y de \u00e1ngeles, dando regalos a los ni\u00f1os. Imagen: \u00a9 Michal Cizek\/AFP","rel":"","context":"En \u00abLimones por mano\u00bb","block_context":{"text":"Limones por mano","link":"https:\/\/quechilero.com\/blog\/category\/limones-por-mano\/"},"img":{"alt_text":"","src":"","width":0,"height":0},"classes":[]},{"id":7567,"url":"https:\/\/quechilero.com\/blog\/2011\/12\/15\/siguiendo-el-viaje-de-santa-claus\/","url_meta":{"origin":6527,"position":3},"title":"Siguiendo el viaje de Santa Claus","author":"Pepe Barrascout Ortiz","date":"15 diciembre 2011","format":false,"excerpt":"https:\/\/youtu.be\/OcTzRXlBcm4 Para mantener viva la tradici\u00f3n, pero adaptada a las nuevas tecnolog\u00edas,\u00a0Noradsanta\u00a0es un sitio web que permite\u00a0hacer un seguimiento, del viaje que realiza\u00a0Santa Claus, en la v\u00edspera de la Navidad, en su permanente tarea de llevar\u00a0regalos a los ni\u00f1os que se han portado bien, a lo largo del a\u00f1o. Utilizando\u2026","rel":"","context":"En \u00abLimones\u00bb","block_context":{"text":"Limones","link":"https:\/\/quechilero.com\/blog\/category\/limones\/"},"img":{"alt_text":"","src":"https:\/\/i0.wp.com\/img.youtube.com\/vi\/OcTzRXlBcm4\/0.jpg?resize=350%2C200","width":350,"height":200},"classes":[]},{"id":11451,"url":"https:\/\/quechilero.com\/blog\/2011\/12\/23\/tolerancia-como-dijo\/","url_meta":{"origin":6527,"position":4},"title":"\u00bfTolerancia? \u00bfC\u00f3mo dijo?","author":"Pepe Barrascout Ortiz","date":"23 diciembre 2011","format":false,"excerpt":"En el Primer Mundo la tolerancia se ha convertido en un tema muy importante. Pero claro, tolerancia de los cristianos para con los no cristianos, nunca al rev\u00e9s. Porque, cr\u00e9ase o no, hay personas que afirman sentirse ofendidas cuando en un pa\u00eds de mayor\u00eda cristiana, se les dice Feliz Navidad.\u2026","rel":"","context":"En \u00abLimones\u00bb","block_context":{"text":"Limones","link":"https:\/\/quechilero.com\/blog\/category\/limones\/"},"img":{"alt_text":"","src":"","width":0,"height":0},"classes":[]},{"id":6520,"url":"https:\/\/quechilero.com\/blog\/2010\/12\/14\/estampas-navidenas-bogota\/","url_meta":{"origin":6527,"position":5},"title":"Estampas Navide\u00f1as: Bogot\u00e1","author":"Pepe Barrascout Ortiz","date":"14 diciembre 2010","format":false,"excerpt":"Las luces brillantes en Colombia: En el pa\u00eds sudamericano, el 90 por ciento de la poblaci\u00f3n cat\u00f3lica, celebrar la Navidad con espect\u00e1culos especiales y desfiles, como aqu\u00ed en Bogot\u00e1, la pre-Navidad. Imagen: \u00a9 William Fernando Martinez\/AP","rel":"","context":"En \u00abLimones por mano\u00bb","block_context":{"text":"Limones por mano","link":"https:\/\/quechilero.com\/blog\/category\/limones-por-mano\/"},"img":{"alt_text":"","src":"","width":0,"height":0},"classes":[]}],"jetpack_featured_media_url":"","_links":{"self":[{"href":"https:\/\/quechilero.com\/blog\/wp-json\/wp\/v2\/posts\/6527","targetHints":{"allow":["GET"]}}],"collection":[{"href":"https:\/\/quechilero.com\/blog\/wp-json\/wp\/v2\/posts"}],"about":[{"href":"https:\/\/quechilero.com\/blog\/wp-json\/wp\/v2\/types\/post"}],"author":[{"embeddable":true,"href":"https:\/\/quechilero.com\/blog\/wp-json\/wp\/v2\/users\/1"}],"replies":[{"embeddable":true,"href":"https:\/\/quechilero.com\/blog\/wp-json\/wp\/v2\/comments?post=6527"}],"version-history":[{"count":0,"href":"https:\/\/quechilero.com\/blog\/wp-json\/wp\/v2\/posts\/6527\/revisions"}],"wp:attachment":[{"href":"https:\/\/quechilero.com\/blog\/wp-json\/wp\/v2\/media?parent=6527"}],"wp:term":[{"taxonomy":"category","embeddable":true,"href":"https:\/\/quechilero.com\/blog\/wp-json\/wp\/v2\/categories?post=6527"},{"taxonomy":"post_tag","embeddable":true,"href":"https:\/\/quechilero.com\/blog\/wp-json\/wp\/v2\/tags?post=6527"},{"taxonomy":"series","embeddable":true,"href":"https:\/\/quechilero.com\/blog\/wp-json\/wp\/v2\/series?post=6527"}],"curies":[{"name":"wp","href":"https:\/\/api.w.org\/{rel}","templated":true}]}}