{"id":6520,"date":"2010-12-14T12:00:55","date_gmt":"2010-12-14T18:00:55","guid":{"rendered":"http:\/\/quechilero.com\/blog\/?p=6520"},"modified":"2010-12-14T12:00:55","modified_gmt":"2010-12-14T18:00:55","slug":"estampas-navidenas-bogota","status":"publish","type":"post","link":"https:\/\/quechilero.com\/blog\/2010\/12\/14\/estampas-navidenas-bogota\/","title":{"rendered":"Estampas Navide\u00f1as: Bogot\u00e1"},"content":{"rendered":"<p>Las luces brillantes en Colombia: En el pa\u00eds sudamericano, el 90 por ciento de la poblaci\u00f3n cat\u00f3lica, celebrar la Navidad con espect\u00e1culos especiales y desfiles, como aqu\u00ed en Bogot\u00e1, la pre-Navidad.<\/p>\n<p><a href=\"http:\/\/s392.photobucket.com\/albums\/pp7\/pepejaguar\/blog\/?action=view&amp;current=Weihnachtsrituale_47_2010_13_maxsize_735_490.jpg\"><img data-recalc-dims=\"1\" decoding=\"async\" class=\"alignnone\" src=\"https:\/\/i0.wp.com\/i392.photobucket.com\/albums\/pp7\/pepejaguar\/blog\/Weihnachtsrituale_47_2010_13_maxsize_735_490.jpg?w=560\" alt=\"\"  \/><\/a><\/p>\n<p>Imagen: <a title=\"Estampas Navide\u00f1as\" href=\"http:\/\/www.stern.de\/reise\/fernreisen\/advent-weltweit-es-weihnachtet-auf-allen-kontinenten-1627752-b16363eb09aa5fe6.html\" target=\"_blank\">\u00a9 William Fernando Martinez\/AP<\/a><\/p>\n","protected":false},"excerpt":{"rendered":"<p>Las luces brillantes en Colombia: En el pa\u00eds sudamericano, el 90 por ciento de la poblaci\u00f3n cat\u00f3lica, celebrar la Navidad con espect\u00e1culos especiales y desfiles, como aqu\u00ed en Bogot\u00e1, la pre-Navidad. Imagen: \u00a9 William Fernando Martinez\/AP<\/p>\n","protected":false},"author":1,"featured_media":0,"comment_status":"open","ping_status":"open","sticky":false,"template":"","format":"standard","meta":{"advanced_seo_description":"","jetpack_seo_html_title":"","jetpack_seo_noindex":false,"jetpack_seo_schema_type":"","episode_type":"","audio_file":"","podmotor_file_id":"","podmotor_episode_id":"","cover_image":"","cover_image_id":"","duration":"","filesize":"","filesize_raw":"","date_recorded":"","explicit":"","block":"","_jetpack_newsletter_access":"","_jetpack_dont_email_post_to_subs":false,"_jetpack_newsletter_tier_id":0,"_jetpack_memberships_contains_paywalled_content":false,"_jetpack_feature_clip_id":0,"_jetpack_memberships_contains_paid_content":false,"footnotes":"","jetpack_publicize_message":"","jetpack_publicize_feature_enabled":true,"jetpack_social_post_already_shared":false,"jetpack_social_options":{"image_generator_settings":{"template":"highway","default_image_id":0,"font":"","enabled":false},"version":2},"jetpack_post_was_ever_published":false},"categories":[98],"tags":[32,24],"series":[],"class_list":["post-6520","post","type-post","status-publish","format-standard","hentry","category-limones-por-mano","tag-especial","tag-vida"],"episode_featured_image":false,"episode_player_image":"https:\/\/i0.wp.com\/quechilero.com\/blog\/imagenes\/podcast.png?fit=1831%2C1831&ssl=1","download_link":"","player_link":"","audio_player":false,"episode_data":{"playerMode":"dark","subscribeUrls":{"amazon":{"key":"amazon","url":"","label":"Amazon","class":"amazon","icon":"amazon.png"},"apple_podcasts":{"key":"apple_podcasts","url":"","label":"Apple Podcasts","class":"apple_podcasts","icon":"apple-podcasts.png"},"castbox":{"key":"castbox","url":"","label":"CastBox","class":"castbox","icon":"castbox.png"},"deezer":{"key":"deezer","url":"","label":"Deezer","class":"deezer","icon":"deezer.png"},"google_podcasts":{"key":"google_podcasts","url":"","label":"Google Podcasts","class":"google_podcasts","icon":"google-podcasts.png"},"listen_notes":{"key":"listen_notes","url":"","label":"Listen Notes","class":"listen_notes","icon":"listen-notes.png"},"pandora":{"key":"pandora","url":"","label":"Pandora","class":"pandora","icon":"pandora.png"},"podbean":{"key":"podbean","url":"","label":"Podbean","class":"podbean","icon":"podbean.png"},"podcast_republic":{"key":"podcast_republic","url":"","label":"Podcast Republic","class":"podcast_republic","icon":"podcast-republic.png"},"rss":{"key":"rss","url":"","label":"RSS","class":"rss","icon":"rss.png"},"spotify":{"key":"spotify","url":"","label":"Spotify","class":"spotify","icon":"spotify.png"},"stitcher":{"key":"stitcher","url":"","label":"Stitcher","class":"stitcher","icon":"stitcher.png"},"tunein":{"key":"tunein","url":"","label":"TuneIn","class":"tunein","icon":"tunein.png"},"youtube":{"key":"youtube","url":"","label":"YouTube","class":"youtube","icon":"youtube.png"},"iheartradio":{"key":"iheartradio","url":"","label":"iHeartRadio","class":"iheartradio","icon":"iheartradio.png"},"ivoox":{"key":"ivoox","url":"","label":"iVoox","class":"ivoox","icon":"ivoox.png"}},"rssFeedUrl":"https:\/\/quechilero.com\/blog\/feed\/podcast\/si-la-vida-nos-da-limones","embedCode":"<blockquote class=\"wp-embedded-content\" data-secret=\"60GeK1FUVP\"><a href=\"https:\/\/quechilero.com\/blog\/2010\/12\/14\/estampas-navidenas-bogota\/\">Estampas Navide\u00f1as: Bogot\u00e1<\/a><\/blockquote><iframe sandbox=\"allow-scripts\" security=\"restricted\" src=\"https:\/\/quechilero.com\/blog\/2010\/12\/14\/estampas-navidenas-bogota\/embed\/#?secret=60GeK1FUVP\" width=\"500\" height=\"350\" title=\"\u00abEstampas Navide\u00f1as: Bogot\u00e1\u00bb \u2014 Si la Vida nos da Limones...\" data-secret=\"60GeK1FUVP\" frameborder=\"0\" marginwidth=\"0\" marginheight=\"0\" scrolling=\"no\" class=\"wp-embedded-content\"><\/iframe><script>\n\/*! This file is auto-generated *\/\n!function(d,l){\"use strict\";l.querySelector&&d.addEventListener&&\"undefined\"!=typeof URL&&(d.wp=d.wp||{},d.wp.receiveEmbedMessage||(d.wp.receiveEmbedMessage=function(e){var t=e.data;if((t||t.secret||t.message||t.value)&&!\/[^a-zA-Z0-9]\/.test(t.secret)){for(var s,r,n,a=l.querySelectorAll('iframe[data-secret=\"'+t.secret+'\"]'),o=l.querySelectorAll('blockquote[data-secret=\"'+t.secret+'\"]'),c=new RegExp(\"^https?:$\",\"i\"),i=0;i<o.length;i++)o[i].style.display=\"none\";for(i=0;i<a.length;i++)s=a[i],e.source===s.contentWindow&&(s.removeAttribute(\"style\"),\"height\"===t.message?(1e3<(r=parseInt(t.value,10))?r=1e3:~~r<200&&(r=200),s.height=r):\"link\"===t.message&&(r=new URL(s.getAttribute(\"src\")),n=new URL(t.value),c.test(n.protocol))&&n.host===r.host&&l.activeElement===s&&(d.top.location.href=t.value))}},d.addEventListener(\"message\",d.wp.receiveEmbedMessage,!1),l.addEventListener(\"DOMContentLoaded\",function(){for(var e,t,s=l.querySelectorAll(\"iframe.wp-embedded-content\"),r=0;r<s.length;r++)(t=(e=s[r]).getAttribute(\"data-secret\"))||(t=Math.random().toString(36).substring(2,12),e.src+=\"#?secret=\"+t,e.setAttribute(\"data-secret\",t)),e.contentWindow.postMessage({message:\"ready\",secret:t},\"*\")},!1)))}(window,document);\n\/\/# sourceURL=https:\/\/quechilero.com\/blog\/wp-includes\/js\/wp-embed.min.js\n<\/script>\n"},"jetpack_publicize_connections":[],"jetpack_shortlink":"https:\/\/wp.me\/pDKli-1Ha","jetpack_sharing_enabled":true,"jetpack-related-posts":[{"id":2119,"url":"https:\/\/quechilero.com\/blog\/2008\/12\/24\/feliz-navidad\/","url_meta":{"origin":6520,"position":0},"title":"Feliz Navidad","author":"Pepe Barrascout Ortiz","date":"24 diciembre 2008","format":false,"excerpt":"En estas fechas tan especiales para nosotros, en que celebramos la fiesta del Nacimiento del Hijo de Dios, quiero desear a todos los que leen los textos que publico en Si la vida nos da limones..., mucha paz, dicha, felicidad y bendiciones de Nuestro Se\u00f1or, que nuestras familias sean alcanzadas\u2026","rel":"","context":"En \u00abLimones\u00bb","block_context":{"text":"Limones","link":"https:\/\/quechilero.com\/blog\/category\/limones\/"},"img":{"alt_text":"","src":"https:\/\/i0.wp.com\/img186.imageshack.us\/img186\/4236\/navidadhc6.jpg?resize=350%2C200","width":350,"height":200,"srcset":"https:\/\/i0.wp.com\/img186.imageshack.us\/img186\/4236\/navidadhc6.jpg?resize=350%2C200 1x, https:\/\/i0.wp.com\/img186.imageshack.us\/img186\/4236\/navidadhc6.jpg?resize=525%2C300 1.5x"},"classes":[]},{"id":5672,"url":"https:\/\/quechilero.com\/blog\/2010\/12\/09\/clasificado\/","url_meta":{"origin":6520,"position":1},"title":"Clasificado","author":"Pepe Barrascout Ortiz","date":"9 diciembre 2010","format":false,"excerpt":"En el peri\u00f3dico local de mi cuidad sali\u00f3 el siguiente anuncio clasificado: \"\u00bfExiste alg\u00fan lugar en el que podamos pedir prestado a un ni\u00f1ito de tres o cuatro a\u00f1os de edad para las fiestas de Navidad? Tenemos un lindo hogar y nos ocupar\u00edamos muy bien de \u00e9l, devolvi\u00e9ndolo sano y\u2026","rel":"","context":"En \u00abLimones\u00bb","block_context":{"text":"Limones","link":"https:\/\/quechilero.com\/blog\/category\/limones\/"},"img":{"alt_text":"","src":"","width":0,"height":0},"classes":[]},{"id":5995,"url":"https:\/\/quechilero.com\/blog\/2010\/12\/25\/es-navidad\/","url_meta":{"origin":6520,"position":2},"title":"Es Navidad&#8230;","author":"Pepe Barrascout Ortiz","date":"25 diciembre 2010","format":false,"excerpt":"Si en tu coraz\u00f3n hay un poco m\u00e1s de Amor, es Navidad; Si has decidido Perdonar a alguien, es Navidad; Si buscas a Dios de verdad, es Navidad; Si aumenta el gozo de tu Fe Cristiana, es Navidad; Si en tu alma florece la Esperanza, es Navidad; Si trabajas por\u2026","rel":"","context":"En \u00abLimones\u00bb","block_context":{"text":"Limones","link":"https:\/\/quechilero.com\/blog\/category\/limones\/"},"img":{"alt_text":"","src":"","width":0,"height":0},"classes":[]},{"id":17597,"url":"https:\/\/quechilero.com\/blog\/2013\/12\/25\/es-navidad-2\/","url_meta":{"origin":6520,"position":3},"title":"Es Navidad&#8230;","author":"Pepe Barrascout Ortiz","date":"25 diciembre 2013","format":false,"excerpt":"Si en tu coraz\u00f3n hay un poco m\u00e1s de Amor, es Navidad... Si has decidido Perdonar a alguien, es Navidad... Si buscas a Dios de verdad, es Navidad... Si aumenta el gozo de tu Fe Cristiana, es Navidad... Si en tu alma florece la Esperanza, es Navidad... Si trabajas por\u2026","rel":"","context":"En \u00abLimones\u00bb","block_context":{"text":"Limones","link":"https:\/\/quechilero.com\/blog\/category\/limones\/"},"img":{"alt_text":"","src":"","width":0,"height":0},"classes":[]},{"id":17591,"url":"https:\/\/quechilero.com\/blog\/2013\/12\/19\/si-tienes\/","url_meta":{"origin":6520,"position":4},"title":"Si tienes&#8230;","author":"Pepe Barrascout Ortiz","date":"19 diciembre 2013","format":false,"excerpt":"Si tienes tinieblas, encuentra tu l\u00e1mpara. La Navidad es luz. Si tienes errores, reflexiona. La Navidad es verdad. Si tienes enemigos, reconc\u00edliate. La Navidad es paz. Si tienes tristeza, al\u00e9grate. La Navidad es gozo. Si tienes pecados, convi\u00e9rtete. La Navidad es gracia. Si tienes odio, olv\u00eddalo. La Navidad es perd\u00f3n.\u2026","rel":"","context":"En \u00abLimones\u00bb","block_context":{"text":"Limones","link":"https:\/\/quechilero.com\/blog\/category\/limones\/"},"img":{"alt_text":"","src":"","width":0,"height":0},"classes":[]},{"id":5948,"url":"https:\/\/quechilero.com\/blog\/2010\/12\/23\/la-historia-del-baston-de-caramelo\/","url_meta":{"origin":6520,"position":5},"title":"La historia del Bast\u00f3n de Caramelo","author":"Pepe Barrascout Ortiz","date":"23 diciembre 2010","format":false,"excerpt":"Hay muchas teor\u00edas sobre el origen del bast\u00f3n de caramelo de rayos rojos y blancos. El bast\u00f3n de caramelo es un dulce hecho de caramelo duro con forma de un bast\u00f3n. Tradicionalmente es de color blanco con barras rojas, saborizado con menta piperita o canela. Tambi\u00e9n puede tener otros sabores,\u2026","rel":"","context":"En \u00abLimones\u00bb","block_context":{"text":"Limones","link":"https:\/\/quechilero.com\/blog\/category\/limones\/"},"img":{"alt_text":"","src":"","width":0,"height":0},"classes":[]}],"jetpack_featured_media_url":"","_links":{"self":[{"href":"https:\/\/quechilero.com\/blog\/wp-json\/wp\/v2\/posts\/6520","targetHints":{"allow":["GET"]}}],"collection":[{"href":"https:\/\/quechilero.com\/blog\/wp-json\/wp\/v2\/posts"}],"about":[{"href":"https:\/\/quechilero.com\/blog\/wp-json\/wp\/v2\/types\/post"}],"author":[{"embeddable":true,"href":"https:\/\/quechilero.com\/blog\/wp-json\/wp\/v2\/users\/1"}],"replies":[{"embeddable":true,"href":"https:\/\/quechilero.com\/blog\/wp-json\/wp\/v2\/comments?post=6520"}],"version-history":[{"count":0,"href":"https:\/\/quechilero.com\/blog\/wp-json\/wp\/v2\/posts\/6520\/revisions"}],"wp:attachment":[{"href":"https:\/\/quechilero.com\/blog\/wp-json\/wp\/v2\/media?parent=6520"}],"wp:term":[{"taxonomy":"category","embeddable":true,"href":"https:\/\/quechilero.com\/blog\/wp-json\/wp\/v2\/categories?post=6520"},{"taxonomy":"post_tag","embeddable":true,"href":"https:\/\/quechilero.com\/blog\/wp-json\/wp\/v2\/tags?post=6520"},{"taxonomy":"series","embeddable":true,"href":"https:\/\/quechilero.com\/blog\/wp-json\/wp\/v2\/series?post=6520"}],"curies":[{"name":"wp","href":"https:\/\/api.w.org\/{rel}","templated":true}]}}