{"id":6498,"date":"2010-12-07T12:00:03","date_gmt":"2010-12-07T18:00:03","guid":{"rendered":"http:\/\/quechilero.com\/blog\/?p=6498"},"modified":"2010-12-07T12:00:03","modified_gmt":"2010-12-07T18:00:03","slug":"estampas-navidenas-sydney","status":"publish","type":"post","link":"https:\/\/quechilero.com\/blog\/2010\/12\/07\/estampas-navidenas-sydney\/","title":{"rendered":"Estampas Navide\u00f1as: Sydney"},"content":{"rendered":"<p>\u00abSanta Fun Run\u00bb &#8211; Ese es el lema de una organizaci\u00f3n de caridad, que ha organizado un Marat\u00f3n en Sydney. M\u00e1s de 1,000 participantes se han vestido en esta \u00e9poca de Navidad, de acuerdo a la estaci\u00f3n, y correr\u00e1n por el malec\u00f3n de la ciudad australiana, por una buena causa: la cuota de inscripci\u00f3n beneficiar\u00e1 a los ni\u00f1os con discapacidad.<\/p>\n<p><a href=\"http:\/\/s392.photobucket.com\/albums\/pp7\/pepejaguar\/blog\/?action=view&amp;current=Weihnachtsrituale_22_maxsize_735_490.jpg\"><img data-recalc-dims=\"1\" decoding=\"async\" class=\"alignnone\" src=\"https:\/\/i0.wp.com\/i392.photobucket.com\/albums\/pp7\/pepejaguar\/blog\/Weihnachtsrituale_22_maxsize_735_490.jpg?w=560\" alt=\"\"  \/><\/a><\/p>\n<p>Imagen: <a title=\"Estampas Navide\u00f1as\" href=\"http:\/\/www.stern.de\/reise\/fernreisen\/advent-weltweit-es-weihnachtet-auf-allen-kontinenten-1627752-6375ff638847d840.html\" target=\"_blank\">\u00a9 Drinta Thurston\/AFP<\/a><\/p>\n","protected":false},"excerpt":{"rendered":"<p>\u00abSanta Fun Run\u00bb &#8211; Ese es el lema de una organizaci\u00f3n de caridad, que ha organizado un Marat\u00f3n en Sydney. M\u00e1s de 1,000 participantes se han vestido en esta \u00e9poca de Navidad, de acuerdo a la estaci\u00f3n, y correr\u00e1n por el malec\u00f3n de la ciudad australiana, por una buena causa: la cuota de inscripci\u00f3n beneficiar\u00e1 &#8230; <a title=\"Estampas Navide\u00f1as: Sydney\" class=\"read-more\" href=\"https:\/\/quechilero.com\/blog\/2010\/12\/07\/estampas-navidenas-sydney\/\" aria-label=\"Leer m\u00e1s sobre Estampas Navide\u00f1as: Sydney\">Leer m\u00e1s<\/a><\/p>\n","protected":false},"author":1,"featured_media":0,"comment_status":"open","ping_status":"open","sticky":false,"template":"","format":"standard","meta":{"advanced_seo_description":"","jetpack_seo_html_title":"","jetpack_seo_noindex":false,"jetpack_seo_schema_type":"","episode_type":"","audio_file":"","podmotor_file_id":"","podmotor_episode_id":"","cover_image":"","cover_image_id":"","duration":"","filesize":"","filesize_raw":"","date_recorded":"","explicit":"","block":"","_jetpack_newsletter_access":"","_jetpack_dont_email_post_to_subs":false,"_jetpack_newsletter_tier_id":0,"_jetpack_memberships_contains_paywalled_content":false,"_jetpack_feature_clip_id":0,"_jetpack_memberships_contains_paid_content":false,"footnotes":"","jetpack_publicize_message":"","jetpack_publicize_feature_enabled":true,"jetpack_social_post_already_shared":false,"jetpack_social_options":{"image_generator_settings":{"template":"highway","default_image_id":0,"font":"","enabled":false},"version":2},"jetpack_post_was_ever_published":false},"categories":[98],"tags":[62,24],"series":[],"class_list":["post-6498","post","type-post","status-publish","format-standard","hentry","category-limones-por-mano","tag-maraton","tag-vida"],"episode_featured_image":false,"episode_player_image":"https:\/\/i0.wp.com\/quechilero.com\/blog\/imagenes\/podcast.png?fit=1831%2C1831&ssl=1","download_link":"","player_link":"","audio_player":false,"episode_data":{"playerMode":"dark","subscribeUrls":{"amazon":{"key":"amazon","url":"","label":"Amazon","class":"amazon","icon":"amazon.png"},"apple_podcasts":{"key":"apple_podcasts","url":"","label":"Apple Podcasts","class":"apple_podcasts","icon":"apple-podcasts.png"},"castbox":{"key":"castbox","url":"","label":"CastBox","class":"castbox","icon":"castbox.png"},"deezer":{"key":"deezer","url":"","label":"Deezer","class":"deezer","icon":"deezer.png"},"google_podcasts":{"key":"google_podcasts","url":"","label":"Google Podcasts","class":"google_podcasts","icon":"google-podcasts.png"},"listen_notes":{"key":"listen_notes","url":"","label":"Listen Notes","class":"listen_notes","icon":"listen-notes.png"},"pandora":{"key":"pandora","url":"","label":"Pandora","class":"pandora","icon":"pandora.png"},"podbean":{"key":"podbean","url":"","label":"Podbean","class":"podbean","icon":"podbean.png"},"podcast_republic":{"key":"podcast_republic","url":"","label":"Podcast Republic","class":"podcast_republic","icon":"podcast-republic.png"},"rss":{"key":"rss","url":"","label":"RSS","class":"rss","icon":"rss.png"},"spotify":{"key":"spotify","url":"","label":"Spotify","class":"spotify","icon":"spotify.png"},"stitcher":{"key":"stitcher","url":"","label":"Stitcher","class":"stitcher","icon":"stitcher.png"},"tunein":{"key":"tunein","url":"","label":"TuneIn","class":"tunein","icon":"tunein.png"},"youtube":{"key":"youtube","url":"","label":"YouTube","class":"youtube","icon":"youtube.png"},"iheartradio":{"key":"iheartradio","url":"","label":"iHeartRadio","class":"iheartradio","icon":"iheartradio.png"},"ivoox":{"key":"ivoox","url":"","label":"iVoox","class":"ivoox","icon":"ivoox.png"}},"rssFeedUrl":"https:\/\/quechilero.com\/blog\/feed\/podcast\/si-la-vida-nos-da-limones","embedCode":"<blockquote class=\"wp-embedded-content\" data-secret=\"HkRXTSFc2U\"><a href=\"https:\/\/quechilero.com\/blog\/2010\/12\/07\/estampas-navidenas-sydney\/\">Estampas Navide\u00f1as: Sydney<\/a><\/blockquote><iframe sandbox=\"allow-scripts\" security=\"restricted\" src=\"https:\/\/quechilero.com\/blog\/2010\/12\/07\/estampas-navidenas-sydney\/embed\/#?secret=HkRXTSFc2U\" width=\"500\" height=\"350\" title=\"\u00abEstampas Navide\u00f1as: Sydney\u00bb \u2014 Si la Vida nos da Limones...\" data-secret=\"HkRXTSFc2U\" frameborder=\"0\" marginwidth=\"0\" marginheight=\"0\" scrolling=\"no\" class=\"wp-embedded-content\"><\/iframe><script>\n\/*! This file is auto-generated *\/\n!function(d,l){\"use strict\";l.querySelector&&d.addEventListener&&\"undefined\"!=typeof URL&&(d.wp=d.wp||{},d.wp.receiveEmbedMessage||(d.wp.receiveEmbedMessage=function(e){var t=e.data;if((t||t.secret||t.message||t.value)&&!\/[^a-zA-Z0-9]\/.test(t.secret)){for(var s,r,n,a=l.querySelectorAll('iframe[data-secret=\"'+t.secret+'\"]'),o=l.querySelectorAll('blockquote[data-secret=\"'+t.secret+'\"]'),c=new RegExp(\"^https?:$\",\"i\"),i=0;i<o.length;i++)o[i].style.display=\"none\";for(i=0;i<a.length;i++)s=a[i],e.source===s.contentWindow&&(s.removeAttribute(\"style\"),\"height\"===t.message?(1e3<(r=parseInt(t.value,10))?r=1e3:~~r<200&&(r=200),s.height=r):\"link\"===t.message&&(r=new URL(s.getAttribute(\"src\")),n=new URL(t.value),c.test(n.protocol))&&n.host===r.host&&l.activeElement===s&&(d.top.location.href=t.value))}},d.addEventListener(\"message\",d.wp.receiveEmbedMessage,!1),l.addEventListener(\"DOMContentLoaded\",function(){for(var e,t,s=l.querySelectorAll(\"iframe.wp-embedded-content\"),r=0;r<s.length;r++)(t=(e=s[r]).getAttribute(\"data-secret\"))||(t=Math.random().toString(36).substring(2,12),e.src+=\"#?secret=\"+t,e.setAttribute(\"data-secret\",t)),e.contentWindow.postMessage({message:\"ready\",secret:t},\"*\")},!1)))}(window,document);\n\/\/# sourceURL=https:\/\/quechilero.com\/blog\/wp-includes\/js\/wp-embed.min.js\n<\/script>\n"},"jetpack_publicize_connections":[],"jetpack_shortlink":"https:\/\/wp.me\/pDKli-1GO","jetpack_sharing_enabled":true,"jetpack-related-posts":[{"id":12107,"url":"https:\/\/quechilero.com\/blog\/2012\/05\/21\/cada-cabeza-es-un-mundo-sydney-polar-panorama\/","url_meta":{"origin":6498,"position":0},"title":"Cada cabeza es un mundo: Sydney Polar Panorama","author":"Pepe Barrascout Ortiz","date":"21 mayo 2012","format":false,"excerpt":"El Panorama palabra originalmente acu\u00f1ada por el pintor irland\u00e9s Robert Barker, para describir sus pinturas panor\u00e1micas de Edimburgo. Se muestran en una superficie cil\u00edndrica y visto desde el interior, se exhibieron en Londres en 1792 como \"El Panorama\". Estas im\u00e1genes dan la ilusi\u00f3n de estar inmerso en una circunferencia, ya\u2026","rel":"","context":"En \u00abLimones por mano\u00bb","block_context":{"text":"Limones por mano","link":"https:\/\/quechilero.com\/blog\/category\/limones-por-mano\/"},"img":{"alt_text":"","src":"","width":0,"height":0},"classes":[]},{"id":617,"url":"https:\/\/quechilero.com\/blog\/2007\/07\/31\/maraton-de-blogs-de-guatemala\/","url_meta":{"origin":6498,"position":1},"title":"Marat\u00f3n de Blogs de Guatemala","author":"Pepe Barrascout Ortiz","date":"31 julio 2007","format":false,"excerpt":"Hace un a\u00f1o aproximadamente, Oscar (DesdeGuate) organiz\u00f3 una Marat\u00f3n de Blogs Guatemaltecos, cuyo objetivo fue el dar a conocer a otros Blogs de Guatemala, impulsar su desarrollo y creaci\u00f3n de nuevos blogs. En esa oportunidad, uno de mis textos \"Ping Pong Matrix\" fue parte de ese marat\u00f3n, cuando mi blog\u2026","rel":"","context":"En \u00abLimones\u00bb","block_context":{"text":"Limones","link":"https:\/\/quechilero.com\/blog\/category\/limones\/"},"img":{"alt_text":"","src":"","width":0,"height":0},"classes":[]},{"id":641,"url":"https:\/\/quechilero.com\/blog\/2007\/08\/25\/maraton-de-blogs-panajachel-2\/","url_meta":{"origin":6498,"position":2},"title":"Marat\u00f3n de Blogs &#8211; Panajachel","author":"Pepe Barrascout Ortiz","date":"25 agosto 2007","format":false,"excerpt":"Sigue el Marat\u00f3n de Blogs, con esta fotograf\u00eda publicada originalmente en el blog Panajachel Guatemala, otra postal de uno de los lugares mas emblem\u00e1ticos y m\u00edsticos de Guatemala. \u00bfQuien no se ha sentido atra\u00eddo a tan excelsa manifestaci\u00f3n de Dios por medio de la naturaleza?. Para ti Kiki y por\u2026","rel":"","context":"En \u00abLimones\u00bb","block_context":{"text":"Limones","link":"https:\/\/quechilero.com\/blog\/category\/limones\/"},"img":{"alt_text":"","src":"","width":0,"height":0},"classes":[]},{"id":640,"url":"https:\/\/quechilero.com\/blog\/2007\/08\/24\/maraton-de-blogs-panajachel\/","url_meta":{"origin":6498,"position":3},"title":"Marat\u00f3n de Blogs &#8211; Panajachel","author":"Pepe Barrascout Ortiz","date":"24 agosto 2007","format":false,"excerpt":"Sigue el Marat\u00f3n de Blogs, con esta fotograf\u00eda publicada originalmente en el blog Panajachel Guatemala, un linda postal de uno de los volcanes que rodean este bello para\u00edso natural. \u00bfAcaso hay alguien que no se sienta atra\u00eddo a tan excelsa manifestaci\u00f3n de Dios por medio de la naturaleza?. Para ti\u2026","rel":"","context":"En \u00abLimones\u00bb","block_context":{"text":"Limones","link":"https:\/\/quechilero.com\/blog\/category\/limones\/"},"img":{"alt_text":"","src":"","width":0,"height":0},"classes":[]},{"id":16677,"url":"https:\/\/quechilero.com\/blog\/2013\/04\/29\/maratonistas\/","url_meta":{"origin":6498,"position":4},"title":"Maratonistas","author":"Pepe Barrascout Ortiz","date":"29 abril 2013","format":false,"excerpt":"Los maratonistas aprenden varias lecciones importantes durante los a\u00f1os de entrenamiento. No importa lo experimentado que sea un corredor, una peque\u00f1a piedra en el camino, un paso mal dado, una distracci\u00f3n o miles de otros obst\u00e1culos pueden aparecer en cualquier momento, interrumpiendo el paso del corredor y ocasionando un accidente\u2026","rel":"","context":"En \u00abLimones\u00bb","block_context":{"text":"Limones","link":"https:\/\/quechilero.com\/blog\/category\/limones\/"},"img":{"alt_text":"","src":"","width":0,"height":0},"classes":[]},{"id":9790,"url":"https:\/\/quechilero.com\/blog\/2011\/07\/24\/inicia-el-maraton-de-blogs-2011\/","url_meta":{"origin":6498,"position":5},"title":"Inicia el Marat\u00f3n de Blogs 2011","author":"Pepe Barrascout Ortiz","date":"24 julio 2011","format":false,"excerpt":"En el a\u00f1o 2006, cuando se lanz\u00f3 el Primer Marat\u00f3n de Blogs, no ten\u00eda idea que seis a\u00f1os despu\u00e9s, tendr\u00eda el gusto de seguir con esta tradicional actividad, que tiene como objetivo principal, dar a conocer los blogs que son producidos por guatemaltecos. Y es que tenemos tantas cosas que\u2026","rel":"","context":"En \u00abBlogs de Guatemala\u00bb","block_context":{"text":"Blogs de Guatemala","link":"https:\/\/quechilero.com\/blog\/category\/blogs-de-guatemala\/"},"img":{"alt_text":"","src":"https:\/\/i0.wp.com\/i392.photobucket.com\/albums\/pp7\/pepejaguar\/maraton\/maraton2011.png?resize=350%2C200","width":350,"height":200},"classes":[]}],"jetpack_featured_media_url":"","_links":{"self":[{"href":"https:\/\/quechilero.com\/blog\/wp-json\/wp\/v2\/posts\/6498","targetHints":{"allow":["GET"]}}],"collection":[{"href":"https:\/\/quechilero.com\/blog\/wp-json\/wp\/v2\/posts"}],"about":[{"href":"https:\/\/quechilero.com\/blog\/wp-json\/wp\/v2\/types\/post"}],"author":[{"embeddable":true,"href":"https:\/\/quechilero.com\/blog\/wp-json\/wp\/v2\/users\/1"}],"replies":[{"embeddable":true,"href":"https:\/\/quechilero.com\/blog\/wp-json\/wp\/v2\/comments?post=6498"}],"version-history":[{"count":0,"href":"https:\/\/quechilero.com\/blog\/wp-json\/wp\/v2\/posts\/6498\/revisions"}],"wp:attachment":[{"href":"https:\/\/quechilero.com\/blog\/wp-json\/wp\/v2\/media?parent=6498"}],"wp:term":[{"taxonomy":"category","embeddable":true,"href":"https:\/\/quechilero.com\/blog\/wp-json\/wp\/v2\/categories?post=6498"},{"taxonomy":"post_tag","embeddable":true,"href":"https:\/\/quechilero.com\/blog\/wp-json\/wp\/v2\/tags?post=6498"},{"taxonomy":"series","embeddable":true,"href":"https:\/\/quechilero.com\/blog\/wp-json\/wp\/v2\/series?post=6498"}],"curies":[{"name":"wp","href":"https:\/\/api.w.org\/{rel}","templated":true}]}}