{"id":6486,"date":"2010-12-03T12:00:22","date_gmt":"2010-12-03T18:00:22","guid":{"rendered":"http:\/\/quechilero.com\/blog\/?p=6486"},"modified":"2010-12-03T12:00:22","modified_gmt":"2010-12-03T18:00:22","slug":"estampas-navidenas-curitiba","status":"publish","type":"post","link":"https:\/\/quechilero.com\/blog\/2010\/12\/03\/estampas-navidenas-curitiba\/","title":{"rendered":"Estampas Navide\u00f1as: Curitiba"},"content":{"rendered":"<p>Una casa de madera decorada en Curitiba en el sur de Brasil: los residentes no han escatimado esfuerzos en su patio delantero para compartir con sus vecinos la luz de la Navidad.<\/p>\n<p><a href=\"http:\/\/s392.photobucket.com\/albums\/pp7\/pepejaguar\/blog\/?action=view&amp;current=Weihnachtsrituale_47_2010_03_maxsize_735_490.jpg\"><img data-recalc-dims=\"1\" decoding=\"async\" class=\"alignnone\" src=\"https:\/\/i0.wp.com\/i392.photobucket.com\/albums\/pp7\/pepejaguar\/blog\/Weihnachtsrituale_47_2010_03_maxsize_735_490.jpg?w=560\" alt=\"\"  \/><\/a><\/p>\n<p>Imagen: <a title=\"Estampas Navide\u00f1as\" href=\"http:\/\/www.stern.de\/reise\/fernreisen\/advent-weltweit-es-weihnachtet-auf-allen-kontinenten-1627752-ff1542bb5a12fc80.html\" target=\"_blank\">\u00a9 Orlando Kissner\/AFP<\/a><\/p>\n","protected":false},"excerpt":{"rendered":"<p>Una casa de madera decorada en Curitiba en el sur de Brasil: los residentes no han escatimado esfuerzos en su patio delantero para compartir con sus vecinos la luz de la Navidad. Imagen: \u00a9 Orlando Kissner\/AFP<\/p>\n","protected":false},"author":1,"featured_media":0,"comment_status":"open","ping_status":"open","sticky":false,"template":"","format":"standard","meta":{"advanced_seo_description":"","jetpack_seo_html_title":"","jetpack_seo_noindex":false,"jetpack_seo_schema_type":"","episode_type":"","audio_file":"","podmotor_file_id":"","podmotor_episode_id":"","cover_image":"","cover_image_id":"","duration":"","filesize":"","filesize_raw":"","date_recorded":"","explicit":"","block":"","_jetpack_newsletter_access":"","_jetpack_dont_email_post_to_subs":false,"_jetpack_newsletter_tier_id":0,"_jetpack_memberships_contains_paywalled_content":false,"_jetpack_feature_clip_id":0,"_jetpack_memberships_contains_paid_content":false,"footnotes":"","jetpack_publicize_message":"","jetpack_publicize_feature_enabled":true,"jetpack_social_post_already_shared":false,"jetpack_social_options":{"image_generator_settings":{"template":"highway","default_image_id":0,"font":"","enabled":false},"version":2},"jetpack_post_was_ever_published":false},"categories":[98],"tags":[49,24],"series":[],"class_list":["post-6486","post","type-post","status-publish","format-standard","hentry","category-limones-por-mano","tag-esfuerzo","tag-vida"],"episode_featured_image":false,"episode_player_image":"https:\/\/i0.wp.com\/quechilero.com\/blog\/imagenes\/podcast.png?fit=1831%2C1831&ssl=1","download_link":"","player_link":"","audio_player":false,"episode_data":{"playerMode":"dark","subscribeUrls":{"amazon":{"key":"amazon","url":"","label":"Amazon","class":"amazon","icon":"amazon.png"},"apple_podcasts":{"key":"apple_podcasts","url":"","label":"Apple Podcasts","class":"apple_podcasts","icon":"apple-podcasts.png"},"castbox":{"key":"castbox","url":"","label":"CastBox","class":"castbox","icon":"castbox.png"},"deezer":{"key":"deezer","url":"","label":"Deezer","class":"deezer","icon":"deezer.png"},"google_podcasts":{"key":"google_podcasts","url":"","label":"Google Podcasts","class":"google_podcasts","icon":"google-podcasts.png"},"listen_notes":{"key":"listen_notes","url":"","label":"Listen Notes","class":"listen_notes","icon":"listen-notes.png"},"pandora":{"key":"pandora","url":"","label":"Pandora","class":"pandora","icon":"pandora.png"},"podbean":{"key":"podbean","url":"","label":"Podbean","class":"podbean","icon":"podbean.png"},"podcast_republic":{"key":"podcast_republic","url":"","label":"Podcast Republic","class":"podcast_republic","icon":"podcast-republic.png"},"rss":{"key":"rss","url":"","label":"RSS","class":"rss","icon":"rss.png"},"spotify":{"key":"spotify","url":"","label":"Spotify","class":"spotify","icon":"spotify.png"},"stitcher":{"key":"stitcher","url":"","label":"Stitcher","class":"stitcher","icon":"stitcher.png"},"tunein":{"key":"tunein","url":"","label":"TuneIn","class":"tunein","icon":"tunein.png"},"youtube":{"key":"youtube","url":"","label":"YouTube","class":"youtube","icon":"youtube.png"},"iheartradio":{"key":"iheartradio","url":"","label":"iHeartRadio","class":"iheartradio","icon":"iheartradio.png"},"ivoox":{"key":"ivoox","url":"","label":"iVoox","class":"ivoox","icon":"ivoox.png"}},"rssFeedUrl":"https:\/\/quechilero.com\/blog\/feed\/podcast\/si-la-vida-nos-da-limones","embedCode":"<blockquote class=\"wp-embedded-content\" data-secret=\"YCRHk8H2ES\"><a href=\"https:\/\/quechilero.com\/blog\/2010\/12\/03\/estampas-navidenas-curitiba\/\">Estampas Navide\u00f1as: Curitiba<\/a><\/blockquote><iframe sandbox=\"allow-scripts\" security=\"restricted\" src=\"https:\/\/quechilero.com\/blog\/2010\/12\/03\/estampas-navidenas-curitiba\/embed\/#?secret=YCRHk8H2ES\" width=\"500\" height=\"350\" title=\"\u00abEstampas Navide\u00f1as: Curitiba\u00bb \u2014 Si la Vida nos da Limones...\" data-secret=\"YCRHk8H2ES\" frameborder=\"0\" marginwidth=\"0\" marginheight=\"0\" scrolling=\"no\" class=\"wp-embedded-content\"><\/iframe><script>\n\/*! This file is auto-generated *\/\n!function(d,l){\"use strict\";l.querySelector&&d.addEventListener&&\"undefined\"!=typeof URL&&(d.wp=d.wp||{},d.wp.receiveEmbedMessage||(d.wp.receiveEmbedMessage=function(e){var t=e.data;if((t||t.secret||t.message||t.value)&&!\/[^a-zA-Z0-9]\/.test(t.secret)){for(var s,r,n,a=l.querySelectorAll('iframe[data-secret=\"'+t.secret+'\"]'),o=l.querySelectorAll('blockquote[data-secret=\"'+t.secret+'\"]'),c=new RegExp(\"^https?:$\",\"i\"),i=0;i<o.length;i++)o[i].style.display=\"none\";for(i=0;i<a.length;i++)s=a[i],e.source===s.contentWindow&&(s.removeAttribute(\"style\"),\"height\"===t.message?(1e3<(r=parseInt(t.value,10))?r=1e3:~~r<200&&(r=200),s.height=r):\"link\"===t.message&&(r=new URL(s.getAttribute(\"src\")),n=new URL(t.value),c.test(n.protocol))&&n.host===r.host&&l.activeElement===s&&(d.top.location.href=t.value))}},d.addEventListener(\"message\",d.wp.receiveEmbedMessage,!1),l.addEventListener(\"DOMContentLoaded\",function(){for(var e,t,s=l.querySelectorAll(\"iframe.wp-embedded-content\"),r=0;r<s.length;r++)(t=(e=s[r]).getAttribute(\"data-secret\"))||(t=Math.random().toString(36).substring(2,12),e.src+=\"#?secret=\"+t,e.setAttribute(\"data-secret\",t)),e.contentWindow.postMessage({message:\"ready\",secret:t},\"*\")},!1)))}(window,document);\n\/\/# sourceURL=https:\/\/quechilero.com\/blog\/wp-includes\/js\/wp-embed.min.js\n<\/script>\n"},"jetpack_publicize_connections":[],"jetpack_shortlink":"https:\/\/wp.me\/pDKli-1GC","jetpack_sharing_enabled":true,"jetpack-related-posts":[{"id":19909,"url":"https:\/\/quechilero.com\/blog\/2015\/03\/07\/apego-a-los-resultados\/","url_meta":{"origin":6486,"position":0},"title":"Apego a los resultados","author":"Pepe Barrascout Ortiz","date":"7 marzo 2015","format":false,"excerpt":"El \u00e9xito es estresante s\u00f3lo si t\u00fa asumes que as\u00ed debe ser. La ambici\u00f3n genera ansiedad s\u00f3lo cuando est\u00e1s demasiado apegado a los resultados. Tener \u00e9xito es algo que haces. No es lo que t\u00fa eres. Si no logras alcanzar los resultados que buscas, eso no te convierte en menos\u2026","rel":"","context":"En \u00abLimones\u00bb","block_context":{"text":"Limones","link":"https:\/\/quechilero.com\/blog\/category\/limones\/"},"img":{"alt_text":"","src":"","width":0,"height":0},"classes":[]},{"id":19299,"url":"https:\/\/quechilero.com\/blog\/2014\/12\/08\/basta-que-uno-de-esos-esfuerzos-de-resultado\/","url_meta":{"origin":6486,"position":1},"title":"Basta que uno de esos esfuerzos de resultado","author":"Pepe Barrascout Ortiz","date":"8 diciembre 2014","format":false,"excerpt":"El nombre m\u00e1s repetido en las mujeres mexicanas es el de Guadalupe. Por eso muchas celebran su santo el 12 de Diciembre, fecha en que una mujer vestida de princesa, se le apareci\u00f3 a un natural de esta tierra, a Juan Diego, en la Colina del Tepeyac. Santa Mar\u00eda de\u2026","rel":"","context":"En \u00abLimones\u00bb","block_context":{"text":"Limones","link":"https:\/\/quechilero.com\/blog\/category\/limones\/"},"img":{"alt_text":"","src":"","width":0,"height":0},"classes":[]},{"id":5602,"url":"https:\/\/quechilero.com\/blog\/2010\/09\/11\/la-zorra-y-los-racimos-de-uvas\/","url_meta":{"origin":6486,"position":2},"title":"La zorra y los racimos de uvas","author":"Pepe Barrascout Ortiz","date":"11 septiembre 2010","format":false,"excerpt":"Estaba una zorra con mucha hambre, y al ver colgando de una parra unos deliciosos racimos de uvas, quiso atraparlos con su boca. Mas no pudiendo alcanzarlos, a pesar de sus esfuerzos, se alej\u00f3 dici\u00e9ndose: - \u00a1Ni me agradan, est\u00e1n tan verdes! Nunca traslades la culpa a los dem\u00e1s de\u2026","rel":"","context":"En \u00abLimones\u00bb","block_context":{"text":"Limones","link":"https:\/\/quechilero.com\/blog\/category\/limones\/"},"img":{"alt_text":"","src":"","width":0,"height":0},"classes":[]},{"id":16358,"url":"https:\/\/quechilero.com\/blog\/2013\/04\/14\/no-culpes-a-nadie\/","url_meta":{"origin":6486,"position":3},"title":"No culpes a nadie","author":"Pepe Barrascout Ortiz","date":"14 abril 2013","format":false,"excerpt":"La naturaleza alcanza el \u00e9xito con facilidad y sin ninguna clase de esfuerzo. Las plantas crecen todos los d\u00edas sin esforzarse, los animales salvajes sobreviven cada d\u00eda de la manera m\u00e1s simple. Todo en la naturaleza sucede \"f\u00e1cil y sin esfuerzo\". Pero, el ser humano tambi\u00e9n es parte de la\u2026","rel":"","context":"En \u00abLimones\u00bb","block_context":{"text":"Limones","link":"https:\/\/quechilero.com\/blog\/category\/limones\/"},"img":{"alt_text":"","src":"","width":0,"height":0},"classes":[]},{"id":10457,"url":"https:\/\/quechilero.com\/blog\/2011\/09\/07\/la-zorra-y-la-serpiente\/","url_meta":{"origin":6486,"position":4},"title":"La zorra y la serpiente","author":"Pepe Barrascout Ortiz","date":"7 septiembre 2011","format":false,"excerpt":"Se encontraba una higuera a la orilla de un camino, y una zorra vio junto a ella una serpiente dormida. Envidiando aquel cuerpo tan largo, y pensando en que podr\u00eda igualarlo, se ech\u00f3 la zorra a tierra al lado de la serpiente e intent\u00f3 estirarse cuanto pudo. Tanto esfuerzo hizo,\u2026","rel":"","context":"En \u00abLimones\u00bb","block_context":{"text":"Limones","link":"https:\/\/quechilero.com\/blog\/category\/limones\/"},"img":{"alt_text":"","src":"","width":0,"height":0},"classes":[]},{"id":16307,"url":"https:\/\/quechilero.com\/blog\/2013\/03\/06\/vale-la-pena\/","url_meta":{"origin":6486,"position":5},"title":"Vale la pena","author":"Pepe Barrascout Ortiz","date":"6 marzo 2013","format":false,"excerpt":"Cuentan que una vez, un anciano caminaba por la playa al amanecer, cuando vio que un joven, unos pasos adelante, iba recogiendo de la arena estrellas de mar, que luego arrojaba mar adentro tan fuerte como pod\u00eda. Al llegar hasta el joven, el viejo le pregunt\u00f3 por qu\u00e9 hac\u00eda eso.\u2026","rel":"","context":"En \u00abLimones\u00bb","block_context":{"text":"Limones","link":"https:\/\/quechilero.com\/blog\/category\/limones\/"},"img":{"alt_text":"","src":"","width":0,"height":0},"classes":[]}],"jetpack_featured_media_url":"","_links":{"self":[{"href":"https:\/\/quechilero.com\/blog\/wp-json\/wp\/v2\/posts\/6486","targetHints":{"allow":["GET"]}}],"collection":[{"href":"https:\/\/quechilero.com\/blog\/wp-json\/wp\/v2\/posts"}],"about":[{"href":"https:\/\/quechilero.com\/blog\/wp-json\/wp\/v2\/types\/post"}],"author":[{"embeddable":true,"href":"https:\/\/quechilero.com\/blog\/wp-json\/wp\/v2\/users\/1"}],"replies":[{"embeddable":true,"href":"https:\/\/quechilero.com\/blog\/wp-json\/wp\/v2\/comments?post=6486"}],"version-history":[{"count":0,"href":"https:\/\/quechilero.com\/blog\/wp-json\/wp\/v2\/posts\/6486\/revisions"}],"wp:attachment":[{"href":"https:\/\/quechilero.com\/blog\/wp-json\/wp\/v2\/media?parent=6486"}],"wp:term":[{"taxonomy":"category","embeddable":true,"href":"https:\/\/quechilero.com\/blog\/wp-json\/wp\/v2\/categories?post=6486"},{"taxonomy":"post_tag","embeddable":true,"href":"https:\/\/quechilero.com\/blog\/wp-json\/wp\/v2\/tags?post=6486"},{"taxonomy":"series","embeddable":true,"href":"https:\/\/quechilero.com\/blog\/wp-json\/wp\/v2\/series?post=6486"}],"curies":[{"name":"wp","href":"https:\/\/api.w.org\/{rel}","templated":true}]}}