{"id":6448,"date":"2011-01-31T08:00:16","date_gmt":"2011-01-31T14:00:16","guid":{"rendered":"http:\/\/quechilero.com\/blog\/?p=6448"},"modified":"2011-01-31T08:00:16","modified_gmt":"2011-01-31T14:00:16","slug":"reduccion-de-costos-de-electricidad","status":"publish","type":"post","link":"https:\/\/quechilero.com\/blog\/2011\/01\/31\/reduccion-de-costos-de-electricidad\/","title":{"rendered":"Reducci\u00f3n de Costos de Electricidad"},"content":{"rendered":"<p>A veces es dif\u00edcil recordar el cuidado que debemos tener con el consumo de energ\u00eda. Bueno, si quieres que se obligue a cambiar su enfoque, entonces esta es una manera de hacerlo. Si nada resuelve tus problemas de consumo de energ\u00eda, de esta forma comenzar\u00e1s a pensar en ello cuando se enciende la luz con el interruptor. O eso, o aprender\u00e1s a mover tus dedos de otra manera.<\/p>\n<p>Este interruptor ha sido dise\u00f1ado por un dise\u00f1ador franc\u00e9s, <em>Josselin Zargouche<\/em>. Eso no quiere decir que no vas a poder comprar este <em>gadget<\/em>. Siempre se puede intentar hacer el tuyo propio. Entonces puedes ponerlo en un cuarto que tu o tu familia tienen una tendencia a dejar las <em>luces encendidas<\/em> y lograr de una vez por todas la reducci\u00f3n de los costos de electricidad en la casa, a cambio, es posible que aumenten los costos de hospital \ud83d\ude42<\/p>\n<p><!--more--><\/p>\n<p><a href=\"http:\/\/s392.photobucket.com\/albums\/pp7\/pepejaguar\/blog\/?action=view&amp;current=6a00d8341c5dea53ef0120a8fdce27970b-800wi.jpg\"><img data-recalc-dims=\"1\" loading=\"lazy\" decoding=\"async\" class=\"alignnone\" src=\"https:\/\/i0.wp.com\/i392.photobucket.com\/albums\/pp7\/pepejaguar\/blog\/6a00d8341c5dea53ef0120a8fdce27970b-800wi.jpg?resize=364%2C500\" alt=\"\" width=\"364\" height=\"500\" \/><\/a><\/p>\n<p>La imagen la vi en <a title=\"Reducci\u00f3n de Costos de Electricidad\" href=\"http:\/\/www.guanabara.info\/2010\/03\/humorprecisa-de-uma-reducao-de-custos\/\" target=\"_blank\">Guanabara<\/a><\/p>\n","protected":false},"excerpt":{"rendered":"<p>A veces es dif\u00edcil recordar el cuidado que debemos tener con el consumo de energ\u00eda. Bueno, si quieres que se obligue a cambiar su enfoque, entonces esta es una manera de hacerlo. Si nada resuelve tus problemas de consumo de energ\u00eda, de esta forma comenzar\u00e1s a pensar en ello cuando se enciende la luz con &#8230; <a title=\"Reducci\u00f3n de Costos de Electricidad\" class=\"read-more\" href=\"https:\/\/quechilero.com\/blog\/2011\/01\/31\/reduccion-de-costos-de-electricidad\/\" aria-label=\"Leer m\u00e1s sobre Reducci\u00f3n de Costos de Electricidad\">Leer m\u00e1s<\/a><\/p>\n","protected":false},"author":1,"featured_media":0,"comment_status":"open","ping_status":"open","sticky":false,"template":"","format":"standard","meta":{"advanced_seo_description":"","jetpack_seo_html_title":"","jetpack_seo_noindex":false,"jetpack_seo_schema_type":"","episode_type":"","audio_file":"","podmotor_file_id":"","podmotor_episode_id":"","cover_image":"","cover_image_id":"","duration":"","filesize":"","filesize_raw":"","date_recorded":"","explicit":"","block":"","_jetpack_newsletter_access":"","_jetpack_dont_email_post_to_subs":false,"_jetpack_newsletter_tier_id":0,"_jetpack_memberships_contains_paywalled_content":false,"_jetpack_feature_clip_id":0,"_jetpack_memberships_contains_paid_content":false,"footnotes":"","jetpack_publicize_message":"","jetpack_publicize_feature_enabled":true,"jetpack_social_post_already_shared":false,"jetpack_social_options":{"image_generator_settings":{"template":"highway","default_image_id":0,"font":"","enabled":false},"version":2},"jetpack_post_was_ever_published":false},"categories":[2],"tags":[29,71,21],"series":[],"class_list":["post-6448","post","type-post","status-publish","format-standard","hentry","category-limones","tag-aprender","tag-energia","tag-problema"],"episode_featured_image":false,"episode_player_image":"https:\/\/i0.wp.com\/quechilero.com\/blog\/imagenes\/podcast.png?fit=1831%2C1831&ssl=1","download_link":"","player_link":"","audio_player":false,"episode_data":{"playerMode":"dark","subscribeUrls":{"amazon":{"key":"amazon","url":"","label":"Amazon","class":"amazon","icon":"amazon.png"},"apple_podcasts":{"key":"apple_podcasts","url":"","label":"Apple Podcasts","class":"apple_podcasts","icon":"apple-podcasts.png"},"castbox":{"key":"castbox","url":"","label":"CastBox","class":"castbox","icon":"castbox.png"},"deezer":{"key":"deezer","url":"","label":"Deezer","class":"deezer","icon":"deezer.png"},"google_podcasts":{"key":"google_podcasts","url":"","label":"Google Podcasts","class":"google_podcasts","icon":"google-podcasts.png"},"listen_notes":{"key":"listen_notes","url":"","label":"Listen Notes","class":"listen_notes","icon":"listen-notes.png"},"pandora":{"key":"pandora","url":"","label":"Pandora","class":"pandora","icon":"pandora.png"},"podbean":{"key":"podbean","url":"","label":"Podbean","class":"podbean","icon":"podbean.png"},"podcast_republic":{"key":"podcast_republic","url":"","label":"Podcast Republic","class":"podcast_republic","icon":"podcast-republic.png"},"rss":{"key":"rss","url":"","label":"RSS","class":"rss","icon":"rss.png"},"spotify":{"key":"spotify","url":"","label":"Spotify","class":"spotify","icon":"spotify.png"},"stitcher":{"key":"stitcher","url":"","label":"Stitcher","class":"stitcher","icon":"stitcher.png"},"tunein":{"key":"tunein","url":"","label":"TuneIn","class":"tunein","icon":"tunein.png"},"youtube":{"key":"youtube","url":"","label":"YouTube","class":"youtube","icon":"youtube.png"},"iheartradio":{"key":"iheartradio","url":"","label":"iHeartRadio","class":"iheartradio","icon":"iheartradio.png"},"ivoox":{"key":"ivoox","url":"","label":"iVoox","class":"ivoox","icon":"ivoox.png"}},"rssFeedUrl":"https:\/\/quechilero.com\/blog\/feed\/podcast\/si-la-vida-nos-da-limones","embedCode":"<blockquote class=\"wp-embedded-content\" data-secret=\"tjc1MdWuSd\"><a href=\"https:\/\/quechilero.com\/blog\/2011\/01\/31\/reduccion-de-costos-de-electricidad\/\">Reducci\u00f3n de Costos de Electricidad<\/a><\/blockquote><iframe sandbox=\"allow-scripts\" security=\"restricted\" src=\"https:\/\/quechilero.com\/blog\/2011\/01\/31\/reduccion-de-costos-de-electricidad\/embed\/#?secret=tjc1MdWuSd\" width=\"500\" height=\"350\" title=\"\u00abReducci\u00f3n de Costos de Electricidad\u00bb \u2014 Si la Vida nos da Limones...\" data-secret=\"tjc1MdWuSd\" frameborder=\"0\" marginwidth=\"0\" marginheight=\"0\" scrolling=\"no\" class=\"wp-embedded-content\"><\/iframe><script>\n\/*! This file is auto-generated *\/\n!function(d,l){\"use strict\";l.querySelector&&d.addEventListener&&\"undefined\"!=typeof URL&&(d.wp=d.wp||{},d.wp.receiveEmbedMessage||(d.wp.receiveEmbedMessage=function(e){var t=e.data;if((t||t.secret||t.message||t.value)&&!\/[^a-zA-Z0-9]\/.test(t.secret)){for(var s,r,n,a=l.querySelectorAll('iframe[data-secret=\"'+t.secret+'\"]'),o=l.querySelectorAll('blockquote[data-secret=\"'+t.secret+'\"]'),c=new RegExp(\"^https?:$\",\"i\"),i=0;i<o.length;i++)o[i].style.display=\"none\";for(i=0;i<a.length;i++)s=a[i],e.source===s.contentWindow&&(s.removeAttribute(\"style\"),\"height\"===t.message?(1e3<(r=parseInt(t.value,10))?r=1e3:~~r<200&&(r=200),s.height=r):\"link\"===t.message&&(r=new URL(s.getAttribute(\"src\")),n=new URL(t.value),c.test(n.protocol))&&n.host===r.host&&l.activeElement===s&&(d.top.location.href=t.value))}},d.addEventListener(\"message\",d.wp.receiveEmbedMessage,!1),l.addEventListener(\"DOMContentLoaded\",function(){for(var e,t,s=l.querySelectorAll(\"iframe.wp-embedded-content\"),r=0;r<s.length;r++)(t=(e=s[r]).getAttribute(\"data-secret\"))||(t=Math.random().toString(36).substring(2,12),e.src+=\"#?secret=\"+t,e.setAttribute(\"data-secret\",t)),e.contentWindow.postMessage({message:\"ready\",secret:t},\"*\")},!1)))}(window,document);\n\/\/# sourceURL=https:\/\/quechilero.com\/blog\/wp-includes\/js\/wp-embed.min.js\n<\/script>\n"},"jetpack_publicize_connections":[],"jetpack_shortlink":"https:\/\/wp.me\/pDKli-1G0","jetpack_sharing_enabled":true,"jetpack-related-posts":[{"id":31453,"url":"https:\/\/quechilero.com\/blog\/2023\/06\/10\/cortes-de-energia-electrica-y-el-miedo-al-vacio\/","url_meta":{"origin":6448,"position":0},"title":"Cortes de energ\u00eda el\u00e9ctrica y el miedo al vac\u00edo","author":"Pepe Barrascout Ortiz","date":"10 junio 2023","format":false,"excerpt":"Escuintla podr\u00eda ser nombrada, con toda tranquilidad, como la capital mundial de los cortes de energ\u00eda el\u00e9ctrica. Es que no es uno, ni dos, ni tres, ni diez, ni veinte, no amigos, han sido hasta cuarenta cortes de electricidad a lo largo de una semana. En los \u00faltimos siete d\u00edas,\u2026","rel":"","context":"En \u00abDaily Gym\u00bb","block_context":{"text":"Daily Gym","link":"https:\/\/quechilero.com\/blog\/category\/podcast\/daily-gym\/"},"img":{"alt_text":"Daily Gym Podcast","src":"https:\/\/i0.wp.com\/quechilero.com\/blog\/imagenes\/DailyGym.jpg?fit=1200%2C675&ssl=1&resize=350%2C200","width":350,"height":200,"srcset":"https:\/\/i0.wp.com\/quechilero.com\/blog\/imagenes\/DailyGym.jpg?fit=1200%2C675&ssl=1&resize=350%2C200 1x, https:\/\/i0.wp.com\/quechilero.com\/blog\/imagenes\/DailyGym.jpg?fit=1200%2C675&ssl=1&resize=525%2C300 1.5x, https:\/\/i0.wp.com\/quechilero.com\/blog\/imagenes\/DailyGym.jpg?fit=1200%2C675&ssl=1&resize=700%2C400 2x, https:\/\/i0.wp.com\/quechilero.com\/blog\/imagenes\/DailyGym.jpg?fit=1200%2C675&ssl=1&resize=1050%2C600 3x"},"classes":[]},{"id":17114,"url":"https:\/\/quechilero.com\/blog\/2013\/09\/06\/oraciones-filtradas\/","url_meta":{"origin":6448,"position":1},"title":"Oraciones Filtradas","author":"Pepe Barrascout Ortiz","date":"6 septiembre 2013","format":false,"excerpt":"Tengo unas amigas que pasan horas cada d\u00eda intercediendo en oraci\u00f3n. Sus hijos ya son adultos y se han ido, as\u00ed que ellas pueden dedicar m\u00e1s tiempo a interceder. Yo no esto en la misma fase de la vida. Sin duda, oro todos los d\u00edas y tengo un diario de\u2026","rel":"","context":"En \u00abLimones\u00bb","block_context":{"text":"Limones","link":"https:\/\/quechilero.com\/blog\/category\/limones\/"},"img":{"alt_text":"","src":"","width":0,"height":0},"classes":[]},{"id":419,"url":"https:\/\/quechilero.com\/blog\/2007\/01\/24\/la-energia\/","url_meta":{"origin":6448,"position":2},"title":"La energ\u00eda","author":"Pepe Barrascout Ortiz","date":"24 enero 2007","format":false,"excerpt":"O haces que tu energ\u00eda sea creativa, o se volver\u00e1 amarga y se har\u00e1 destructiva. La energ\u00eda es algo peligroso: si la tienes, debes usarla creativamente porque, de otro modo, tarde o temprano te dar\u00e1s cuenta de que se ha vuelto destructiva. Por tanto, encuentra algo -cualquier cosa que te\u2026","rel":"","context":"En \u00abLimones\u00bb","block_context":{"text":"Limones","link":"https:\/\/quechilero.com\/blog\/category\/limones\/"},"img":{"alt_text":"","src":"","width":0,"height":0},"classes":[]},{"id":4763,"url":"https:\/\/quechilero.com\/blog\/2010\/04\/22\/calentadores-caseros-de-agua-con-energia-solar\/","url_meta":{"origin":6448,"position":3},"title":"Calentadores caseros de agua, con energ\u00eda solar","author":"Pepe Barrascout Ortiz","date":"22 abril 2010","format":false,"excerpt":"El 22 de abril de 1970, se hizo la primera manifestaci\u00f3n a favor de la tierra, con el fin de crear actividades de concientizaci\u00f3n, para ayudar a la conservaci\u00f3n de los recursos naturales. Una de estas iniciativas, es la referente al uso de la energ\u00eda solar, para calentar el agua\u2026","rel":"","context":"En \u00abLimones\u00bb","block_context":{"text":"Limones","link":"https:\/\/quechilero.com\/blog\/category\/limones\/"},"img":{"alt_text":"","src":"","width":0,"height":0},"classes":[]},{"id":253,"url":"https:\/\/quechilero.com\/blog\/2006\/09\/30\/hora-vieja\/","url_meta":{"origin":6448,"position":4},"title":"Hora vieja","author":"Pepe Barrascout Ortiz","date":"30 septiembre 2006","format":false,"excerpt":"Hoy, 30 de septiembre, a las 0:00 hrs, se hace nuevamente el cambio de hora a la hora vieja, desde hace 6 meses nuestros relojes se hab\u00edan adelantado una hora, con el fin de que hubiera un considerable ahorro energ\u00e9tico. Al menos en mis facturas de todo este tiempo no\u2026","rel":"","context":"En \u00abLimones\u00bb","block_context":{"text":"Limones","link":"https:\/\/quechilero.com\/blog\/category\/limones\/"},"img":{"alt_text":"","src":"","width":0,"height":0},"classes":[]},{"id":9917,"url":"https:\/\/quechilero.com\/blog\/2011\/08\/05\/maraton-de-blogs-el-chiltepe-3\/","url_meta":{"origin":6448,"position":5},"title":"Marat\u00f3n de Blogs: El Chiltepe","author":"Pepe Barrascout Ortiz","date":"5 agosto 2011","format":false,"excerpt":"El Chiltepe es un magn\u00edfico blog dedicado al dise\u00f1o industrial, pero sin dejar de lado la publicidad, el arte y otras ramas del dise\u00f1o, de vez en cuando se tocan temas relacionados con la arquitectura. Los dise\u00f1os que regularmente se comparten en\u00a0El Chiltepe\u00a0son bastante inspiracionales, algunos son prototipos, que pueden\u2026","rel":"","context":"En \u00abBlogs de Guatemala\u00bb","block_context":{"text":"Blogs de Guatemala","link":"https:\/\/quechilero.com\/blog\/category\/blogs-de-guatemala\/"},"img":{"alt_text":"","src":"https:\/\/i0.wp.com\/i392.photobucket.com\/albums\/pp7\/pepejaguar\/maraton\/el-chiltepe.png?resize=350%2C200","width":350,"height":200,"srcset":"https:\/\/i0.wp.com\/i392.photobucket.com\/albums\/pp7\/pepejaguar\/maraton\/el-chiltepe.png?resize=350%2C200 1x, https:\/\/i0.wp.com\/i392.photobucket.com\/albums\/pp7\/pepejaguar\/maraton\/el-chiltepe.png?resize=525%2C300 1.5x"},"classes":[]}],"jetpack_featured_media_url":"","_links":{"self":[{"href":"https:\/\/quechilero.com\/blog\/wp-json\/wp\/v2\/posts\/6448","targetHints":{"allow":["GET"]}}],"collection":[{"href":"https:\/\/quechilero.com\/blog\/wp-json\/wp\/v2\/posts"}],"about":[{"href":"https:\/\/quechilero.com\/blog\/wp-json\/wp\/v2\/types\/post"}],"author":[{"embeddable":true,"href":"https:\/\/quechilero.com\/blog\/wp-json\/wp\/v2\/users\/1"}],"replies":[{"embeddable":true,"href":"https:\/\/quechilero.com\/blog\/wp-json\/wp\/v2\/comments?post=6448"}],"version-history":[{"count":0,"href":"https:\/\/quechilero.com\/blog\/wp-json\/wp\/v2\/posts\/6448\/revisions"}],"wp:attachment":[{"href":"https:\/\/quechilero.com\/blog\/wp-json\/wp\/v2\/media?parent=6448"}],"wp:term":[{"taxonomy":"category","embeddable":true,"href":"https:\/\/quechilero.com\/blog\/wp-json\/wp\/v2\/categories?post=6448"},{"taxonomy":"post_tag","embeddable":true,"href":"https:\/\/quechilero.com\/blog\/wp-json\/wp\/v2\/tags?post=6448"},{"taxonomy":"series","embeddable":true,"href":"https:\/\/quechilero.com\/blog\/wp-json\/wp\/v2\/series?post=6448"}],"curies":[{"name":"wp","href":"https:\/\/api.w.org\/{rel}","templated":true}]}}