{"id":6447,"date":"2011-01-30T08:00:08","date_gmt":"2011-01-30T14:00:08","guid":{"rendered":"http:\/\/quechilero.com\/blog\/?p=6447"},"modified":"2011-01-30T08:00:08","modified_gmt":"2011-01-30T14:00:08","slug":"el-ipad-o-el-periodico-cual-es-mejor","status":"publish","type":"post","link":"https:\/\/quechilero.com\/blog\/2011\/01\/30\/el-ipad-o-el-periodico-cual-es-mejor\/","title":{"rendered":"El iPad o el peri\u00f3dico \u00bfcu\u00e1l es mejor?"},"content":{"rendered":"<p>Las cosas <em>evolucionan<\/em>, pero todo contin\u00faa siendo lo mismo. Mucha gente piensa que el iPad es mejor que el peri\u00f3dico tradicional en todas las situaciones. La verdad, no en todas las situaciones es realmente mejor.<\/p>\n<p>Para mi, si tengo que escoger entre alguno de estos dos, no elijo a ninguno  \ud83d\ude15<\/p>\n<p><a href=\"http:\/\/s392.photobucket.com\/albums\/pp7\/pepejaguar\/blog\/?action=view&amp;current=ipad-vs-jornal.jpg\"><img data-recalc-dims=\"1\" decoding=\"async\" class=\"alignnone\" src=\"https:\/\/i0.wp.com\/i392.photobucket.com\/albums\/pp7\/pepejaguar\/blog\/ipad-vs-jornal.jpg?w=560\" alt=\"\"  \/><\/a><\/p>\n<p>La imagen la vi en <a title=\"El iPad o el peri\u00f3dico \u00bfcu\u00e1l es el mejor?\" href=\"http:\/\/www.guanabara.info\/2010\/07\/ipad-ou-jornal-qual-e-o-melhor\/\" target=\"_blank\">Guanabara<\/a>.<\/p>\n","protected":false},"excerpt":{"rendered":"<p>Las cosas evolucionan, pero todo contin\u00faa siendo lo mismo. Mucha gente piensa que el iPad es mejor que el peri\u00f3dico tradicional en todas las situaciones. La verdad, no en todas las situaciones es realmente mejor. Para mi, si tengo que escoger entre alguno de estos dos, no elijo a ninguno \ud83d\ude15 La imagen la vi &#8230; <a title=\"El iPad o el peri\u00f3dico \u00bfcu\u00e1l es mejor?\" class=\"read-more\" href=\"https:\/\/quechilero.com\/blog\/2011\/01\/30\/el-ipad-o-el-periodico-cual-es-mejor\/\" aria-label=\"Leer m\u00e1s sobre El iPad o el peri\u00f3dico \u00bfcu\u00e1l es mejor?\">Leer m\u00e1s<\/a><\/p>\n","protected":false},"author":1,"featured_media":0,"comment_status":"open","ping_status":"open","sticky":false,"template":"","format":"standard","meta":{"advanced_seo_description":"","jetpack_seo_html_title":"","jetpack_seo_noindex":false,"jetpack_seo_schema_type":"","episode_type":"","audio_file":"","podmotor_file_id":"","podmotor_episode_id":"","cover_image":"","cover_image_id":"","duration":"","filesize":"","filesize_raw":"","date_recorded":"","explicit":"","block":"","_jetpack_newsletter_access":"","_jetpack_dont_email_post_to_subs":false,"_jetpack_newsletter_tier_id":0,"_jetpack_memberships_contains_paywalled_content":false,"_jetpack_feature_clip_id":0,"_jetpack_memberships_contains_paid_content":false,"footnotes":"","jetpack_publicize_message":"","jetpack_publicize_feature_enabled":true,"jetpack_social_post_already_shared":false,"jetpack_social_options":{"image_generator_settings":{"template":"highway","default_image_id":0,"font":"","enabled":false},"version":2},"jetpack_post_was_ever_published":false},"categories":[2],"tags":[12,41],"series":[],"class_list":["post-6447","post","type-post","status-publish","format-standard","hentry","category-limones","tag-cosas","tag-verdad"],"episode_featured_image":false,"episode_player_image":"https:\/\/i0.wp.com\/quechilero.com\/blog\/imagenes\/podcast.png?fit=1831%2C1831&ssl=1","download_link":"","player_link":"","audio_player":false,"episode_data":{"playerMode":"dark","subscribeUrls":{"amazon":{"key":"amazon","url":"","label":"Amazon","class":"amazon","icon":"amazon.png"},"apple_podcasts":{"key":"apple_podcasts","url":"","label":"Apple Podcasts","class":"apple_podcasts","icon":"apple-podcasts.png"},"castbox":{"key":"castbox","url":"","label":"CastBox","class":"castbox","icon":"castbox.png"},"deezer":{"key":"deezer","url":"","label":"Deezer","class":"deezer","icon":"deezer.png"},"google_podcasts":{"key":"google_podcasts","url":"","label":"Google Podcasts","class":"google_podcasts","icon":"google-podcasts.png"},"listen_notes":{"key":"listen_notes","url":"","label":"Listen Notes","class":"listen_notes","icon":"listen-notes.png"},"pandora":{"key":"pandora","url":"","label":"Pandora","class":"pandora","icon":"pandora.png"},"podbean":{"key":"podbean","url":"","label":"Podbean","class":"podbean","icon":"podbean.png"},"podcast_republic":{"key":"podcast_republic","url":"","label":"Podcast Republic","class":"podcast_republic","icon":"podcast-republic.png"},"rss":{"key":"rss","url":"","label":"RSS","class":"rss","icon":"rss.png"},"spotify":{"key":"spotify","url":"","label":"Spotify","class":"spotify","icon":"spotify.png"},"stitcher":{"key":"stitcher","url":"","label":"Stitcher","class":"stitcher","icon":"stitcher.png"},"tunein":{"key":"tunein","url":"","label":"TuneIn","class":"tunein","icon":"tunein.png"},"youtube":{"key":"youtube","url":"","label":"YouTube","class":"youtube","icon":"youtube.png"},"iheartradio":{"key":"iheartradio","url":"","label":"iHeartRadio","class":"iheartradio","icon":"iheartradio.png"},"ivoox":{"key":"ivoox","url":"","label":"iVoox","class":"ivoox","icon":"ivoox.png"}},"rssFeedUrl":"https:\/\/quechilero.com\/blog\/feed\/podcast\/si-la-vida-nos-da-limones","embedCode":"<blockquote class=\"wp-embedded-content\" data-secret=\"a9b55muo3a\"><a href=\"https:\/\/quechilero.com\/blog\/2011\/01\/30\/el-ipad-o-el-periodico-cual-es-mejor\/\">El iPad o el peri\u00f3dico \u00bfcu\u00e1l es mejor?<\/a><\/blockquote><iframe sandbox=\"allow-scripts\" security=\"restricted\" src=\"https:\/\/quechilero.com\/blog\/2011\/01\/30\/el-ipad-o-el-periodico-cual-es-mejor\/embed\/#?secret=a9b55muo3a\" width=\"500\" height=\"350\" title=\"\u00abEl iPad o el peri\u00f3dico \u00bfcu\u00e1l es mejor?\u00bb \u2014 Si la Vida nos da Limones...\" data-secret=\"a9b55muo3a\" frameborder=\"0\" marginwidth=\"0\" marginheight=\"0\" scrolling=\"no\" class=\"wp-embedded-content\"><\/iframe><script>\n\/*! This file is auto-generated *\/\n!function(d,l){\"use strict\";l.querySelector&&d.addEventListener&&\"undefined\"!=typeof URL&&(d.wp=d.wp||{},d.wp.receiveEmbedMessage||(d.wp.receiveEmbedMessage=function(e){var t=e.data;if((t||t.secret||t.message||t.value)&&!\/[^a-zA-Z0-9]\/.test(t.secret)){for(var s,r,n,a=l.querySelectorAll('iframe[data-secret=\"'+t.secret+'\"]'),o=l.querySelectorAll('blockquote[data-secret=\"'+t.secret+'\"]'),c=new RegExp(\"^https?:$\",\"i\"),i=0;i<o.length;i++)o[i].style.display=\"none\";for(i=0;i<a.length;i++)s=a[i],e.source===s.contentWindow&&(s.removeAttribute(\"style\"),\"height\"===t.message?(1e3<(r=parseInt(t.value,10))?r=1e3:~~r<200&&(r=200),s.height=r):\"link\"===t.message&&(r=new URL(s.getAttribute(\"src\")),n=new URL(t.value),c.test(n.protocol))&&n.host===r.host&&l.activeElement===s&&(d.top.location.href=t.value))}},d.addEventListener(\"message\",d.wp.receiveEmbedMessage,!1),l.addEventListener(\"DOMContentLoaded\",function(){for(var e,t,s=l.querySelectorAll(\"iframe.wp-embedded-content\"),r=0;r<s.length;r++)(t=(e=s[r]).getAttribute(\"data-secret\"))||(t=Math.random().toString(36).substring(2,12),e.src+=\"#?secret=\"+t,e.setAttribute(\"data-secret\",t)),e.contentWindow.postMessage({message:\"ready\",secret:t},\"*\")},!1)))}(window,document);\n\/\/# sourceURL=https:\/\/quechilero.com\/blog\/wp-includes\/js\/wp-embed.min.js\n<\/script>\n"},"jetpack_publicize_connections":[],"jetpack_shortlink":"https:\/\/wp.me\/pDKli-1FZ","jetpack_sharing_enabled":true,"jetpack-related-posts":[{"id":16882,"url":"https:\/\/quechilero.com\/blog\/2013\/08\/11\/los-mejores-socios\/","url_meta":{"origin":6447,"position":0},"title":"Los mejores socios","author":"Pepe Barrascout Ortiz","date":"11 agosto 2013","format":false,"excerpt":"\u00bfNo puedes dormir porque te preocupa tu situaci\u00f3n profesional y financiera? Ese era el caso de Bill, un hombre de negocios de mediana edad que siempre le dec\u00eda a la gente que har\u00eda esto o aquello en su negocio de relaciones p\u00fablicas; siempre era algo que de seguro le dar\u00eda\u2026","rel":"","context":"En \u00abLimones\u00bb","block_context":{"text":"Limones","link":"https:\/\/quechilero.com\/blog\/category\/limones\/"},"img":{"alt_text":"","src":"","width":0,"height":0},"classes":[]},{"id":3241,"url":"https:\/\/quechilero.com\/blog\/2009\/08\/08\/maraton-de-blogs-el-zacapaneco\/","url_meta":{"origin":6447,"position":1},"title":"Marat\u00f3n de Blogs: El Zacapaneco","author":"Pepe Barrascout Ortiz","date":"8 agosto 2009","format":false,"excerpt":"En Guatemala, son pocos los blogs de tipo comercial, sin embargo El Zacapaneco ha destacado por varias cosas, que le dan un m\u00e9rito y popularidad que pocos han logrado alcanzar. El Zacapaneco destaca como blog comercial, como blog producido en el interior del pa\u00eds y como medio de comunicaci\u00f3n alterno.\u2026","rel":"","context":"En \u00abBlogs de Guatemala\u00bb","block_context":{"text":"Blogs de Guatemala","link":"https:\/\/quechilero.com\/blog\/category\/blogs-de-guatemala\/"},"img":{"alt_text":"Marat\u00f3n de Blogs 2009","src":"https:\/\/i0.wp.com\/i392.photobucket.com\/albums\/pp7\/pepejaguar\/maraton2009\/maraton2009.jpg?resize=350%2C200","width":350,"height":200,"srcset":"https:\/\/i0.wp.com\/i392.photobucket.com\/albums\/pp7\/pepejaguar\/maraton2009\/maraton2009.jpg?resize=350%2C200 1x, https:\/\/i0.wp.com\/i392.photobucket.com\/albums\/pp7\/pepejaguar\/maraton2009\/maraton2009.jpg?resize=525%2C300 1.5x"},"classes":[]},{"id":6120,"url":"https:\/\/quechilero.com\/blog\/2011\/02\/02\/30-aplicaciones-para-android\/","url_meta":{"origin":6447,"position":2},"title":"30 aplicaciones para Android","author":"Pepe Barrascout Ortiz","date":"2 febrero 2011","format":false,"excerpt":"Con la cobertura de los medios en todas partes alrededor del IOS (iPhone, IPAD, iPod Touch) en cuanto al mercado de las aplicaciones, es importante recordar que Android tambi\u00e9n est\u00e1 haciendo progresos enormes.\u00a0M\u00e1s de 100.000 aplicaciones ya est\u00e1n disponibles en el Android Market.\u00a0En los \u00faltimos seis meses, los dispositivos Android\u2026","rel":"","context":"En \u00abLimones por mano\u00bb","block_context":{"text":"Limones por mano","link":"https:\/\/quechilero.com\/blog\/category\/limones-por-mano\/"},"img":{"alt_text":"","src":"https:\/\/i0.wp.com\/i392.photobucket.com\/albums\/pp7\/pepejaguar\/blog\/android.jpg?resize=350%2C200","width":350,"height":200},"classes":[]},{"id":9922,"url":"https:\/\/quechilero.com\/blog\/2011\/08\/13\/maraton-de-blogs-dina-fernandez\/","url_meta":{"origin":6447,"position":3},"title":"Marat\u00f3n de Blogs: Dina Fern\u00e1ndez","author":"Pepe Barrascout Ortiz","date":"13 agosto 2011","format":false,"excerpt":"Dina Fern\u00e1ndez es una periodista\u00a0que ha participado en diferentes medios tradicionales\u00a0del pa\u00eds y que publica sus pensamientos en su blog bajo su mismo nombre y con el lema \"La necedad de querer el bien\". Adem\u00e1s es antrop\u00f3loga\u00a0y periodismo lo estudi\u00f3 fuera del pa\u00eds. Sus textos han sido publicados en Prensa\u2026","rel":"","context":"En \u00abBlogs de Guatemala\u00bb","block_context":{"text":"Blogs de Guatemala","link":"https:\/\/quechilero.com\/blog\/category\/blogs-de-guatemala\/"},"img":{"alt_text":"","src":"https:\/\/i0.wp.com\/i392.photobucket.com\/albums\/pp7\/pepejaguar\/maraton\/dina-fernandez.png?resize=350%2C200","width":350,"height":200,"srcset":"https:\/\/i0.wp.com\/i392.photobucket.com\/albums\/pp7\/pepejaguar\/maraton\/dina-fernandez.png?resize=350%2C200 1x, https:\/\/i0.wp.com\/i392.photobucket.com\/albums\/pp7\/pepejaguar\/maraton\/dina-fernandez.png?resize=525%2C300 1.5x"},"classes":[]},{"id":5611,"url":"https:\/\/quechilero.com\/blog\/2010\/09\/16\/las-albondigas\/","url_meta":{"origin":6447,"position":4},"title":"Las alb\u00f3ndigas","author":"Pepe Barrascout Ortiz","date":"16 septiembre 2010","format":false,"excerpt":"Hab\u00eda una vez una persona que viv\u00eda al lado de una carretera donde vend\u00eda unas ricas alb\u00f3ndigas con pan. Estaba muy ocupado y por lo tanto no o\u00eda la radio, no le\u00eda los peri\u00f3dicos ni ve\u00eda la televisi\u00f3n. Alquil\u00f3 un peque\u00f1o terreno, coloc\u00f3 una gran valla y anunci\u00f3 su mercanc\u00eda\u2026","rel":"","context":"En \u00abLimones\u00bb","block_context":{"text":"Limones","link":"https:\/\/quechilero.com\/blog\/category\/limones\/"},"img":{"alt_text":"","src":"","width":0,"height":0},"classes":[]},{"id":15259,"url":"https:\/\/quechilero.com\/blog\/2012\/12\/16\/cuatro-leyes-de-la-espiritualidad\/","url_meta":{"origin":6447,"position":5},"title":"Cuatro Leyes de la Espiritualidad","author":"Pepe Barrascout Ortiz","date":"16 diciembre 2012","format":false,"excerpt":"En la India se ense\u00f1an las \"Cuatro Leyes de la Espiritualidad\". La primera dice: \"La persona que llega es la persona correcta\", es decir que nadie llega a nuestras vidas por casualidad, todas las personas que nos rodean, que interact\u00faan con nosotros, est\u00e1n all\u00ed por algo, para hacernos aprender y\u2026","rel":"","context":"En \u00abLimones\u00bb","block_context":{"text":"Limones","link":"https:\/\/quechilero.com\/blog\/category\/limones\/"},"img":{"alt_text":"","src":"","width":0,"height":0},"classes":[]}],"jetpack_featured_media_url":"","_links":{"self":[{"href":"https:\/\/quechilero.com\/blog\/wp-json\/wp\/v2\/posts\/6447","targetHints":{"allow":["GET"]}}],"collection":[{"href":"https:\/\/quechilero.com\/blog\/wp-json\/wp\/v2\/posts"}],"about":[{"href":"https:\/\/quechilero.com\/blog\/wp-json\/wp\/v2\/types\/post"}],"author":[{"embeddable":true,"href":"https:\/\/quechilero.com\/blog\/wp-json\/wp\/v2\/users\/1"}],"replies":[{"embeddable":true,"href":"https:\/\/quechilero.com\/blog\/wp-json\/wp\/v2\/comments?post=6447"}],"version-history":[{"count":0,"href":"https:\/\/quechilero.com\/blog\/wp-json\/wp\/v2\/posts\/6447\/revisions"}],"wp:attachment":[{"href":"https:\/\/quechilero.com\/blog\/wp-json\/wp\/v2\/media?parent=6447"}],"wp:term":[{"taxonomy":"category","embeddable":true,"href":"https:\/\/quechilero.com\/blog\/wp-json\/wp\/v2\/categories?post=6447"},{"taxonomy":"post_tag","embeddable":true,"href":"https:\/\/quechilero.com\/blog\/wp-json\/wp\/v2\/tags?post=6447"},{"taxonomy":"series","embeddable":true,"href":"https:\/\/quechilero.com\/blog\/wp-json\/wp\/v2\/series?post=6447"}],"curies":[{"name":"wp","href":"https:\/\/api.w.org\/{rel}","templated":true}]}}