{"id":642,"date":"2007-08-26T10:00:08","date_gmt":"2007-08-26T16:00:08","guid":{"rendered":"http:\/\/www.quechilero.com\/blog\/2007\/08\/26\/maraton-de-blogs-el-dueno-de-la-justo\/"},"modified":"2007-08-26T10:00:08","modified_gmt":"2007-08-26T16:00:08","slug":"maraton-de-blogs-el-dueno-de-la-justo","status":"publish","type":"post","link":"https:\/\/quechilero.com\/blog\/2007\/08\/26\/maraton-de-blogs-el-dueno-de-la-justo\/","title":{"rendered":"Marat\u00f3n de Blogs &#8211; El due\u00f1o de la Justo"},"content":{"rendered":"<p>Sigue el <a href=\"http:\/\/www.quechilero.com\/2007\/07\/31\/maraton-de-blogs-de-guatemala\/\">Marat\u00f3n de Blogs<\/a>, con este texto publicado originalmente en el blog <a target=\"_blank\" href=\"http:\/\/www.lazona21.com\/blog\/2007\/06\/30\/el-dueno-de-la-justo\/\">La Zona 21<\/a>, este blog es el primero y \u00fanico por el momento, que da a conocer el diario acontecer de una de las zonas en las que est\u00e1 organizada la Ciudad de Guatemala, la zona 21 una de las mas grandes y pobladas de la capital del pa\u00eds. De los interesantes art\u00edculos que aqu\u00ed se publican, reproduzco \u00ab<em>El due\u00f1o de la Justo<\/em>\u00ab, me dej\u00f3 impresionado y con un agradable sentimiento de superaci\u00f3n que espero transmitir.<\/p>\n<p>**********<\/p>\n<p><strong>El due\u00f1o de la Justo<\/strong><\/p>\n<p><img data-recalc-dims=\"1\" decoding=\"async\" title=\"Pedro Barrios. Voceador\" alt=\"Pedro Barrios. Voceador\" src=\"https:\/\/i0.wp.com\/img170.imageshack.us\/img170\/2807\/romeobarriosoh0.jpg?w=1200\" \/> <em><strong>Pedro Barrios<\/strong> Voceador<\/em><br \/>\nCasi arrastrando los pies, <strong>don Pedro<\/strong> recorre a diario los callejones de la colonia <strong>Justo Rufino Barrios.<\/strong><\/p>\n<p>No recuerdo cu\u00e1ndo principi\u00e9 a vender peri\u00f3dicos, de lo que estoy seguro es que fue hace m\u00e1s de 10 a\u00f1os, despu\u00e9s de jubilarme del Instituto Guatemalteco de Seguridad Social <strong>(IGSS)<\/strong>, donde trabaj\u00e9 en varios puestos, entre ellos el de conserje.<\/p>\n<p>Cuando <strong>don Romeo,<\/strong> otro voceador, me propuso que trabajara de esto le dije que no, porque me daba verg\u00fcenza, pero \u00e9l me respondi\u00f3: <em><strong>?Verg\u00fcenza es robar?<\/strong><\/em> y con estas palabras me <strong>?enganch\u00f3?<\/strong>, y ahora lo que gano me ayuda a sobrevivir.<\/p>\n<p>Desde esa vez, todos los d\u00edas recorro las calles y callejones de la colonia <strong>Justo Rufino Barrios, zona 21,<\/strong> repartiendo la prensa. S\u00f3lo unos meses dej\u00e9 de vender, debido a que me fui a Los \u00c1ngeles, Estados Unidos, a pasear un mi tiempo.<\/p>\n<p>Aunque en abril cumpl\u00ed <strong>82 a\u00f1os,<\/strong> todav\u00eda tengo fuerza para gritar: \u00a1Prensa?Prensa! \u00a1Diario?Diario! Cuando la gente oye esto, ya sabe que <strong>?Don Pedro? <\/strong>se acerca con su carretilla llena de peri\u00f3dicos. La gente es muy buena conmigo, porque me ayuda comprando lo que vendo.<\/p>\n<p>La mayor\u00eda son mis clientes. Algunos me dicen que les pase dejando el peri\u00f3dico el lunes y jueves, otros domingo y mi\u00e9rcoles, pero la mayor\u00eda me compran cualquier d\u00eda. Yo les aconsejo que se suscriban, porque as\u00ed les sale m\u00e1s barato. Los d\u00edas que m\u00e1s vendo son los lunes y jueves, unos 140 ejemplares.<\/p>\n<p>Por mi edad me cuesta mucho caminar, por eso es que principio a repartir a las 6 de la ma\u00f1ana y termino entre las 13 y 14 horas. Pero ?no todos los d\u00edas se comer carne? y hay veces que no termino y cuando esto sucede me voy a <strong>Guajitos<\/strong>, para terminar, porque, si no, \u00bfqu\u00e9 hago con los peri\u00f3dicos que no vendo??, pierdo. Aunque hay veces que ni alcanzan.<\/p>\n<p>No s\u00e9 cu\u00e1nto tiempo m\u00e1s trabajar\u00e9 en esto, porque ya me pesan los a\u00f1os y, adem\u00e1s, padezco de osteoporosis y una gastritis que cada d\u00eda es m\u00e1s fuerte.<\/p>\n<p>Los zapatos tenis que uso me ayudan mucho a caminar, creo que si no fuera por \u00e9stos ya me hubiera retirado. Son suaves y por eso no me hacen ampollas.<\/p>\n<p>Mientras pueda voy a seguir luchando para ganarme unos lenes y aportar al gasto de mi casa donde vivo con una mi hijastra y una hija adoptiva, ya que mi esposa falleci\u00f3 hace a\u00f1os.<\/p>\n<p><strong>Vivo en la Justo,<\/strong> todos los d\u00edas la recorro y mi apellido es <strong>Barrios,<\/strong> por eso dicen que soy <strong>el due\u00f1o <\/strong>de la<strong> colonia Justo Rufino Barrios.<\/strong><\/p>\n<p><em>Publicado originalmente en <a target=\"_blank\" href=\"http:\/\/www.lazona21.com\/blog\/2007\/06\/30\/el-dueno-de-la-justo\/\">La Zona 21<\/a><\/em><\/p>\n<p><a target=\"_blank\" title=\"Marat\u00f3n de Blogs\" href=\"http:\/\/www.quechilero.com\/blog\/2007\/07\/31\/maraton-de-blogs-de-guatemala\/\"><img data-recalc-dims=\"1\" decoding=\"async\" border=\"0\" alt=\"Marat\u00f3n de Blogs\" title=\"Marat\u00f3n de Blogs\" src=\"https:\/\/i0.wp.com\/img214.imageshack.us\/img214\/3169\/maratonng0.gif?w=1200\" \/><\/a><\/p>\n","protected":false},"excerpt":{"rendered":"<p>Sigue el Marat\u00f3n de Blogs, con este texto publicado originalmente en el blog La Zona 21, este blog es el primero y \u00fanico por el momento, que da a conocer el diario acontecer de una de las zonas en las que est\u00e1 organizada la Ciudad de Guatemala, la zona 21 una de las mas grandes &#8230; <a title=\"Marat\u00f3n de Blogs &#8211; El due\u00f1o de la Justo\" class=\"read-more\" href=\"https:\/\/quechilero.com\/blog\/2007\/08\/26\/maraton-de-blogs-el-dueno-de-la-justo\/\" aria-label=\"Leer m\u00e1s sobre Marat\u00f3n de Blogs &#8211; El due\u00f1o de la Justo\">Leer m\u00e1s<\/a><\/p>\n","protected":false},"author":1,"featured_media":0,"comment_status":"open","ping_status":"open","sticky":false,"template":"","format":"standard","meta":{"advanced_seo_description":"","jetpack_seo_html_title":"","jetpack_seo_noindex":false,"episode_type":"","audio_file":"","cover_image":"","cover_image_id":"","duration":"","filesize":"","date_recorded":"","explicit":"","block":"","filesize_raw":"","jetpack_post_was_ever_published":false,"_jetpack_newsletter_access":"","_jetpack_dont_email_post_to_subs":false,"_jetpack_newsletter_tier_id":0,"_jetpack_memberships_contains_paywalled_content":false,"_jetpack_memberships_contains_paid_content":false,"footnotes":"","jetpack_publicize_message":"","jetpack_publicize_feature_enabled":true,"jetpack_social_post_already_shared":false,"jetpack_social_options":{"image_generator_settings":{"template":"highway","enabled":false},"version":2}},"categories":[2],"tags":[37,4,10,62,42,82,5],"series":[],"class_list":["post-642","post","type-post","status-publish","format-standard","hentry","category-limones","tag-ayuda","tag-blog","tag-guatemala","tag-maraton","tag-palabra","tag-sentimiento","tag-tiempo"],"episode_featured_image":false,"episode_player_image":"https:\/\/i0.wp.com\/quechilero.com\/blog\/imagenes\/podcast.png?fit=1831%2C1831&ssl=1","download_link":"","player_link":"","audio_player":false,"episode_data":{"playerMode":"dark","subscribeUrls":{"amazon":{"key":"amazon","url":"","label":"Amazon","class":"amazon","icon":"amazon.png"},"apple_podcasts":{"key":"apple_podcasts","url":"","label":"Apple Podcasts","class":"apple_podcasts","icon":"apple-podcasts.png"},"castbox":{"key":"castbox","url":"","label":"CastBox","class":"castbox","icon":"castbox.png"},"deezer":{"key":"deezer","url":"","label":"Deezer","class":"deezer","icon":"deezer.png"},"google_podcasts":{"key":"google_podcasts","url":"","label":"Google Podcasts","class":"google_podcasts","icon":"google-podcasts.png"},"listen_notes":{"key":"listen_notes","url":"","label":"Listen Notes","class":"listen_notes","icon":"listen-notes.png"},"pandora":{"key":"pandora","url":"","label":"Pandora","class":"pandora","icon":"pandora.png"},"podbean":{"key":"podbean","url":"","label":"Podbean","class":"podbean","icon":"podbean.png"},"podcast_republic":{"key":"podcast_republic","url":"","label":"Podcast Republic","class":"podcast_republic","icon":"podcast-republic.png"},"rss":{"key":"rss","url":"","label":"RSS","class":"rss","icon":"rss.png"},"spotify":{"key":"spotify","url":"","label":"Spotify","class":"spotify","icon":"spotify.png"},"stitcher":{"key":"stitcher","url":"","label":"Stitcher","class":"stitcher","icon":"stitcher.png"},"tunein":{"key":"tunein","url":"","label":"TuneIn","class":"tunein","icon":"tunein.png"},"youtube":{"key":"youtube","url":"","label":"YouTube","class":"youtube","icon":"youtube.png"},"iheartradio":{"key":"iheartradio","url":"","label":"iHeartRadio","class":"iheartradio","icon":"iheartradio.png"},"ivoox":{"key":"ivoox","url":"","label":"iVoox","class":"ivoox","icon":"ivoox.png"}},"rssFeedUrl":"https:\/\/quechilero.com\/blog\/feed\/podcast\/si-la-vida-nos-da-limones","embedCode":"<blockquote class=\"wp-embedded-content\" data-secret=\"Pq5sUl9cZ9\"><a href=\"https:\/\/quechilero.com\/blog\/2007\/08\/26\/maraton-de-blogs-el-dueno-de-la-justo\/\">Marat\u00f3n de Blogs &#8211; El due\u00f1o de la Justo<\/a><\/blockquote><iframe sandbox=\"allow-scripts\" security=\"restricted\" src=\"https:\/\/quechilero.com\/blog\/2007\/08\/26\/maraton-de-blogs-el-dueno-de-la-justo\/embed\/#?secret=Pq5sUl9cZ9\" width=\"500\" height=\"350\" title=\"\u00abMarat\u00f3n de Blogs &#8211; El due\u00f1o de la Justo\u00bb \u2014 Si la Vida nos da Limones...\" data-secret=\"Pq5sUl9cZ9\" frameborder=\"0\" marginwidth=\"0\" marginheight=\"0\" scrolling=\"no\" class=\"wp-embedded-content\"><\/iframe><script>\n\/*! This file is auto-generated *\/\n!function(d,l){\"use strict\";l.querySelector&&d.addEventListener&&\"undefined\"!=typeof URL&&(d.wp=d.wp||{},d.wp.receiveEmbedMessage||(d.wp.receiveEmbedMessage=function(e){var t=e.data;if((t||t.secret||t.message||t.value)&&!\/[^a-zA-Z0-9]\/.test(t.secret)){for(var s,r,n,a=l.querySelectorAll('iframe[data-secret=\"'+t.secret+'\"]'),o=l.querySelectorAll('blockquote[data-secret=\"'+t.secret+'\"]'),c=new RegExp(\"^https?:$\",\"i\"),i=0;i<o.length;i++)o[i].style.display=\"none\";for(i=0;i<a.length;i++)s=a[i],e.source===s.contentWindow&&(s.removeAttribute(\"style\"),\"height\"===t.message?(1e3<(r=parseInt(t.value,10))?r=1e3:~~r<200&&(r=200),s.height=r):\"link\"===t.message&&(r=new URL(s.getAttribute(\"src\")),n=new URL(t.value),c.test(n.protocol))&&n.host===r.host&&l.activeElement===s&&(d.top.location.href=t.value))}},d.addEventListener(\"message\",d.wp.receiveEmbedMessage,!1),l.addEventListener(\"DOMContentLoaded\",function(){for(var e,t,s=l.querySelectorAll(\"iframe.wp-embedded-content\"),r=0;r<s.length;r++)(t=(e=s[r]).getAttribute(\"data-secret\"))||(t=Math.random().toString(36).substring(2,12),e.src+=\"#?secret=\"+t,e.setAttribute(\"data-secret\",t)),e.contentWindow.postMessage({message:\"ready\",secret:t},\"*\")},!1)))}(window,document);\n\/\/# sourceURL=https:\/\/quechilero.com\/blog\/wp-includes\/js\/wp-embed.min.js\n<\/script>\n"},"jetpack_publicize_connections":[],"jetpack_featured_media_url":"","jetpack_shortlink":"https:\/\/wp.me\/pDKli-am","jetpack_sharing_enabled":true,"jetpack-related-posts":[],"_links":{"self":[{"href":"https:\/\/quechilero.com\/blog\/wp-json\/wp\/v2\/posts\/642","targetHints":{"allow":["GET"]}}],"collection":[{"href":"https:\/\/quechilero.com\/blog\/wp-json\/wp\/v2\/posts"}],"about":[{"href":"https:\/\/quechilero.com\/blog\/wp-json\/wp\/v2\/types\/post"}],"author":[{"embeddable":true,"href":"https:\/\/quechilero.com\/blog\/wp-json\/wp\/v2\/users\/1"}],"replies":[{"embeddable":true,"href":"https:\/\/quechilero.com\/blog\/wp-json\/wp\/v2\/comments?post=642"}],"version-history":[{"count":0,"href":"https:\/\/quechilero.com\/blog\/wp-json\/wp\/v2\/posts\/642\/revisions"}],"wp:attachment":[{"href":"https:\/\/quechilero.com\/blog\/wp-json\/wp\/v2\/media?parent=642"}],"wp:term":[{"taxonomy":"category","embeddable":true,"href":"https:\/\/quechilero.com\/blog\/wp-json\/wp\/v2\/categories?post=642"},{"taxonomy":"post_tag","embeddable":true,"href":"https:\/\/quechilero.com\/blog\/wp-json\/wp\/v2\/tags?post=642"},{"taxonomy":"series","embeddable":true,"href":"https:\/\/quechilero.com\/blog\/wp-json\/wp\/v2\/series?post=642"}],"curies":[{"name":"wp","href":"https:\/\/api.w.org\/{rel}","templated":true}]}}