{"id":640,"date":"2007-08-24T10:00:50","date_gmt":"2007-08-24T16:00:50","guid":{"rendered":"http:\/\/www.quechilero.com\/blog\/2007\/08\/24\/maraton-de-blogs-panajachel\/"},"modified":"2007-08-24T10:00:50","modified_gmt":"2007-08-24T16:00:50","slug":"maraton-de-blogs-panajachel","status":"publish","type":"post","link":"https:\/\/quechilero.com\/blog\/2007\/08\/24\/maraton-de-blogs-panajachel\/","title":{"rendered":"Marat\u00f3n de Blogs &#8211; Panajachel"},"content":{"rendered":"<p>Sigue el <a href=\"http:\/\/www.quechilero.com\/2007\/07\/31\/maraton-de-blogs-de-guatemala\/\">Marat\u00f3n de Blogs<\/a>, con esta fotograf\u00eda publicada originalmente en el blog <a target=\"_blank\" href=\"http:\/\/panajachel.blogs.ie\/2007\/04\/28\/panajachel-guatemala-2\/\">Panajachel Guatemala<\/a>, un linda postal de uno de los volcanes que rodean este bello para\u00edso natural. \u00bfAcaso hay alguien que no se sienta atra\u00eddo a tan excelsa manifestaci\u00f3n de Dios por medio de la naturaleza?. <em>Para ti Kiki y por los lindos recuerdos<\/em>.<\/p>\n<p>**********<\/p>\n<p><strong>Panajachel<\/strong><\/p>\n<p><img data-recalc-dims=\"1\" decoding=\"async\" alt=\"Atitl\u00e1n\" title=\"Atitl\u00e1n\" src=\"https:\/\/i0.wp.com\/img365.imageshack.us\/img365\/1355\/776301933263786d21dgd7.jpg?w=1200\" \/><br \/>\nPara ver la imagen en 750 x 1000 px, <a target=\"_blank\" href=\"http:\/\/www.flickr.com\/photos\/96853941@N00\/77630193\/\">click aqui<\/a><\/p>\n<p><em>Originalmente publicado por <a target=\"_blank\" href=\"http:\/\/panajachel.blogs.ie\/2007\/04\/28\/panajachel-guatemala-2\/\">Panajachel Guatemala<\/a><\/em><\/p>\n<p><a title=\"Maraton de blogs\" href=\"http:\/\/www.quechilero.com\/blog\/2007\/07\/31\/maraton-de-blogs-de-guatemala\/\"><img data-recalc-dims=\"1\" decoding=\"async\" border=\"0\" title=\"Maraton de blogs\" alt=\"Maraton de blogs\" src=\"https:\/\/i0.wp.com\/img214.imageshack.us\/img214\/3169\/maratonng0.gif?w=1200\" \/><\/a><\/p>\n","protected":false},"excerpt":{"rendered":"<p>Sigue el Marat\u00f3n de Blogs, con esta fotograf\u00eda publicada originalmente en el blog Panajachel Guatemala, un linda postal de uno de los volcanes que rodean este bello para\u00edso natural. \u00bfAcaso hay alguien que no se sienta atra\u00eddo a tan excelsa manifestaci\u00f3n de Dios por medio de la naturaleza?. Para ti Kiki y por los lindos &#8230; <a title=\"Marat\u00f3n de Blogs &#8211; Panajachel\" class=\"read-more\" href=\"https:\/\/quechilero.com\/blog\/2007\/08\/24\/maraton-de-blogs-panajachel\/\" aria-label=\"Leer m\u00e1s sobre Marat\u00f3n de Blogs &#8211; Panajachel\">Leer m\u00e1s<\/a><\/p>\n","protected":false},"author":1,"featured_media":0,"comment_status":"open","ping_status":"open","sticky":false,"template":"","format":"standard","meta":{"advanced_seo_description":"","jetpack_seo_html_title":"","jetpack_seo_noindex":false,"jetpack_seo_schema_type":"","episode_type":"","audio_file":"","podmotor_file_id":"","podmotor_episode_id":"","cover_image":"","cover_image_id":"","duration":"","filesize":"","filesize_raw":"","date_recorded":"","explicit":"","block":"","_jetpack_newsletter_access":"","_jetpack_dont_email_post_to_subs":false,"_jetpack_newsletter_tier_id":0,"_jetpack_memberships_contains_paywalled_content":false,"_jetpack_feature_clip_id":0,"_jetpack_memberships_contains_paid_content":false,"footnotes":"","jetpack_publicize_message":"","jetpack_publicize_feature_enabled":true,"jetpack_social_post_already_shared":false,"jetpack_social_options":{"image_generator_settings":{"template":"highway","default_image_id":0,"font":"","enabled":false},"version":2},"jetpack_post_was_ever_published":false},"categories":[2],"tags":[4,51,8,10,54,62],"series":[],"class_list":["post-640","post","type-post","status-publish","format-standard","hentry","category-limones","tag-blog","tag-dios","tag-fotografia","tag-guatemala","tag-kiki","tag-maraton"],"episode_featured_image":false,"episode_player_image":"https:\/\/i0.wp.com\/quechilero.com\/blog\/imagenes\/podcast.png?fit=1831%2C1831&ssl=1","download_link":"","player_link":"","audio_player":false,"episode_data":{"playerMode":"dark","subscribeUrls":{"amazon":{"key":"amazon","url":"","label":"Amazon","class":"amazon","icon":"amazon.png"},"apple_podcasts":{"key":"apple_podcasts","url":"","label":"Apple Podcasts","class":"apple_podcasts","icon":"apple-podcasts.png"},"castbox":{"key":"castbox","url":"","label":"CastBox","class":"castbox","icon":"castbox.png"},"deezer":{"key":"deezer","url":"","label":"Deezer","class":"deezer","icon":"deezer.png"},"google_podcasts":{"key":"google_podcasts","url":"","label":"Google Podcasts","class":"google_podcasts","icon":"google-podcasts.png"},"listen_notes":{"key":"listen_notes","url":"","label":"Listen Notes","class":"listen_notes","icon":"listen-notes.png"},"pandora":{"key":"pandora","url":"","label":"Pandora","class":"pandora","icon":"pandora.png"},"podbean":{"key":"podbean","url":"","label":"Podbean","class":"podbean","icon":"podbean.png"},"podcast_republic":{"key":"podcast_republic","url":"","label":"Podcast Republic","class":"podcast_republic","icon":"podcast-republic.png"},"rss":{"key":"rss","url":"","label":"RSS","class":"rss","icon":"rss.png"},"spotify":{"key":"spotify","url":"","label":"Spotify","class":"spotify","icon":"spotify.png"},"stitcher":{"key":"stitcher","url":"","label":"Stitcher","class":"stitcher","icon":"stitcher.png"},"tunein":{"key":"tunein","url":"","label":"TuneIn","class":"tunein","icon":"tunein.png"},"youtube":{"key":"youtube","url":"","label":"YouTube","class":"youtube","icon":"youtube.png"},"iheartradio":{"key":"iheartradio","url":"","label":"iHeartRadio","class":"iheartradio","icon":"iheartradio.png"},"ivoox":{"key":"ivoox","url":"","label":"iVoox","class":"ivoox","icon":"ivoox.png"}},"rssFeedUrl":"https:\/\/quechilero.com\/blog\/feed\/podcast\/si-la-vida-nos-da-limones","embedCode":"<blockquote class=\"wp-embedded-content\" data-secret=\"KqDnr4jL2k\"><a href=\"https:\/\/quechilero.com\/blog\/2007\/08\/24\/maraton-de-blogs-panajachel\/\">Marat\u00f3n de Blogs &#8211; Panajachel<\/a><\/blockquote><iframe sandbox=\"allow-scripts\" security=\"restricted\" src=\"https:\/\/quechilero.com\/blog\/2007\/08\/24\/maraton-de-blogs-panajachel\/embed\/#?secret=KqDnr4jL2k\" width=\"500\" height=\"350\" title=\"\u00abMarat\u00f3n de Blogs &#8211; Panajachel\u00bb \u2014 Si la Vida nos da Limones...\" data-secret=\"KqDnr4jL2k\" frameborder=\"0\" marginwidth=\"0\" marginheight=\"0\" scrolling=\"no\" class=\"wp-embedded-content\"><\/iframe><script>\n\/*! This file is auto-generated *\/\n!function(d,l){\"use strict\";l.querySelector&&d.addEventListener&&\"undefined\"!=typeof URL&&(d.wp=d.wp||{},d.wp.receiveEmbedMessage||(d.wp.receiveEmbedMessage=function(e){var t=e.data;if((t||t.secret||t.message||t.value)&&!\/[^a-zA-Z0-9]\/.test(t.secret)){for(var s,r,n,a=l.querySelectorAll('iframe[data-secret=\"'+t.secret+'\"]'),o=l.querySelectorAll('blockquote[data-secret=\"'+t.secret+'\"]'),c=new RegExp(\"^https?:$\",\"i\"),i=0;i<o.length;i++)o[i].style.display=\"none\";for(i=0;i<a.length;i++)s=a[i],e.source===s.contentWindow&&(s.removeAttribute(\"style\"),\"height\"===t.message?(1e3<(r=parseInt(t.value,10))?r=1e3:~~r<200&&(r=200),s.height=r):\"link\"===t.message&&(r=new URL(s.getAttribute(\"src\")),n=new URL(t.value),c.test(n.protocol))&&n.host===r.host&&l.activeElement===s&&(d.top.location.href=t.value))}},d.addEventListener(\"message\",d.wp.receiveEmbedMessage,!1),l.addEventListener(\"DOMContentLoaded\",function(){for(var e,t,s=l.querySelectorAll(\"iframe.wp-embedded-content\"),r=0;r<s.length;r++)(t=(e=s[r]).getAttribute(\"data-secret\"))||(t=Math.random().toString(36).substring(2,12),e.src+=\"#?secret=\"+t,e.setAttribute(\"data-secret\",t)),e.contentWindow.postMessage({message:\"ready\",secret:t},\"*\")},!1)))}(window,document);\n\/\/# sourceURL=https:\/\/quechilero.com\/blog\/wp-includes\/js\/wp-embed.min.js\n<\/script>\n"},"jetpack_publicize_connections":[],"jetpack_shortlink":"https:\/\/wp.me\/pDKli-ak","jetpack_sharing_enabled":true,"jetpack-related-posts":[{"id":641,"url":"https:\/\/quechilero.com\/blog\/2007\/08\/25\/maraton-de-blogs-panajachel-2\/","url_meta":{"origin":640,"position":0},"title":"Marat\u00f3n de Blogs &#8211; Panajachel","author":"Pepe Barrascout Ortiz","date":"25 agosto 2007","format":false,"excerpt":"Sigue el Marat\u00f3n de Blogs, con esta fotograf\u00eda publicada originalmente en el blog Panajachel Guatemala, otra postal de uno de los lugares mas emblem\u00e1ticos y m\u00edsticos de Guatemala. \u00bfQuien no se ha sentido atra\u00eddo a tan excelsa manifestaci\u00f3n de Dios por medio de la naturaleza?. Para ti Kiki y por\u2026","rel":"","context":"En \u00abLimones\u00bb","block_context":{"text":"Limones","link":"https:\/\/quechilero.com\/blog\/category\/limones\/"},"img":{"alt_text":"","src":"","width":0,"height":0},"classes":[]},{"id":1080,"url":"https:\/\/quechilero.com\/blog\/2008\/07\/23\/hancock-panajachel\/","url_meta":{"origin":640,"position":1},"title":"Hancock &#8211; Panajachel","author":"Pepe Barrascout Ortiz","date":"23 julio 2008","format":false,"excerpt":"Ahora que reci\u00e9n est\u00e1 estrenada la pel\u00edcula Hancock, protagonizada por Will Smith, en varias escenas se ve que utiliza \"un sudadero\" de los que comunmente se venden en Panajachel y otros sitios tur\u00edsticos de Guatemala, es cl\u00e1sico verlos colgando en las tiendas de artesan\u00edas de Antigua Guatemala, Panajachel, Tikal, Chichicastenango,\u2026","rel":"","context":"En \u00abLimones\u00bb","block_context":{"text":"Limones","link":"https:\/\/quechilero.com\/blog\/category\/limones\/"},"img":{"alt_text":"Hancock - Panajachel","src":"https:\/\/i0.wp.com\/img393.imageshack.us\/img393\/6306\/hancockiu4.jpg?resize=350%2C200","width":350,"height":200,"srcset":"https:\/\/i0.wp.com\/img393.imageshack.us\/img393\/6306\/hancockiu4.jpg?resize=350%2C200 1x, https:\/\/i0.wp.com\/img393.imageshack.us\/img393\/6306\/hancockiu4.jpg?resize=525%2C300 1.5x"},"classes":[]},{"id":633,"url":"https:\/\/quechilero.com\/blog\/2007\/08\/18\/maraton-de-blogs-apareces-tu\/","url_meta":{"origin":640,"position":2},"title":"Marat\u00f3n de Blogs &#8211; Apareces Tu","author":"Pepe Barrascout Ortiz","date":"18 agosto 2007","format":false,"excerpt":"Sigue el Marat\u00f3n de Blogs, con este texto publicado originalmente en el blog Tu mundo de poes\u00eda, un lindo poema que llena el alma y enriquece los sentimientos. Este va dedicado a ti Kiki. ********** Apareces Tu... Me he prometido pedirme perd\u00f3n me he confesado con mi coraz\u00f3n me he\u2026","rel":"","context":"En \u00abLimones\u00bb","block_context":{"text":"Limones","link":"https:\/\/quechilero.com\/blog\/category\/limones\/"},"img":{"alt_text":"","src":"","width":0,"height":0},"classes":[]},{"id":9930,"url":"https:\/\/quechilero.com\/blog\/2011\/08\/24\/maraton-de-blogs-radio-ati\/","url_meta":{"origin":640,"position":3},"title":"Marat\u00f3n de Blogs: Radio Ati","author":"Pepe Barrascout Ortiz","date":"24 agosto 2011","format":false,"excerpt":"Lo primero que se lee al entrar al blog de Radio Ati es: \"Mientras tengamos electricidad e internet, puedes escuchar Radio Ati, con lo mejor de la m\u00fasica centroamericana\". Una frase muy fuerte, que refleja la realidad nacional en el interior del pa\u00eds. Preocuparse por contar con electricidad e internet,\u2026","rel":"","context":"En \u00abBlogs de Guatemala\u00bb","block_context":{"text":"Blogs de Guatemala","link":"https:\/\/quechilero.com\/blog\/category\/blogs-de-guatemala\/"},"img":{"alt_text":"","src":"https:\/\/i0.wp.com\/i392.photobucket.com\/albums\/pp7\/pepejaguar\/maraton\/radio-ati.png?resize=350%2C200","width":350,"height":200,"srcset":"https:\/\/i0.wp.com\/i392.photobucket.com\/albums\/pp7\/pepejaguar\/maraton\/radio-ati.png?resize=350%2C200 1x, https:\/\/i0.wp.com\/i392.photobucket.com\/albums\/pp7\/pepejaguar\/maraton\/radio-ati.png?resize=525%2C300 1.5x"},"classes":[]},{"id":11159,"url":"https:\/\/quechilero.com\/blog\/2011\/10\/20\/guatemala-desastres-naturales\/","url_meta":{"origin":640,"position":4},"title":"Guatemala: Desastres Naturales","author":"Pepe Barrascout Ortiz","date":"20 octubre 2011","format":false,"excerpt":"https:\/\/youtu.be\/5mWvSX2LzCE Octubre 2011 varios temporales afectan a Guatemala, dejando tras de si, muerte, destrucci\u00f3n y un pa\u00eds en la ruina total. A veces parece chiste, la falta de previsi\u00f3n y preparaci\u00f3n para este tipo de situaciones, que se convierten en emergencias, precisamente porque no se ha hecho un trabajo previo.\u2026","rel":"","context":"En \u00abLimones\u00bb","block_context":{"text":"Limones","link":"https:\/\/quechilero.com\/blog\/category\/limones\/"},"img":{"alt_text":"","src":"https:\/\/i0.wp.com\/img.youtube.com\/vi\/5mWvSX2LzCE\/0.jpg?resize=350%2C200","width":350,"height":200},"classes":[]},{"id":639,"url":"https:\/\/quechilero.com\/blog\/2007\/08\/23\/maraton-de-blogs-palacio-de-los-capitanes\/","url_meta":{"origin":640,"position":5},"title":"Marat\u00f3n de Blogs &#8211; Palacio de los Capitanes","author":"Pepe Barrascout Ortiz","date":"23 agosto 2007","format":false,"excerpt":"Sigue el Marat\u00f3n de Blogs, con este texto publicado originalmente en el blog Mayans in Guatemala, especializado en fotograf\u00edas de alta calidad y muy buena resoluci\u00f3n. Se pueden encontrar im\u00e1genes de los principales puntos tur\u00edsticos del Guatemala, de la arquitectura, de la gente, las costumbres. Sin duda este foto blog\u2026","rel":"","context":"En \u00abLimones\u00bb","block_context":{"text":"Limones","link":"https:\/\/quechilero.com\/blog\/category\/limones\/"},"img":{"alt_text":"","src":"","width":0,"height":0},"classes":[]}],"jetpack_featured_media_url":"","_links":{"self":[{"href":"https:\/\/quechilero.com\/blog\/wp-json\/wp\/v2\/posts\/640","targetHints":{"allow":["GET"]}}],"collection":[{"href":"https:\/\/quechilero.com\/blog\/wp-json\/wp\/v2\/posts"}],"about":[{"href":"https:\/\/quechilero.com\/blog\/wp-json\/wp\/v2\/types\/post"}],"author":[{"embeddable":true,"href":"https:\/\/quechilero.com\/blog\/wp-json\/wp\/v2\/users\/1"}],"replies":[{"embeddable":true,"href":"https:\/\/quechilero.com\/blog\/wp-json\/wp\/v2\/comments?post=640"}],"version-history":[{"count":0,"href":"https:\/\/quechilero.com\/blog\/wp-json\/wp\/v2\/posts\/640\/revisions"}],"wp:attachment":[{"href":"https:\/\/quechilero.com\/blog\/wp-json\/wp\/v2\/media?parent=640"}],"wp:term":[{"taxonomy":"category","embeddable":true,"href":"https:\/\/quechilero.com\/blog\/wp-json\/wp\/v2\/categories?post=640"},{"taxonomy":"post_tag","embeddable":true,"href":"https:\/\/quechilero.com\/blog\/wp-json\/wp\/v2\/tags?post=640"},{"taxonomy":"series","embeddable":true,"href":"https:\/\/quechilero.com\/blog\/wp-json\/wp\/v2\/series?post=640"}],"curies":[{"name":"wp","href":"https:\/\/api.w.org\/{rel}","templated":true}]}}