{"id":64,"date":"2006-07-27T00:00:39","date_gmt":"2006-07-27T06:00:39","guid":{"rendered":"http:\/\/quechilero.com\/blog\/2006\/07\/27\/asalto-transmitido-en-directo\/"},"modified":"2006-07-27T00:00:39","modified_gmt":"2006-07-27T06:00:39","slug":"asalto-transmitido-en-directo","status":"publish","type":"post","link":"https:\/\/quechilero.com\/blog\/2006\/07\/27\/asalto-transmitido-en-directo\/","title":{"rendered":"Asalto transmitido en directo"},"content":{"rendered":"<p>Esto ocurri\u00f3 en Brasil, seg\u00fan <a target=\"_blank\" href=\"http:\/\/www.emol.com\/noticias\/internacional\/detalle\/detallenoticias.asp?idnoticia=226144\">El Mercurio Online<\/a> que reporta la siguiente nota:<\/p>\n<blockquote><p><span class=\"texto-noticias-font\">Un locutor brasile\u00f1o fue asaltado por una pareja mientras emit\u00eda un programa nocturno en una radio de provincia, pero decenas de oyentes alertaron del hecho a la Polic\u00eda y los asaltantes fueron detenidos, inform\u00f3 hoy la prensa local.<\/p>\n<p>El hecho, rese\u00f1ado por el diario Folha de Sao Paulo, ocurri\u00f3 en la madrugada del lunes en los estudios de la radio Verde e Rosa, del estado de Paran\u00e1, en el sur del pa\u00eds.<\/p>\n<p>Los asaltantes, un hombre y una mujer, ingresaron por la fuerza en el estudio y sorprendieron al locutor Tiago Amorim da Silva, quien al verlos armados pidi\u00f3 socorro a su audiencia, indic\u00f3 el diario paulista.<\/p>\n<p>La Polic\u00eda dijo que recibi\u00f3 decenas de llamadas alertando sobre el asalto y que sus efectivos llegaron al lugar justo en el momento en que los asaltantes intentaban huir en un autom\u00f3vil robado.<\/p>\n<p>Los delincuentes no opusieron resistencia, fueron detenidos y la Polic\u00eda recuper\u00f3 tanto el autom\u00f3vil como el poco dinero robado al locutor en el asalto, \u00abtransmitido en directo\u00bb para el sure\u00f1o estado de Paran\u00e1.<\/span><\/p><\/blockquote>\n<p>Que bueno que en este caso, todo tuvo un final feliz.<\/p>\n","protected":false},"excerpt":{"rendered":"<p>Esto ocurri\u00f3 en Brasil, seg\u00fan El Mercurio Online que reporta la siguiente nota: Un locutor brasile\u00f1o fue asaltado por una pareja mientras emit\u00eda un programa nocturno en una radio de provincia, pero decenas de oyentes alertaron del hecho a la Polic\u00eda y los asaltantes fueron detenidos, inform\u00f3 hoy la prensa local. El hecho, rese\u00f1ado por &#8230; <a title=\"Asalto transmitido en directo\" class=\"read-more\" href=\"https:\/\/quechilero.com\/blog\/2006\/07\/27\/asalto-transmitido-en-directo\/\" aria-label=\"Leer m\u00e1s sobre Asalto transmitido en directo\">Leer m\u00e1s<\/a><\/p>\n","protected":false},"author":1,"featured_media":0,"comment_status":"open","ping_status":"open","sticky":false,"template":"","format":"standard","meta":{"advanced_seo_description":"","jetpack_seo_html_title":"","jetpack_seo_noindex":false,"jetpack_seo_schema_type":"","episode_type":"","audio_file":"","podmotor_file_id":"","podmotor_episode_id":"","cover_image":"","cover_image_id":"","duration":"","filesize":"","filesize_raw":"","date_recorded":"","explicit":"","block":"","_jetpack_newsletter_access":"","_jetpack_dont_email_post_to_subs":false,"_jetpack_newsletter_tier_id":0,"_jetpack_memberships_contains_paywalled_content":false,"_jetpack_feature_clip_id":0,"_jetpack_memberships_contains_paid_content":false,"footnotes":"","jetpack_publicize_message":"","jetpack_publicize_feature_enabled":true,"jetpack_social_post_already_shared":false,"jetpack_social_options":{"image_generator_settings":{"template":"highway","default_image_id":0,"font":"","enabled":false},"version":2},"jetpack_post_was_ever_published":false},"categories":[2],"tags":[15,26,51,46,18,20,59],"series":[],"class_list":["post-64","post","type-post","status-publish","format-standard","hentry","category-limones","tag-amor","tag-dinero","tag-dios","tag-feliz","tag-hombre","tag-mujer","tag-pareja"],"episode_featured_image":false,"episode_player_image":"https:\/\/i0.wp.com\/quechilero.com\/blog\/imagenes\/podcast.png?fit=1831%2C1831&ssl=1","download_link":"","player_link":"","audio_player":false,"episode_data":{"playerMode":"dark","subscribeUrls":{"amazon":{"key":"amazon","url":"","label":"Amazon","class":"amazon","icon":"amazon.png"},"apple_podcasts":{"key":"apple_podcasts","url":"","label":"Apple Podcasts","class":"apple_podcasts","icon":"apple-podcasts.png"},"castbox":{"key":"castbox","url":"","label":"CastBox","class":"castbox","icon":"castbox.png"},"deezer":{"key":"deezer","url":"","label":"Deezer","class":"deezer","icon":"deezer.png"},"google_podcasts":{"key":"google_podcasts","url":"","label":"Google Podcasts","class":"google_podcasts","icon":"google-podcasts.png"},"listen_notes":{"key":"listen_notes","url":"","label":"Listen Notes","class":"listen_notes","icon":"listen-notes.png"},"pandora":{"key":"pandora","url":"","label":"Pandora","class":"pandora","icon":"pandora.png"},"podbean":{"key":"podbean","url":"","label":"Podbean","class":"podbean","icon":"podbean.png"},"podcast_republic":{"key":"podcast_republic","url":"","label":"Podcast Republic","class":"podcast_republic","icon":"podcast-republic.png"},"rss":{"key":"rss","url":"","label":"RSS","class":"rss","icon":"rss.png"},"spotify":{"key":"spotify","url":"","label":"Spotify","class":"spotify","icon":"spotify.png"},"stitcher":{"key":"stitcher","url":"","label":"Stitcher","class":"stitcher","icon":"stitcher.png"},"tunein":{"key":"tunein","url":"","label":"TuneIn","class":"tunein","icon":"tunein.png"},"youtube":{"key":"youtube","url":"","label":"YouTube","class":"youtube","icon":"youtube.png"},"iheartradio":{"key":"iheartradio","url":"","label":"iHeartRadio","class":"iheartradio","icon":"iheartradio.png"},"ivoox":{"key":"ivoox","url":"","label":"iVoox","class":"ivoox","icon":"ivoox.png"}},"rssFeedUrl":"https:\/\/quechilero.com\/blog\/feed\/podcast\/si-la-vida-nos-da-limones","embedCode":"<blockquote class=\"wp-embedded-content\" data-secret=\"pw7TFLTs97\"><a href=\"https:\/\/quechilero.com\/blog\/2006\/07\/27\/asalto-transmitido-en-directo\/\">Asalto transmitido en directo<\/a><\/blockquote><iframe sandbox=\"allow-scripts\" security=\"restricted\" src=\"https:\/\/quechilero.com\/blog\/2006\/07\/27\/asalto-transmitido-en-directo\/embed\/#?secret=pw7TFLTs97\" width=\"500\" height=\"350\" title=\"\u00abAsalto transmitido en directo\u00bb \u2014 Si la Vida nos da Limones...\" data-secret=\"pw7TFLTs97\" frameborder=\"0\" marginwidth=\"0\" marginheight=\"0\" scrolling=\"no\" class=\"wp-embedded-content\"><\/iframe><script>\n\/*! This file is auto-generated *\/\n!function(d,l){\"use strict\";l.querySelector&&d.addEventListener&&\"undefined\"!=typeof URL&&(d.wp=d.wp||{},d.wp.receiveEmbedMessage||(d.wp.receiveEmbedMessage=function(e){var t=e.data;if((t||t.secret||t.message||t.value)&&!\/[^a-zA-Z0-9]\/.test(t.secret)){for(var s,r,n,a=l.querySelectorAll('iframe[data-secret=\"'+t.secret+'\"]'),o=l.querySelectorAll('blockquote[data-secret=\"'+t.secret+'\"]'),c=new RegExp(\"^https?:$\",\"i\"),i=0;i<o.length;i++)o[i].style.display=\"none\";for(i=0;i<a.length;i++)s=a[i],e.source===s.contentWindow&&(s.removeAttribute(\"style\"),\"height\"===t.message?(1e3<(r=parseInt(t.value,10))?r=1e3:~~r<200&&(r=200),s.height=r):\"link\"===t.message&&(r=new URL(s.getAttribute(\"src\")),n=new URL(t.value),c.test(n.protocol))&&n.host===r.host&&l.activeElement===s&&(d.top.location.href=t.value))}},d.addEventListener(\"message\",d.wp.receiveEmbedMessage,!1),l.addEventListener(\"DOMContentLoaded\",function(){for(var e,t,s=l.querySelectorAll(\"iframe.wp-embedded-content\"),r=0;r<s.length;r++)(t=(e=s[r]).getAttribute(\"data-secret\"))||(t=Math.random().toString(36).substring(2,12),e.src+=\"#?secret=\"+t,e.setAttribute(\"data-secret\",t)),e.contentWindow.postMessage({message:\"ready\",secret:t},\"*\")},!1)))}(window,document);\n\/\/# sourceURL=https:\/\/quechilero.com\/blog\/wp-includes\/js\/wp-embed.min.js\n<\/script>\n"},"jetpack_publicize_connections":[],"jetpack_shortlink":"https:\/\/wp.me\/pDKli-12","jetpack_sharing_enabled":true,"jetpack-related-posts":[{"id":6709,"url":"https:\/\/quechilero.com\/blog\/2011\/01\/21\/la-verdadera-grandeza\/","url_meta":{"origin":64,"position":0},"title":"La verdadera grandeza","author":"Pepe Barrascout Ortiz","date":"21 enero 2011","format":false,"excerpt":"Una tarde, mientras regresaba de la capital a su casa, el senador John Stennis fue asaltado a mano armada. A pesar de que Stennis entreg\u00f3 lo poco de valor que ten\u00eda, los asaltantes le dispararon dos veces, peg\u00e1ndole en el est\u00f3mago y en la pierna. Los cirujanos del Centro M\u00e9dico\u2026","rel":"","context":"En \u00abLimones\u00bb","block_context":{"text":"Limones","link":"https:\/\/quechilero.com\/blog\/category\/limones\/"},"img":{"alt_text":"","src":"","width":0,"height":0},"classes":[]},{"id":16858,"url":"https:\/\/quechilero.com\/blog\/2013\/07\/31\/decir-gracias-%ef%bb%bfhace-que-la-gente-sonria\/","url_meta":{"origin":64,"position":1},"title":"Decir Gracias&#8230; \ufeff\u00a1hace que la gente sonr\u00eda!","author":"Pepe Barrascout Ortiz","date":"31 julio 2013","format":false,"excerpt":"Mateo Henry, un famoso comentarista, fue asaltado por unos ladrones que le robaron su cartera. Entonces \u00e9l escribi\u00f3 lo siguiente en su diario: \"Se\u00f1or, ay\u00fadame a estar agradecido: primero, porque nunca antes he sido robado; segundo, porque aunque se llevaron la cartera, no me quitaron la vida; tercero, porque aunque\u2026","rel":"","context":"En \u00abLimones\u00bb","block_context":{"text":"Limones","link":"https:\/\/quechilero.com\/blog\/category\/limones\/"},"img":{"alt_text":"","src":"","width":0,"height":0},"classes":[]},{"id":71,"url":"https:\/\/quechilero.com\/blog\/2006\/07\/27\/emetra\/","url_meta":{"origin":64,"position":2},"title":"Emetra &#8211; PMT","author":"Pepe Barrascout Ortiz","date":"27 julio 2006","format":false,"excerpt":"A todos en alguna oportunidad, para bien o para mal, nos ha tocado hablar con alg\u00fan integrante de la Polic\u00eda Municipal de Tr\u00e1nsito de la capital. Algunos talvez a las 3 de la ma\u00f1ana despu\u00e9s de una parranda y han sido multados por exceso de velocidad, por manejar en estado\u2026","rel":"","context":"En \u00abLimones\u00bb","block_context":{"text":"Limones","link":"https:\/\/quechilero.com\/blog\/category\/limones\/"},"img":{"alt_text":"","src":"","width":0,"height":0},"classes":[]},{"id":85,"url":"https:\/\/quechilero.com\/blog\/2006\/07\/31\/usemos-la-pasarela\/","url_meta":{"origin":64,"position":3},"title":"Usemos la pasarela","author":"Pepe Barrascout Ortiz","date":"31 julio 2006","format":false,"excerpt":"Video de accidente enfrente de Metro Norte. La verdad no entiendo porqu\u00e9, despu\u00e9s de todo el tiempo de espera (que a veces puede ser meses), despu\u00e9s de toda la inversi\u00f3n (que generalmente son miles de quetzales) y sobre todo despu\u00e9s de que es por nuestro propio bien, todav\u00eda hay gente\u2026","rel":"","context":"En \u00abLimones\u00bb","block_context":{"text":"Limones","link":"https:\/\/quechilero.com\/blog\/category\/limones\/"},"img":{"alt_text":"","src":"","width":0,"height":0},"classes":[]},{"id":13183,"url":"https:\/\/quechilero.com\/blog\/2012\/04\/19\/agrega-panico-a-tu-dia\/","url_meta":{"origin":64,"position":4},"title":"Agrega p\u00e1nico a tu d\u00eda","author":"Pepe Barrascout Ortiz","date":"19 abril 2012","format":false,"excerpt":"https:\/\/youtu.be\/316AzLYfAzw Lo que en otros pa\u00edses es una broma y montaje publicitario curioso, en Guatemala es la realidad de todos los d\u00edas. Al ver detenidamente esta representaci\u00f3n, cada uno de los elementos que la forman, pareciera que fueron sacados de cualquier d\u00eda en nuestro pa\u00eds, donde en esencia, una peque\u00f1a\u2026","rel":"","context":"En \u00abLimones\u00bb","block_context":{"text":"Limones","link":"https:\/\/quechilero.com\/blog\/category\/limones\/"},"img":{"alt_text":"","src":"https:\/\/i0.wp.com\/img.youtube.com\/vi\/316AzLYfAzw\/0.jpg?resize=350%2C200","width":350,"height":200},"classes":[]},{"id":348,"url":"https:\/\/quechilero.com\/blog\/2006\/11\/05\/internet-y-las-relaciones\/","url_meta":{"origin":64,"position":5},"title":"Internet y las relaciones","author":"Pepe Barrascout Ortiz","date":"5 noviembre 2006","format":false,"excerpt":"Unas personas dicen que el uso de Internet hace que las personas se vuelvan menos sociables y que eviten el contacto f\u00edsico y personal. Tambi\u00e9n creen que las personas creen y se sienten m\u00e1s seguras y c\u00f3modas, frente a la computadora que compartiendo tiempo con otras personas. El Internet y\u2026","rel":"","context":"En \u00abLimones\u00bb","block_context":{"text":"Limones","link":"https:\/\/quechilero.com\/blog\/category\/limones\/"},"img":{"alt_text":"","src":"","width":0,"height":0},"classes":[]}],"jetpack_featured_media_url":"","_links":{"self":[{"href":"https:\/\/quechilero.com\/blog\/wp-json\/wp\/v2\/posts\/64","targetHints":{"allow":["GET"]}}],"collection":[{"href":"https:\/\/quechilero.com\/blog\/wp-json\/wp\/v2\/posts"}],"about":[{"href":"https:\/\/quechilero.com\/blog\/wp-json\/wp\/v2\/types\/post"}],"author":[{"embeddable":true,"href":"https:\/\/quechilero.com\/blog\/wp-json\/wp\/v2\/users\/1"}],"replies":[{"embeddable":true,"href":"https:\/\/quechilero.com\/blog\/wp-json\/wp\/v2\/comments?post=64"}],"version-history":[{"count":0,"href":"https:\/\/quechilero.com\/blog\/wp-json\/wp\/v2\/posts\/64\/revisions"}],"wp:attachment":[{"href":"https:\/\/quechilero.com\/blog\/wp-json\/wp\/v2\/media?parent=64"}],"wp:term":[{"taxonomy":"category","embeddable":true,"href":"https:\/\/quechilero.com\/blog\/wp-json\/wp\/v2\/categories?post=64"},{"taxonomy":"post_tag","embeddable":true,"href":"https:\/\/quechilero.com\/blog\/wp-json\/wp\/v2\/tags?post=64"},{"taxonomy":"series","embeddable":true,"href":"https:\/\/quechilero.com\/blog\/wp-json\/wp\/v2\/series?post=64"}],"curies":[{"name":"wp","href":"https:\/\/api.w.org\/{rel}","templated":true}]}}