{"id":638,"date":"2007-08-22T10:00:36","date_gmt":"2007-08-22T16:00:36","guid":{"rendered":"http:\/\/www.quechilero.com\/blog\/2007\/08\/22\/maraton-de-blogs-mercado-de-criadas\/"},"modified":"2007-08-22T10:00:36","modified_gmt":"2007-08-22T16:00:36","slug":"maraton-de-blogs-mercado-de-criadas","status":"publish","type":"post","link":"https:\/\/quechilero.com\/blog\/2007\/08\/22\/maraton-de-blogs-mercado-de-criadas\/","title":{"rendered":"Marat\u00f3n de Blogs &#8211; Mercado de Criadas"},"content":{"rendered":"<p>Sigue el <a href=\"http:\/\/www.quechilero.com\/2007\/07\/31\/maraton-de-blogs-de-guatemala\/\">Marat\u00f3n de Blogs<\/a>, con este texto publicado originalmente en el blog <a target=\"_blank\" href=\"http:\/\/goathemala.blogspot.com\/2007\/06\/el-mercado-de-criadas.html\">La Tierra de los \u00e1rboles<\/a>, con temas de inter\u00e9s general y de profunda reflexi\u00f3n, he tomado como muestra este, en el que a manera de historia, no hace pensar y sobre todo reflexionar de un hecho que est\u00e1 en nuestro diario vivir y en el que muchas veces se opta por voltear la vista hacia otro lado, excelente texto para meditar y actuar.<\/p>\n<p>**********<\/p>\n<p><strong>Mercado de Criadas<br \/>\n<\/strong><\/p>\n<p><img data-recalc-dims=\"1\" decoding=\"async\" alt=\"Mercado de Criadas\" title=\"Mercado de Criadas\" src=\"https:\/\/i0.wp.com\/img380.imageshack.us\/img380\/1209\/ingresxb9.jpg?w=1200\" \/><\/p>\n<p>Carga unos ojos de <span style=\"font-weight: bold\">ceniza seca<\/span>, un talle espigado y algo raqu\u00edtico, unas manos agrestes de faenar el campo, unos lacrimales obstruidos y diecis\u00e9is a\u00f1os.Abandon\u00f3 su morada en la \u00faltima luna llena apremiada por su padre al no poder alimentarla. Ha recorrido dos <span style=\"font-weight: bold\">mercados de criadas<\/span> donde pas\u00f3 desapercibida. Est\u00e1 en el tercero, en la ciudad de Montauban. Ha olvidado sus \u00faltimos alimentos \u00bfAcaso un mendrugo duro y una zanahoria terrosa? Retiene, sin embargo, lo consejos de su madre para escapar a la <span style=\"font-weight: bold\">mendicidad<\/span> y la prostituci\u00f3n, las normas b\u00e1sicas para agradarlas, el porte sereno, la reverencia honesta, la palabra contenida, el delantal limpio, la mano discreta que tape el zurcido.<\/p>\n<p>Prendidas de los brazos de sus maridos las se\u00f1oras entablan parcas conversaciones con las <a href=\"http:\/\/www.wordreference.com\/definicion\/f%C3%A1mulo\">f\u00e1mulas<\/a>. Nadie repara en ella, hay quien la ve demasiado bella para meterla entre las mismas paredes del esposo; otras la miran desali\u00f1ada, sin cofia y temblorosa.<\/p>\n<p>Cuando daba todo por perdido una vieja elegante y achacosa se acerca y apoy\u00e1ndose en un bast\u00f3n de plata repujada le planta las <span style=\"font-weight: bold\">narices<\/span> en su pecho&#8230; Contin\u00faa leyendo el texto en: <em><em><a target=\"_blank\" href=\"http:\/\/goathemala.blogspot.com\/2007\/06\/el-mercado-de-criadas.html\">La Tierra de los \u00e1rboles<\/a><\/em><\/em><\/p>\n<p><em> <\/em><em><em><em>Originalmente publicado en <a target=\"_blank\" href=\"http:\/\/goathemala.blogspot.com\/2007\/06\/el-mercado-de-criadas.html\">La Tierra de los \u00e1rboles<\/a><\/em><br \/>\n<a title=\"Marat\u00f3n de Blogs\" href=\"http:\/\/www.quechilero.com\/blog\/2007\/07\/31\/maraton-de-blogs-de-guatemala\/\"><img data-recalc-dims=\"1\" decoding=\"async\" border=\"0\" alt=\"Marat\u00f3n de Blogs\" title=\"Marat\u00f3n de Blogs\" src=\"https:\/\/i0.wp.com\/img214.imageshack.us\/img214\/3169\/maratonng0.gif?w=1200\" \/><\/a><\/em><\/em><\/p>\n","protected":false},"excerpt":{"rendered":"<p>Sigue el Marat\u00f3n de Blogs, con este texto publicado originalmente en el blog La Tierra de los \u00e1rboles, con temas de inter\u00e9s general y de profunda reflexi\u00f3n, he tomado como muestra este, en el que a manera de historia, no hace pensar y sobre todo reflexionar de un hecho que est\u00e1 en nuestro diario vivir &#8230; <a title=\"Marat\u00f3n de Blogs &#8211; Mercado de Criadas\" class=\"read-more\" href=\"https:\/\/quechilero.com\/blog\/2007\/08\/22\/maraton-de-blogs-mercado-de-criadas\/\" aria-label=\"Leer m\u00e1s sobre Marat\u00f3n de Blogs &#8211; Mercado de Criadas\">Leer m\u00e1s<\/a><\/p>\n","protected":false},"author":1,"featured_media":0,"comment_status":"open","ping_status":"open","sticky":false,"template":"","format":"standard","meta":{"advanced_seo_description":"","jetpack_seo_html_title":"","jetpack_seo_noindex":false,"jetpack_seo_schema_type":"","episode_type":"","audio_file":"","podmotor_file_id":"","podmotor_episode_id":"","cover_image":"","cover_image_id":"","duration":"","filesize":"","filesize_raw":"","date_recorded":"","explicit":"","block":"","_jetpack_newsletter_access":"","_jetpack_dont_email_post_to_subs":false,"_jetpack_newsletter_tier_id":0,"_jetpack_memberships_contains_paywalled_content":false,"_jetpack_feature_clip_id":0,"_jetpack_memberships_contains_paid_content":false,"footnotes":"","jetpack_publicize_message":"","jetpack_publicize_feature_enabled":true,"jetpack_social_post_already_shared":false,"jetpack_social_options":{"image_generator_settings":{"template":"highway","default_image_id":0,"font":"","enabled":false},"version":2},"jetpack_post_was_ever_published":false},"categories":[2],"tags":[4,10,17,39,62,42,24],"series":[],"class_list":["post-638","post","type-post","status-publish","format-standard","hentry","category-limones","tag-blog","tag-guatemala","tag-historia","tag-madre","tag-maraton","tag-palabra","tag-vida"],"episode_featured_image":false,"episode_player_image":"https:\/\/i0.wp.com\/quechilero.com\/blog\/imagenes\/podcast.png?fit=1831%2C1831&ssl=1","download_link":"","player_link":"","audio_player":false,"episode_data":{"playerMode":"dark","subscribeUrls":{"amazon":{"key":"amazon","url":"","label":"Amazon","class":"amazon","icon":"amazon.png"},"apple_podcasts":{"key":"apple_podcasts","url":"","label":"Apple Podcasts","class":"apple_podcasts","icon":"apple-podcasts.png"},"castbox":{"key":"castbox","url":"","label":"CastBox","class":"castbox","icon":"castbox.png"},"deezer":{"key":"deezer","url":"","label":"Deezer","class":"deezer","icon":"deezer.png"},"google_podcasts":{"key":"google_podcasts","url":"","label":"Google Podcasts","class":"google_podcasts","icon":"google-podcasts.png"},"listen_notes":{"key":"listen_notes","url":"","label":"Listen Notes","class":"listen_notes","icon":"listen-notes.png"},"pandora":{"key":"pandora","url":"","label":"Pandora","class":"pandora","icon":"pandora.png"},"podbean":{"key":"podbean","url":"","label":"Podbean","class":"podbean","icon":"podbean.png"},"podcast_republic":{"key":"podcast_republic","url":"","label":"Podcast Republic","class":"podcast_republic","icon":"podcast-republic.png"},"rss":{"key":"rss","url":"","label":"RSS","class":"rss","icon":"rss.png"},"spotify":{"key":"spotify","url":"","label":"Spotify","class":"spotify","icon":"spotify.png"},"stitcher":{"key":"stitcher","url":"","label":"Stitcher","class":"stitcher","icon":"stitcher.png"},"tunein":{"key":"tunein","url":"","label":"TuneIn","class":"tunein","icon":"tunein.png"},"youtube":{"key":"youtube","url":"","label":"YouTube","class":"youtube","icon":"youtube.png"},"iheartradio":{"key":"iheartradio","url":"","label":"iHeartRadio","class":"iheartradio","icon":"iheartradio.png"},"ivoox":{"key":"ivoox","url":"","label":"iVoox","class":"ivoox","icon":"ivoox.png"}},"rssFeedUrl":"https:\/\/quechilero.com\/blog\/feed\/podcast\/si-la-vida-nos-da-limones","embedCode":"<blockquote class=\"wp-embedded-content\" data-secret=\"NqSFqmxSIj\"><a href=\"https:\/\/quechilero.com\/blog\/2007\/08\/22\/maraton-de-blogs-mercado-de-criadas\/\">Marat\u00f3n de Blogs &#8211; Mercado de Criadas<\/a><\/blockquote><iframe sandbox=\"allow-scripts\" security=\"restricted\" src=\"https:\/\/quechilero.com\/blog\/2007\/08\/22\/maraton-de-blogs-mercado-de-criadas\/embed\/#?secret=NqSFqmxSIj\" width=\"500\" height=\"350\" title=\"\u00abMarat\u00f3n de Blogs &#8211; Mercado de Criadas\u00bb \u2014 Si la Vida nos da Limones...\" data-secret=\"NqSFqmxSIj\" frameborder=\"0\" marginwidth=\"0\" marginheight=\"0\" scrolling=\"no\" class=\"wp-embedded-content\"><\/iframe><script>\n\/*! This file is auto-generated *\/\n!function(d,l){\"use strict\";l.querySelector&&d.addEventListener&&\"undefined\"!=typeof URL&&(d.wp=d.wp||{},d.wp.receiveEmbedMessage||(d.wp.receiveEmbedMessage=function(e){var t=e.data;if((t||t.secret||t.message||t.value)&&!\/[^a-zA-Z0-9]\/.test(t.secret)){for(var s,r,n,a=l.querySelectorAll('iframe[data-secret=\"'+t.secret+'\"]'),o=l.querySelectorAll('blockquote[data-secret=\"'+t.secret+'\"]'),c=new RegExp(\"^https?:$\",\"i\"),i=0;i<o.length;i++)o[i].style.display=\"none\";for(i=0;i<a.length;i++)s=a[i],e.source===s.contentWindow&&(s.removeAttribute(\"style\"),\"height\"===t.message?(1e3<(r=parseInt(t.value,10))?r=1e3:~~r<200&&(r=200),s.height=r):\"link\"===t.message&&(r=new URL(s.getAttribute(\"src\")),n=new URL(t.value),c.test(n.protocol))&&n.host===r.host&&l.activeElement===s&&(d.top.location.href=t.value))}},d.addEventListener(\"message\",d.wp.receiveEmbedMessage,!1),l.addEventListener(\"DOMContentLoaded\",function(){for(var e,t,s=l.querySelectorAll(\"iframe.wp-embedded-content\"),r=0;r<s.length;r++)(t=(e=s[r]).getAttribute(\"data-secret\"))||(t=Math.random().toString(36).substring(2,12),e.src+=\"#?secret=\"+t,e.setAttribute(\"data-secret\",t)),e.contentWindow.postMessage({message:\"ready\",secret:t},\"*\")},!1)))}(window,document);\n\/\/# sourceURL=https:\/\/quechilero.com\/blog\/wp-includes\/js\/wp-embed.min.js\n<\/script>\n"},"jetpack_publicize_connections":[],"jetpack_shortlink":"https:\/\/wp.me\/pDKli-ai","jetpack_sharing_enabled":true,"jetpack-related-posts":[{"id":5203,"url":"https:\/\/quechilero.com\/blog\/2010\/08\/02\/maraton-de-blogs-mi-blog\/","url_meta":{"origin":638,"position":0},"title":"Marat\u00f3n de Blogs: Mi Blog","author":"Pepe Barrascout Ortiz","date":"2 agosto 2010","format":false,"excerpt":"Mi Blog, es una recopilaci\u00f3n de las experiencias y pensamientos, en los que su autora, comparte con el grupo de lectores, que regularmente visitan y comentan en el blog. Son variados los temas, como pensamientos salen de su mente para ir a parar al teclado que los env\u00eda al blog,\u2026","rel":"","context":"En \u00abBlogs de Guatemala\u00bb","block_context":{"text":"Blogs de Guatemala","link":"https:\/\/quechilero.com\/blog\/category\/blogs-de-guatemala\/"},"img":{"alt_text":"","src":"https:\/\/i0.wp.com\/i392.photobucket.com\/albums\/pp7\/pepejaguar\/maraton\/miblog.png?resize=350%2C200","width":350,"height":200,"srcset":"https:\/\/i0.wp.com\/i392.photobucket.com\/albums\/pp7\/pepejaguar\/maraton\/miblog.png?resize=350%2C200 1x, https:\/\/i0.wp.com\/i392.photobucket.com\/albums\/pp7\/pepejaguar\/maraton\/miblog.png?resize=525%2C300 1.5x"},"classes":[]},{"id":5235,"url":"https:\/\/quechilero.com\/blog\/2010\/08\/11\/maraton-de-blogs-mira-pue-2\/","url_meta":{"origin":638,"position":1},"title":"Marat\u00f3n de Blogs: Mir\u00e1 Pu\u00e9&#8230;","author":"Pepe Barrascout Ortiz","date":"11 agosto 2010","format":false,"excerpt":"Andre\u00edta, la autora de Mir\u00e1 Pu\u00e9... es una antig\u00fce\u00f1a, que entre sus m\u00faltiples ocupaciones, principalmente relacionadas con la universidad, a\u00fan le queda el tiempo suficiente, para ir colocando en su bit\u00e1cora, textos que invaden su pensamiento y que la hacen ser como es, activa y muy din\u00e1mica. Mir\u00e1 Pu\u00e9... tal\u2026","rel":"","context":"En \u00abBlogs de Guatemala\u00bb","block_context":{"text":"Blogs de Guatemala","link":"https:\/\/quechilero.com\/blog\/category\/blogs-de-guatemala\/"},"img":{"alt_text":"","src":"https:\/\/i0.wp.com\/i392.photobucket.com\/albums\/pp7\/pepejaguar\/maraton\/mirapue.png?resize=350%2C200","width":350,"height":200,"srcset":"https:\/\/i0.wp.com\/i392.photobucket.com\/albums\/pp7\/pepejaguar\/maraton\/mirapue.png?resize=350%2C200 1x, https:\/\/i0.wp.com\/i392.photobucket.com\/albums\/pp7\/pepejaguar\/maraton\/mirapue.png?resize=525%2C300 1.5x"},"classes":[]},{"id":5278,"url":"https:\/\/quechilero.com\/blog\/2010\/08\/22\/maraton-de-blogs-juan-pablo-voz\/","url_meta":{"origin":638,"position":2},"title":"Marat\u00f3n de Blogs: Juan Pablo Voz","author":"Pepe Barrascout Ortiz","date":"22 agosto 2010","format":false,"excerpt":"Juan Pablo Voz es un blog que tiene un poco mas de un a\u00f1o y medio de vida. Este blog es mantenido por Juan Pablo Medrano y en el publica con un punto de vista diferente, sus pensamientos e ideas. Es com\u00fan encontrar en Juan Pablo Voz, muchos poemas y\u2026","rel":"","context":"En \u00abBlogs de Guatemala\u00bb","block_context":{"text":"Blogs de Guatemala","link":"https:\/\/quechilero.com\/blog\/category\/blogs-de-guatemala\/"},"img":{"alt_text":"","src":"https:\/\/i0.wp.com\/i392.photobucket.com\/albums\/pp7\/pepejaguar\/maraton\/juanpablovoz.png?resize=350%2C200","width":350,"height":200,"srcset":"https:\/\/i0.wp.com\/i392.photobucket.com\/albums\/pp7\/pepejaguar\/maraton\/juanpablovoz.png?resize=350%2C200 1x, https:\/\/i0.wp.com\/i392.photobucket.com\/albums\/pp7\/pepejaguar\/maraton\/juanpablovoz.png?resize=525%2C300 1.5x"},"classes":[]},{"id":622,"url":"https:\/\/quechilero.com\/blog\/2007\/08\/05\/maraton-de-blogs-dar-lo-que-se-tiene\/","url_meta":{"origin":638,"position":3},"title":"Maraton de Blogs &#8211; Dar lo que se tiene","author":"Pepe Barrascout Ortiz","date":"5 agosto 2007","format":false,"excerpt":"Sigue el Marat\u00f3n de Blogs, con este texto publicado originalmente en Mi Punto de Vista, este lindo texto nos invita a reflexionar sobre la forma en la que debemos actuar y a comprender porqu\u00e9 a veces algunas personas act\u00faan de determinada forma. ********** Dar lo que se tiene Un sabio\u2026","rel":"","context":"En \u00abLimones\u00bb","block_context":{"text":"Limones","link":"https:\/\/quechilero.com\/blog\/category\/limones\/"},"img":{"alt_text":"","src":"","width":0,"height":0},"classes":[]},{"id":9936,"url":"https:\/\/quechilero.com\/blog\/2011\/08\/28\/maraton-de-blogs-evy\/","url_meta":{"origin":638,"position":4},"title":"Marat\u00f3n de Blogs: Evy","author":"Pepe Barrascout Ortiz","date":"28 agosto 2011","format":false,"excerpt":"Este es un espacio para compartir contigo, donde deseo publicar de todo un poco, perlo lo importante es que te deje algo a ti en el coraz\u00f3n y te haga reflexionar... as\u00ed es como Evelyn\u00a0da la bienvenida a sus lectores en su blog llamado simplemente Evy, que seguro es por\u2026","rel":"","context":"En \u00abBlogs de Guatemala\u00bb","block_context":{"text":"Blogs de Guatemala","link":"https:\/\/quechilero.com\/blog\/category\/blogs-de-guatemala\/"},"img":{"alt_text":"","src":"https:\/\/i0.wp.com\/i392.photobucket.com\/albums\/pp7\/pepejaguar\/maraton\/evy.png?resize=350%2C200","width":350,"height":200,"srcset":"https:\/\/i0.wp.com\/i392.photobucket.com\/albums\/pp7\/pepejaguar\/maraton\/evy.png?resize=350%2C200 1x, https:\/\/i0.wp.com\/i392.photobucket.com\/albums\/pp7\/pepejaguar\/maraton\/evy.png?resize=525%2C300 1.5x"},"classes":[]},{"id":9895,"url":"https:\/\/quechilero.com\/blog\/2011\/08\/19\/maraton-de-blogs-el-peladero\/","url_meta":{"origin":638,"position":5},"title":"Marat\u00f3n de Blogs: El Peladero","author":"Pepe Barrascout Ortiz","date":"19 agosto 2011","format":false,"excerpt":"Hasta hace poco descubr\u00ed El Peladero, gracias a una recomendaci\u00f3n que me hicieron. Sin embargo, desde el 2007 se han venido publicando diferentes art\u00edculos que manifiestan la opini\u00f3n del autor. La frecuencia de publicaci\u00f3n es bastante baja, en promedio unos doce art\u00edculos por a\u00f1o, probablemente por eso no lo hab\u00eda\u2026","rel":"","context":"En \u00abBlogs de Guatemala\u00bb","block_context":{"text":"Blogs de Guatemala","link":"https:\/\/quechilero.com\/blog\/category\/blogs-de-guatemala\/"},"img":{"alt_text":"","src":"https:\/\/i0.wp.com\/i392.photobucket.com\/albums\/pp7\/pepejaguar\/maraton\/peladero.png?resize=350%2C200","width":350,"height":200,"srcset":"https:\/\/i0.wp.com\/i392.photobucket.com\/albums\/pp7\/pepejaguar\/maraton\/peladero.png?resize=350%2C200 1x, https:\/\/i0.wp.com\/i392.photobucket.com\/albums\/pp7\/pepejaguar\/maraton\/peladero.png?resize=525%2C300 1.5x"},"classes":[]}],"jetpack_featured_media_url":"","_links":{"self":[{"href":"https:\/\/quechilero.com\/blog\/wp-json\/wp\/v2\/posts\/638","targetHints":{"allow":["GET"]}}],"collection":[{"href":"https:\/\/quechilero.com\/blog\/wp-json\/wp\/v2\/posts"}],"about":[{"href":"https:\/\/quechilero.com\/blog\/wp-json\/wp\/v2\/types\/post"}],"author":[{"embeddable":true,"href":"https:\/\/quechilero.com\/blog\/wp-json\/wp\/v2\/users\/1"}],"replies":[{"embeddable":true,"href":"https:\/\/quechilero.com\/blog\/wp-json\/wp\/v2\/comments?post=638"}],"version-history":[{"count":0,"href":"https:\/\/quechilero.com\/blog\/wp-json\/wp\/v2\/posts\/638\/revisions"}],"wp:attachment":[{"href":"https:\/\/quechilero.com\/blog\/wp-json\/wp\/v2\/media?parent=638"}],"wp:term":[{"taxonomy":"category","embeddable":true,"href":"https:\/\/quechilero.com\/blog\/wp-json\/wp\/v2\/categories?post=638"},{"taxonomy":"post_tag","embeddable":true,"href":"https:\/\/quechilero.com\/blog\/wp-json\/wp\/v2\/tags?post=638"},{"taxonomy":"series","embeddable":true,"href":"https:\/\/quechilero.com\/blog\/wp-json\/wp\/v2\/series?post=638"}],"curies":[{"name":"wp","href":"https:\/\/api.w.org\/{rel}","templated":true}]}}