{"id":6360,"date":"2010-11-14T08:00:59","date_gmt":"2010-11-14T14:00:59","guid":{"rendered":"http:\/\/quechilero.com\/blog\/?p=6360"},"modified":"2010-11-14T08:00:59","modified_gmt":"2010-11-14T14:00:59","slug":"a-mi-madre","status":"publish","type":"post","link":"https:\/\/quechilero.com\/blog\/2010\/11\/14\/a-mi-madre\/","title":{"rendered":"A mi madre"},"content":{"rendered":"<p><strong>A mi madre<\/strong><\/p>\n<p>Te fuiste de mi lado.<br \/>\nEn silencio fue tu partida.<br \/>\nMi coraz\u00f3n se ha desangrado<br \/>\npor tan s\u00fabita despedida.<\/p>\n<p>Tu esp\u00edritu luchador<\/p>\n<p>a la vida se aferraba.<br \/>\nM\u00e1s Dios, desesperado,<br \/>\na su lado te llamaba.<\/p>\n<p>En \u00e1ngel te has convertido.<br \/>\nVelando por nosotros est\u00e1s.<br \/>\nAguardando que se cumpla la cita<br \/>\nde reunirnos en la eternidad.<\/p>\n<p>Sin embargo, me parece tan lejos\u2026<br \/>\nQuisiera ahora poderte abrazar.<\/p>\n<p><!--more--><\/p>\n<p>Te busco, te llamo. No te encuentro.<br \/>\nDime\u2026 \u00bfC\u00f3mo me he de consolar?<\/p>\n<p>Tu amor incalculable<br \/>\nmis faltas por alto pas\u00f3.<br \/>\nPorque el querer de una madre,<br \/>\nese, no tiene comparaci\u00f3n.<\/p>\n<p>S\u00e9 que en el cielo habitas.<br \/>\nAl lado de Dios has de estar.<br \/>\nAguardar\u00e9 paciente el d\u00eda<\/p>\n<p>en que nos volvamos a encontrar.<\/p>\n<p>Entonces ser\u00e1 para siempre.<br \/>\nNada ni nadie nos podr\u00e1 separar.<br \/>\nNo temer\u00e9 cuando llegue mi momento<br \/>\npues tu presencia me confortar\u00e1.<\/p>\n<p>Me esforzar\u00e9 por ganar el cielo<br \/>\npara no perderte nunca m\u00e1s.<br \/>\nMientras tanto, gu\u00eda mis pasos.<br \/>\nIlumina mi senda, ens\u00e9\u00f1ame el camino.<\/p>\n<p>Que tu presencia me rodee siempre<br \/>\nhasta que se cumpla mi destino.<\/p>\n<p><em>Feliz Cumplea\u00f1os Mamita  \ud83d\ude00 <\/em><\/p>\n","protected":false},"excerpt":{"rendered":"<p>A mi madre Te fuiste de mi lado. En silencio fue tu partida. Mi coraz\u00f3n se ha desangrado por tan s\u00fabita despedida. Tu esp\u00edritu luchador a la vida se aferraba. M\u00e1s Dios, desesperado, a su lado te llamaba. En \u00e1ngel te has convertido. Velando por nosotros est\u00e1s. Aguardando que se cumpla la cita de reunirnos &#8230; <a title=\"A mi madre\" class=\"read-more\" href=\"https:\/\/quechilero.com\/blog\/2010\/11\/14\/a-mi-madre\/\" aria-label=\"Leer m\u00e1s sobre A mi madre\">Leer m\u00e1s<\/a><\/p>\n","protected":false},"author":1,"featured_media":0,"comment_status":"open","ping_status":"open","sticky":false,"template":"","format":"standard","meta":{"advanced_seo_description":"","jetpack_seo_html_title":"","jetpack_seo_noindex":false,"jetpack_seo_schema_type":"","episode_type":"","audio_file":"","podmotor_file_id":"","podmotor_episode_id":"","cover_image":"","cover_image_id":"","duration":"","filesize":"","filesize_raw":"","date_recorded":"","explicit":"","block":"","_jetpack_newsletter_access":"","_jetpack_dont_email_post_to_subs":false,"_jetpack_newsletter_tier_id":0,"_jetpack_memberships_contains_paywalled_content":false,"_jetpack_feature_clip_id":0,"_jetpack_memberships_contains_paid_content":false,"footnotes":"","jetpack_publicize_message":"","jetpack_publicize_feature_enabled":true,"jetpack_social_post_already_shared":false,"jetpack_social_options":{"image_generator_settings":{"template":"highway","default_image_id":0,"font":"","enabled":false},"version":2},"jetpack_post_was_ever_published":false},"categories":[2],"tags":[15,51,46,39,24],"series":[],"class_list":["post-6360","post","type-post","status-publish","format-standard","hentry","category-limones","tag-amor","tag-dios","tag-feliz","tag-madre","tag-vida"],"episode_featured_image":false,"episode_player_image":"https:\/\/i0.wp.com\/quechilero.com\/blog\/imagenes\/podcast.png?fit=1831%2C1831&ssl=1","download_link":"","player_link":"","audio_player":false,"episode_data":{"playerMode":"dark","subscribeUrls":{"amazon":{"key":"amazon","url":"","label":"Amazon","class":"amazon","icon":"amazon.png"},"apple_podcasts":{"key":"apple_podcasts","url":"","label":"Apple Podcasts","class":"apple_podcasts","icon":"apple-podcasts.png"},"castbox":{"key":"castbox","url":"","label":"CastBox","class":"castbox","icon":"castbox.png"},"deezer":{"key":"deezer","url":"","label":"Deezer","class":"deezer","icon":"deezer.png"},"google_podcasts":{"key":"google_podcasts","url":"","label":"Google Podcasts","class":"google_podcasts","icon":"google-podcasts.png"},"listen_notes":{"key":"listen_notes","url":"","label":"Listen Notes","class":"listen_notes","icon":"listen-notes.png"},"pandora":{"key":"pandora","url":"","label":"Pandora","class":"pandora","icon":"pandora.png"},"podbean":{"key":"podbean","url":"","label":"Podbean","class":"podbean","icon":"podbean.png"},"podcast_republic":{"key":"podcast_republic","url":"","label":"Podcast Republic","class":"podcast_republic","icon":"podcast-republic.png"},"rss":{"key":"rss","url":"","label":"RSS","class":"rss","icon":"rss.png"},"spotify":{"key":"spotify","url":"","label":"Spotify","class":"spotify","icon":"spotify.png"},"stitcher":{"key":"stitcher","url":"","label":"Stitcher","class":"stitcher","icon":"stitcher.png"},"tunein":{"key":"tunein","url":"","label":"TuneIn","class":"tunein","icon":"tunein.png"},"youtube":{"key":"youtube","url":"","label":"YouTube","class":"youtube","icon":"youtube.png"},"iheartradio":{"key":"iheartradio","url":"","label":"iHeartRadio","class":"iheartradio","icon":"iheartradio.png"},"ivoox":{"key":"ivoox","url":"","label":"iVoox","class":"ivoox","icon":"ivoox.png"}},"rssFeedUrl":"https:\/\/quechilero.com\/blog\/feed\/podcast\/si-la-vida-nos-da-limones","embedCode":"<blockquote class=\"wp-embedded-content\" data-secret=\"qSsUE49kBK\"><a href=\"https:\/\/quechilero.com\/blog\/2010\/11\/14\/a-mi-madre\/\">A mi madre<\/a><\/blockquote><iframe sandbox=\"allow-scripts\" security=\"restricted\" src=\"https:\/\/quechilero.com\/blog\/2010\/11\/14\/a-mi-madre\/embed\/#?secret=qSsUE49kBK\" width=\"500\" height=\"350\" title=\"\u00abA mi madre\u00bb \u2014 Si la Vida nos da Limones...\" data-secret=\"qSsUE49kBK\" frameborder=\"0\" marginwidth=\"0\" marginheight=\"0\" scrolling=\"no\" class=\"wp-embedded-content\"><\/iframe><script>\n\/*! This file is auto-generated *\/\n!function(d,l){\"use strict\";l.querySelector&&d.addEventListener&&\"undefined\"!=typeof URL&&(d.wp=d.wp||{},d.wp.receiveEmbedMessage||(d.wp.receiveEmbedMessage=function(e){var t=e.data;if((t||t.secret||t.message||t.value)&&!\/[^a-zA-Z0-9]\/.test(t.secret)){for(var s,r,n,a=l.querySelectorAll('iframe[data-secret=\"'+t.secret+'\"]'),o=l.querySelectorAll('blockquote[data-secret=\"'+t.secret+'\"]'),c=new RegExp(\"^https?:$\",\"i\"),i=0;i<o.length;i++)o[i].style.display=\"none\";for(i=0;i<a.length;i++)s=a[i],e.source===s.contentWindow&&(s.removeAttribute(\"style\"),\"height\"===t.message?(1e3<(r=parseInt(t.value,10))?r=1e3:~~r<200&&(r=200),s.height=r):\"link\"===t.message&&(r=new URL(s.getAttribute(\"src\")),n=new URL(t.value),c.test(n.protocol))&&n.host===r.host&&l.activeElement===s&&(d.top.location.href=t.value))}},d.addEventListener(\"message\",d.wp.receiveEmbedMessage,!1),l.addEventListener(\"DOMContentLoaded\",function(){for(var e,t,s=l.querySelectorAll(\"iframe.wp-embedded-content\"),r=0;r<s.length;r++)(t=(e=s[r]).getAttribute(\"data-secret\"))||(t=Math.random().toString(36).substring(2,12),e.src+=\"#?secret=\"+t,e.setAttribute(\"data-secret\",t)),e.contentWindow.postMessage({message:\"ready\",secret:t},\"*\")},!1)))}(window,document);\n\/\/# sourceURL=https:\/\/quechilero.com\/blog\/wp-includes\/js\/wp-embed.min.js\n<\/script>\n"},"jetpack_publicize_connections":[],"jetpack_shortlink":"https:\/\/wp.me\/pDKli-1EA","jetpack_sharing_enabled":true,"jetpack-related-posts":[{"id":19929,"url":"https:\/\/quechilero.com\/blog\/2015\/03\/22\/maria-esta-cerca-de-cada-uno-de-nosotros\/","url_meta":{"origin":6360,"position":0},"title":"Mar\u00eda est\u00e1 cerca de cada uno de nosotros","author":"Pepe Barrascout Ortiz","date":"22 marzo 2015","format":false,"excerpt":"Esta poes\u00eda de Mar\u00eda -el Magn\u00edficat- es totalmente original; sin embargo, al mismo tiempo, es un \"tejido\" hecho completamente con \"hilos\" del Antiguo Testamento, hecho de palabra de Dios. Se puede ver que Mar\u00eda, por decirlo as\u00ed, \"se sent\u00eda como en su casa\" en la palabra de Dios, viv\u00eda de\u2026","rel":"","context":"En \u00abLimones\u00bb","block_context":{"text":"Limones","link":"https:\/\/quechilero.com\/blog\/category\/limones\/"},"img":{"alt_text":"","src":"","width":0,"height":0},"classes":[]},{"id":7587,"url":"https:\/\/quechilero.com\/blog\/2011\/03\/19\/reflexiones-de-cuaresma-dia-11\/","url_meta":{"origin":6360,"position":1},"title":"Reflexiones de Cuaresma d\u00eda 11","author":"Pepe Barrascout Ortiz","date":"19 marzo 2011","format":false,"excerpt":"Oraci\u00f3n inicial Se\u00f1or m\u00edo, Jesucristo, creo firmemente que est\u00e1s aqu\u00ed; en estos pocos minutos de oraci\u00f3n que empiezo ahora quiero pedirte y agradecerte. Pedirte\u00a0la gracia de darme m\u00e1s cuenta de que T\u00fa vives, me escuchas y me amas; tanto, que has querido morir libremente por m\u00ed en la cruz y\u2026","rel":"","context":"En \u00abLimones por mano\u00bb","block_context":{"text":"Limones por mano","link":"https:\/\/quechilero.com\/blog\/category\/limones-por-mano\/"},"img":{"alt_text":"","src":"","width":0,"height":0},"classes":[]},{"id":14379,"url":"https:\/\/quechilero.com\/blog\/2012\/08\/25\/la-alegria-de-la-resurreccion\/","url_meta":{"origin":6360,"position":2},"title":"La alegr\u00eda de la Resurrecci\u00f3n","author":"Pepe Barrascout Ortiz","date":"25 agosto 2012","format":false,"excerpt":"El Se\u00f1or ha resucitado de entre los muertos, como lo hab\u00eda dicho, alegr\u00e9monos y regocij\u00e9monos todos, porque reina para siempre. \u00a1Aleluya! Nuestra Madre la Iglesia nos introduce en estos d\u00edas en la alegr\u00eda pascual a trav\u00e9s de los textos de la liturgia; nos pide que esta alegr\u00eda sea anticipo y\u2026","rel":"","context":"En \u00abLimones\u00bb","block_context":{"text":"Limones","link":"https:\/\/quechilero.com\/blog\/category\/limones\/"},"img":{"alt_text":"","src":"","width":0,"height":0},"classes":[]},{"id":3569,"url":"https:\/\/quechilero.com\/blog\/2009\/08\/15\/virgen-de-la-asuncion\/","url_meta":{"origin":6360,"position":3},"title":"Virgen de la Asunci\u00f3n","author":"Pepe Barrascout Ortiz","date":"15 agosto 2009","format":false,"excerpt":"Explicaci\u00f3n de la fiesta La Asunci\u00f3n es un mensaje de esperanza que nos hace pensar en la dicha de alcanzar el Cielo, la gloria de Dios y en la alegr\u00eda de tener una madre que ha alcanzado la meta a la que nosotros caminamos. Este d\u00eda, recordamos que Mar\u00eda es\u2026","rel":"","context":"En \u00abLimones\u00bb","block_context":{"text":"Limones","link":"https:\/\/quechilero.com\/blog\/category\/limones\/"},"img":{"alt_text":"","src":"","width":0,"height":0},"classes":[]},{"id":4777,"url":"https:\/\/quechilero.com\/blog\/2010\/05\/10\/acto-de-consagracion-a-maria-santisima\/","url_meta":{"origin":6360,"position":4},"title":"Acto de Consagraci\u00f3n a Mar\u00eda Sant\u00edsima","author":"Pepe Barrascout Ortiz","date":"10 mayo 2010","format":false,"excerpt":"Virgen Santa, la m\u00e1s pura de todas las v\u00edrgenes, y la Madre de mi Dios, Mar\u00eda Sant\u00edsima: Yo, aunque indigno de comparecer ante vuestra presencia soberana, confiando, sin embargo, en vuestra bondad, vengo a arrojarme a vuestros pies, Oh refugio de los pecadores, vengo a ofreceros este coraz\u00f3n m\u00edo como\u2026","rel":"","context":"En \u00abLimones\u00bb","block_context":{"text":"Limones","link":"https:\/\/quechilero.com\/blog\/category\/limones\/"},"img":{"alt_text":"","src":"","width":0,"height":0},"classes":[]},{"id":7609,"url":"https:\/\/quechilero.com\/blog\/2011\/04\/10\/reflexiones-de-cuaresma-dia-33\/","url_meta":{"origin":6360,"position":5},"title":"Reflexiones de Cuaresma d\u00eda 33","author":"Pepe Barrascout Ortiz","date":"10 abril 2011","format":false,"excerpt":"Oraci\u00f3n inicial Se\u00f1or m\u00edo, Jesucristo, creo firmemente que est\u00e1s aqu\u00ed; en estos pocos minutos de oraci\u00f3n que empiezo ahora quiero pedirte y agradecerte. Pedirte\u00a0la gracia de darme m\u00e1s cuenta de que T\u00fa vives, me escuchas y me amas; tanto, que has querido morir libremente por m\u00ed en la cruz y\u2026","rel":"","context":"En \u00abLimones por mano\u00bb","block_context":{"text":"Limones por mano","link":"https:\/\/quechilero.com\/blog\/category\/limones-por-mano\/"},"img":{"alt_text":"","src":"","width":0,"height":0},"classes":[]}],"jetpack_featured_media_url":"","_links":{"self":[{"href":"https:\/\/quechilero.com\/blog\/wp-json\/wp\/v2\/posts\/6360","targetHints":{"allow":["GET"]}}],"collection":[{"href":"https:\/\/quechilero.com\/blog\/wp-json\/wp\/v2\/posts"}],"about":[{"href":"https:\/\/quechilero.com\/blog\/wp-json\/wp\/v2\/types\/post"}],"author":[{"embeddable":true,"href":"https:\/\/quechilero.com\/blog\/wp-json\/wp\/v2\/users\/1"}],"replies":[{"embeddable":true,"href":"https:\/\/quechilero.com\/blog\/wp-json\/wp\/v2\/comments?post=6360"}],"version-history":[{"count":0,"href":"https:\/\/quechilero.com\/blog\/wp-json\/wp\/v2\/posts\/6360\/revisions"}],"wp:attachment":[{"href":"https:\/\/quechilero.com\/blog\/wp-json\/wp\/v2\/media?parent=6360"}],"wp:term":[{"taxonomy":"category","embeddable":true,"href":"https:\/\/quechilero.com\/blog\/wp-json\/wp\/v2\/categories?post=6360"},{"taxonomy":"post_tag","embeddable":true,"href":"https:\/\/quechilero.com\/blog\/wp-json\/wp\/v2\/tags?post=6360"},{"taxonomy":"series","embeddable":true,"href":"https:\/\/quechilero.com\/blog\/wp-json\/wp\/v2\/series?post=6360"}],"curies":[{"name":"wp","href":"https:\/\/api.w.org\/{rel}","templated":true}]}}