{"id":6357,"date":"2010-11-13T08:00:28","date_gmt":"2010-11-13T14:00:28","guid":{"rendered":"http:\/\/quechilero.com\/blog\/?p=6357"},"modified":"2010-11-13T08:00:28","modified_gmt":"2010-11-13T14:00:28","slug":"hoy-que-es-el-cumpleanos-de-mi-hermana","status":"publish","type":"post","link":"https:\/\/quechilero.com\/blog\/2010\/11\/13\/hoy-que-es-el-cumpleanos-de-mi-hermana\/","title":{"rendered":"Hoy que es el cumplea\u00f1os de mi hermana"},"content":{"rendered":"<p>Hoy que es el cumplea\u00f1os de mi hermana, no tengo<br \/>\nnada que darle, nada. No tengo nada, hermana.<br \/>\nTodo lo que poseo siempre lo llevo lejos.<br \/>\nA veces hasta mi alma me parece lejana.<\/p>\n<p>Pobre como una hoja amarilla de oto\u00f1o<br \/>\ny cantor como un hilo de agua sobre una huerta:<br \/>\nlos dolores, t\u00fa sabes c\u00f3mo me caen todos<br \/>\ncomo al camino caen todas las hojas muertas.<\/p>\n<p>Mis alegr\u00edas nunca las sabr\u00e1s, hermanita,<br \/>\ny mi dolor es \u00e9se, no te las puedo dar:<br \/>\nvinieron como p\u00e1jaros a posarse en mi vida,<br \/>\nuna palabra dura las har\u00eda volar.<\/p>\n<p>Pienso que tambi\u00e9n ellas me dejar\u00e1n un d\u00eda,<br \/>\nque me quedar\u00e9 solo, como nunca lo estuve.<br \/>\nT\u00fa lo sabes, hermana, la soledad me lleva<br \/>\nhacia el fin de la tierra como el viento a las nubes!<\/p>\n<p>Pero para qu\u00e9 es esto de pensamientos tristes!<br \/>\nA ti menos que a nadie debe afligir mi voz!<br \/>\nDespu\u00e9s de todo nada de esto que digo existe&#8230;<br \/>\nNo vayas a cont\u00e1rselo a mi madre, por Dios!<\/p>\n<p>Uno no sabe c\u00f3mo va hilvanando mentiras,<br \/>\ny uno dice por ellas, y ellas hablan por uno.<br \/>\nPiensa que tengo el alma toda llena de risas,<br \/>\ny no te enga\u00f1ar\u00e1s, hermana, te lo juro.<\/p>\n<p><em>Poema: Pablo Neruda<\/em><\/p>\n","protected":false},"excerpt":{"rendered":"<p>Hoy que es el cumplea\u00f1os de mi hermana, no tengo nada que darle, nada. No tengo nada, hermana. Todo lo que poseo siempre lo llevo lejos. A veces hasta mi alma me parece lejana. Pobre como una hoja amarilla de oto\u00f1o y cantor como un hilo de agua sobre una huerta: los dolores, t\u00fa sabes &#8230; <a title=\"Hoy que es el cumplea\u00f1os de mi hermana\" class=\"read-more\" href=\"https:\/\/quechilero.com\/blog\/2010\/11\/13\/hoy-que-es-el-cumpleanos-de-mi-hermana\/\" aria-label=\"Leer m\u00e1s sobre Hoy que es el cumplea\u00f1os de mi hermana\">Leer m\u00e1s<\/a><\/p>\n","protected":false},"author":1,"featured_media":0,"comment_status":"open","ping_status":"open","sticky":false,"template":"","format":"standard","meta":{"advanced_seo_description":"","jetpack_seo_html_title":"","jetpack_seo_noindex":false,"jetpack_seo_schema_type":"","episode_type":"","audio_file":"","podmotor_file_id":"","podmotor_episode_id":"","cover_image":"","cover_image_id":"","duration":"","filesize":"","filesize_raw":"","date_recorded":"","explicit":"","block":"","_jetpack_newsletter_access":"","_jetpack_dont_email_post_to_subs":false,"_jetpack_newsletter_tier_id":0,"_jetpack_memberships_contains_paywalled_content":false,"_jetpack_feature_clip_id":0,"_jetpack_memberships_contains_paid_content":false,"footnotes":"","jetpack_publicize_message":"","jetpack_publicize_feature_enabled":true,"jetpack_social_post_already_shared":false,"jetpack_social_options":{"image_generator_settings":{"template":"highway","default_image_id":0,"font":"","enabled":false},"version":2},"jetpack_post_was_ever_published":false},"categories":[2],"tags":[87,51,39,42,24],"series":[],"class_list":["post-6357","post","type-post","status-publish","format-standard","hentry","category-limones","tag-alegria","tag-dios","tag-madre","tag-palabra","tag-vida"],"episode_featured_image":false,"episode_player_image":"https:\/\/i0.wp.com\/quechilero.com\/blog\/imagenes\/podcast.png?fit=1831%2C1831&ssl=1","download_link":"","player_link":"","audio_player":false,"episode_data":{"playerMode":"dark","subscribeUrls":{"amazon":{"key":"amazon","url":"","label":"Amazon","class":"amazon","icon":"amazon.png"},"apple_podcasts":{"key":"apple_podcasts","url":"","label":"Apple Podcasts","class":"apple_podcasts","icon":"apple-podcasts.png"},"castbox":{"key":"castbox","url":"","label":"CastBox","class":"castbox","icon":"castbox.png"},"deezer":{"key":"deezer","url":"","label":"Deezer","class":"deezer","icon":"deezer.png"},"google_podcasts":{"key":"google_podcasts","url":"","label":"Google Podcasts","class":"google_podcasts","icon":"google-podcasts.png"},"listen_notes":{"key":"listen_notes","url":"","label":"Listen Notes","class":"listen_notes","icon":"listen-notes.png"},"pandora":{"key":"pandora","url":"","label":"Pandora","class":"pandora","icon":"pandora.png"},"podbean":{"key":"podbean","url":"","label":"Podbean","class":"podbean","icon":"podbean.png"},"podcast_republic":{"key":"podcast_republic","url":"","label":"Podcast Republic","class":"podcast_republic","icon":"podcast-republic.png"},"rss":{"key":"rss","url":"","label":"RSS","class":"rss","icon":"rss.png"},"spotify":{"key":"spotify","url":"","label":"Spotify","class":"spotify","icon":"spotify.png"},"stitcher":{"key":"stitcher","url":"","label":"Stitcher","class":"stitcher","icon":"stitcher.png"},"tunein":{"key":"tunein","url":"","label":"TuneIn","class":"tunein","icon":"tunein.png"},"youtube":{"key":"youtube","url":"","label":"YouTube","class":"youtube","icon":"youtube.png"},"iheartradio":{"key":"iheartradio","url":"","label":"iHeartRadio","class":"iheartradio","icon":"iheartradio.png"},"ivoox":{"key":"ivoox","url":"","label":"iVoox","class":"ivoox","icon":"ivoox.png"}},"rssFeedUrl":"https:\/\/quechilero.com\/blog\/feed\/podcast\/si-la-vida-nos-da-limones","embedCode":"<blockquote class=\"wp-embedded-content\" data-secret=\"DEdqgzkXzg\"><a href=\"https:\/\/quechilero.com\/blog\/2010\/11\/13\/hoy-que-es-el-cumpleanos-de-mi-hermana\/\">Hoy que es el cumplea\u00f1os de mi hermana<\/a><\/blockquote><iframe sandbox=\"allow-scripts\" security=\"restricted\" src=\"https:\/\/quechilero.com\/blog\/2010\/11\/13\/hoy-que-es-el-cumpleanos-de-mi-hermana\/embed\/#?secret=DEdqgzkXzg\" width=\"500\" height=\"350\" title=\"\u00abHoy que es el cumplea\u00f1os de mi hermana\u00bb \u2014 Si la Vida nos da Limones...\" data-secret=\"DEdqgzkXzg\" frameborder=\"0\" marginwidth=\"0\" marginheight=\"0\" scrolling=\"no\" class=\"wp-embedded-content\"><\/iframe><script>\n\/*! This file is auto-generated *\/\n!function(d,l){\"use strict\";l.querySelector&&d.addEventListener&&\"undefined\"!=typeof URL&&(d.wp=d.wp||{},d.wp.receiveEmbedMessage||(d.wp.receiveEmbedMessage=function(e){var t=e.data;if((t||t.secret||t.message||t.value)&&!\/[^a-zA-Z0-9]\/.test(t.secret)){for(var s,r,n,a=l.querySelectorAll('iframe[data-secret=\"'+t.secret+'\"]'),o=l.querySelectorAll('blockquote[data-secret=\"'+t.secret+'\"]'),c=new RegExp(\"^https?:$\",\"i\"),i=0;i<o.length;i++)o[i].style.display=\"none\";for(i=0;i<a.length;i++)s=a[i],e.source===s.contentWindow&&(s.removeAttribute(\"style\"),\"height\"===t.message?(1e3<(r=parseInt(t.value,10))?r=1e3:~~r<200&&(r=200),s.height=r):\"link\"===t.message&&(r=new URL(s.getAttribute(\"src\")),n=new URL(t.value),c.test(n.protocol))&&n.host===r.host&&l.activeElement===s&&(d.top.location.href=t.value))}},d.addEventListener(\"message\",d.wp.receiveEmbedMessage,!1),l.addEventListener(\"DOMContentLoaded\",function(){for(var e,t,s=l.querySelectorAll(\"iframe.wp-embedded-content\"),r=0;r<s.length;r++)(t=(e=s[r]).getAttribute(\"data-secret\"))||(t=Math.random().toString(36).substring(2,12),e.src+=\"#?secret=\"+t,e.setAttribute(\"data-secret\",t)),e.contentWindow.postMessage({message:\"ready\",secret:t},\"*\")},!1)))}(window,document);\n\/\/# sourceURL=https:\/\/quechilero.com\/blog\/wp-includes\/js\/wp-embed.min.js\n<\/script>\n"},"jetpack_publicize_connections":[],"jetpack_shortlink":"https:\/\/wp.me\/pDKli-1Ex","jetpack_sharing_enabled":true,"jetpack-related-posts":[{"id":21488,"url":"https:\/\/quechilero.com\/blog\/2015\/08\/10\/cada-cumpleanos\/","url_meta":{"origin":6357,"position":0},"title":"Cada cumplea\u00f1os","author":"Pepe Barrascout Ortiz","date":"10 agosto 2015","format":false,"excerpt":"El tiempo pasa. La vida no se detiene. Llega un nuevo cumplea\u00f1os. De ni\u00f1os, o tambi\u00e9n de grandes, el cumplea\u00f1os es el momento de los festejos. El pastel, las velas, las canciones, los aplausos, los regalos... En cada cumplea\u00f1os recordamos a los propios padres. Fueron ellos quienes, desde su amor,\u2026","rel":"","context":"En \u00abLimones\u00bb","block_context":{"text":"Limones","link":"https:\/\/quechilero.com\/blog\/category\/limones\/"},"img":{"alt_text":"","src":"","width":0,"height":0},"classes":[]},{"id":16711,"url":"https:\/\/quechilero.com\/blog\/2013\/05\/18\/%ef%bb%bfalegrate-por-el-dia-de-hoy\/","url_meta":{"origin":6357,"position":1},"title":"\ufeffAl\u00e9grate por el d\u00eda de hoy","author":"Pepe Barrascout Ortiz","date":"18 mayo 2013","format":false,"excerpt":"En su libro titulado The Tapestry (El tapiz), Edith Schaeffer describe un verano en que su esposo Francis pas\u00f3 tres meses en Europa. Durante ese tiempo, en el que lo extra\u00f1\u00f3 mucho, Edith y su hermana Janet llevaron a sus hijos a vivir en una antigua escuela en Cape Cod.\u2026","rel":"","context":"En \u00abLimones\u00bb","block_context":{"text":"Limones","link":"https:\/\/quechilero.com\/blog\/category\/limones\/"},"img":{"alt_text":"","src":"","width":0,"height":0},"classes":[]},{"id":15573,"url":"https:\/\/quechilero.com\/blog\/2013\/01\/04\/de-la-negacion\/","url_meta":{"origin":6357,"position":2},"title":"De la Negaci\u00f3n","author":"Pepe Barrascout Ortiz","date":"4 enero 2013","format":false,"excerpt":"Josiah Royce (1855-1916), en el momento en el que muere alguien muy querido, escribe estas palabras: \"Nosotros morimos mientras T\u00fa permaneces. La eternidad es Tuya. Y, en la eternidad, seremos recordados no como puntos insignificantes de este mundo real sino como hojas ca\u00eddas, que, en cierto momento, florec\u00edan en las\u2026","rel":"","context":"En \u00abLimones\u00bb","block_context":{"text":"Limones","link":"https:\/\/quechilero.com\/blog\/category\/limones\/"},"img":{"alt_text":"","src":"","width":0,"height":0},"classes":[]},{"id":16870,"url":"https:\/\/quechilero.com\/blog\/2013\/08\/06\/quien-tenga-pan\/","url_meta":{"origin":6357,"position":3},"title":"Quien tenga pan&#8230;","author":"Pepe Barrascout Ortiz","date":"6 agosto 2013","format":false,"excerpt":"Uno de los santos m\u00e1s entra\u00f1ables en la historia de la iglesia es San Francisco de As\u00eds. Todos sabemos de \u00e9l algo importante: su humildad y su alegr\u00eda de vivir. Cuentan de \u00e9l y de la comunidad en la que viv\u00eda, que en Cuaresma realizaban tremendos ayunos. Una noche, cuando\u2026","rel":"","context":"En \u00abLimones\u00bb","block_context":{"text":"Limones","link":"https:\/\/quechilero.com\/blog\/category\/limones\/"},"img":{"alt_text":"","src":"","width":0,"height":0},"classes":[]},{"id":19663,"url":"https:\/\/quechilero.com\/blog\/2015\/01\/10\/volver-galilea-sin-miedo\/","url_meta":{"origin":6357,"position":4},"title":"Volver a Galilea sin miedo","author":"Pepe Barrascout Ortiz","date":"10 enero 2015","format":false,"excerpt":"El Evangelio de la resurrecci\u00f3n de Jesucristo comienza con el ir de las mujeres hacia el sepulcro, temprano en la ma\u00f1ana del d\u00eda despu\u00e9s del s\u00e1bado. Se dirigen a la tumba, para honrar el cuerpo del Se\u00f1or, pero la encuentran abierta y vac\u00eda. Un \u00e1ngel poderoso les dice: \"Vosotras no\u2026","rel":"","context":"En \u00abLimones\u00bb","block_context":{"text":"Limones","link":"https:\/\/quechilero.com\/blog\/category\/limones\/"},"img":{"alt_text":"","src":"","width":0,"height":0},"classes":[]},{"id":11472,"url":"https:\/\/quechilero.com\/blog\/2011\/12\/30\/oracion-de-fin-y-principio-de-ano\/","url_meta":{"origin":6357,"position":5},"title":"Oraci\u00f3n de fin y principio de a\u00f1o","author":"Pepe Barrascout Ortiz","date":"30 diciembre 2011","format":false,"excerpt":"Se\u00f1or, Dios, due\u00f1o del tiempo y de la eternidad, tuyo es el hoy y el ma\u00f1ana, el pasado y el futuro. Al terminar este a\u00f1o quiero darte gracias por todo aquello que recib\u00ed de TI. Gracias por la vida y el amor, por las flores, el aire y el sol,\u2026","rel":"","context":"En \u00abLimones\u00bb","block_context":{"text":"Limones","link":"https:\/\/quechilero.com\/blog\/category\/limones\/"},"img":{"alt_text":"","src":"","width":0,"height":0},"classes":[]}],"jetpack_featured_media_url":"","_links":{"self":[{"href":"https:\/\/quechilero.com\/blog\/wp-json\/wp\/v2\/posts\/6357","targetHints":{"allow":["GET"]}}],"collection":[{"href":"https:\/\/quechilero.com\/blog\/wp-json\/wp\/v2\/posts"}],"about":[{"href":"https:\/\/quechilero.com\/blog\/wp-json\/wp\/v2\/types\/post"}],"author":[{"embeddable":true,"href":"https:\/\/quechilero.com\/blog\/wp-json\/wp\/v2\/users\/1"}],"replies":[{"embeddable":true,"href":"https:\/\/quechilero.com\/blog\/wp-json\/wp\/v2\/comments?post=6357"}],"version-history":[{"count":0,"href":"https:\/\/quechilero.com\/blog\/wp-json\/wp\/v2\/posts\/6357\/revisions"}],"wp:attachment":[{"href":"https:\/\/quechilero.com\/blog\/wp-json\/wp\/v2\/media?parent=6357"}],"wp:term":[{"taxonomy":"category","embeddable":true,"href":"https:\/\/quechilero.com\/blog\/wp-json\/wp\/v2\/categories?post=6357"},{"taxonomy":"post_tag","embeddable":true,"href":"https:\/\/quechilero.com\/blog\/wp-json\/wp\/v2\/tags?post=6357"},{"taxonomy":"series","embeddable":true,"href":"https:\/\/quechilero.com\/blog\/wp-json\/wp\/v2\/series?post=6357"}],"curies":[{"name":"wp","href":"https:\/\/api.w.org\/{rel}","templated":true}]}}