{"id":635,"date":"2007-08-19T10:00:16","date_gmt":"2007-08-19T16:00:16","guid":{"rendered":"http:\/\/www.quechilero.com\/blog\/2007\/08\/19\/maraton-de-blogs-la-casa-redonda\/"},"modified":"2007-08-19T10:00:16","modified_gmt":"2007-08-19T16:00:16","slug":"maraton-de-blogs-la-casa-redonda","status":"publish","type":"post","link":"https:\/\/quechilero.com\/blog\/2007\/08\/19\/maraton-de-blogs-la-casa-redonda\/","title":{"rendered":"Marat\u00f3n de Blogs &#8211; La casa redonda"},"content":{"rendered":"<p>Sigue el <a href=\"http:\/\/www.quechilero.com\/2007\/07\/31\/maraton-de-blogs-de-guatemala\/\">Marat\u00f3n de Blogs<\/a>, con este texto publicado originalmente en el blog <a target=\"_blank\" href=\"http:\/\/mrmannoticias.blogspot.com\/2007\/08\/la-casa-redonda.html\">Mr. Man<\/a>, regularmente escribe art\u00edculos de inter\u00e9s, como este que ha titulado <em>La Casa Redonda<\/em>, aunque realmente no es redonda, sino mas bien con muchas curvas, donde las l\u00edneas rectas pr\u00e1cticamente son las del horizonte y el suelo. Los que hemos estado en el mundo de la arquitectura, mas de alguna vez hemos so\u00f1ado con dise\u00f1os de este tipo.<\/p>\n<p>**********<\/p>\n<p><strong>La casa redonda<br \/>\n<\/strong><\/p>\n<p>Dise\u00f1ada por el arquitecto <a target=\"_blank\" href=\"http:\/\/www.habiter-selon-lovag.com\">Antti Lovag<\/a>, esta casa se encuentra en Cannes.<\/p>\n<p><img data-recalc-dims=\"1\" decoding=\"async\" src=\"https:\/\/i0.wp.com\/img248.imageshack.us\/img248\/3947\/bulle12432au8.jpg?w=1200\" \/><\/p>\n<p><!--more--><\/p>\n<p><img data-recalc-dims=\"1\" decoding=\"async\" src=\"https:\/\/i0.wp.com\/img216.imageshack.us\/img216\/6330\/bulle16432dy1.jpg?w=1200\" \/><\/p>\n<p><img data-recalc-dims=\"1\" decoding=\"async\" src=\"https:\/\/i0.wp.com\/img216.imageshack.us\/img216\/4923\/bulle07432pc9.jpg?w=1200\" \/><\/p>\n<p><img data-recalc-dims=\"1\" decoding=\"async\" src=\"https:\/\/i0.wp.com\/img518.imageshack.us\/img518\/4189\/bulle03b432vl1.jpg?w=1200\" \/><\/p>\n<p><img data-recalc-dims=\"1\" decoding=\"async\" src=\"https:\/\/i0.wp.com\/img201.imageshack.us\/img201\/2535\/bulle11432ko9.jpg?w=1200\" \/><\/p>\n<p><img data-recalc-dims=\"1\" decoding=\"async\" src=\"https:\/\/i0.wp.com\/img201.imageshack.us\/img201\/3664\/bulle13432sa8.jpg?w=1200\" \/><\/p>\n<p><em>Originalmente Publicado en <a target=\"_blank\" href=\"http:\/\/mrmannoticias.blogspot.com\/2007\/08\/la-casa-redonda.html\">Mr. Man<\/a><\/em><\/p>\n<p><a title=\"Marat\u00f3n de Blogs\" href=\"http:\/\/www.quechilero.com\/blog\/2007\/07\/31\/maraton-de-blogs-de-guatemala\/\"><img data-recalc-dims=\"1\" decoding=\"async\" border=\"0\" title=\"Marat\u00f3n de Blogs\" alt=\"Marat\u00f3n de Blogs\" src=\"https:\/\/i0.wp.com\/img214.imageshack.us\/img214\/3169\/maratonng0.gif?w=1200\" \/><\/a><\/p>\n","protected":false},"excerpt":{"rendered":"<p>Sigue el Marat\u00f3n de Blogs, con este texto publicado originalmente en el blog Mr. Man, regularmente escribe art\u00edculos de inter\u00e9s, como este que ha titulado La Casa Redonda, aunque realmente no es redonda, sino mas bien con muchas curvas, donde las l\u00edneas rectas pr\u00e1cticamente son las del horizonte y el suelo. Los que hemos estado &#8230; <a title=\"Marat\u00f3n de Blogs &#8211; La casa redonda\" class=\"read-more\" href=\"https:\/\/quechilero.com\/blog\/2007\/08\/19\/maraton-de-blogs-la-casa-redonda\/\" aria-label=\"Leer m\u00e1s sobre Marat\u00f3n de Blogs &#8211; La casa redonda\">Leer m\u00e1s<\/a><\/p>\n","protected":false},"author":1,"featured_media":0,"comment_status":"open","ping_status":"open","sticky":false,"template":"","format":"standard","meta":{"advanced_seo_description":"","jetpack_seo_html_title":"","jetpack_seo_noindex":false,"jetpack_seo_schema_type":"","episode_type":"","audio_file":"","podmotor_file_id":"","podmotor_episode_id":"","cover_image":"","cover_image_id":"","duration":"","filesize":"","filesize_raw":"","date_recorded":"","explicit":"","block":"","_jetpack_newsletter_access":"","_jetpack_dont_email_post_to_subs":false,"_jetpack_newsletter_tier_id":0,"_jetpack_memberships_contains_paywalled_content":false,"_jetpack_feature_clip_id":0,"_jetpack_memberships_contains_paid_content":false,"footnotes":"","jetpack_publicize_message":"","jetpack_publicize_feature_enabled":true,"jetpack_social_post_already_shared":false,"jetpack_social_options":{"image_generator_settings":{"template":"highway","default_image_id":0,"font":"","enabled":false},"version":2},"jetpack_post_was_ever_published":false},"categories":[2],"tags":[4,7,10,62],"series":[],"class_list":["post-635","post","type-post","status-publish","format-standard","hentry","category-limones","tag-blog","tag-diseno","tag-guatemala","tag-maraton"],"episode_featured_image":false,"episode_player_image":"https:\/\/i0.wp.com\/quechilero.com\/blog\/imagenes\/podcast.png?fit=1831%2C1831&ssl=1","download_link":"","player_link":"","audio_player":false,"episode_data":{"playerMode":"dark","subscribeUrls":{"amazon":{"key":"amazon","url":"","label":"Amazon","class":"amazon","icon":"amazon.png"},"apple_podcasts":{"key":"apple_podcasts","url":"","label":"Apple Podcasts","class":"apple_podcasts","icon":"apple-podcasts.png"},"castbox":{"key":"castbox","url":"","label":"CastBox","class":"castbox","icon":"castbox.png"},"deezer":{"key":"deezer","url":"","label":"Deezer","class":"deezer","icon":"deezer.png"},"google_podcasts":{"key":"google_podcasts","url":"","label":"Google Podcasts","class":"google_podcasts","icon":"google-podcasts.png"},"listen_notes":{"key":"listen_notes","url":"","label":"Listen Notes","class":"listen_notes","icon":"listen-notes.png"},"pandora":{"key":"pandora","url":"","label":"Pandora","class":"pandora","icon":"pandora.png"},"podbean":{"key":"podbean","url":"","label":"Podbean","class":"podbean","icon":"podbean.png"},"podcast_republic":{"key":"podcast_republic","url":"","label":"Podcast Republic","class":"podcast_republic","icon":"podcast-republic.png"},"rss":{"key":"rss","url":"","label":"RSS","class":"rss","icon":"rss.png"},"spotify":{"key":"spotify","url":"","label":"Spotify","class":"spotify","icon":"spotify.png"},"stitcher":{"key":"stitcher","url":"","label":"Stitcher","class":"stitcher","icon":"stitcher.png"},"tunein":{"key":"tunein","url":"","label":"TuneIn","class":"tunein","icon":"tunein.png"},"youtube":{"key":"youtube","url":"","label":"YouTube","class":"youtube","icon":"youtube.png"},"iheartradio":{"key":"iheartradio","url":"","label":"iHeartRadio","class":"iheartradio","icon":"iheartradio.png"},"ivoox":{"key":"ivoox","url":"","label":"iVoox","class":"ivoox","icon":"ivoox.png"}},"rssFeedUrl":"https:\/\/quechilero.com\/blog\/feed\/podcast\/si-la-vida-nos-da-limones","embedCode":"<blockquote class=\"wp-embedded-content\" data-secret=\"uNXFNqULzz\"><a href=\"https:\/\/quechilero.com\/blog\/2007\/08\/19\/maraton-de-blogs-la-casa-redonda\/\">Marat\u00f3n de Blogs &#8211; La casa redonda<\/a><\/blockquote><iframe sandbox=\"allow-scripts\" security=\"restricted\" src=\"https:\/\/quechilero.com\/blog\/2007\/08\/19\/maraton-de-blogs-la-casa-redonda\/embed\/#?secret=uNXFNqULzz\" width=\"500\" height=\"350\" title=\"\u00abMarat\u00f3n de Blogs &#8211; La casa redonda\u00bb \u2014 Si la Vida nos da Limones...\" data-secret=\"uNXFNqULzz\" frameborder=\"0\" marginwidth=\"0\" marginheight=\"0\" scrolling=\"no\" class=\"wp-embedded-content\"><\/iframe><script>\n\/*! This file is auto-generated *\/\n!function(d,l){\"use strict\";l.querySelector&&d.addEventListener&&\"undefined\"!=typeof URL&&(d.wp=d.wp||{},d.wp.receiveEmbedMessage||(d.wp.receiveEmbedMessage=function(e){var t=e.data;if((t||t.secret||t.message||t.value)&&!\/[^a-zA-Z0-9]\/.test(t.secret)){for(var s,r,n,a=l.querySelectorAll('iframe[data-secret=\"'+t.secret+'\"]'),o=l.querySelectorAll('blockquote[data-secret=\"'+t.secret+'\"]'),c=new RegExp(\"^https?:$\",\"i\"),i=0;i<o.length;i++)o[i].style.display=\"none\";for(i=0;i<a.length;i++)s=a[i],e.source===s.contentWindow&&(s.removeAttribute(\"style\"),\"height\"===t.message?(1e3<(r=parseInt(t.value,10))?r=1e3:~~r<200&&(r=200),s.height=r):\"link\"===t.message&&(r=new URL(s.getAttribute(\"src\")),n=new URL(t.value),c.test(n.protocol))&&n.host===r.host&&l.activeElement===s&&(d.top.location.href=t.value))}},d.addEventListener(\"message\",d.wp.receiveEmbedMessage,!1),l.addEventListener(\"DOMContentLoaded\",function(){for(var e,t,s=l.querySelectorAll(\"iframe.wp-embedded-content\"),r=0;r<s.length;r++)(t=(e=s[r]).getAttribute(\"data-secret\"))||(t=Math.random().toString(36).substring(2,12),e.src+=\"#?secret=\"+t,e.setAttribute(\"data-secret\",t)),e.contentWindow.postMessage({message:\"ready\",secret:t},\"*\")},!1)))}(window,document);\n\/\/# sourceURL=https:\/\/quechilero.com\/blog\/wp-includes\/js\/wp-embed.min.js\n<\/script>\n"},"jetpack_publicize_connections":[],"jetpack_shortlink":"https:\/\/wp.me\/pDKli-af","jetpack_sharing_enabled":true,"jetpack-related-posts":[{"id":9897,"url":"https:\/\/quechilero.com\/blog\/2011\/08\/14\/maraton-de-blogs-blog-de-jorge-luis\/","url_meta":{"origin":635,"position":0},"title":"Marat\u00f3n de Blogs: Blog de Jorge Luis","author":"Pepe Barrascout Ortiz","date":"14 agosto 2011","format":false,"excerpt":"El Blog de Jorge Luis, se define a si mismo, como un blog de ideas, dise\u00f1o y locuras. Publicado por Jorge Luis Guti\u00e9rrez, este blog trata de todo un poco, aunque se organiza en ciertas categor\u00edas, en las que se agrupan los distintos contenidos publicados. De tal suerte, podemos leer\u2026","rel":"","context":"En \u00abBlogs de Guatemala\u00bb","block_context":{"text":"Blogs de Guatemala","link":"https:\/\/quechilero.com\/blog\/category\/blogs-de-guatemala\/"},"img":{"alt_text":"","src":"https:\/\/i0.wp.com\/i392.photobucket.com\/albums\/pp7\/pepejaguar\/maraton\/jorge-luis.png?resize=350%2C200","width":350,"height":200,"srcset":"https:\/\/i0.wp.com\/i392.photobucket.com\/albums\/pp7\/pepejaguar\/maraton\/jorge-luis.png?resize=350%2C200 1x, https:\/\/i0.wp.com\/i392.photobucket.com\/albums\/pp7\/pepejaguar\/maraton\/jorge-luis.png?resize=525%2C300 1.5x"},"classes":[]},{"id":5250,"url":"https:\/\/quechilero.com\/blog\/2010\/08\/17\/maraton-de-blogs-espejo-de-mi-alma\/","url_meta":{"origin":635,"position":1},"title":"Marat\u00f3n de Blogs: Espejo De Mi Alma","author":"Pepe Barrascout Ortiz","date":"17 agosto 2010","format":false,"excerpt":"Nancy Vel\u00e1squez, es la autora de Espejo de mi Alma, que seg\u00fan el registro del blog, tiene publicaciones que datan de mayo de 2008, en estos dos a\u00f1os, no recuerdo haberlo visitado antes, hasta ahora que Lorena Cordero, lo sugiri\u00f3 para que participara del Marat\u00f3n de Blogs 2010, en este\u2026","rel":"","context":"En \u00abBlogs de Guatemala\u00bb","block_context":{"text":"Blogs de Guatemala","link":"https:\/\/quechilero.com\/blog\/category\/blogs-de-guatemala\/"},"img":{"alt_text":"","src":"https:\/\/i0.wp.com\/i392.photobucket.com\/albums\/pp7\/pepejaguar\/maraton\/espejodemialma.png?resize=350%2C200","width":350,"height":200,"srcset":"https:\/\/i0.wp.com\/i392.photobucket.com\/albums\/pp7\/pepejaguar\/maraton\/espejodemialma.png?resize=350%2C200 1x, https:\/\/i0.wp.com\/i392.photobucket.com\/albums\/pp7\/pepejaguar\/maraton\/espejodemialma.png?resize=525%2C300 1.5x"},"classes":[]},{"id":9922,"url":"https:\/\/quechilero.com\/blog\/2011\/08\/13\/maraton-de-blogs-dina-fernandez\/","url_meta":{"origin":635,"position":2},"title":"Marat\u00f3n de Blogs: Dina Fern\u00e1ndez","author":"Pepe Barrascout Ortiz","date":"13 agosto 2011","format":false,"excerpt":"Dina Fern\u00e1ndez es una periodista\u00a0que ha participado en diferentes medios tradicionales\u00a0del pa\u00eds y que publica sus pensamientos en su blog bajo su mismo nombre y con el lema \"La necedad de querer el bien\". Adem\u00e1s es antrop\u00f3loga\u00a0y periodismo lo estudi\u00f3 fuera del pa\u00eds. Sus textos han sido publicados en Prensa\u2026","rel":"","context":"En \u00abBlogs de Guatemala\u00bb","block_context":{"text":"Blogs de Guatemala","link":"https:\/\/quechilero.com\/blog\/category\/blogs-de-guatemala\/"},"img":{"alt_text":"","src":"https:\/\/i0.wp.com\/i392.photobucket.com\/albums\/pp7\/pepejaguar\/maraton\/dina-fernandez.png?resize=350%2C200","width":350,"height":200,"srcset":"https:\/\/i0.wp.com\/i392.photobucket.com\/albums\/pp7\/pepejaguar\/maraton\/dina-fernandez.png?resize=350%2C200 1x, https:\/\/i0.wp.com\/i392.photobucket.com\/albums\/pp7\/pepejaguar\/maraton\/dina-fernandez.png?resize=525%2C300 1.5x"},"classes":[]},{"id":5228,"url":"https:\/\/quechilero.com\/blog\/2010\/08\/08\/maraton-de-blogs-alkuadrado\/","url_meta":{"origin":635,"position":3},"title":"Marat\u00f3n de Blogs: Alkuadrado","author":"Pepe Barrascout Ortiz","date":"8 agosto 2010","format":false,"excerpt":"Desde que entramos a Alkuadrado, podemos sentir un estilo visual agradable, limpio y claro, bastante minimalista, justo como me gustan los dise\u00f1os. En tonos de color caf\u00e9, Alkuadrado nos da la bienvenida, de mano de Alex Socop, su autor. Seg\u00fan las mismas palabras de Alex, Alkuadrado (a2), en esencia es\u2026","rel":"","context":"En \u00abBlogs de Guatemala\u00bb","block_context":{"text":"Blogs de Guatemala","link":"https:\/\/quechilero.com\/blog\/category\/blogs-de-guatemala\/"},"img":{"alt_text":"","src":"https:\/\/i0.wp.com\/i392.photobucket.com\/albums\/pp7\/pepejaguar\/maraton\/alkuadrado.png?resize=350%2C200","width":350,"height":200,"srcset":"https:\/\/i0.wp.com\/i392.photobucket.com\/albums\/pp7\/pepejaguar\/maraton\/alkuadrado.png?resize=350%2C200 1x, https:\/\/i0.wp.com\/i392.photobucket.com\/albums\/pp7\/pepejaguar\/maraton\/alkuadrado.png?resize=525%2C300 1.5x"},"classes":[]},{"id":5389,"url":"https:\/\/quechilero.com\/blog\/2010\/08\/28\/maraton-de-blogs-el-chiltepe-2\/","url_meta":{"origin":635,"position":4},"title":"Marat\u00f3n de Blogs: El Chiltepe","author":"Pepe Barrascout Ortiz","date":"28 agosto 2010","format":false,"excerpt":"El Chiltepe, es uno de los blogs cl\u00e1sicos dentro del Marat\u00f3n de Blogs. Es dirigido por una gran artista guatemalteca, Alejandra Barahona, ahora El Chiltepe ha incluido a un grupo de colaboradores que con sus aportes, enriquecen las publicaciones. De tal suerte, podemos ver textos de Chinitas Yon, Hopeazul y\u2026","rel":"","context":"En \u00abBlogs de Guatemala\u00bb","block_context":{"text":"Blogs de Guatemala","link":"https:\/\/quechilero.com\/blog\/category\/blogs-de-guatemala\/"},"img":{"alt_text":"","src":"https:\/\/i0.wp.com\/i392.photobucket.com\/albums\/pp7\/pepejaguar\/maraton\/elchiltepe.png?resize=350%2C200","width":350,"height":200,"srcset":"https:\/\/i0.wp.com\/i392.photobucket.com\/albums\/pp7\/pepejaguar\/maraton\/elchiltepe.png?resize=350%2C200 1x, https:\/\/i0.wp.com\/i392.photobucket.com\/albums\/pp7\/pepejaguar\/maraton\/elchiltepe.png?resize=525%2C300 1.5x"},"classes":[]},{"id":9917,"url":"https:\/\/quechilero.com\/blog\/2011\/08\/05\/maraton-de-blogs-el-chiltepe-3\/","url_meta":{"origin":635,"position":5},"title":"Marat\u00f3n de Blogs: El Chiltepe","author":"Pepe Barrascout Ortiz","date":"5 agosto 2011","format":false,"excerpt":"El Chiltepe es un magn\u00edfico blog dedicado al dise\u00f1o industrial, pero sin dejar de lado la publicidad, el arte y otras ramas del dise\u00f1o, de vez en cuando se tocan temas relacionados con la arquitectura. Los dise\u00f1os que regularmente se comparten en\u00a0El Chiltepe\u00a0son bastante inspiracionales, algunos son prototipos, que pueden\u2026","rel":"","context":"En \u00abBlogs de Guatemala\u00bb","block_context":{"text":"Blogs de Guatemala","link":"https:\/\/quechilero.com\/blog\/category\/blogs-de-guatemala\/"},"img":{"alt_text":"","src":"https:\/\/i0.wp.com\/i392.photobucket.com\/albums\/pp7\/pepejaguar\/maraton\/el-chiltepe.png?resize=350%2C200","width":350,"height":200,"srcset":"https:\/\/i0.wp.com\/i392.photobucket.com\/albums\/pp7\/pepejaguar\/maraton\/el-chiltepe.png?resize=350%2C200 1x, https:\/\/i0.wp.com\/i392.photobucket.com\/albums\/pp7\/pepejaguar\/maraton\/el-chiltepe.png?resize=525%2C300 1.5x"},"classes":[]}],"jetpack_featured_media_url":"","_links":{"self":[{"href":"https:\/\/quechilero.com\/blog\/wp-json\/wp\/v2\/posts\/635","targetHints":{"allow":["GET"]}}],"collection":[{"href":"https:\/\/quechilero.com\/blog\/wp-json\/wp\/v2\/posts"}],"about":[{"href":"https:\/\/quechilero.com\/blog\/wp-json\/wp\/v2\/types\/post"}],"author":[{"embeddable":true,"href":"https:\/\/quechilero.com\/blog\/wp-json\/wp\/v2\/users\/1"}],"replies":[{"embeddable":true,"href":"https:\/\/quechilero.com\/blog\/wp-json\/wp\/v2\/comments?post=635"}],"version-history":[{"count":0,"href":"https:\/\/quechilero.com\/blog\/wp-json\/wp\/v2\/posts\/635\/revisions"}],"wp:attachment":[{"href":"https:\/\/quechilero.com\/blog\/wp-json\/wp\/v2\/media?parent=635"}],"wp:term":[{"taxonomy":"category","embeddable":true,"href":"https:\/\/quechilero.com\/blog\/wp-json\/wp\/v2\/categories?post=635"},{"taxonomy":"post_tag","embeddable":true,"href":"https:\/\/quechilero.com\/blog\/wp-json\/wp\/v2\/tags?post=635"},{"taxonomy":"series","embeddable":true,"href":"https:\/\/quechilero.com\/blog\/wp-json\/wp\/v2\/series?post=635"}],"curies":[{"name":"wp","href":"https:\/\/api.w.org\/{rel}","templated":true}]}}