{"id":633,"date":"2007-08-18T15:10:38","date_gmt":"2007-08-18T21:10:38","guid":{"rendered":"http:\/\/www.quechilero.com\/blog\/2007\/08\/17\/maraton-de-blogs-apareces-tu\/"},"modified":"2007-08-18T15:10:38","modified_gmt":"2007-08-18T21:10:38","slug":"maraton-de-blogs-apareces-tu","status":"publish","type":"post","link":"https:\/\/quechilero.com\/blog\/2007\/08\/18\/maraton-de-blogs-apareces-tu\/","title":{"rendered":"Marat\u00f3n de Blogs &#8211; Apareces Tu"},"content":{"rendered":"<p>Sigue el <a href=\"http:\/\/www.quechilero.com\/2007\/07\/31\/maraton-de-blogs-de-guatemala\/\">Marat\u00f3n de Blogs<\/a>, con este texto publicado originalmente en el blog <a target=\"_blank\" href=\"http:\/\/amor.obolog.com\/p\/apareces-tu-15545\">Tu mundo de poes\u00eda<\/a>, un lindo poema que llena el alma y enriquece los sentimientos. <em>Este va dedicado a ti Kiki<\/em>.<\/p>\n<p>**********<\/p>\n<p><strong>Apareces Tu&#8230; <\/strong><\/p>\n<p><em>Me he prometido pedirme perd\u00f3n<\/em><br \/>\n<em>me he confesado con mi coraz\u00f3n<\/em><br \/>\n<em>me he enamorado de todo mi amor<\/em><br \/>\n<em>Me he permitido decirle al miedo adios<\/em><br \/>\n<em>y de repente apareces tu<\/em><\/p>\n<p><em>Mientras me hablas hago que estoy dormida<\/em><br \/>\n<em>te mentir\u00eda si negara hoy<\/em><br \/>\n<em>que desde entonces solo sue\u00f1o contigo<\/em><\/p>\n<p><em>Tu entiendes mis silencios solo tu<\/em><br \/>\n<em>conoces mis secretos solo tu<\/em><br \/>\n<em>comprendes cada gesto solo tu<\/em><\/p>\n<p><em>Me ha sonre\u00eddo el espejo hoy<\/em><br \/>\n<em>me he decidido levantar la voz<\/em><br \/>\n<em>he despedido a mis fantasmas hoy<\/em><br \/>\n<em>Y me he gustado tal y como soy<\/em><br \/>\n<em>y de repente apareces tu<\/em><\/p>\n<p><em>Mientras me hablas hago que estoy dormida<\/em><br \/>\n<em>te mentir\u00eda si negara hoy<\/em><br \/>\n<em>que desde entonces solo sue\u00f1o contigo<\/em><\/p>\n<p><em>Tu entiendes mis silencios solo tu<\/em><br \/>\n<em>conoces mis secretos solo tu<\/em><br \/>\n<em>comprendes cada gesto solo tu<\/em><\/p>\n<p><em>Y yo solo quiero entregarme <\/em><br \/>\n<em>comprenderte, cuidarte<\/em><br \/>\n<em>darte mi coraz\u00f3n<\/em><\/p>\n<p><em>Quiero que llegues a ser<\/em><br \/>\n<em>Mi alma y mi obsesi\u00f3n<\/em><br \/>\n<em>mi vida y mi pasi\u00f3n<\/em><br \/>\n<em>mi historia de amor<\/em><\/p>\n<p><em>Tu entiendes mis silencios solo tu<\/em><br \/>\n<em>me subes hasta el cielo solo tu<\/em><br \/>\n<em>eres mi alma y eres mi inspiraci\u00f3n<\/em><\/p>\n<p>Publicado originalmente por <a target=\"_blank\" href=\"http:\/\/amor.obolog.com\/p\/apareces-tu-15545\"><em>Tu mundo de poes\u00eda<\/em><\/a><\/p>\n<p><a title=\"Marat\u00f3n de Blogs\" href=\"http:\/\/www.quechilero.com\/blog\/2007\/07\/31\/maraton-de-blogs-de-guatemala\/\"><img data-recalc-dims=\"1\" decoding=\"async\" border=\"0\" alt=\"Marat\u00f3n de Blogs\" title=\"Marat\u00f3n de Blogs\" src=\"https:\/\/i0.wp.com\/img214.imageshack.us\/img214\/3169\/maratonng0.gif?w=1200\" \/><\/a><\/p>\n","protected":false},"excerpt":{"rendered":"<p>Sigue el Marat\u00f3n de Blogs, con este texto publicado originalmente en el blog Tu mundo de poes\u00eda, un lindo poema que llena el alma y enriquece los sentimientos. Este va dedicado a ti Kiki. ********** Apareces Tu&#8230; Me he prometido pedirme perd\u00f3n me he confesado con mi coraz\u00f3n me he enamorado de todo mi amor &#8230; <a title=\"Marat\u00f3n de Blogs &#8211; Apareces Tu\" class=\"read-more\" href=\"https:\/\/quechilero.com\/blog\/2007\/08\/18\/maraton-de-blogs-apareces-tu\/\" aria-label=\"Leer m\u00e1s sobre Marat\u00f3n de Blogs &#8211; Apareces Tu\">Leer m\u00e1s<\/a><\/p>\n","protected":false},"author":1,"featured_media":0,"comment_status":"open","ping_status":"open","sticky":false,"template":"","format":"standard","meta":{"advanced_seo_description":"","jetpack_seo_html_title":"","jetpack_seo_noindex":false,"jetpack_seo_schema_type":"","episode_type":"","audio_file":"","podmotor_file_id":"","podmotor_episode_id":"","cover_image":"","cover_image_id":"","duration":"","filesize":"","filesize_raw":"","date_recorded":"","explicit":"","block":"","_jetpack_newsletter_access":"","_jetpack_dont_email_post_to_subs":false,"_jetpack_newsletter_tier_id":0,"_jetpack_memberships_contains_paywalled_content":false,"_jetpack_feature_clip_id":0,"_jetpack_memberships_contains_paid_content":false,"footnotes":"","jetpack_publicize_message":"","jetpack_publicize_feature_enabled":true,"jetpack_social_post_already_shared":false,"jetpack_social_options":{"image_generator_settings":{"template":"highway","default_image_id":0,"font":"","enabled":false},"version":2},"jetpack_post_was_ever_published":false},"categories":[2],"tags":[15,4,51,10,17,54,62,52,82,56,24],"series":[],"class_list":["post-633","post","type-post","status-publish","format-standard","hentry","category-limones","tag-amor","tag-blog","tag-dios","tag-guatemala","tag-historia","tag-kiki","tag-maraton","tag-pasion","tag-sentimiento","tag-sueno","tag-vida"],"episode_featured_image":false,"episode_player_image":"https:\/\/i0.wp.com\/quechilero.com\/blog\/imagenes\/podcast.png?fit=1831%2C1831&ssl=1","download_link":"","player_link":"","audio_player":false,"episode_data":{"playerMode":"dark","subscribeUrls":{"amazon":{"key":"amazon","url":"","label":"Amazon","class":"amazon","icon":"amazon.png"},"apple_podcasts":{"key":"apple_podcasts","url":"","label":"Apple Podcasts","class":"apple_podcasts","icon":"apple-podcasts.png"},"castbox":{"key":"castbox","url":"","label":"CastBox","class":"castbox","icon":"castbox.png"},"deezer":{"key":"deezer","url":"","label":"Deezer","class":"deezer","icon":"deezer.png"},"google_podcasts":{"key":"google_podcasts","url":"","label":"Google Podcasts","class":"google_podcasts","icon":"google-podcasts.png"},"listen_notes":{"key":"listen_notes","url":"","label":"Listen Notes","class":"listen_notes","icon":"listen-notes.png"},"pandora":{"key":"pandora","url":"","label":"Pandora","class":"pandora","icon":"pandora.png"},"podbean":{"key":"podbean","url":"","label":"Podbean","class":"podbean","icon":"podbean.png"},"podcast_republic":{"key":"podcast_republic","url":"","label":"Podcast Republic","class":"podcast_republic","icon":"podcast-republic.png"},"rss":{"key":"rss","url":"","label":"RSS","class":"rss","icon":"rss.png"},"spotify":{"key":"spotify","url":"","label":"Spotify","class":"spotify","icon":"spotify.png"},"stitcher":{"key":"stitcher","url":"","label":"Stitcher","class":"stitcher","icon":"stitcher.png"},"tunein":{"key":"tunein","url":"","label":"TuneIn","class":"tunein","icon":"tunein.png"},"youtube":{"key":"youtube","url":"","label":"YouTube","class":"youtube","icon":"youtube.png"},"iheartradio":{"key":"iheartradio","url":"","label":"iHeartRadio","class":"iheartradio","icon":"iheartradio.png"},"ivoox":{"key":"ivoox","url":"","label":"iVoox","class":"ivoox","icon":"ivoox.png"}},"rssFeedUrl":"https:\/\/quechilero.com\/blog\/feed\/podcast\/si-la-vida-nos-da-limones","embedCode":"<blockquote class=\"wp-embedded-content\" data-secret=\"m2ZuWWXOnM\"><a href=\"https:\/\/quechilero.com\/blog\/2007\/08\/18\/maraton-de-blogs-apareces-tu\/\">Marat\u00f3n de Blogs &#8211; Apareces Tu<\/a><\/blockquote><iframe sandbox=\"allow-scripts\" security=\"restricted\" src=\"https:\/\/quechilero.com\/blog\/2007\/08\/18\/maraton-de-blogs-apareces-tu\/embed\/#?secret=m2ZuWWXOnM\" width=\"500\" height=\"350\" title=\"\u00abMarat\u00f3n de Blogs &#8211; Apareces Tu\u00bb \u2014 Si la Vida nos da Limones...\" data-secret=\"m2ZuWWXOnM\" frameborder=\"0\" marginwidth=\"0\" marginheight=\"0\" scrolling=\"no\" class=\"wp-embedded-content\"><\/iframe><script>\n\/*! This file is auto-generated *\/\n!function(d,l){\"use strict\";l.querySelector&&d.addEventListener&&\"undefined\"!=typeof URL&&(d.wp=d.wp||{},d.wp.receiveEmbedMessage||(d.wp.receiveEmbedMessage=function(e){var t=e.data;if((t||t.secret||t.message||t.value)&&!\/[^a-zA-Z0-9]\/.test(t.secret)){for(var s,r,n,a=l.querySelectorAll('iframe[data-secret=\"'+t.secret+'\"]'),o=l.querySelectorAll('blockquote[data-secret=\"'+t.secret+'\"]'),c=new RegExp(\"^https?:$\",\"i\"),i=0;i<o.length;i++)o[i].style.display=\"none\";for(i=0;i<a.length;i++)s=a[i],e.source===s.contentWindow&&(s.removeAttribute(\"style\"),\"height\"===t.message?(1e3<(r=parseInt(t.value,10))?r=1e3:~~r<200&&(r=200),s.height=r):\"link\"===t.message&&(r=new URL(s.getAttribute(\"src\")),n=new URL(t.value),c.test(n.protocol))&&n.host===r.host&&l.activeElement===s&&(d.top.location.href=t.value))}},d.addEventListener(\"message\",d.wp.receiveEmbedMessage,!1),l.addEventListener(\"DOMContentLoaded\",function(){for(var e,t,s=l.querySelectorAll(\"iframe.wp-embedded-content\"),r=0;r<s.length;r++)(t=(e=s[r]).getAttribute(\"data-secret\"))||(t=Math.random().toString(36).substring(2,12),e.src+=\"#?secret=\"+t,e.setAttribute(\"data-secret\",t)),e.contentWindow.postMessage({message:\"ready\",secret:t},\"*\")},!1)))}(window,document);\n\/\/# sourceURL=https:\/\/quechilero.com\/blog\/wp-includes\/js\/wp-embed.min.js\n<\/script>\n"},"jetpack_publicize_connections":[],"jetpack_shortlink":"https:\/\/wp.me\/pDKli-ad","jetpack_sharing_enabled":true,"jetpack-related-posts":[{"id":641,"url":"https:\/\/quechilero.com\/blog\/2007\/08\/25\/maraton-de-blogs-panajachel-2\/","url_meta":{"origin":633,"position":0},"title":"Marat\u00f3n de Blogs &#8211; Panajachel","author":"Pepe Barrascout Ortiz","date":"25 agosto 2007","format":false,"excerpt":"Sigue el Marat\u00f3n de Blogs, con esta fotograf\u00eda publicada originalmente en el blog Panajachel Guatemala, otra postal de uno de los lugares mas emblem\u00e1ticos y m\u00edsticos de Guatemala. \u00bfQuien no se ha sentido atra\u00eddo a tan excelsa manifestaci\u00f3n de Dios por medio de la naturaleza?. Para ti Kiki y por\u2026","rel":"","context":"En \u00abLimones\u00bb","block_context":{"text":"Limones","link":"https:\/\/quechilero.com\/blog\/category\/limones\/"},"img":{"alt_text":"","src":"","width":0,"height":0},"classes":[]},{"id":640,"url":"https:\/\/quechilero.com\/blog\/2007\/08\/24\/maraton-de-blogs-panajachel\/","url_meta":{"origin":633,"position":1},"title":"Marat\u00f3n de Blogs &#8211; Panajachel","author":"Pepe Barrascout Ortiz","date":"24 agosto 2007","format":false,"excerpt":"Sigue el Marat\u00f3n de Blogs, con esta fotograf\u00eda publicada originalmente en el blog Panajachel Guatemala, un linda postal de uno de los volcanes que rodean este bello para\u00edso natural. \u00bfAcaso hay alguien que no se sienta atra\u00eddo a tan excelsa manifestaci\u00f3n de Dios por medio de la naturaleza?. Para ti\u2026","rel":"","context":"En \u00abLimones\u00bb","block_context":{"text":"Limones","link":"https:\/\/quechilero.com\/blog\/category\/limones\/"},"img":{"alt_text":"","src":"","width":0,"height":0},"classes":[]},{"id":5394,"url":"https:\/\/quechilero.com\/blog\/2010\/08\/30\/maraton-de-blogs-fe-de-rata-2\/","url_meta":{"origin":633,"position":2},"title":"Marat\u00f3n de Blogs: Fe de Rata","author":"Pepe Barrascout Ortiz","date":"30 agosto 2010","format":false,"excerpt":"Fe de Rata, es el blog escrito por Juan Pablo Dard\u00f3n, fue uno de los blogs mas apoyados durante el\u00a0Marat\u00f3n de Blogs 2009, en esa oportunidad el reconocimiento\u00a0consisti\u00f3 en el nombre de dominio\u00a0www.jpdardon.com que actualmente utiliza. A un a\u00f1o, Fe de Rata, no ha deca\u00eddo, por el contrar\u00edo, sigue publicando\u2026","rel":"","context":"En \u00abBlogs de Guatemala\u00bb","block_context":{"text":"Blogs de Guatemala","link":"https:\/\/quechilero.com\/blog\/category\/blogs-de-guatemala\/"},"img":{"alt_text":"","src":"https:\/\/i0.wp.com\/i392.photobucket.com\/albums\/pp7\/pepejaguar\/maraton\/federata.png?resize=350%2C200","width":350,"height":200,"srcset":"https:\/\/i0.wp.com\/i392.photobucket.com\/albums\/pp7\/pepejaguar\/maraton\/federata.png?resize=350%2C200 1x, https:\/\/i0.wp.com\/i392.photobucket.com\/albums\/pp7\/pepejaguar\/maraton\/federata.png?resize=525%2C300 1.5x"},"classes":[]},{"id":632,"url":"https:\/\/quechilero.com\/blog\/2007\/08\/16\/maraton-de-blogs-nena\/","url_meta":{"origin":633,"position":3},"title":"Marat\u00f3n de Blogs &#8211; Nena","author":"Pepe Barrascout Ortiz","date":"16 agosto 2007","format":false,"excerpt":"Sigue el Marat\u00f3n de Blogs, con este texto publicado originalmente en el blog Simplemente Asi, nuestra querida amiga Lu! la autora de estos magn\u00edficos textos, en forma constante nos llena de una sensaci\u00f3n maravillosa que solo las buenas escritoras puede hacer, su blog es un completo y perfecto manojo de\u2026","rel":"","context":"En \u00abLimones\u00bb","block_context":{"text":"Limones","link":"https:\/\/quechilero.com\/blog\/category\/limones\/"},"img":{"alt_text":"","src":"","width":0,"height":0},"classes":[]},{"id":3267,"url":"https:\/\/quechilero.com\/blog\/2009\/08\/24\/maraton-de-blogs-inmunda-sua-agape\/","url_meta":{"origin":633,"position":4},"title":"Marat\u00f3n de Blogs: Inmunda S\u00faa Agap\u00e9","author":"Pepe Barrascout Ortiz","date":"24 agosto 2009","format":false,"excerpt":"S\u00faa Agap\u00e9 es un nombre muy poco com\u00fan y me di a la tarea de investigar un poco, el resultado fue un poco menos que sorprendente, resulta que sua viene a ser (en varios idiomas de origen latino), el equivalente al espa\u00f1ol a \"suya, tuya\" y agap\u00e9, de origen griego,\u2026","rel":"","context":"En \u00abBlogs de Guatemala\u00bb","block_context":{"text":"Blogs de Guatemala","link":"https:\/\/quechilero.com\/blog\/category\/blogs-de-guatemala\/"},"img":{"alt_text":"Marat\u00f3n de Blogs 2009","src":"https:\/\/i0.wp.com\/i392.photobucket.com\/albums\/pp7\/pepejaguar\/maraton2009\/maraton2009.jpg?resize=350%2C200","width":350,"height":200,"srcset":"https:\/\/i0.wp.com\/i392.photobucket.com\/albums\/pp7\/pepejaguar\/maraton2009\/maraton2009.jpg?resize=350%2C200 1x, https:\/\/i0.wp.com\/i392.photobucket.com\/albums\/pp7\/pepejaguar\/maraton2009\/maraton2009.jpg?resize=525%2C300 1.5x"},"classes":[]},{"id":621,"url":"https:\/\/quechilero.com\/blog\/2007\/08\/04\/maraton-de-blogs-renderizados-realisatas\/","url_meta":{"origin":633,"position":5},"title":"Marat\u00f3n de Blogs &#8211; Renderizados realisatas","author":"Pepe Barrascout Ortiz","date":"4 agosto 2007","format":false,"excerpt":"Sigue el Marat\u00f3n de Blogs, con este texto publicado originalmente en Mr-Man, el art\u00edculo publicado muestra los avances de la tecnolog\u00eda en el renderizado de im\u00e1genes, llegando a alcanzar un realismo sorprendente. ********** Im\u00e1genes 3D Hiper realistas. El personaje que aparece a la par, es la persona real. y la\u2026","rel":"","context":"En \u00abLimones\u00bb","block_context":{"text":"Limones","link":"https:\/\/quechilero.com\/blog\/category\/limones\/"},"img":{"alt_text":"Marat\u00f3n de Blogs","src":"https:\/\/i0.wp.com\/img380.imageshack.us\/img380\/741\/songwip2ze8.jpg?resize=350%2C200","width":350,"height":200},"classes":[]}],"jetpack_featured_media_url":"","_links":{"self":[{"href":"https:\/\/quechilero.com\/blog\/wp-json\/wp\/v2\/posts\/633","targetHints":{"allow":["GET"]}}],"collection":[{"href":"https:\/\/quechilero.com\/blog\/wp-json\/wp\/v2\/posts"}],"about":[{"href":"https:\/\/quechilero.com\/blog\/wp-json\/wp\/v2\/types\/post"}],"author":[{"embeddable":true,"href":"https:\/\/quechilero.com\/blog\/wp-json\/wp\/v2\/users\/1"}],"replies":[{"embeddable":true,"href":"https:\/\/quechilero.com\/blog\/wp-json\/wp\/v2\/comments?post=633"}],"version-history":[{"count":0,"href":"https:\/\/quechilero.com\/blog\/wp-json\/wp\/v2\/posts\/633\/revisions"}],"wp:attachment":[{"href":"https:\/\/quechilero.com\/blog\/wp-json\/wp\/v2\/media?parent=633"}],"wp:term":[{"taxonomy":"category","embeddable":true,"href":"https:\/\/quechilero.com\/blog\/wp-json\/wp\/v2\/categories?post=633"},{"taxonomy":"post_tag","embeddable":true,"href":"https:\/\/quechilero.com\/blog\/wp-json\/wp\/v2\/tags?post=633"},{"taxonomy":"series","embeddable":true,"href":"https:\/\/quechilero.com\/blog\/wp-json\/wp\/v2\/series?post=633"}],"curies":[{"name":"wp","href":"https:\/\/api.w.org\/{rel}","templated":true}]}}