{"id":627,"date":"2007-08-11T10:00:57","date_gmt":"2007-08-11T16:00:57","guid":{"rendered":"http:\/\/www.quechilero.com\/blog\/2007\/08\/11\/maraton-de-blogs-por-la-de-la-ventana\/"},"modified":"2007-08-11T10:00:57","modified_gmt":"2007-08-11T16:00:57","slug":"maraton-de-blogs-por-la-de-la-ventana","status":"publish","type":"post","link":"https:\/\/quechilero.com\/blog\/2007\/08\/11\/maraton-de-blogs-por-la-de-la-ventana\/","title":{"rendered":"Marat\u00f3n de Blogs &#8211; Por la de la ventana"},"content":{"rendered":"<p>Sigue el <a href=\"http:\/\/www.quechilero.com\/2007\/07\/31\/maraton-de-blogs-de-guatemala\/\">Marat\u00f3n de Blogs<\/a>, con este texto publicado originalmente en el Blog <a target=\"_blank\" href=\"http:\/\/www.blogs.delaermita.com\/espantos\/2007\/07\/31\/por-la-de-la-ventana\/\">Casa de Espantos<\/a>, este blog en particular me gusta mucho por todas las historias que en el se cuentan, pueden parecer de ficci\u00f3n, pueden ser de verdad, pero a mi me gusta creerlas, en especial porque algunas similares en su esencia me han sucedido a mi, con en el art\u00edculo que reproduzco, en varias ocasiones he tenido esa sensaci\u00f3n.<\/p>\n<p>**********<\/p>\n<p><strong>Por la de la ventana. <\/strong><\/p>\n<p>Hab\u00eda pasado una noche bastante mala, muy preocupada y rezando, ya que mi hijo estaba muy enfermo; llam\u00e9 a mi mam\u00e1 para pedirle que lo cuidara mientra yo iba a trabajar, estaba bastante preocupada.<\/p>\n<p>Al estacionar frente a la casa mi mam\u00e1, v\u00ed como una mujer estaba parada en la ventada de la sala y camin\u00f3 hacia la puerta, pense que era mi mam\u00e1, pero al ver que no me abr\u00eda, toque y cuando sali\u00f3 le pregunt\u00e9 que porque no me hab\u00eda abierto la puerta ya que me hab\u00eda visto llegar; en ese momento me d\u00ed cuenta que ella estaba vestida de colores no de blanco como la mujer de la ventana.<\/p>\n<p>En ese momento sent\u00ed que no hab\u00eda porque temer, fuese quien fuese estaba all\u00ed parada, esperandome, quis\u00e9 pensar que era mi abuelita que estaba alli esperando a su bisnieto enfermo.<\/p>\n<p><em>Publicado originalmente en el <a target=\"_blank\" href=\"http:\/\/www.blogs.delaermita.com\/espantos\/2007\/07\/31\/por-la-de-la-ventana\/\">Blog Casa de Espantos<\/a>.<\/em><br \/>\n<a title=\"Marat\u00f3n de Blogs\" href=\"http:\/\/www.quechilero.com\/blog\/2007\/07\/31\/maraton-de-blogs-de-guatemala\/\"><img data-recalc-dims=\"1\" decoding=\"async\" border=\"0\" title=\"Marat\u00f3n de Blogs\" alt=\"Marat\u00f3n de Blogs\" src=\"https:\/\/i0.wp.com\/img214.imageshack.us\/img214\/3169\/maratonng0.gif?w=1200\" \/><\/a><\/p>\n","protected":false},"excerpt":{"rendered":"<p>Sigue el Marat\u00f3n de Blogs, con este texto publicado originalmente en el Blog Casa de Espantos, este blog en particular me gusta mucho por todas las historias que en el se cuentan, pueden parecer de ficci\u00f3n, pueden ser de verdad, pero a mi me gusta creerlas, en especial porque algunas similares en su esencia me &#8230; <a title=\"Marat\u00f3n de Blogs &#8211; Por la de la ventana\" class=\"read-more\" href=\"https:\/\/quechilero.com\/blog\/2007\/08\/11\/maraton-de-blogs-por-la-de-la-ventana\/\" aria-label=\"Leer m\u00e1s sobre Marat\u00f3n de Blogs &#8211; Por la de la ventana\">Leer m\u00e1s<\/a><\/p>\n","protected":false},"author":1,"featured_media":0,"comment_status":"open","ping_status":"open","sticky":false,"template":"","format":"standard","meta":{"advanced_seo_description":"","jetpack_seo_html_title":"","jetpack_seo_noindex":false,"jetpack_seo_schema_type":"","episode_type":"","audio_file":"","podmotor_file_id":"","podmotor_episode_id":"","cover_image":"","cover_image_id":"","duration":"","filesize":"","filesize_raw":"","date_recorded":"","explicit":"","block":"","_jetpack_newsletter_access":"","_jetpack_dont_email_post_to_subs":false,"_jetpack_newsletter_tier_id":0,"_jetpack_memberships_contains_paywalled_content":false,"_jetpack_feature_clip_id":0,"_jetpack_memberships_contains_paid_content":false,"footnotes":"","jetpack_publicize_message":"","jetpack_publicize_feature_enabled":true,"jetpack_social_post_already_shared":false,"jetpack_social_options":{"image_generator_settings":{"template":"highway","default_image_id":0,"font":"","enabled":false},"version":2},"jetpack_post_was_ever_published":false},"categories":[2],"tags":[4,32,10,17,62,20,41],"series":[],"class_list":["post-627","post","type-post","status-publish","format-standard","hentry","category-limones","tag-blog","tag-especial","tag-guatemala","tag-historia","tag-maraton","tag-mujer","tag-verdad"],"episode_featured_image":false,"episode_player_image":"https:\/\/i0.wp.com\/quechilero.com\/blog\/imagenes\/podcast.png?fit=1831%2C1831&ssl=1","download_link":"","player_link":"","audio_player":false,"episode_data":{"playerMode":"dark","subscribeUrls":{"amazon":{"key":"amazon","url":"","label":"Amazon","class":"amazon","icon":"amazon.png"},"apple_podcasts":{"key":"apple_podcasts","url":"","label":"Apple Podcasts","class":"apple_podcasts","icon":"apple-podcasts.png"},"castbox":{"key":"castbox","url":"","label":"CastBox","class":"castbox","icon":"castbox.png"},"deezer":{"key":"deezer","url":"","label":"Deezer","class":"deezer","icon":"deezer.png"},"google_podcasts":{"key":"google_podcasts","url":"","label":"Google Podcasts","class":"google_podcasts","icon":"google-podcasts.png"},"listen_notes":{"key":"listen_notes","url":"","label":"Listen Notes","class":"listen_notes","icon":"listen-notes.png"},"pandora":{"key":"pandora","url":"","label":"Pandora","class":"pandora","icon":"pandora.png"},"podbean":{"key":"podbean","url":"","label":"Podbean","class":"podbean","icon":"podbean.png"},"podcast_republic":{"key":"podcast_republic","url":"","label":"Podcast Republic","class":"podcast_republic","icon":"podcast-republic.png"},"rss":{"key":"rss","url":"","label":"RSS","class":"rss","icon":"rss.png"},"spotify":{"key":"spotify","url":"","label":"Spotify","class":"spotify","icon":"spotify.png"},"stitcher":{"key":"stitcher","url":"","label":"Stitcher","class":"stitcher","icon":"stitcher.png"},"tunein":{"key":"tunein","url":"","label":"TuneIn","class":"tunein","icon":"tunein.png"},"youtube":{"key":"youtube","url":"","label":"YouTube","class":"youtube","icon":"youtube.png"},"iheartradio":{"key":"iheartradio","url":"","label":"iHeartRadio","class":"iheartradio","icon":"iheartradio.png"},"ivoox":{"key":"ivoox","url":"","label":"iVoox","class":"ivoox","icon":"ivoox.png"}},"rssFeedUrl":"https:\/\/quechilero.com\/blog\/feed\/podcast\/si-la-vida-nos-da-limones","embedCode":"<blockquote class=\"wp-embedded-content\" data-secret=\"2uOEgTIyH2\"><a href=\"https:\/\/quechilero.com\/blog\/2007\/08\/11\/maraton-de-blogs-por-la-de-la-ventana\/\">Marat\u00f3n de Blogs &#8211; Por la de la ventana<\/a><\/blockquote><iframe sandbox=\"allow-scripts\" security=\"restricted\" src=\"https:\/\/quechilero.com\/blog\/2007\/08\/11\/maraton-de-blogs-por-la-de-la-ventana\/embed\/#?secret=2uOEgTIyH2\" width=\"500\" height=\"350\" title=\"\u00abMarat\u00f3n de Blogs &#8211; Por la de la ventana\u00bb \u2014 Si la Vida nos da Limones...\" data-secret=\"2uOEgTIyH2\" frameborder=\"0\" marginwidth=\"0\" marginheight=\"0\" scrolling=\"no\" class=\"wp-embedded-content\"><\/iframe><script>\n\/*! This file is auto-generated *\/\n!function(d,l){\"use strict\";l.querySelector&&d.addEventListener&&\"undefined\"!=typeof URL&&(d.wp=d.wp||{},d.wp.receiveEmbedMessage||(d.wp.receiveEmbedMessage=function(e){var t=e.data;if((t||t.secret||t.message||t.value)&&!\/[^a-zA-Z0-9]\/.test(t.secret)){for(var s,r,n,a=l.querySelectorAll('iframe[data-secret=\"'+t.secret+'\"]'),o=l.querySelectorAll('blockquote[data-secret=\"'+t.secret+'\"]'),c=new RegExp(\"^https?:$\",\"i\"),i=0;i<o.length;i++)o[i].style.display=\"none\";for(i=0;i<a.length;i++)s=a[i],e.source===s.contentWindow&&(s.removeAttribute(\"style\"),\"height\"===t.message?(1e3<(r=parseInt(t.value,10))?r=1e3:~~r<200&&(r=200),s.height=r):\"link\"===t.message&&(r=new URL(s.getAttribute(\"src\")),n=new URL(t.value),c.test(n.protocol))&&n.host===r.host&&l.activeElement===s&&(d.top.location.href=t.value))}},d.addEventListener(\"message\",d.wp.receiveEmbedMessage,!1),l.addEventListener(\"DOMContentLoaded\",function(){for(var e,t,s=l.querySelectorAll(\"iframe.wp-embedded-content\"),r=0;r<s.length;r++)(t=(e=s[r]).getAttribute(\"data-secret\"))||(t=Math.random().toString(36).substring(2,12),e.src+=\"#?secret=\"+t,e.setAttribute(\"data-secret\",t)),e.contentWindow.postMessage({message:\"ready\",secret:t},\"*\")},!1)))}(window,document);\n\/\/# sourceURL=https:\/\/quechilero.com\/blog\/wp-includes\/js\/wp-embed.min.js\n<\/script>\n"},"jetpack_publicize_connections":[],"jetpack_shortlink":"https:\/\/wp.me\/pDKli-a7","jetpack_sharing_enabled":true,"jetpack-related-posts":[{"id":1244,"url":"https:\/\/quechilero.com\/blog\/2008\/08\/20\/tildando\/","url_meta":{"origin":627,"position":0},"title":"Marat\u00f3n &#8211; Tildando","author":"Pepe Barrascout Ortiz","date":"20 agosto 2008","format":false,"excerpt":"Con un dise\u00f1o oscuro y con elementos que evocan al mundo \u00e1rabe es como Tildando se presenta al mundo. Pros\u00f3dica la autora, que incluso usa una imagen de una mujer \u00e1rabe para conservar el anonimato, es quien se encarga de publicar los textos que se leen en Tildando. Se define\u2026","rel":"","context":"En \u00abBlogs de Guatemala\u00bb","block_context":{"text":"Blogs de Guatemala","link":"https:\/\/quechilero.com\/blog\/category\/blogs-de-guatemala\/"},"img":{"alt_text":"Tildando","src":"https:\/\/i0.wp.com\/img384.imageshack.us\/img384\/7177\/maratoniv2.jpg?resize=350%2C200","width":350,"height":200},"classes":[]},{"id":5184,"url":"https:\/\/quechilero.com\/blog\/2010\/08\/01\/maraton-de-blogs-recapitulando-2\/","url_meta":{"origin":627,"position":1},"title":"Marat\u00f3n de Blogs: Recapitulando","author":"Pepe Barrascout Ortiz","date":"1 agosto 2010","format":false,"excerpt":"Arranca una vez mas, el Marat\u00f3n de Blogs 2010, que tiene como objetivo, dar a conocer y promocionar, los blogs. En lo personal, me gusta promocionar los Blogs de Guatemala, porque hay tantos de tan buena calidad, que merecen ser conocidos y le\u00eddos, seg\u00fan mi criterio personal. La selecci\u00f3n para\u2026","rel":"","context":"En \u00abBlogs de Guatemala\u00bb","block_context":{"text":"Blogs de Guatemala","link":"https:\/\/quechilero.com\/blog\/category\/blogs-de-guatemala\/"},"img":{"alt_text":"","src":"https:\/\/i0.wp.com\/i392.photobucket.com\/albums\/pp7\/pepejaguar\/maraton\/maraton468x602010.jpg?resize=350%2C200","width":350,"height":200},"classes":[]},{"id":639,"url":"https:\/\/quechilero.com\/blog\/2007\/08\/23\/maraton-de-blogs-palacio-de-los-capitanes\/","url_meta":{"origin":627,"position":2},"title":"Marat\u00f3n de Blogs &#8211; Palacio de los Capitanes","author":"Pepe Barrascout Ortiz","date":"23 agosto 2007","format":false,"excerpt":"Sigue el Marat\u00f3n de Blogs, con este texto publicado originalmente en el blog Mayans in Guatemala, especializado en fotograf\u00edas de alta calidad y muy buena resoluci\u00f3n. Se pueden encontrar im\u00e1genes de los principales puntos tur\u00edsticos del Guatemala, de la arquitectura, de la gente, las costumbres. Sin duda este foto blog\u2026","rel":"","context":"En \u00abLimones\u00bb","block_context":{"text":"Limones","link":"https:\/\/quechilero.com\/blog\/category\/limones\/"},"img":{"alt_text":"","src":"","width":0,"height":0},"classes":[]},{"id":3251,"url":"https:\/\/quechilero.com\/blog\/2009\/08\/14\/maraton-de-blogs-luis-villacinda\/","url_meta":{"origin":627,"position":3},"title":"Marat\u00f3n de Blogs: Luis Villacinda","author":"Pepe Barrascout Ortiz","date":"14 agosto 2009","format":false,"excerpt":"Luis Villacinda es un dise\u00f1ador gr\u00e1fico, que tiene a su cargo, varios proyectos editoriales, desde hace bastante tiempo, he venido siguiendo su trabajo y en no pocas ocasiones, me sirvi\u00f3 de inspiraci\u00f3n, para cuando tuve a mi cargo siendo el jefe de dise\u00f1o del peri\u00f3dico cat\u00f3lico en el que trabaj\u00e9\u2026","rel":"","context":"En \u00abBlogs de Guatemala\u00bb","block_context":{"text":"Blogs de Guatemala","link":"https:\/\/quechilero.com\/blog\/category\/blogs-de-guatemala\/"},"img":{"alt_text":"Marat\u00f3n de Blogs 2009","src":"https:\/\/i0.wp.com\/i392.photobucket.com\/albums\/pp7\/pepejaguar\/maraton2009\/maraton2009.jpg?resize=350%2C200","width":350,"height":200,"srcset":"https:\/\/i0.wp.com\/i392.photobucket.com\/albums\/pp7\/pepejaguar\/maraton2009\/maraton2009.jpg?resize=350%2C200 1x, https:\/\/i0.wp.com\/i392.photobucket.com\/albums\/pp7\/pepejaguar\/maraton2009\/maraton2009.jpg?resize=525%2C300 1.5x"},"classes":[]},{"id":9916,"url":"https:\/\/quechilero.com\/blog\/2011\/08\/04\/maraton-de-blogs-el-centro-histerico\/","url_meta":{"origin":627,"position":4},"title":"Marat\u00f3n de Blogs: El Centro Hist\u00e9rico","author":"Pepe Barrascout Ortiz","date":"4 agosto 2011","format":false,"excerpt":"Todas las ciudades que fueron fundadas a ra\u00edz de la colonizaci\u00f3n espa\u00f1ola, cuentan con algo a lo que le han dado un nombre cool, \"El Centro Hist\u00f3rico\", en algunos pa\u00edses un poco mas avanzados, es otra la historia, pero en Guatemala es un verdadero Centro Hist\u00e9rico. Durante una muy buena\u2026","rel":"","context":"En \u00abBlogs de Guatemala\u00bb","block_context":{"text":"Blogs de Guatemala","link":"https:\/\/quechilero.com\/blog\/category\/blogs-de-guatemala\/"},"img":{"alt_text":"","src":"https:\/\/i0.wp.com\/i392.photobucket.com\/albums\/pp7\/pepejaguar\/maraton\/centro-histerico.jpg?resize=350%2C200","width":350,"height":200,"srcset":"https:\/\/i0.wp.com\/i392.photobucket.com\/albums\/pp7\/pepejaguar\/maraton\/centro-histerico.jpg?resize=350%2C200 1x, https:\/\/i0.wp.com\/i392.photobucket.com\/albums\/pp7\/pepejaguar\/maraton\/centro-histerico.jpg?resize=525%2C300 1.5x"},"classes":[]},{"id":3269,"url":"https:\/\/quechilero.com\/blog\/2009\/08\/25\/maraton-de-blogs-el-blog-del-verde\/","url_meta":{"origin":627,"position":5},"title":"Marat\u00f3n de Blogs: El Blog del Verde","author":"Pepe Barrascout Ortiz","date":"25 agosto 2009","format":false,"excerpt":"El Verde es el nombre que toma el blog escrito por un apasionado de la lectura, la escritura y la literatura, de un modo irreverente, en la mayor\u00eda de las veces, El Verde es un popular blog, que cuenta con un gran n\u00famero de lectores, que en forma regular, comentan,\u2026","rel":"","context":"En \u00abBlogs de Guatemala\u00bb","block_context":{"text":"Blogs de Guatemala","link":"https:\/\/quechilero.com\/blog\/category\/blogs-de-guatemala\/"},"img":{"alt_text":"Marat\u00f3n de Blogs 2009","src":"https:\/\/i0.wp.com\/i392.photobucket.com\/albums\/pp7\/pepejaguar\/maraton2009\/maraton2009.jpg?resize=350%2C200","width":350,"height":200,"srcset":"https:\/\/i0.wp.com\/i392.photobucket.com\/albums\/pp7\/pepejaguar\/maraton2009\/maraton2009.jpg?resize=350%2C200 1x, https:\/\/i0.wp.com\/i392.photobucket.com\/albums\/pp7\/pepejaguar\/maraton2009\/maraton2009.jpg?resize=525%2C300 1.5x"},"classes":[]}],"jetpack_featured_media_url":"","_links":{"self":[{"href":"https:\/\/quechilero.com\/blog\/wp-json\/wp\/v2\/posts\/627","targetHints":{"allow":["GET"]}}],"collection":[{"href":"https:\/\/quechilero.com\/blog\/wp-json\/wp\/v2\/posts"}],"about":[{"href":"https:\/\/quechilero.com\/blog\/wp-json\/wp\/v2\/types\/post"}],"author":[{"embeddable":true,"href":"https:\/\/quechilero.com\/blog\/wp-json\/wp\/v2\/users\/1"}],"replies":[{"embeddable":true,"href":"https:\/\/quechilero.com\/blog\/wp-json\/wp\/v2\/comments?post=627"}],"version-history":[{"count":0,"href":"https:\/\/quechilero.com\/blog\/wp-json\/wp\/v2\/posts\/627\/revisions"}],"wp:attachment":[{"href":"https:\/\/quechilero.com\/blog\/wp-json\/wp\/v2\/media?parent=627"}],"wp:term":[{"taxonomy":"category","embeddable":true,"href":"https:\/\/quechilero.com\/blog\/wp-json\/wp\/v2\/categories?post=627"},{"taxonomy":"post_tag","embeddable":true,"href":"https:\/\/quechilero.com\/blog\/wp-json\/wp\/v2\/tags?post=627"},{"taxonomy":"series","embeddable":true,"href":"https:\/\/quechilero.com\/blog\/wp-json\/wp\/v2\/series?post=627"}],"curies":[{"name":"wp","href":"https:\/\/api.w.org\/{rel}","templated":true}]}}