{"id":6239,"date":"2011-01-10T08:00:00","date_gmt":"2011-01-10T14:00:00","guid":{"rendered":"http:\/\/quechilero.com\/blog\/?p=6239"},"modified":"2011-01-10T08:00:00","modified_gmt":"2011-01-10T14:00:00","slug":"escuchando-con-el-corazon","status":"publish","type":"post","link":"https:\/\/quechilero.com\/blog\/2011\/01\/10\/escuchando-con-el-corazon\/","title":{"rendered":"Escuchando con el coraz\u00f3n"},"content":{"rendered":"<p><em>\u00abHe desperdiciado todo mi s\u00e1bado\u00bb<\/em>, se lament\u00f3 John, mientras su padre le despertaba con delicadeza.<\/p>\n<p>El tono de su voz, lastimero y angustiado, provoc\u00f3 una reacci\u00f3n instant\u00e1nea en su padre y un destello de ira emergi\u00f3 de \u00e9l. Hab\u00eda sido un largo d\u00eda de pintar y colocar papel de pared en la nueva oficina de su madre y su pap\u00e1 estaba extenuado. John hab\u00eda trabajado duro en las primeras horas del d\u00eda, pero al desaparecer la ilusi\u00f3n de la novedad, se sinti\u00f3 aburrido y finalmente so\u00f1oliento, por lo que se acost\u00f3 en un sof\u00e1, en una oficina adyacente. Ahora su padre, Richard, lo despertaba para que todos se encaminaran a casa.<\/p>\n<p>Antes que Richard pudiese expresar una repentina ret\u00f3rica formada por su mente, algo le detuvo. Vislumbr\u00f3, desde la perspectiva de un ni\u00f1o de ocho a\u00f1os, lo que significaba todo un s\u00e1bado transcurrido trabajando en la nueva oficina de su madre.<\/p>\n<p>Con renovada compasi\u00f3n, respondi\u00f3 a su hijo: <em>\u00abJohn, s\u00e9 que el s\u00e1bado es precisamente el d\u00eda de la semana m\u00e1s importante, cuando se tiene ocho a\u00f1os. Aprecio tu disposici\u00f3n a prescindir de disfrutarlo y ayudarnos a decorar la oficina de mam\u00e1. Ha sido un largo d\u00eda y apuesto a que tambi\u00e9n est\u00e1s cansado. Sin embargo, me gustar\u00eda mostrarte cu\u00e1nto apreciamos tu apoyo yendo a la tienda de videos, camino a casa, y alquilando una pel\u00edcula que t\u00fa elijas para que nos deleitemos en familia. \u00bfQu\u00e9 te parece?\u00bb<\/em><\/p>\n<p>En respuesta a la actitud amorosa de su padre, la angustia y desesperanza de John, se transform\u00f3 en euforia y dijo quietamente, <em>\u00ab\u00a1Enhorabuena, pap\u00e1! \u00a1Me gustar\u00eda hacerlo!\u00bb<\/em><\/p>\n<p>A veces, al escuchar con nuestro coraz\u00f3n y no con los o\u00eddos, el amor gana y las relaciones florecen. Por ello, Johann Wolfgang Von Goethe dice: <em>\u00abLa correcci\u00f3n consigue mucho, pero la estimulaci\u00f3n, mucho m\u00e1s.\u00bb<\/em><\/p>\n","protected":false},"excerpt":{"rendered":"<p>\u00abHe desperdiciado todo mi s\u00e1bado\u00bb, se lament\u00f3 John, mientras su padre le despertaba con delicadeza. El tono de su voz, lastimero y angustiado, provoc\u00f3 una reacci\u00f3n instant\u00e1nea en su padre y un destello de ira emergi\u00f3 de \u00e9l. Hab\u00eda sido un largo d\u00eda de pintar y colocar papel de pared en la nueva oficina de &#8230; <a title=\"Escuchando con el coraz\u00f3n\" class=\"read-more\" href=\"https:\/\/quechilero.com\/blog\/2011\/01\/10\/escuchando-con-el-corazon\/\" aria-label=\"Leer m\u00e1s sobre Escuchando con el coraz\u00f3n\">Leer m\u00e1s<\/a><\/p>\n","protected":false},"author":1,"featured_media":0,"comment_status":"open","ping_status":"open","sticky":false,"template":"","format":"standard","meta":{"advanced_seo_description":"","jetpack_seo_html_title":"","jetpack_seo_noindex":false,"jetpack_seo_schema_type":"","episode_type":"","audio_file":"","podmotor_file_id":"","podmotor_episode_id":"","cover_image":"","cover_image_id":"","duration":"","filesize":"","filesize_raw":"","date_recorded":"","explicit":"","block":"","_jetpack_newsletter_access":"","_jetpack_dont_email_post_to_subs":false,"_jetpack_newsletter_tier_id":0,"_jetpack_memberships_contains_paywalled_content":false,"_jetpack_feature_clip_id":0,"_jetpack_memberships_contains_paid_content":false,"footnotes":"","jetpack_publicize_message":"","jetpack_publicize_feature_enabled":true,"jetpack_social_post_already_shared":false,"jetpack_social_options":{"image_generator_settings":{"template":"highway","default_image_id":0,"font":"","enabled":false},"version":2},"jetpack_post_was_ever_published":false},"categories":[2],"tags":[14,15,44,37,39,52,22,25],"series":[],"class_list":["post-6239","post","type-post","status-publish","format-standard","hentry","category-limones","tag-accion","tag-amor","tag-apoyo","tag-ayuda","tag-madre","tag-pasion","tag-respuesta","tag-video"],"episode_featured_image":false,"episode_player_image":"https:\/\/i0.wp.com\/quechilero.com\/blog\/imagenes\/podcast.png?fit=1831%2C1831&ssl=1","download_link":"","player_link":"","audio_player":false,"episode_data":{"playerMode":"dark","subscribeUrls":{"amazon":{"key":"amazon","url":"","label":"Amazon","class":"amazon","icon":"amazon.png"},"apple_podcasts":{"key":"apple_podcasts","url":"","label":"Apple Podcasts","class":"apple_podcasts","icon":"apple-podcasts.png"},"castbox":{"key":"castbox","url":"","label":"CastBox","class":"castbox","icon":"castbox.png"},"deezer":{"key":"deezer","url":"","label":"Deezer","class":"deezer","icon":"deezer.png"},"google_podcasts":{"key":"google_podcasts","url":"","label":"Google Podcasts","class":"google_podcasts","icon":"google-podcasts.png"},"listen_notes":{"key":"listen_notes","url":"","label":"Listen Notes","class":"listen_notes","icon":"listen-notes.png"},"pandora":{"key":"pandora","url":"","label":"Pandora","class":"pandora","icon":"pandora.png"},"podbean":{"key":"podbean","url":"","label":"Podbean","class":"podbean","icon":"podbean.png"},"podcast_republic":{"key":"podcast_republic","url":"","label":"Podcast Republic","class":"podcast_republic","icon":"podcast-republic.png"},"rss":{"key":"rss","url":"","label":"RSS","class":"rss","icon":"rss.png"},"spotify":{"key":"spotify","url":"","label":"Spotify","class":"spotify","icon":"spotify.png"},"stitcher":{"key":"stitcher","url":"","label":"Stitcher","class":"stitcher","icon":"stitcher.png"},"tunein":{"key":"tunein","url":"","label":"TuneIn","class":"tunein","icon":"tunein.png"},"youtube":{"key":"youtube","url":"","label":"YouTube","class":"youtube","icon":"youtube.png"},"iheartradio":{"key":"iheartradio","url":"","label":"iHeartRadio","class":"iheartradio","icon":"iheartradio.png"},"ivoox":{"key":"ivoox","url":"","label":"iVoox","class":"ivoox","icon":"ivoox.png"}},"rssFeedUrl":"https:\/\/quechilero.com\/blog\/feed\/podcast\/si-la-vida-nos-da-limones","embedCode":"<blockquote class=\"wp-embedded-content\" data-secret=\"0UFeJZSRuN\"><a href=\"https:\/\/quechilero.com\/blog\/2011\/01\/10\/escuchando-con-el-corazon\/\">Escuchando con el coraz\u00f3n<\/a><\/blockquote><iframe sandbox=\"allow-scripts\" security=\"restricted\" src=\"https:\/\/quechilero.com\/blog\/2011\/01\/10\/escuchando-con-el-corazon\/embed\/#?secret=0UFeJZSRuN\" width=\"500\" height=\"350\" title=\"\u00abEscuchando con el coraz\u00f3n\u00bb \u2014 Si la Vida nos da Limones...\" data-secret=\"0UFeJZSRuN\" frameborder=\"0\" marginwidth=\"0\" marginheight=\"0\" scrolling=\"no\" class=\"wp-embedded-content\"><\/iframe><script>\n\/*! This file is auto-generated *\/\n!function(d,l){\"use strict\";l.querySelector&&d.addEventListener&&\"undefined\"!=typeof URL&&(d.wp=d.wp||{},d.wp.receiveEmbedMessage||(d.wp.receiveEmbedMessage=function(e){var t=e.data;if((t||t.secret||t.message||t.value)&&!\/[^a-zA-Z0-9]\/.test(t.secret)){for(var s,r,n,a=l.querySelectorAll('iframe[data-secret=\"'+t.secret+'\"]'),o=l.querySelectorAll('blockquote[data-secret=\"'+t.secret+'\"]'),c=new RegExp(\"^https?:$\",\"i\"),i=0;i<o.length;i++)o[i].style.display=\"none\";for(i=0;i<a.length;i++)s=a[i],e.source===s.contentWindow&&(s.removeAttribute(\"style\"),\"height\"===t.message?(1e3<(r=parseInt(t.value,10))?r=1e3:~~r<200&&(r=200),s.height=r):\"link\"===t.message&&(r=new URL(s.getAttribute(\"src\")),n=new URL(t.value),c.test(n.protocol))&&n.host===r.host&&l.activeElement===s&&(d.top.location.href=t.value))}},d.addEventListener(\"message\",d.wp.receiveEmbedMessage,!1),l.addEventListener(\"DOMContentLoaded\",function(){for(var e,t,s=l.querySelectorAll(\"iframe.wp-embedded-content\"),r=0;r<s.length;r++)(t=(e=s[r]).getAttribute(\"data-secret\"))||(t=Math.random().toString(36).substring(2,12),e.src+=\"#?secret=\"+t,e.setAttribute(\"data-secret\",t)),e.contentWindow.postMessage({message:\"ready\",secret:t},\"*\")},!1)))}(window,document);\n\/\/# sourceURL=https:\/\/quechilero.com\/blog\/wp-includes\/js\/wp-embed.min.js\n<\/script>\n"},"jetpack_publicize_connections":[],"jetpack_shortlink":"https:\/\/wp.me\/pDKli-1CD","jetpack_sharing_enabled":true,"jetpack-related-posts":[{"id":14383,"url":"https:\/\/quechilero.com\/blog\/2012\/08\/29\/del-cuento\/","url_meta":{"origin":6239,"position":0},"title":"Del cuento","author":"Pepe Barrascout Ortiz","date":"29 agosto 2012","format":false,"excerpt":"Un amigo m\u00edo, Bruno Saint-Cast, trabajaba en una planta de alta tecnolog\u00eda en Europa. Cierta noche se sinti\u00f3 forzado a escribir un texto sobre un viejo amigo de la adolescencia, que hab\u00eda encontrado en Tahit\u00ed. A\u00fan sabiendo que tendr\u00eda que despertarse temprano al d\u00eda siguiente, se sent\u00f3 en la computadora\u2026","rel":"","context":"En \u00abLimones\u00bb","block_context":{"text":"Limones","link":"https:\/\/quechilero.com\/blog\/category\/limones\/"},"img":{"alt_text":"","src":"","width":0,"height":0},"classes":[]},{"id":20102,"url":"https:\/\/quechilero.com\/blog\/2015\/05\/11\/algo-no-anda-bien\/","url_meta":{"origin":6239,"position":1},"title":"Algo no anda bien&#8230;","author":"Pepe Barrascout Ortiz","date":"11 mayo 2015","format":false,"excerpt":"Yo ten\u00eda 16 a\u00f1os y estaba viviendo con mis padres en el instituto que mi abuelo hab\u00eda fundado a 18 millas en las afueras de la ciudad de Durban, en Sud\u00e1frica, en medio de plantaciones de az\u00facar. Est\u00e1bamos bien en el interior del pa\u00eds y no ten\u00edamos vecinos, as\u00ed que\u2026","rel":"","context":"En \u00abLimones\u00bb","block_context":{"text":"Limones","link":"https:\/\/quechilero.com\/blog\/category\/limones\/"},"img":{"alt_text":"","src":"","width":0,"height":0},"classes":[]},{"id":14621,"url":"https:\/\/quechilero.com\/blog\/2012\/10\/05\/los-maestros-mas-importantes\/","url_meta":{"origin":6239,"position":2},"title":"Los maestros m\u00e1s importantes","author":"Pepe Barrascout Ortiz","date":"5 octubre 2012","format":false,"excerpt":"Nos encontr\u00e1bamos en la clase de cuarto grado de la se\u00f1orita Tacy, repasando las tablas de multiplicaci\u00f3n, cuando levant\u00e9 la vista y vi que mi padre entraba al sal\u00f3n de clase. \"Se\u00f1orita Tacy,\" escuch\u00e9 a mi padre decir, \"pienso salir de viaje ma\u00f1ana, y me voy a llevar a John\u2026","rel":"","context":"En \u00abLimones\u00bb","block_context":{"text":"Limones","link":"https:\/\/quechilero.com\/blog\/category\/limones\/"},"img":{"alt_text":"","src":"","width":0,"height":0},"classes":[]},{"id":5478,"url":"https:\/\/quechilero.com\/blog\/2010\/08\/29\/el-sonambulo\/","url_meta":{"origin":6239,"position":3},"title":"El son\u00e1mbulo","author":"Pepe Barrascout Ortiz","date":"29 agosto 2010","format":false,"excerpt":"Cierto d\u00eda naci\u00f3 un ni\u00f1o inmaculado y puro, pero era son\u00e1mbulo. Cuando se dorm\u00eda, se levantaba, caminaba sobre el alero de las casas y se introduc\u00eda en las habitaciones de los durmientes. Sus padres, viendo la incapacidad del muchacho, decidieron internarlo en un prestigioso centro que hab\u00eda en la ciudad.\u2026","rel":"","context":"En \u00abLimones\u00bb","block_context":{"text":"Limones","link":"https:\/\/quechilero.com\/blog\/category\/limones\/"},"img":{"alt_text":"","src":"","width":0,"height":0},"classes":[]},{"id":384,"url":"https:\/\/quechilero.com\/blog\/2006\/12\/26\/el-nudo\/","url_meta":{"origin":6239,"position":4},"title":"El nudo","author":"Pepe Barrascout Ortiz","date":"26 diciembre 2006","format":false,"excerpt":"En una junta de padres de familia de cierta escuela, la directora resaltaba el apoyo que los padres deben darle a los hijos. Tambi\u00e9n ped\u00eda que se hicieran presentes el m\u00e1ximo de tiempo posible. Ella entend\u00eda que, aunque la mayor\u00eda de los padres y madres de aquella comunidad fueran trabajadores,\u2026","rel":"","context":"En \u00abLimones\u00bb","block_context":{"text":"Limones","link":"https:\/\/quechilero.com\/blog\/category\/limones\/"},"img":{"alt_text":"","src":"","width":0,"height":0},"classes":[]},{"id":223,"url":"https:\/\/quechilero.com\/blog\/2006\/09\/19\/bondad\/","url_meta":{"origin":6239,"position":5},"title":"Bondad","author":"Pepe Barrascout Ortiz","date":"19 septiembre 2006","format":false,"excerpt":"Durante la Guerra Civil, el presidente Abraham Lincoln visitaba a menudo los hospitales para conversar con los soldados heridos. Una vez los m\u00e9dicos le se\u00f1alaron a un joven soldado, ya pr\u00f3ximo a la muerte, y Lincoln se acerc\u00f3 a su cama. - \u00bfPuedo hacer algo por usted? -pregunt\u00f3. Era obvio\u2026","rel":"","context":"En \u00abLimones\u00bb","block_context":{"text":"Limones","link":"https:\/\/quechilero.com\/blog\/category\/limones\/"},"img":{"alt_text":"","src":"","width":0,"height":0},"classes":[]}],"jetpack_featured_media_url":"","_links":{"self":[{"href":"https:\/\/quechilero.com\/blog\/wp-json\/wp\/v2\/posts\/6239","targetHints":{"allow":["GET"]}}],"collection":[{"href":"https:\/\/quechilero.com\/blog\/wp-json\/wp\/v2\/posts"}],"about":[{"href":"https:\/\/quechilero.com\/blog\/wp-json\/wp\/v2\/types\/post"}],"author":[{"embeddable":true,"href":"https:\/\/quechilero.com\/blog\/wp-json\/wp\/v2\/users\/1"}],"replies":[{"embeddable":true,"href":"https:\/\/quechilero.com\/blog\/wp-json\/wp\/v2\/comments?post=6239"}],"version-history":[{"count":0,"href":"https:\/\/quechilero.com\/blog\/wp-json\/wp\/v2\/posts\/6239\/revisions"}],"wp:attachment":[{"href":"https:\/\/quechilero.com\/blog\/wp-json\/wp\/v2\/media?parent=6239"}],"wp:term":[{"taxonomy":"category","embeddable":true,"href":"https:\/\/quechilero.com\/blog\/wp-json\/wp\/v2\/categories?post=6239"},{"taxonomy":"post_tag","embeddable":true,"href":"https:\/\/quechilero.com\/blog\/wp-json\/wp\/v2\/tags?post=6239"},{"taxonomy":"series","embeddable":true,"href":"https:\/\/quechilero.com\/blog\/wp-json\/wp\/v2\/series?post=6239"}],"curies":[{"name":"wp","href":"https:\/\/api.w.org\/{rel}","templated":true}]}}