{"id":6212,"date":"2010-12-15T08:00:06","date_gmt":"2010-12-15T14:00:06","guid":{"rendered":"http:\/\/quechilero.com\/blog\/?p=6212"},"modified":"2010-12-15T08:00:06","modified_gmt":"2010-12-15T14:00:06","slug":"por-que","status":"publish","type":"post","link":"https:\/\/quechilero.com\/blog\/2010\/12\/15\/por-que\/","title":{"rendered":"\u00bfPor qu\u00e9?"},"content":{"rendered":"<p>Una persona que visitaba una escuela para sordos escribi\u00f3 en la pizarra unas preguntas para los alumnos. Entre ellas escribi\u00f3 la siguiente: <em>\u00ab\u00bfPor qu\u00e9 ser\u00e1 que Dios me ha hecho a mi capaz de o\u00edr y hablar y los ha hecho sordos a Ustedes?\u00bb<\/em><\/p>\n<p>Esta terrible pregunta afect\u00f3 a los alumnos como si les hubieran dado una cruel bofetada en el rostro. Se quedaron paralizados, considerando las horrendas palabras <em>\u00ab\u00bfPor qu\u00e9?\u00bb<\/em><\/p>\n<p>Pero luego se puso en pie una ni\u00f1ita.<\/p>\n<p>Con labios temblorosos y ojos llenos de l\u00e1grimas, se encamin\u00f3 directamente hacia la pizarra. Tomando la tiza, escribi\u00f3 con mano firme: <em>\u00abS\u00ed, Padre, porque as\u00ed te agrad\u00f3. (Mateo 11:26)\u00bb<\/em><\/p>\n<p><strong><em>Tomado de \u00abManantiales en el desierto\u00bb<\/em><\/strong><\/p>\n","protected":false},"excerpt":{"rendered":"<p>Una persona que visitaba una escuela para sordos escribi\u00f3 en la pizarra unas preguntas para los alumnos. Entre ellas escribi\u00f3 la siguiente: \u00ab\u00bfPor qu\u00e9 ser\u00e1 que Dios me ha hecho a mi capaz de o\u00edr y hablar y los ha hecho sordos a Ustedes?\u00bb Esta terrible pregunta afect\u00f3 a los alumnos como si les hubieran &#8230; <a title=\"\u00bfPor qu\u00e9?\" class=\"read-more\" href=\"https:\/\/quechilero.com\/blog\/2010\/12\/15\/por-que\/\" aria-label=\"Leer m\u00e1s sobre \u00bfPor qu\u00e9?\">Leer m\u00e1s<\/a><\/p>\n","protected":false},"author":1,"featured_media":0,"comment_status":"open","ping_status":"open","sticky":false,"template":"","format":"standard","meta":{"advanced_seo_description":"","jetpack_seo_html_title":"","jetpack_seo_noindex":false,"jetpack_seo_schema_type":"","episode_type":"","audio_file":"","podmotor_file_id":"","podmotor_episode_id":"","cover_image":"","cover_image_id":"","duration":"","filesize":"","filesize_raw":"","date_recorded":"","explicit":"","block":"","_jetpack_newsletter_access":"","_jetpack_dont_email_post_to_subs":false,"_jetpack_newsletter_tier_id":0,"_jetpack_memberships_contains_paywalled_content":false,"_jetpack_feature_clip_id":0,"_jetpack_memberships_contains_paid_content":false,"footnotes":"","jetpack_publicize_message":"","jetpack_publicize_feature_enabled":true,"jetpack_social_post_already_shared":false,"jetpack_social_options":{"image_generator_settings":{"template":"highway","default_image_id":0,"font":"","enabled":false},"version":2},"jetpack_post_was_ever_published":false},"categories":[2],"tags":[51,42,40],"series":[],"class_list":["post-6212","post","type-post","status-publish","format-standard","hentry","category-limones","tag-dios","tag-palabra","tag-paz"],"episode_featured_image":false,"episode_player_image":"https:\/\/i0.wp.com\/quechilero.com\/blog\/imagenes\/podcast.png?fit=1831%2C1831&ssl=1","download_link":"","player_link":"","audio_player":false,"episode_data":{"playerMode":"dark","subscribeUrls":{"amazon":{"key":"amazon","url":"","label":"Amazon","class":"amazon","icon":"amazon.png"},"apple_podcasts":{"key":"apple_podcasts","url":"","label":"Apple Podcasts","class":"apple_podcasts","icon":"apple-podcasts.png"},"castbox":{"key":"castbox","url":"","label":"CastBox","class":"castbox","icon":"castbox.png"},"deezer":{"key":"deezer","url":"","label":"Deezer","class":"deezer","icon":"deezer.png"},"google_podcasts":{"key":"google_podcasts","url":"","label":"Google Podcasts","class":"google_podcasts","icon":"google-podcasts.png"},"listen_notes":{"key":"listen_notes","url":"","label":"Listen Notes","class":"listen_notes","icon":"listen-notes.png"},"pandora":{"key":"pandora","url":"","label":"Pandora","class":"pandora","icon":"pandora.png"},"podbean":{"key":"podbean","url":"","label":"Podbean","class":"podbean","icon":"podbean.png"},"podcast_republic":{"key":"podcast_republic","url":"","label":"Podcast Republic","class":"podcast_republic","icon":"podcast-republic.png"},"rss":{"key":"rss","url":"","label":"RSS","class":"rss","icon":"rss.png"},"spotify":{"key":"spotify","url":"","label":"Spotify","class":"spotify","icon":"spotify.png"},"stitcher":{"key":"stitcher","url":"","label":"Stitcher","class":"stitcher","icon":"stitcher.png"},"tunein":{"key":"tunein","url":"","label":"TuneIn","class":"tunein","icon":"tunein.png"},"youtube":{"key":"youtube","url":"","label":"YouTube","class":"youtube","icon":"youtube.png"},"iheartradio":{"key":"iheartradio","url":"","label":"iHeartRadio","class":"iheartradio","icon":"iheartradio.png"},"ivoox":{"key":"ivoox","url":"","label":"iVoox","class":"ivoox","icon":"ivoox.png"}},"rssFeedUrl":"https:\/\/quechilero.com\/blog\/feed\/podcast\/si-la-vida-nos-da-limones","embedCode":"<blockquote class=\"wp-embedded-content\" data-secret=\"ihHGvYR3Q6\"><a href=\"https:\/\/quechilero.com\/blog\/2010\/12\/15\/por-que\/\">\u00bfPor qu\u00e9?<\/a><\/blockquote><iframe sandbox=\"allow-scripts\" security=\"restricted\" src=\"https:\/\/quechilero.com\/blog\/2010\/12\/15\/por-que\/embed\/#?secret=ihHGvYR3Q6\" width=\"500\" height=\"350\" title=\"\u00ab\u00bfPor qu\u00e9?\u00bb \u2014 Si la Vida nos da Limones...\" data-secret=\"ihHGvYR3Q6\" frameborder=\"0\" marginwidth=\"0\" marginheight=\"0\" scrolling=\"no\" class=\"wp-embedded-content\"><\/iframe><script>\n\/*! This file is auto-generated *\/\n!function(d,l){\"use strict\";l.querySelector&&d.addEventListener&&\"undefined\"!=typeof URL&&(d.wp=d.wp||{},d.wp.receiveEmbedMessage||(d.wp.receiveEmbedMessage=function(e){var t=e.data;if((t||t.secret||t.message||t.value)&&!\/[^a-zA-Z0-9]\/.test(t.secret)){for(var s,r,n,a=l.querySelectorAll('iframe[data-secret=\"'+t.secret+'\"]'),o=l.querySelectorAll('blockquote[data-secret=\"'+t.secret+'\"]'),c=new RegExp(\"^https?:$\",\"i\"),i=0;i<o.length;i++)o[i].style.display=\"none\";for(i=0;i<a.length;i++)s=a[i],e.source===s.contentWindow&&(s.removeAttribute(\"style\"),\"height\"===t.message?(1e3<(r=parseInt(t.value,10))?r=1e3:~~r<200&&(r=200),s.height=r):\"link\"===t.message&&(r=new URL(s.getAttribute(\"src\")),n=new URL(t.value),c.test(n.protocol))&&n.host===r.host&&l.activeElement===s&&(d.top.location.href=t.value))}},d.addEventListener(\"message\",d.wp.receiveEmbedMessage,!1),l.addEventListener(\"DOMContentLoaded\",function(){for(var e,t,s=l.querySelectorAll(\"iframe.wp-embedded-content\"),r=0;r<s.length;r++)(t=(e=s[r]).getAttribute(\"data-secret\"))||(t=Math.random().toString(36).substring(2,12),e.src+=\"#?secret=\"+t,e.setAttribute(\"data-secret\",t)),e.contentWindow.postMessage({message:\"ready\",secret:t},\"*\")},!1)))}(window,document);\n\/\/# sourceURL=https:\/\/quechilero.com\/blog\/wp-includes\/js\/wp-embed.min.js\n<\/script>\n"},"jetpack_publicize_connections":[],"jetpack_shortlink":"https:\/\/wp.me\/pDKli-1Cc","jetpack_sharing_enabled":true,"jetpack-related-posts":[{"id":21425,"url":"https:\/\/quechilero.com\/blog\/2015\/08\/01\/por-que-2\/","url_meta":{"origin":6212,"position":0},"title":"\u00bfPor qu\u00e9?","author":"Pepe Barrascout Ortiz","date":"1 agosto 2015","format":false,"excerpt":"Una persona que visitaba una escuela para sordos escribi\u00f3 en la pizarra unas preguntas para los alumnos. Entre ellas escribi\u00f3 la siguiente: \"\u00bfPor qu\u00e9 ser\u00e1 que Dios me ha hecho a mi capaz de o\u00edr y hablar y los ha hecho sordos a Ustedes?\" Esta terrible pregunta afect\u00f3 a los\u2026","rel":"","context":"En \u00abLimones\u00bb","block_context":{"text":"Limones","link":"https:\/\/quechilero.com\/blog\/category\/limones\/"},"img":{"alt_text":"","src":"","width":0,"height":0},"classes":[]},{"id":17303,"url":"https:\/\/quechilero.com\/blog\/2013\/10\/01\/%ef%bb%bfque-espera-dios-de-mi\/","url_meta":{"origin":6212,"position":1},"title":"\ufeff\u00bfQu\u00e9 espera Dios de m\u00ed?","author":"Pepe Barrascout Ortiz","date":"1 octubre 2013","format":false,"excerpt":"Esta era una de las preguntas m\u00e1s profundas y urgentes que me plante\u00e9 en mi juventud. Quer\u00eda elegir bien, quer\u00eda asegurarme de tomar un camino que fuera conforme al Plan de Dios sobre mi vida. \u00c9l como Padre tendr\u00eda un sue\u00f1o para su hijo, como Creador un plan para su\u2026","rel":"","context":"En \u00abLimones\u00bb","block_context":{"text":"Limones","link":"https:\/\/quechilero.com\/blog\/category\/limones\/"},"img":{"alt_text":"","src":"","width":0,"height":0},"classes":[]},{"id":13233,"url":"https:\/\/quechilero.com\/blog\/2012\/04\/24\/principios-importantes-de-la-oracion\/","url_meta":{"origin":6212,"position":2},"title":"Principios importantes de la Oraci\u00f3n","author":"Pepe Barrascout Ortiz","date":"24 abril 2012","format":false,"excerpt":"Si tienes un problema muy agobiante, una necesidad muy grande en tu vida; tal vez el problema es que monopolizas toda la pl\u00e1tica con Dios y no le est\u00e1s escuchando a \u00c9l para nada. \u00a1Deja de hablar tanto y toma tiempo para escuchar! Escucha la Palabra de Dios. Qu\u00e9date en\u2026","rel":"","context":"En \u00abLimones\u00bb","block_context":{"text":"Limones","link":"https:\/\/quechilero.com\/blog\/category\/limones\/"},"img":{"alt_text":"","src":"","width":0,"height":0},"classes":[]},{"id":19650,"url":"https:\/\/quechilero.com\/blog\/2015\/01\/09\/la-cadena-de-papel\/","url_meta":{"origin":6212,"position":3},"title":"La cadena de papel","author":"Pepe Barrascout Ortiz","date":"9 enero 2015","format":false,"excerpt":"El pastor, un misionero norteamericano y su esposa, decidieron que la congregaci\u00f3n se responsabilizara unos con otros de formar una cadena de oraci\u00f3n, con el prop\u00f3sito que Dios nos mostrara c\u00f3mo desarrollar las actividades en la iglesia y especialmente encontrar un nuevo pastor, ya que ellos regresar\u00edan definitivamente a su\u2026","rel":"","context":"En \u00abLimones\u00bb","block_context":{"text":"Limones","link":"https:\/\/quechilero.com\/blog\/category\/limones\/"},"img":{"alt_text":"","src":"","width":0,"height":0},"classes":[]},{"id":176,"url":"https:\/\/quechilero.com\/blog\/2006\/08\/25\/genio-sordo\/","url_meta":{"origin":6212,"position":4},"title":"Genio sordo","author":"Pepe Barrascout Ortiz","date":"25 agosto 2006","format":false,"excerpt":"Un hombre entra en un bar con una boya bajo el brazo y una bolsa de pl\u00e1stico en la mano. Se dirige al camarero y le pide una copa. El camarero curioso le pregunta: Oiga, \u00bfMe permite preguntarle que hace con esa boya? Es que paseando por la playa me\u2026","rel":"","context":"En \u00abLimones\u00bb","block_context":{"text":"Limones","link":"https:\/\/quechilero.com\/blog\/category\/limones\/"},"img":{"alt_text":"","src":"","width":0,"height":0},"classes":[]},{"id":3998,"url":"https:\/\/quechilero.com\/blog\/2009\/12\/07\/al-mas-grande\/","url_meta":{"origin":6212,"position":5},"title":"Al m\u00e1s Grande","author":"Pepe Barrascout Ortiz","date":"7 diciembre 2009","format":false,"excerpt":"No se puede visitar Par\u00eds sin ir a ver la torre Eiffel, toda ella de acero, que construy\u00f3 el famoso ingeniero Alejandro Gustavo Eiffel, de 1887 a 1889. Un tiempo Despu\u00e9s de inaugurada la torre, lleg\u00f3 a Par\u00eds Tomas Alva Edison, el m\u00e1s c\u00e9lebre de los inventores norteamericanos, quien hab\u00eda\u2026","rel":"","context":"En \u00abLimones\u00bb","block_context":{"text":"Limones","link":"https:\/\/quechilero.com\/blog\/category\/limones\/"},"img":{"alt_text":"","src":"","width":0,"height":0},"classes":[]}],"jetpack_featured_media_url":"","_links":{"self":[{"href":"https:\/\/quechilero.com\/blog\/wp-json\/wp\/v2\/posts\/6212","targetHints":{"allow":["GET"]}}],"collection":[{"href":"https:\/\/quechilero.com\/blog\/wp-json\/wp\/v2\/posts"}],"about":[{"href":"https:\/\/quechilero.com\/blog\/wp-json\/wp\/v2\/types\/post"}],"author":[{"embeddable":true,"href":"https:\/\/quechilero.com\/blog\/wp-json\/wp\/v2\/users\/1"}],"replies":[{"embeddable":true,"href":"https:\/\/quechilero.com\/blog\/wp-json\/wp\/v2\/comments?post=6212"}],"version-history":[{"count":0,"href":"https:\/\/quechilero.com\/blog\/wp-json\/wp\/v2\/posts\/6212\/revisions"}],"wp:attachment":[{"href":"https:\/\/quechilero.com\/blog\/wp-json\/wp\/v2\/media?parent=6212"}],"wp:term":[{"taxonomy":"category","embeddable":true,"href":"https:\/\/quechilero.com\/blog\/wp-json\/wp\/v2\/categories?post=6212"},{"taxonomy":"post_tag","embeddable":true,"href":"https:\/\/quechilero.com\/blog\/wp-json\/wp\/v2\/tags?post=6212"},{"taxonomy":"series","embeddable":true,"href":"https:\/\/quechilero.com\/blog\/wp-json\/wp\/v2\/series?post=6212"}],"curies":[{"name":"wp","href":"https:\/\/api.w.org\/{rel}","templated":true}]}}