{"id":6211,"date":"2010-12-13T08:00:00","date_gmt":"2010-12-13T14:00:00","guid":{"rendered":"http:\/\/quechilero.com\/blog\/?p=6211"},"modified":"2010-12-13T08:00:00","modified_gmt":"2010-12-13T14:00:00","slug":"de-la-insistencia","status":"publish","type":"post","link":"https:\/\/quechilero.com\/blog\/2010\/12\/13\/de-la-insistencia\/","title":{"rendered":"De la Insistencia"},"content":{"rendered":"<p>En 1989, yo estaba en los Pirineos, cuando vi en un cartel postal: <em>\u00abCapilla de Gez\u00bb<\/em>, dec\u00eda. Abr\u00ed el mapa, not\u00e9 que estaba cerca del monte Gez, y resolv\u00ed escalarlo para conocer la iglesia, pues calcul\u00e9 en mi cabeza que la ciudad quedaba en lo alto, del otro lado de la monta\u00f1a.<\/p>\n<p>Durante horas sub\u00ed por los caminos m\u00e1s duros posibles. Solo cuando estaba a cien metros de la cima, me di cuenta de dos cosas: a) estaba perdido: b) no hab\u00eda ciudad ninguna en la cima del monte (descubr\u00ed m\u00e1s tarde que la capilla quedaba all\u00e1 en lo bajo).<\/p>\n<p>Me quise morir aquella tarde. \u00bfDe donde saqu\u00e9 la idea de la ciudad? \u00bfPor qu\u00e9 no desist\u00ed cuando vi que no hab\u00eda ninguna carretera?<\/p>\n<p>Las veces que nos ensimismamos con ciertas cosas, solo descubrimos el error demasiado tarde. Por eso es siempre bueno recordar la frase de Goethe: <em>\u00abNadie consigue enga\u00f1arnos mejor que nosotros mismos.\u00bb<\/em><\/p>\n<p><strong><em>Del libro \u00abMaktub\u00bb, de Paulo Coelho<\/em><\/strong><\/p>\n","protected":false},"excerpt":{"rendered":"<p>En 1989, yo estaba en los Pirineos, cuando vi en un cartel postal: \u00abCapilla de Gez\u00bb, dec\u00eda. Abr\u00ed el mapa, not\u00e9 que estaba cerca del monte Gez, y resolv\u00ed escalarlo para conocer la iglesia, pues calcul\u00e9 en mi cabeza que la ciudad quedaba en lo alto, del otro lado de la monta\u00f1a. Durante horas sub\u00ed &#8230; <a title=\"De la Insistencia\" class=\"read-more\" href=\"https:\/\/quechilero.com\/blog\/2010\/12\/13\/de-la-insistencia\/\" aria-label=\"Leer m\u00e1s sobre De la Insistencia\">Leer m\u00e1s<\/a><\/p>\n","protected":false},"author":1,"featured_media":0,"comment_status":"open","ping_status":"open","sticky":false,"template":"","format":"standard","meta":{"advanced_seo_description":"","jetpack_seo_html_title":"","jetpack_seo_noindex":false,"jetpack_seo_schema_type":"","episode_type":"","audio_file":"","podmotor_file_id":"","podmotor_episode_id":"","cover_image":"","cover_image_id":"","duration":"","filesize":"","filesize_raw":"","date_recorded":"","explicit":"","block":"","_jetpack_newsletter_access":"","_jetpack_dont_email_post_to_subs":false,"_jetpack_newsletter_tier_id":0,"_jetpack_memberships_contains_paywalled_content":false,"_jetpack_feature_clip_id":0,"_jetpack_memberships_contains_paid_content":false,"footnotes":"","jetpack_publicize_message":"","jetpack_publicize_feature_enabled":true,"jetpack_social_post_already_shared":false,"jetpack_social_options":{"image_generator_settings":{"template":"highway","default_image_id":0,"font":"","enabled":false},"version":2},"jetpack_post_was_ever_published":false},"categories":[2],"tags":[12,30,9,72,47],"series":[],"class_list":["post-6211","post","type-post","status-publish","format-standard","hentry","category-limones","tag-cosas","tag-error","tag-idea","tag-libro","tag-mapa"],"episode_featured_image":false,"episode_player_image":"https:\/\/i0.wp.com\/quechilero.com\/blog\/imagenes\/podcast.png?fit=1831%2C1831&ssl=1","download_link":"","player_link":"","audio_player":false,"episode_data":{"playerMode":"dark","subscribeUrls":{"amazon":{"key":"amazon","url":"","label":"Amazon","class":"amazon","icon":"amazon.png"},"apple_podcasts":{"key":"apple_podcasts","url":"","label":"Apple Podcasts","class":"apple_podcasts","icon":"apple-podcasts.png"},"castbox":{"key":"castbox","url":"","label":"CastBox","class":"castbox","icon":"castbox.png"},"deezer":{"key":"deezer","url":"","label":"Deezer","class":"deezer","icon":"deezer.png"},"google_podcasts":{"key":"google_podcasts","url":"","label":"Google Podcasts","class":"google_podcasts","icon":"google-podcasts.png"},"listen_notes":{"key":"listen_notes","url":"","label":"Listen Notes","class":"listen_notes","icon":"listen-notes.png"},"pandora":{"key":"pandora","url":"","label":"Pandora","class":"pandora","icon":"pandora.png"},"podbean":{"key":"podbean","url":"","label":"Podbean","class":"podbean","icon":"podbean.png"},"podcast_republic":{"key":"podcast_republic","url":"","label":"Podcast Republic","class":"podcast_republic","icon":"podcast-republic.png"},"rss":{"key":"rss","url":"","label":"RSS","class":"rss","icon":"rss.png"},"spotify":{"key":"spotify","url":"","label":"Spotify","class":"spotify","icon":"spotify.png"},"stitcher":{"key":"stitcher","url":"","label":"Stitcher","class":"stitcher","icon":"stitcher.png"},"tunein":{"key":"tunein","url":"","label":"TuneIn","class":"tunein","icon":"tunein.png"},"youtube":{"key":"youtube","url":"","label":"YouTube","class":"youtube","icon":"youtube.png"},"iheartradio":{"key":"iheartradio","url":"","label":"iHeartRadio","class":"iheartradio","icon":"iheartradio.png"},"ivoox":{"key":"ivoox","url":"","label":"iVoox","class":"ivoox","icon":"ivoox.png"}},"rssFeedUrl":"https:\/\/quechilero.com\/blog\/feed\/podcast\/si-la-vida-nos-da-limones","embedCode":"<blockquote class=\"wp-embedded-content\" data-secret=\"6HgAv7SmHe\"><a href=\"https:\/\/quechilero.com\/blog\/2010\/12\/13\/de-la-insistencia\/\">De la Insistencia<\/a><\/blockquote><iframe sandbox=\"allow-scripts\" security=\"restricted\" src=\"https:\/\/quechilero.com\/blog\/2010\/12\/13\/de-la-insistencia\/embed\/#?secret=6HgAv7SmHe\" width=\"500\" height=\"350\" title=\"\u00abDe la Insistencia\u00bb \u2014 Si la Vida nos da Limones...\" data-secret=\"6HgAv7SmHe\" frameborder=\"0\" marginwidth=\"0\" marginheight=\"0\" scrolling=\"no\" class=\"wp-embedded-content\"><\/iframe><script>\n\/*! This file is auto-generated *\/\n!function(d,l){\"use strict\";l.querySelector&&d.addEventListener&&\"undefined\"!=typeof URL&&(d.wp=d.wp||{},d.wp.receiveEmbedMessage||(d.wp.receiveEmbedMessage=function(e){var t=e.data;if((t||t.secret||t.message||t.value)&&!\/[^a-zA-Z0-9]\/.test(t.secret)){for(var s,r,n,a=l.querySelectorAll('iframe[data-secret=\"'+t.secret+'\"]'),o=l.querySelectorAll('blockquote[data-secret=\"'+t.secret+'\"]'),c=new RegExp(\"^https?:$\",\"i\"),i=0;i<o.length;i++)o[i].style.display=\"none\";for(i=0;i<a.length;i++)s=a[i],e.source===s.contentWindow&&(s.removeAttribute(\"style\"),\"height\"===t.message?(1e3<(r=parseInt(t.value,10))?r=1e3:~~r<200&&(r=200),s.height=r):\"link\"===t.message&&(r=new URL(s.getAttribute(\"src\")),n=new URL(t.value),c.test(n.protocol))&&n.host===r.host&&l.activeElement===s&&(d.top.location.href=t.value))}},d.addEventListener(\"message\",d.wp.receiveEmbedMessage,!1),l.addEventListener(\"DOMContentLoaded\",function(){for(var e,t,s=l.querySelectorAll(\"iframe.wp-embedded-content\"),r=0;r<s.length;r++)(t=(e=s[r]).getAttribute(\"data-secret\"))||(t=Math.random().toString(36).substring(2,12),e.src+=\"#?secret=\"+t,e.setAttribute(\"data-secret\",t)),e.contentWindow.postMessage({message:\"ready\",secret:t},\"*\")},!1)))}(window,document);\n\/\/# sourceURL=https:\/\/quechilero.com\/blog\/wp-includes\/js\/wp-embed.min.js\n<\/script>\n"},"jetpack_publicize_connections":[],"jetpack_shortlink":"https:\/\/wp.me\/pDKli-1Cb","jetpack_sharing_enabled":true,"jetpack-related-posts":[{"id":128,"url":"https:\/\/quechilero.com\/blog\/2006\/08\/11\/mapa-en-relieve\/","url_meta":{"origin":6211,"position":0},"title":"Mapa en Relieve","author":"Pepe Barrascout Ortiz","date":"11 agosto 2006","format":false,"excerpt":"No hay nada que me recuerde m\u00e1s mi infancia que el Mapa en Relieve y el \"Hipodromo del Norte\". No se porqu\u00e9 se le llamaba hip\u00f3dromo si nunca supe que se corrieran caballos all\u00ed, aunque seg\u00fan cuenta la leyenda alguna vez as\u00ed fue, al final de la avenida Sime\u00f3n Ca\u00f1as\u2026","rel":"","context":"En \u00abLimones\u00bb","block_context":{"text":"Limones","link":"https:\/\/quechilero.com\/blog\/category\/limones\/"},"img":{"alt_text":"Mapa en Relieve","src":"https:\/\/i0.wp.com\/static.flickr.com\/74\/210588966_22e5705f78.jpg?resize=350%2C200","width":350,"height":200},"classes":[]},{"id":13020,"url":"https:\/\/quechilero.com\/blog\/2012\/04\/14\/el-alpinista\/","url_meta":{"origin":6211,"position":1},"title":"El Alpinista","author":"Pepe Barrascout Ortiz","date":"14 abril 2012","format":false,"excerpt":"Cuentan que un alpinista, desesperado por conquistar el Aconcagua. Inici\u00f3 su traves\u00eda, despu\u00e9s de a\u00f1os de preparaci\u00f3n, pero quer\u00eda la gloria para \u00e9l s\u00f3lo, por lo tanto subi\u00f3 sin sus compa\u00f1eros. Empez\u00f3 a subir y se le fue haciendo tarde, y m\u00e1s tarde, y no se prepar\u00f3 para acampar, sino\u2026","rel":"","context":"En \u00abLimones\u00bb","block_context":{"text":"Limones","link":"https:\/\/quechilero.com\/blog\/category\/limones\/"},"img":{"alt_text":"","src":"","width":0,"height":0},"classes":[]},{"id":16926,"url":"https:\/\/quechilero.com\/blog\/2013\/09\/01\/en-la-cima\/","url_meta":{"origin":6211,"position":2},"title":"En la cima","author":"Pepe Barrascout Ortiz","date":"1 septiembre 2013","format":false,"excerpt":"Un Joven alpinista iba acompa\u00f1ado por dos fuertes y experimentados gu\u00edas, en su primer intento por escalar los Alpes Suizos, y se sent\u00eda seguro de tener un gu\u00eda en la delantera y otro detr\u00e1s de \u00e9l. Escalaron varias horas. Sin aliento y exhaustos, lograron por fin llegar a las rocas\u2026","rel":"","context":"En \u00abLimones\u00bb","block_context":{"text":"Limones","link":"https:\/\/quechilero.com\/blog\/category\/limones\/"},"img":{"alt_text":"","src":"","width":0,"height":0},"classes":[]},{"id":17351,"url":"https:\/\/quechilero.com\/blog\/2013\/10\/21\/el-alpinista-2\/","url_meta":{"origin":6211,"position":3},"title":"El alpinista","author":"Pepe Barrascout Ortiz","date":"21 octubre 2013","format":false,"excerpt":"Cuentan que un alpinista, desesperado por conquistar el Aconcagua, inici\u00f3 su traves\u00eda despu\u00e9s de a\u00f1os de preparaci\u00f3n, pero quer\u00eda la gloria para \u00e9l solo; por lo tanto, subi\u00f3 sin compa\u00f1eros. Empez\u00f3 a subir y se le fue haciendo tarde, y m\u00e1s tarde, y no se prepar\u00f3 para acampar, sino que\u2026","rel":"","context":"En \u00abLimones\u00bb","block_context":{"text":"Limones","link":"https:\/\/quechilero.com\/blog\/category\/limones\/"},"img":{"alt_text":"","src":"","width":0,"height":0},"classes":[]},{"id":298,"url":"https:\/\/quechilero.com\/blog\/2006\/11\/02\/alpinista-con-cancer\/","url_meta":{"origin":6211,"position":4},"title":"Alpinista con c\u00e1ncer","author":"Pepe Barrascout Ortiz","date":"2 noviembre 2006","format":false,"excerpt":"Soy en realidad el primero (y el \u00fanico) sobreviviente de c\u00e1ncer en escalar la cima de la monta\u00f1a m\u00e1s alta del mundo... el Monte Everest. Cuando ten\u00eda s\u00f3lo 13 a\u00f1os, fui diagnosticado con la enfermedad de Hodgkins y se me dieron tres meses de vida. A los 15 a\u00f1os, fui\u2026","rel":"","context":"En \u00abLimones\u00bb","block_context":{"text":"Limones","link":"https:\/\/quechilero.com\/blog\/category\/limones\/"},"img":{"alt_text":"","src":"","width":0,"height":0},"classes":[]},{"id":620,"url":"https:\/\/quechilero.com\/blog\/2007\/08\/02\/maraton-de-blogs-al-volcan-de-agua\/","url_meta":{"origin":6211,"position":5},"title":"Marat\u00f3n de Blogs &#8211; Al Volc\u00e1n de Agua","author":"Pepe Barrascout Ortiz","date":"2 agosto 2007","format":false,"excerpt":"Contin\u00faa el Marat\u00f3n de Blogs, con este texto publicado originalmente en Historias y Opiniones, un magn\u00edfico poema de Jos\u00e9 Batres Montufar, dedicado al Volc\u00e1n de Agua. Batres Montufar un gran poeta guatemalteco. ********** Al Volc\u00e1n de Agua Sobre la gran muralla americana altivo torre\u00f3n, vecino al cielo, su c\u00faspide levanta\u2026","rel":"","context":"En \u00abLimones\u00bb","block_context":{"text":"Limones","link":"https:\/\/quechilero.com\/blog\/category\/limones\/"},"img":{"alt_text":"","src":"","width":0,"height":0},"classes":[]}],"jetpack_featured_media_url":"","_links":{"self":[{"href":"https:\/\/quechilero.com\/blog\/wp-json\/wp\/v2\/posts\/6211","targetHints":{"allow":["GET"]}}],"collection":[{"href":"https:\/\/quechilero.com\/blog\/wp-json\/wp\/v2\/posts"}],"about":[{"href":"https:\/\/quechilero.com\/blog\/wp-json\/wp\/v2\/types\/post"}],"author":[{"embeddable":true,"href":"https:\/\/quechilero.com\/blog\/wp-json\/wp\/v2\/users\/1"}],"replies":[{"embeddable":true,"href":"https:\/\/quechilero.com\/blog\/wp-json\/wp\/v2\/comments?post=6211"}],"version-history":[{"count":0,"href":"https:\/\/quechilero.com\/blog\/wp-json\/wp\/v2\/posts\/6211\/revisions"}],"wp:attachment":[{"href":"https:\/\/quechilero.com\/blog\/wp-json\/wp\/v2\/media?parent=6211"}],"wp:term":[{"taxonomy":"category","embeddable":true,"href":"https:\/\/quechilero.com\/blog\/wp-json\/wp\/v2\/categories?post=6211"},{"taxonomy":"post_tag","embeddable":true,"href":"https:\/\/quechilero.com\/blog\/wp-json\/wp\/v2\/tags?post=6211"},{"taxonomy":"series","embeddable":true,"href":"https:\/\/quechilero.com\/blog\/wp-json\/wp\/v2\/series?post=6211"}],"curies":[{"name":"wp","href":"https:\/\/api.w.org\/{rel}","templated":true}]}}