{"id":6207,"date":"2010-12-08T08:00:34","date_gmt":"2010-12-08T14:00:34","guid":{"rendered":"http:\/\/quechilero.com\/blog\/?p=6207"},"modified":"2010-12-08T08:00:34","modified_gmt":"2010-12-08T14:00:34","slug":"oracion-3","status":"publish","type":"post","link":"https:\/\/quechilero.com\/blog\/2010\/12\/08\/oracion-3\/","title":{"rendered":"Oraci\u00f3n"},"content":{"rendered":"<p>Se\u00f1or, ay\u00fadanos para que aprendamos a aguantar las penas y las fatigas, las torturas de la vida diaria; que tu muerte y ascensi\u00f3n nos levante, para que lleguemos a una m\u00e1s grande y creativa abundancia de vida. T\u00fa que has tomado con paciencia y humildad la profundidad de la vida humana, igual que las penas y sufrimientos de tu cruz, ay\u00fadanos para que aceptemos el dolor y las dificultades que nos trae cada nuevo d\u00eda y que crezcamos como personas y lleguemos a ser m\u00e1s semejantes a ti.<\/p>\n<p>Haznos capaces de permanecer con paciencia y \u00e1nimo, y fortalece nuestra confianza en tu ayuda. D\u00e9janos comprender que s\u00f3lo podemos alcanzar una vida plena si morimos poco a poco a nosotros mismos y a nuestros deseos ego\u00edstas. Pues s\u00f3lo si morimos contigo, podemos resucitar contigo. Am\u00e9n.<\/p>\n<p><strong><em>Madre Teresa de Calcuta<\/em><\/strong><\/p>\n","protected":false},"excerpt":{"rendered":"<p>Se\u00f1or, ay\u00fadanos para que aprendamos a aguantar las penas y las fatigas, las torturas de la vida diaria; que tu muerte y ascensi\u00f3n nos levante, para que lleguemos a una m\u00e1s grande y creativa abundancia de vida. T\u00fa que has tomado con paciencia y humildad la profundidad de la vida humana, igual que las penas &#8230; <a title=\"Oraci\u00f3n\" class=\"read-more\" href=\"https:\/\/quechilero.com\/blog\/2010\/12\/08\/oracion-3\/\" aria-label=\"Leer m\u00e1s sobre Oraci\u00f3n\">Leer m\u00e1s<\/a><\/p>\n","protected":false},"author":1,"featured_media":0,"comment_status":"open","ping_status":"open","sticky":false,"template":"","format":"standard","meta":{"advanced_seo_description":"","jetpack_seo_html_title":"","jetpack_seo_noindex":false,"jetpack_seo_schema_type":"","episode_type":"","audio_file":"","podmotor_file_id":"","podmotor_episode_id":"","cover_image":"","cover_image_id":"","duration":"","filesize":"","filesize_raw":"","date_recorded":"","explicit":"","block":"","_jetpack_newsletter_access":"","_jetpack_dont_email_post_to_subs":false,"_jetpack_newsletter_tier_id":0,"_jetpack_memberships_contains_paywalled_content":false,"_jetpack_feature_clip_id":0,"_jetpack_memberships_contains_paid_content":false,"footnotes":"","jetpack_publicize_message":"","jetpack_publicize_feature_enabled":true,"jetpack_social_post_already_shared":false,"jetpack_social_options":{"image_generator_settings":{"template":"highway","default_image_id":0,"font":"","enabled":false},"version":2},"jetpack_post_was_ever_published":false},"categories":[2],"tags":[112,37,38,45,39,50,86,60,24],"series":[],"class_list":["post-6207","post","type-post","status-publish","format-standard","hentry","category-limones","tag-animo","tag-ayuda","tag-confianza","tag-deseo","tag-madre","tag-muerte","tag-oracion","tag-paciencia","tag-vida"],"episode_featured_image":false,"episode_player_image":"https:\/\/i0.wp.com\/quechilero.com\/blog\/imagenes\/podcast.png?fit=1831%2C1831&ssl=1","download_link":"","player_link":"","audio_player":false,"episode_data":{"playerMode":"dark","subscribeUrls":{"amazon":{"key":"amazon","url":"","label":"Amazon","class":"amazon","icon":"amazon.png"},"apple_podcasts":{"key":"apple_podcasts","url":"","label":"Apple Podcasts","class":"apple_podcasts","icon":"apple-podcasts.png"},"castbox":{"key":"castbox","url":"","label":"CastBox","class":"castbox","icon":"castbox.png"},"deezer":{"key":"deezer","url":"","label":"Deezer","class":"deezer","icon":"deezer.png"},"google_podcasts":{"key":"google_podcasts","url":"","label":"Google Podcasts","class":"google_podcasts","icon":"google-podcasts.png"},"listen_notes":{"key":"listen_notes","url":"","label":"Listen Notes","class":"listen_notes","icon":"listen-notes.png"},"pandora":{"key":"pandora","url":"","label":"Pandora","class":"pandora","icon":"pandora.png"},"podbean":{"key":"podbean","url":"","label":"Podbean","class":"podbean","icon":"podbean.png"},"podcast_republic":{"key":"podcast_republic","url":"","label":"Podcast Republic","class":"podcast_republic","icon":"podcast-republic.png"},"rss":{"key":"rss","url":"","label":"RSS","class":"rss","icon":"rss.png"},"spotify":{"key":"spotify","url":"","label":"Spotify","class":"spotify","icon":"spotify.png"},"stitcher":{"key":"stitcher","url":"","label":"Stitcher","class":"stitcher","icon":"stitcher.png"},"tunein":{"key":"tunein","url":"","label":"TuneIn","class":"tunein","icon":"tunein.png"},"youtube":{"key":"youtube","url":"","label":"YouTube","class":"youtube","icon":"youtube.png"},"iheartradio":{"key":"iheartradio","url":"","label":"iHeartRadio","class":"iheartradio","icon":"iheartradio.png"},"ivoox":{"key":"ivoox","url":"","label":"iVoox","class":"ivoox","icon":"ivoox.png"}},"rssFeedUrl":"https:\/\/quechilero.com\/blog\/feed\/podcast\/si-la-vida-nos-da-limones","embedCode":"<blockquote class=\"wp-embedded-content\" data-secret=\"6HXWLQFYCB\"><a href=\"https:\/\/quechilero.com\/blog\/2010\/12\/08\/oracion-3\/\">Oraci\u00f3n<\/a><\/blockquote><iframe sandbox=\"allow-scripts\" security=\"restricted\" src=\"https:\/\/quechilero.com\/blog\/2010\/12\/08\/oracion-3\/embed\/#?secret=6HXWLQFYCB\" width=\"500\" height=\"350\" title=\"\u00abOraci\u00f3n\u00bb \u2014 Si la Vida nos da Limones...\" data-secret=\"6HXWLQFYCB\" frameborder=\"0\" marginwidth=\"0\" marginheight=\"0\" scrolling=\"no\" class=\"wp-embedded-content\"><\/iframe><script>\n\/*! This file is auto-generated *\/\n!function(d,l){\"use strict\";l.querySelector&&d.addEventListener&&\"undefined\"!=typeof URL&&(d.wp=d.wp||{},d.wp.receiveEmbedMessage||(d.wp.receiveEmbedMessage=function(e){var t=e.data;if((t||t.secret||t.message||t.value)&&!\/[^a-zA-Z0-9]\/.test(t.secret)){for(var s,r,n,a=l.querySelectorAll('iframe[data-secret=\"'+t.secret+'\"]'),o=l.querySelectorAll('blockquote[data-secret=\"'+t.secret+'\"]'),c=new RegExp(\"^https?:$\",\"i\"),i=0;i<o.length;i++)o[i].style.display=\"none\";for(i=0;i<a.length;i++)s=a[i],e.source===s.contentWindow&&(s.removeAttribute(\"style\"),\"height\"===t.message?(1e3<(r=parseInt(t.value,10))?r=1e3:~~r<200&&(r=200),s.height=r):\"link\"===t.message&&(r=new URL(s.getAttribute(\"src\")),n=new URL(t.value),c.test(n.protocol))&&n.host===r.host&&l.activeElement===s&&(d.top.location.href=t.value))}},d.addEventListener(\"message\",d.wp.receiveEmbedMessage,!1),l.addEventListener(\"DOMContentLoaded\",function(){for(var e,t,s=l.querySelectorAll(\"iframe.wp-embedded-content\"),r=0;r<s.length;r++)(t=(e=s[r]).getAttribute(\"data-secret\"))||(t=Math.random().toString(36).substring(2,12),e.src+=\"#?secret=\"+t,e.setAttribute(\"data-secret\",t)),e.contentWindow.postMessage({message:\"ready\",secret:t},\"*\")},!1)))}(window,document);\n\/\/# sourceURL=https:\/\/quechilero.com\/blog\/wp-includes\/js\/wp-embed.min.js\n<\/script>\n"},"jetpack_publicize_connections":[],"jetpack_shortlink":"https:\/\/wp.me\/pDKli-1C7","jetpack_sharing_enabled":true,"jetpack-related-posts":[{"id":4607,"url":"https:\/\/quechilero.com\/blog\/2010\/04\/02\/meditacion-de-las-siete-palabras\/","url_meta":{"origin":6207,"position":0},"title":"Meditaci\u00f3n de las Siete Palabras","author":"Pepe Barrascout Ortiz","date":"2 abril 2010","format":false,"excerpt":"Oraci\u00f3n Jes\u00fas en la Cruz aboga: da al ladr\u00f3n: lega su Madre: qu\u00e9jase: la sed le ahoga: cumple: entrega el alma al Padre Al Calvario hay que llegar porque Cristo, nuestra Luz, hoy tambi\u00e9n nos quiere hablar desde el ara de la Cruz. \u00a1Virgen de dolores y Madre m\u00eda! Que,\u2026","rel":"","context":"En \u00abLimones\u00bb","block_context":{"text":"Limones","link":"https:\/\/quechilero.com\/blog\/category\/limones\/"},"img":{"alt_text":"","src":"","width":0,"height":0},"classes":[]},{"id":3569,"url":"https:\/\/quechilero.com\/blog\/2009\/08\/15\/virgen-de-la-asuncion\/","url_meta":{"origin":6207,"position":1},"title":"Virgen de la Asunci\u00f3n","author":"Pepe Barrascout Ortiz","date":"15 agosto 2009","format":false,"excerpt":"Explicaci\u00f3n de la fiesta La Asunci\u00f3n es un mensaje de esperanza que nos hace pensar en la dicha de alcanzar el Cielo, la gloria de Dios y en la alegr\u00eda de tener una madre que ha alcanzado la meta a la que nosotros caminamos. Este d\u00eda, recordamos que Mar\u00eda es\u2026","rel":"","context":"En \u00abLimones\u00bb","block_context":{"text":"Limones","link":"https:\/\/quechilero.com\/blog\/category\/limones\/"},"img":{"alt_text":"","src":"","width":0,"height":0},"classes":[]},{"id":393,"url":"https:\/\/quechilero.com\/blog\/2007\/01\/04\/oracion\/","url_meta":{"origin":6207,"position":2},"title":"Oraci\u00f3n","author":"Pepe Barrascout Ortiz","date":"4 enero 2007","format":false,"excerpt":"Creo en Ti, Se\u00f1or... pero ay\u00fadame a creer con firmeza. Espero en Ti... pero ay\u00fadame a esperar sin desconfianza. Te amo Se\u00f1or... pero ay\u00fadame a no volver a ofenderte.Te adoro Se\u00f1or, porque eres mi creador y te anhelo porque eres mi fin. Te alabo porque no te cansas de hacerme\u2026","rel":"","context":"En \u00abLimones\u00bb","block_context":{"text":"Limones","link":"https:\/\/quechilero.com\/blog\/category\/limones\/"},"img":{"alt_text":"","src":"","width":0,"height":0},"classes":[]},{"id":16745,"url":"https:\/\/quechilero.com\/blog\/2013\/06\/05\/me-doy-por-vencido-contigo\/","url_meta":{"origin":6207,"position":3},"title":"\u00a1Me doy por vencido contigo!","author":"Pepe Barrascout Ortiz","date":"5 junio 2013","format":false,"excerpt":"Hace unos d\u00edas estaba ayudando a mi hijita a hacer su tarea. Se trataba de n\u00fameros. Ten\u00eda que escribir el n\u00famero y repetir hasta que se lo aprendiera. Ya ten\u00edamos mucho tiempo una y otra vez repitiendo un n\u00famero que no se aprend\u00eda. Finalmente me desesper\u00e9, me levant\u00e9 y me\u2026","rel":"","context":"En \u00abLimones\u00bb","block_context":{"text":"Limones","link":"https:\/\/quechilero.com\/blog\/category\/limones\/"},"img":{"alt_text":"","src":"","width":0,"height":0},"classes":[]},{"id":2069,"url":"https:\/\/quechilero.com\/blog\/2008\/12\/12\/virgen-de-guadalupe-2\/","url_meta":{"origin":6207,"position":4},"title":"Virgen de Guadalupe","author":"Pepe Barrascout Ortiz","date":"12 diciembre 2008","format":false,"excerpt":"Hoy celebramos la fiesta en honor de nuestra Santa Madre la Virgen de Guadalupe, en este d\u00eda de fiesta deseo compartir una oraci\u00f3n para la reflexi\u00f3n personal, para que nuestra Virgencita de Guadalupe interceda por nosotros, nos cuide y proteja de todo mal. \u00a1Oh Virgen Inmaculada, Madre del verdadero Dios\u2026","rel":"","context":"En \u00abLimones\u00bb","block_context":{"text":"Limones","link":"https:\/\/quechilero.com\/blog\/category\/limones\/"},"img":{"alt_text":"Retablo de la Virgen de Guadalupe, La Merced de la Ciudad de Guatemala","src":"https:\/\/i0.wp.com\/img514.imageshack.us\/img514\/4899\/120105430865b7c46728xv3.jpg?resize=350%2C200","width":350,"height":200},"classes":[]},{"id":15358,"url":"https:\/\/quechilero.com\/blog\/2012\/12\/02\/primer-domingo-de-adviento\/","url_meta":{"origin":6207,"position":5},"title":"Primer Domingo de Adviento","author":"Pepe Barrascout Ortiz","date":"2 diciembre 2012","format":false,"excerpt":"Primer Domingo de Adviento (ciclo B) Cabeza de Familia: Hermanos: Al iniciar hoy el Adviento, comenzamos el A\u00f1o Lit\u00fargico, s\u00edmbolo de nuestra larga traves\u00eda por la vida. Vamos caminando por el desierto, atravesando unas veces, bellos oasis; otras sofocantes desiertos. Lo hacemos con alegr\u00eda y con miedo, con fe y\u2026","rel":"","context":"En \u00abLimones\u00bb","block_context":{"text":"Limones","link":"https:\/\/quechilero.com\/blog\/category\/limones\/"},"img":{"alt_text":"","src":"https:\/\/i0.wp.com\/i392.photobucket.com\/albums\/pp7\/pepejaguar\/blog\/1-domingo-adviento.png?resize=350%2C200","width":350,"height":200,"srcset":"https:\/\/i0.wp.com\/i392.photobucket.com\/albums\/pp7\/pepejaguar\/blog\/1-domingo-adviento.png?resize=350%2C200 1x, https:\/\/i0.wp.com\/i392.photobucket.com\/albums\/pp7\/pepejaguar\/blog\/1-domingo-adviento.png?resize=525%2C300 1.5x"},"classes":[]}],"jetpack_featured_media_url":"","_links":{"self":[{"href":"https:\/\/quechilero.com\/blog\/wp-json\/wp\/v2\/posts\/6207","targetHints":{"allow":["GET"]}}],"collection":[{"href":"https:\/\/quechilero.com\/blog\/wp-json\/wp\/v2\/posts"}],"about":[{"href":"https:\/\/quechilero.com\/blog\/wp-json\/wp\/v2\/types\/post"}],"author":[{"embeddable":true,"href":"https:\/\/quechilero.com\/blog\/wp-json\/wp\/v2\/users\/1"}],"replies":[{"embeddable":true,"href":"https:\/\/quechilero.com\/blog\/wp-json\/wp\/v2\/comments?post=6207"}],"version-history":[{"count":0,"href":"https:\/\/quechilero.com\/blog\/wp-json\/wp\/v2\/posts\/6207\/revisions"}],"wp:attachment":[{"href":"https:\/\/quechilero.com\/blog\/wp-json\/wp\/v2\/media?parent=6207"}],"wp:term":[{"taxonomy":"category","embeddable":true,"href":"https:\/\/quechilero.com\/blog\/wp-json\/wp\/v2\/categories?post=6207"},{"taxonomy":"post_tag","embeddable":true,"href":"https:\/\/quechilero.com\/blog\/wp-json\/wp\/v2\/tags?post=6207"},{"taxonomy":"series","embeddable":true,"href":"https:\/\/quechilero.com\/blog\/wp-json\/wp\/v2\/series?post=6207"}],"curies":[{"name":"wp","href":"https:\/\/api.w.org\/{rel}","templated":true}]}}