{"id":6206,"date":"2010-12-06T08:00:27","date_gmt":"2010-12-06T14:00:27","guid":{"rendered":"http:\/\/quechilero.com\/blog\/?p=6206"},"modified":"2010-12-06T08:00:27","modified_gmt":"2010-12-06T14:00:27","slug":"abstinencia-de-palabras-e-imagenes-ver-juzgar-y-actuar-3","status":"publish","type":"post","link":"https:\/\/quechilero.com\/blog\/2010\/12\/06\/abstinencia-de-palabras-e-imagenes-ver-juzgar-y-actuar-3\/","title":{"rendered":"Abstinencia de palabras e im\u00e1genes: Ver, Juzgar y \u00a1Actuar!"},"content":{"rendered":"<p><strong>\u00a1Actuar!<\/strong><\/p>\n<p>\u00bfEn qu\u00e9 est\u00e1 consistiendo tu Cuaresma? Para revisar y reforzar nuestra identidad cristiana, hay que buscar momentos de silencio, en casa, en un templo, en otro lugar.<\/p>\n<p>Termina el Papa:<em> \u00abLa educaci\u00f3n cristiana tiene la tarea importante de librarnos de las palabras por la Palabra, que exige continuamente espacios de silencio, de meditaci\u00f3n, de profundizaci\u00f3 n, de abstinencia, de disciplina\u00bb. Necesitamos \u00abuna liberaci\u00f3n siempre nueva de las demasiadas palabras, de las demasiadas im\u00e1genes, para redescubrir las im\u00e1genes esenciales que nos son necesarias. Dios mismo nos ha mostrado su imagen\u00bb<\/em>, en Cristo Jes\u00fas.<\/p>\n<p>Acerqu\u00e9monos a \u00c9l y nuestra vida ser\u00e1 otra.<\/p>\n<p><strong><em>Monse\u00f1or Felipe Arizmendi Esquivel<\/em><\/strong><\/p>\n","protected":false},"excerpt":{"rendered":"<p>\u00a1Actuar! \u00bfEn qu\u00e9 est\u00e1 consistiendo tu Cuaresma? Para revisar y reforzar nuestra identidad cristiana, hay que buscar momentos de silencio, en casa, en un templo, en otro lugar. Termina el Papa: \u00abLa educaci\u00f3n cristiana tiene la tarea importante de librarnos de las palabras por la Palabra, que exige continuamente espacios de silencio, de meditaci\u00f3n, de &#8230; <a title=\"Abstinencia de palabras e im\u00e1genes: Ver, Juzgar y \u00a1Actuar!\" class=\"read-more\" href=\"https:\/\/quechilero.com\/blog\/2010\/12\/06\/abstinencia-de-palabras-e-imagenes-ver-juzgar-y-actuar-3\/\" aria-label=\"Leer m\u00e1s sobre Abstinencia de palabras e im\u00e1genes: Ver, Juzgar y \u00a1Actuar!\">Leer m\u00e1s<\/a><\/p>\n","protected":false},"author":1,"featured_media":0,"comment_status":"open","ping_status":"open","sticky":false,"template":"","format":"standard","meta":{"advanced_seo_description":"","jetpack_seo_html_title":"","jetpack_seo_noindex":false,"jetpack_seo_schema_type":"","episode_type":"","audio_file":"","podmotor_file_id":"","podmotor_episode_id":"","cover_image":"","cover_image_id":"","duration":"","filesize":"","filesize_raw":"","date_recorded":"","explicit":"","block":"","_jetpack_newsletter_access":"","_jetpack_dont_email_post_to_subs":false,"_jetpack_newsletter_tier_id":0,"_jetpack_memberships_contains_paywalled_content":false,"_jetpack_feature_clip_id":0,"_jetpack_memberships_contains_paid_content":false,"footnotes":"","jetpack_publicize_message":"","jetpack_publicize_feature_enabled":true,"jetpack_social_post_already_shared":false,"jetpack_social_options":{"image_generator_settings":{"template":"highway","default_image_id":0,"font":"","enabled":false},"version":2},"jetpack_post_was_ever_published":false},"categories":[2],"tags":[100,51,74,42,24],"series":[],"class_list":["post-6206","post","type-post","status-publish","format-standard","hentry","category-limones","tag-cuaresma","tag-dios","tag-jesus","tag-palabra","tag-vida"],"episode_featured_image":false,"episode_player_image":"https:\/\/i0.wp.com\/quechilero.com\/blog\/imagenes\/podcast.png?fit=1831%2C1831&ssl=1","download_link":"","player_link":"","audio_player":false,"episode_data":{"playerMode":"dark","subscribeUrls":{"amazon":{"key":"amazon","url":"","label":"Amazon","class":"amazon","icon":"amazon.png"},"apple_podcasts":{"key":"apple_podcasts","url":"","label":"Apple Podcasts","class":"apple_podcasts","icon":"apple-podcasts.png"},"castbox":{"key":"castbox","url":"","label":"CastBox","class":"castbox","icon":"castbox.png"},"deezer":{"key":"deezer","url":"","label":"Deezer","class":"deezer","icon":"deezer.png"},"google_podcasts":{"key":"google_podcasts","url":"","label":"Google Podcasts","class":"google_podcasts","icon":"google-podcasts.png"},"listen_notes":{"key":"listen_notes","url":"","label":"Listen Notes","class":"listen_notes","icon":"listen-notes.png"},"pandora":{"key":"pandora","url":"","label":"Pandora","class":"pandora","icon":"pandora.png"},"podbean":{"key":"podbean","url":"","label":"Podbean","class":"podbean","icon":"podbean.png"},"podcast_republic":{"key":"podcast_republic","url":"","label":"Podcast Republic","class":"podcast_republic","icon":"podcast-republic.png"},"rss":{"key":"rss","url":"","label":"RSS","class":"rss","icon":"rss.png"},"spotify":{"key":"spotify","url":"","label":"Spotify","class":"spotify","icon":"spotify.png"},"stitcher":{"key":"stitcher","url":"","label":"Stitcher","class":"stitcher","icon":"stitcher.png"},"tunein":{"key":"tunein","url":"","label":"TuneIn","class":"tunein","icon":"tunein.png"},"youtube":{"key":"youtube","url":"","label":"YouTube","class":"youtube","icon":"youtube.png"},"iheartradio":{"key":"iheartradio","url":"","label":"iHeartRadio","class":"iheartradio","icon":"iheartradio.png"},"ivoox":{"key":"ivoox","url":"","label":"iVoox","class":"ivoox","icon":"ivoox.png"}},"rssFeedUrl":"https:\/\/quechilero.com\/blog\/feed\/podcast\/si-la-vida-nos-da-limones","embedCode":"<blockquote class=\"wp-embedded-content\" data-secret=\"SezZH2eYza\"><a href=\"https:\/\/quechilero.com\/blog\/2010\/12\/06\/abstinencia-de-palabras-e-imagenes-ver-juzgar-y-actuar-3\/\">Abstinencia de palabras e im\u00e1genes: Ver, Juzgar y \u00a1Actuar!<\/a><\/blockquote><iframe sandbox=\"allow-scripts\" security=\"restricted\" src=\"https:\/\/quechilero.com\/blog\/2010\/12\/06\/abstinencia-de-palabras-e-imagenes-ver-juzgar-y-actuar-3\/embed\/#?secret=SezZH2eYza\" width=\"500\" height=\"350\" title=\"\u00abAbstinencia de palabras e im\u00e1genes: Ver, Juzgar y \u00a1Actuar!\u00bb \u2014 Si la Vida nos da Limones...\" data-secret=\"SezZH2eYza\" frameborder=\"0\" marginwidth=\"0\" marginheight=\"0\" scrolling=\"no\" class=\"wp-embedded-content\"><\/iframe><script>\n\/*! This file is auto-generated *\/\n!function(d,l){\"use strict\";l.querySelector&&d.addEventListener&&\"undefined\"!=typeof URL&&(d.wp=d.wp||{},d.wp.receiveEmbedMessage||(d.wp.receiveEmbedMessage=function(e){var t=e.data;if((t||t.secret||t.message||t.value)&&!\/[^a-zA-Z0-9]\/.test(t.secret)){for(var s,r,n,a=l.querySelectorAll('iframe[data-secret=\"'+t.secret+'\"]'),o=l.querySelectorAll('blockquote[data-secret=\"'+t.secret+'\"]'),c=new RegExp(\"^https?:$\",\"i\"),i=0;i<o.length;i++)o[i].style.display=\"none\";for(i=0;i<a.length;i++)s=a[i],e.source===s.contentWindow&&(s.removeAttribute(\"style\"),\"height\"===t.message?(1e3<(r=parseInt(t.value,10))?r=1e3:~~r<200&&(r=200),s.height=r):\"link\"===t.message&&(r=new URL(s.getAttribute(\"src\")),n=new URL(t.value),c.test(n.protocol))&&n.host===r.host&&l.activeElement===s&&(d.top.location.href=t.value))}},d.addEventListener(\"message\",d.wp.receiveEmbedMessage,!1),l.addEventListener(\"DOMContentLoaded\",function(){for(var e,t,s=l.querySelectorAll(\"iframe.wp-embedded-content\"),r=0;r<s.length;r++)(t=(e=s[r]).getAttribute(\"data-secret\"))||(t=Math.random().toString(36).substring(2,12),e.src+=\"#?secret=\"+t,e.setAttribute(\"data-secret\",t)),e.contentWindow.postMessage({message:\"ready\",secret:t},\"*\")},!1)))}(window,document);\n\/\/# sourceURL=https:\/\/quechilero.com\/blog\/wp-includes\/js\/wp-embed.min.js\n<\/script>\n"},"jetpack_publicize_connections":[],"jetpack_shortlink":"https:\/\/wp.me\/pDKli-1C6","jetpack_sharing_enabled":true,"jetpack-related-posts":[{"id":6205,"url":"https:\/\/quechilero.com\/blog\/2010\/12\/05\/abstinencia-de-palabras-e-imagenes-ver-juzgar-y-actuar-2\/","url_meta":{"origin":6206,"position":0},"title":"Abstinencia de palabras e im\u00e1genes: Ver, Juzgar y \u00a1Actuar!","author":"Pepe Barrascout Ortiz","date":"5 diciembre 2010","format":false,"excerpt":"Juzgar: La Cuaresma es tiempo propicio para la soledad, el silencio, la oraci\u00f3n. Jes\u00fas se fue al desierto por cuarenta d\u00edas, igual que Mois\u00e9s y El\u00edas. Durante su intensa actividad apost\u00f3lica, siempre buscaba tiempos y lugares para apartarse y estar a solas con su Padre. La abstinencia que la Iglesia\u2026","rel":"","context":"En \u00abLimones\u00bb","block_context":{"text":"Limones","link":"https:\/\/quechilero.com\/blog\/category\/limones\/"},"img":{"alt_text":"","src":"","width":0,"height":0},"classes":[]},{"id":6204,"url":"https:\/\/quechilero.com\/blog\/2010\/12\/04\/abstinencia-de-palabras-e-imagenes-ver-juzgar-y-actuar\/","url_meta":{"origin":6206,"position":1},"title":"Abstinencia de palabras e im\u00e1genes: Ver, Juzgar y \u00a1Actuar!","author":"Pepe Barrascout Ortiz","date":"4 diciembre 2010","format":false,"excerpt":"Ver: Estamos saturados de im\u00e1genes, palabras, informaciones, ruido y activismo. Se hace dif\u00edcil darnos tiempo para el silencio, la reflexi\u00f3n, la soledad, la serenidad interior. Con la r\u00e1pida extensi\u00f3n de Internet, tienes acceso a todo lo que quieras, desde investigaciones cient\u00edficas y entretenimiento, hasta las cosas m\u00e1s irreales y negativas.\u2026","rel":"","context":"En \u00abLimones\u00bb","block_context":{"text":"Limones","link":"https:\/\/quechilero.com\/blog\/category\/limones\/"},"img":{"alt_text":"","src":"","width":0,"height":0},"classes":[]},{"id":17312,"url":"https:\/\/quechilero.com\/blog\/2013\/10\/10\/el-ayuno\/","url_meta":{"origin":6206,"position":2},"title":"El Ayuno","author":"Pepe Barrascout Ortiz","date":"10 octubre 2013","format":false,"excerpt":"La Cuaresma se presta para encontrar el sentido del ayuno en la historia y la forma de practicarlo adecuadamente. El ayuno es una gran herramienta de acercamiento a Dios tanto a trav\u00e9s de la solidaridad en el sufrimiento de los pobres como a trav\u00e9s del sacrificio ofrecido a Dios. \"El\u2026","rel":"","context":"En \u00abLimones\u00bb","block_context":{"text":"Limones","link":"https:\/\/quechilero.com\/blog\/category\/limones\/"},"img":{"alt_text":"","src":"","width":0,"height":0},"classes":[]},{"id":7585,"url":"https:\/\/quechilero.com\/blog\/2011\/03\/17\/reflexiones-de-cuaresma-dia-9\/","url_meta":{"origin":6206,"position":3},"title":"Reflexiones de Cuaresma d\u00eda 9","author":"Pepe Barrascout Ortiz","date":"17 marzo 2011","format":false,"excerpt":"Oraci\u00f3n inicial Se\u00f1or m\u00edo, Jesucristo, creo firmemente que est\u00e1s aqu\u00ed; en estos pocos minutos de oraci\u00f3n que empiezo ahora quiero pedirte y agradecerte. Pedirte\u00a0la gracia de darme m\u00e1s cuenta de que T\u00fa vives, me escuchas y me amas; tanto, que has querido morir libremente por m\u00ed en la cruz y\u2026","rel":"","context":"En \u00abLimones por mano\u00bb","block_context":{"text":"Limones por mano","link":"https:\/\/quechilero.com\/blog\/category\/limones-por-mano\/"},"img":{"alt_text":"","src":"","width":0,"height":0},"classes":[]},{"id":16309,"url":"https:\/\/quechilero.com\/blog\/2013\/03\/08\/sentido-de-la-cuaresma\/","url_meta":{"origin":6206,"position":4},"title":"Sentido de la Cuaresma","author":"Pepe Barrascout Ortiz","date":"8 marzo 2013","format":false,"excerpt":"A lo largo de este tiempo, sobre todo en la liturgia del domingo, hacemos un esfuerzo por recuperar el ritmo y estilo de verdaderos creyentes que debemos vivir como hijos de Dios. La cuaresma es un gran ejercicio espiritual para ponernos en forma para festejar los 50 d\u00edas pascuales. La\u2026","rel":"","context":"En \u00abLimones\u00bb","block_context":{"text":"Limones","link":"https:\/\/quechilero.com\/blog\/category\/limones\/"},"img":{"alt_text":"","src":"","width":0,"height":0},"classes":[]},{"id":7579,"url":"https:\/\/quechilero.com\/blog\/2011\/03\/11\/reflexiones-de-cuaresma-dia-3\/","url_meta":{"origin":6206,"position":5},"title":"Reflexiones de Cuaresma d\u00eda 3","author":"Pepe Barrascout Ortiz","date":"11 marzo 2011","format":false,"excerpt":"Oraci\u00f3n inicial Se\u00f1or m\u00edo, Jesucristo, creo firmemente que est\u00e1s aqu\u00ed; en estos pocos minutos de oraci\u00f3n que empiezo ahora quiero pedirte y agradecerte. Pedirte\u00a0la gracia de darme m\u00e1s cuenta de que T\u00fa vives, me escuchas y me amas; tanto, que has querido morir libremente por m\u00ed en la cruz y\u2026","rel":"","context":"En \u00abLimones por mano\u00bb","block_context":{"text":"Limones por mano","link":"https:\/\/quechilero.com\/blog\/category\/limones-por-mano\/"},"img":{"alt_text":"","src":"","width":0,"height":0},"classes":[]}],"jetpack_featured_media_url":"","_links":{"self":[{"href":"https:\/\/quechilero.com\/blog\/wp-json\/wp\/v2\/posts\/6206","targetHints":{"allow":["GET"]}}],"collection":[{"href":"https:\/\/quechilero.com\/blog\/wp-json\/wp\/v2\/posts"}],"about":[{"href":"https:\/\/quechilero.com\/blog\/wp-json\/wp\/v2\/types\/post"}],"author":[{"embeddable":true,"href":"https:\/\/quechilero.com\/blog\/wp-json\/wp\/v2\/users\/1"}],"replies":[{"embeddable":true,"href":"https:\/\/quechilero.com\/blog\/wp-json\/wp\/v2\/comments?post=6206"}],"version-history":[{"count":0,"href":"https:\/\/quechilero.com\/blog\/wp-json\/wp\/v2\/posts\/6206\/revisions"}],"wp:attachment":[{"href":"https:\/\/quechilero.com\/blog\/wp-json\/wp\/v2\/media?parent=6206"}],"wp:term":[{"taxonomy":"category","embeddable":true,"href":"https:\/\/quechilero.com\/blog\/wp-json\/wp\/v2\/categories?post=6206"},{"taxonomy":"post_tag","embeddable":true,"href":"https:\/\/quechilero.com\/blog\/wp-json\/wp\/v2\/tags?post=6206"},{"taxonomy":"series","embeddable":true,"href":"https:\/\/quechilero.com\/blog\/wp-json\/wp\/v2\/series?post=6206"}],"curies":[{"name":"wp","href":"https:\/\/api.w.org\/{rel}","templated":true}]}}