{"id":6204,"date":"2010-12-04T08:00:13","date_gmt":"2010-12-04T14:00:13","guid":{"rendered":"http:\/\/quechilero.com\/blog\/?p=6204"},"modified":"2010-12-04T08:00:13","modified_gmt":"2010-12-04T14:00:13","slug":"abstinencia-de-palabras-e-imagenes-ver-juzgar-y-actuar","status":"publish","type":"post","link":"https:\/\/quechilero.com\/blog\/2010\/12\/04\/abstinencia-de-palabras-e-imagenes-ver-juzgar-y-actuar\/","title":{"rendered":"Abstinencia de palabras e im\u00e1genes: Ver, Juzgar y \u00a1Actuar!"},"content":{"rendered":"<p><strong>Ver:<\/strong><\/p>\n<p>Estamos saturados de im\u00e1genes, palabras, informaciones, ruido y activismo. Se hace dif\u00edcil darnos tiempo para el silencio, la reflexi\u00f3n, la soledad, la serenidad interior.<\/p>\n<p>Con la r\u00e1pida extensi\u00f3n de Internet, tienes acceso a todo lo que quieras, desde investigaciones cient\u00edficas y entretenimiento, hasta las cosas m\u00e1s irreales y negativas. Te comunicas con quien quieras, pero puedes encerrarte en ese mundo y aislarte de tu familia.<\/p>\n<p>En una reuni\u00f3n con ni\u00f1os de la Costa de Chiapas, les pregunt\u00e9 cu\u00e1ntas horas al d\u00eda ve\u00edan televisi\u00f3n. La mayor\u00eda, tres y cuatro. Uno dijo que, en vacaciones, pasaba siete horas ante el televisor.<\/p>\n<p>Apenas despiertan, muchos encienden la radio o la televisi\u00f3n, y casi no la apagan hasta la noche. Con los aud\u00edfonos pegados casi todo el d\u00eda, los j\u00f3venes se abstraen de lo que pasa; nada ni nadie les importa, m\u00e1s que su m\u00fasica. Se empe\u00f1an por tener el aparato m\u00e1s moderno y con m\u00e1s capacidad de memoria, al que le caben miles de melod\u00edas, y con el que tienen una gran variedad de opciones. En ello se refugian, para no pensar, no analizar, no reflexionar. Les fascinan las discotecas, donde el volumen invade todo su ser. Huyen del silencio, porque quiz\u00e1 les aterra su vac\u00edo interior.<\/p>\n<p><strong><em>Monse\u00f1or Felipe Arizmendi Esquivel<\/em><\/strong><\/p>\n","protected":false},"excerpt":{"rendered":"<p>Ver: Estamos saturados de im\u00e1genes, palabras, informaciones, ruido y activismo. Se hace dif\u00edcil darnos tiempo para el silencio, la reflexi\u00f3n, la soledad, la serenidad interior. Con la r\u00e1pida extensi\u00f3n de Internet, tienes acceso a todo lo que quieras, desde investigaciones cient\u00edficas y entretenimiento, hasta las cosas m\u00e1s irreales y negativas. Te comunicas con quien quieras, &#8230; <a title=\"Abstinencia de palabras e im\u00e1genes: Ver, Juzgar y \u00a1Actuar!\" class=\"read-more\" href=\"https:\/\/quechilero.com\/blog\/2010\/12\/04\/abstinencia-de-palabras-e-imagenes-ver-juzgar-y-actuar\/\" aria-label=\"Leer m\u00e1s sobre Abstinencia de palabras e im\u00e1genes: Ver, Juzgar y \u00a1Actuar!\">Leer m\u00e1s<\/a><\/p>\n","protected":false},"author":1,"featured_media":0,"comment_status":"open","ping_status":"open","sticky":false,"template":"","format":"standard","meta":{"advanced_seo_description":"","jetpack_seo_html_title":"","jetpack_seo_noindex":false,"jetpack_seo_schema_type":"","episode_type":"","audio_file":"","podmotor_file_id":"","podmotor_episode_id":"","cover_image":"","cover_image_id":"","duration":"","filesize":"","filesize_raw":"","date_recorded":"","explicit":"","block":"","_jetpack_newsletter_access":"","_jetpack_dont_email_post_to_subs":false,"_jetpack_newsletter_tier_id":0,"_jetpack_memberships_contains_paywalled_content":false,"_jetpack_feature_clip_id":0,"_jetpack_memberships_contains_paid_content":false,"footnotes":"","jetpack_publicize_message":"","jetpack_publicize_feature_enabled":true,"jetpack_social_post_already_shared":false,"jetpack_social_options":{"image_generator_settings":{"template":"highway","default_image_id":0,"font":"","enabled":false},"version":2},"jetpack_post_was_ever_published":false},"categories":[2],"tags":[12,27,42,5],"series":[],"class_list":["post-6204","post","type-post","status-publish","format-standard","hentry","category-limones","tag-cosas","tag-internet","tag-palabra","tag-tiempo"],"episode_featured_image":false,"episode_player_image":"https:\/\/i0.wp.com\/quechilero.com\/blog\/imagenes\/podcast.png?fit=1831%2C1831&ssl=1","download_link":"","player_link":"","audio_player":false,"episode_data":{"playerMode":"dark","subscribeUrls":{"amazon":{"key":"amazon","url":"","label":"Amazon","class":"amazon","icon":"amazon.png"},"apple_podcasts":{"key":"apple_podcasts","url":"","label":"Apple Podcasts","class":"apple_podcasts","icon":"apple-podcasts.png"},"castbox":{"key":"castbox","url":"","label":"CastBox","class":"castbox","icon":"castbox.png"},"deezer":{"key":"deezer","url":"","label":"Deezer","class":"deezer","icon":"deezer.png"},"google_podcasts":{"key":"google_podcasts","url":"","label":"Google Podcasts","class":"google_podcasts","icon":"google-podcasts.png"},"listen_notes":{"key":"listen_notes","url":"","label":"Listen Notes","class":"listen_notes","icon":"listen-notes.png"},"pandora":{"key":"pandora","url":"","label":"Pandora","class":"pandora","icon":"pandora.png"},"podbean":{"key":"podbean","url":"","label":"Podbean","class":"podbean","icon":"podbean.png"},"podcast_republic":{"key":"podcast_republic","url":"","label":"Podcast Republic","class":"podcast_republic","icon":"podcast-republic.png"},"rss":{"key":"rss","url":"","label":"RSS","class":"rss","icon":"rss.png"},"spotify":{"key":"spotify","url":"","label":"Spotify","class":"spotify","icon":"spotify.png"},"stitcher":{"key":"stitcher","url":"","label":"Stitcher","class":"stitcher","icon":"stitcher.png"},"tunein":{"key":"tunein","url":"","label":"TuneIn","class":"tunein","icon":"tunein.png"},"youtube":{"key":"youtube","url":"","label":"YouTube","class":"youtube","icon":"youtube.png"},"iheartradio":{"key":"iheartradio","url":"","label":"iHeartRadio","class":"iheartradio","icon":"iheartradio.png"},"ivoox":{"key":"ivoox","url":"","label":"iVoox","class":"ivoox","icon":"ivoox.png"}},"rssFeedUrl":"https:\/\/quechilero.com\/blog\/feed\/podcast\/si-la-vida-nos-da-limones","embedCode":"<blockquote class=\"wp-embedded-content\" data-secret=\"bsWRbCLWFb\"><a href=\"https:\/\/quechilero.com\/blog\/2010\/12\/04\/abstinencia-de-palabras-e-imagenes-ver-juzgar-y-actuar\/\">Abstinencia de palabras e im\u00e1genes: Ver, Juzgar y \u00a1Actuar!<\/a><\/blockquote><iframe sandbox=\"allow-scripts\" security=\"restricted\" src=\"https:\/\/quechilero.com\/blog\/2010\/12\/04\/abstinencia-de-palabras-e-imagenes-ver-juzgar-y-actuar\/embed\/#?secret=bsWRbCLWFb\" width=\"500\" height=\"350\" title=\"\u00abAbstinencia de palabras e im\u00e1genes: Ver, Juzgar y \u00a1Actuar!\u00bb \u2014 Si la Vida nos da Limones...\" data-secret=\"bsWRbCLWFb\" frameborder=\"0\" marginwidth=\"0\" marginheight=\"0\" scrolling=\"no\" class=\"wp-embedded-content\"><\/iframe><script>\n\/*! This file is auto-generated *\/\n!function(d,l){\"use strict\";l.querySelector&&d.addEventListener&&\"undefined\"!=typeof URL&&(d.wp=d.wp||{},d.wp.receiveEmbedMessage||(d.wp.receiveEmbedMessage=function(e){var t=e.data;if((t||t.secret||t.message||t.value)&&!\/[^a-zA-Z0-9]\/.test(t.secret)){for(var s,r,n,a=l.querySelectorAll('iframe[data-secret=\"'+t.secret+'\"]'),o=l.querySelectorAll('blockquote[data-secret=\"'+t.secret+'\"]'),c=new RegExp(\"^https?:$\",\"i\"),i=0;i<o.length;i++)o[i].style.display=\"none\";for(i=0;i<a.length;i++)s=a[i],e.source===s.contentWindow&&(s.removeAttribute(\"style\"),\"height\"===t.message?(1e3<(r=parseInt(t.value,10))?r=1e3:~~r<200&&(r=200),s.height=r):\"link\"===t.message&&(r=new URL(s.getAttribute(\"src\")),n=new URL(t.value),c.test(n.protocol))&&n.host===r.host&&l.activeElement===s&&(d.top.location.href=t.value))}},d.addEventListener(\"message\",d.wp.receiveEmbedMessage,!1),l.addEventListener(\"DOMContentLoaded\",function(){for(var e,t,s=l.querySelectorAll(\"iframe.wp-embedded-content\"),r=0;r<s.length;r++)(t=(e=s[r]).getAttribute(\"data-secret\"))||(t=Math.random().toString(36).substring(2,12),e.src+=\"#?secret=\"+t,e.setAttribute(\"data-secret\",t)),e.contentWindow.postMessage({message:\"ready\",secret:t},\"*\")},!1)))}(window,document);\n\/\/# sourceURL=https:\/\/quechilero.com\/blog\/wp-includes\/js\/wp-embed.min.js\n<\/script>\n"},"jetpack_publicize_connections":[],"jetpack_shortlink":"https:\/\/wp.me\/pDKli-1C4","jetpack_sharing_enabled":true,"jetpack-related-posts":[{"id":6205,"url":"https:\/\/quechilero.com\/blog\/2010\/12\/05\/abstinencia-de-palabras-e-imagenes-ver-juzgar-y-actuar-2\/","url_meta":{"origin":6204,"position":0},"title":"Abstinencia de palabras e im\u00e1genes: Ver, Juzgar y \u00a1Actuar!","author":"Pepe Barrascout Ortiz","date":"5 diciembre 2010","format":false,"excerpt":"Juzgar: La Cuaresma es tiempo propicio para la soledad, el silencio, la oraci\u00f3n. Jes\u00fas se fue al desierto por cuarenta d\u00edas, igual que Mois\u00e9s y El\u00edas. Durante su intensa actividad apost\u00f3lica, siempre buscaba tiempos y lugares para apartarse y estar a solas con su Padre. La abstinencia que la Iglesia\u2026","rel":"","context":"En \u00abLimones\u00bb","block_context":{"text":"Limones","link":"https:\/\/quechilero.com\/blog\/category\/limones\/"},"img":{"alt_text":"","src":"","width":0,"height":0},"classes":[]},{"id":471,"url":"https:\/\/quechilero.com\/blog\/2007\/02\/25\/aventrua-linux-dia-1\/","url_meta":{"origin":6204,"position":1},"title":"Aventrua Linux. D\u00eda 1","author":"Pepe Barrascout Ortiz","date":"25 febrero 2007","format":false,"excerpt":"Desde hace alg\u00fan tiempo, me empec\u00e9 a interesar mas por usar GNU\/Linux a pesar de no saber absolutamente nada de nada, es m\u00e1s ahora a casi un a\u00f1o en que realmente me puse a buscar informaci\u00f3n, no considero saber a\u00fan nada. A finales de agosto de 2006 leyendo uno de\u2026","rel":"","context":"En \u00abLimones\u00bb","block_context":{"text":"Limones","link":"https:\/\/quechilero.com\/blog\/category\/limones\/"},"img":{"alt_text":"","src":"","width":0,"height":0},"classes":[]},{"id":5915,"url":"https:\/\/quechilero.com\/blog\/2010\/11\/03\/infovideografia-la-pornografia-en-internet\/","url_meta":{"origin":6204,"position":2},"title":"Infovideograf\u00eda: La Pornograf\u00eda en Internet","author":"Pepe Barrascout Ortiz","date":"3 noviembre 2010","format":false,"excerpt":"Las infograf\u00edas, se utilizan para dar a conocer de forma visual, a trav\u00e9s de una o varias im\u00e1genes, de forma resumida y clara, alg\u00fan concepto, estad\u00edstica o informaci\u00f3n, que sea f\u00e1cilmente comprensible por el espectador. A pesar de lo sencilla que pueda parecer el hacer una infograf\u00eda, la realidad es\u2026","rel":"","context":"En \u00abLimones\u00bb","block_context":{"text":"Limones","link":"https:\/\/quechilero.com\/blog\/category\/limones\/"},"img":{"alt_text":"","src":"","width":0,"height":0},"classes":[]},{"id":472,"url":"https:\/\/quechilero.com\/blog\/2007\/02\/26\/aventrua-linux-dia-2\/","url_meta":{"origin":6204,"position":3},"title":"Aventrua Linux. D\u00eda 2","author":"Pepe Barrascout Ortiz","date":"26 febrero 2007","format":false,"excerpt":"Al finalizar el primer d\u00eda de uso de Linux y de estar dando \"vueltas\" en las opciones que tiene de configuraci\u00f3n, me decido a empezar a trabajar ya de lleno y de forma normal. Firefox, no encuentro el navegador FireFox por ning\u00fan lado, definitivamente no est\u00e1 instalado y en el\u2026","rel":"","context":"En \u00abLimones\u00bb","block_context":{"text":"Limones","link":"https:\/\/quechilero.com\/blog\/category\/limones\/"},"img":{"alt_text":"","src":"","width":0,"height":0},"classes":[]},{"id":11926,"url":"https:\/\/quechilero.com\/blog\/2012\/01\/12\/diez-y-seis-ideas-para-simplificar-la-vida\/","url_meta":{"origin":6204,"position":4},"title":"Diez y seis ideas para simplificar la vida","author":"Pepe Barrascout Ortiz","date":"12 enero 2012","format":false,"excerpt":"No hay una receta m\u00e1gica, que te ayude y te lleve al \u00e9xito, pero no hay duda que la constancia, el trabajo duro y la simplificaci\u00f3n, son buenas herramientas para lograrlo. A continuaci\u00f3n, una serie de consejos,\u00a0que pueden ser \u00fatiles para simplificar y hacer mas eficientes, algunos procesos comunes, que\u2026","rel":"","context":"En \u00abLimones\u00bb","block_context":{"text":"Limones","link":"https:\/\/quechilero.com\/blog\/category\/limones\/"},"img":{"alt_text":"","src":"","width":0,"height":0},"classes":[]},{"id":7598,"url":"https:\/\/quechilero.com\/blog\/2011\/03\/30\/reflexiones-de-cuaresma-dia-22\/","url_meta":{"origin":6204,"position":5},"title":"Reflexiones de Cuaresma d\u00eda 22","author":"Pepe Barrascout Ortiz","date":"30 marzo 2011","format":false,"excerpt":"Oraci\u00f3n inicial Se\u00f1or m\u00edo, Jesucristo, creo firmemente que est\u00e1s aqu\u00ed; en estos pocos minutos de oraci\u00f3n que empiezo ahora quiero pedirte y agradecerte. Pedirte\u00a0la gracia de darme m\u00e1s cuenta de que T\u00fa vives, me escuchas y me amas; tanto, que has querido morir libremente por m\u00ed en la cruz y\u2026","rel":"","context":"En \u00abLimones por mano\u00bb","block_context":{"text":"Limones por mano","link":"https:\/\/quechilero.com\/blog\/category\/limones-por-mano\/"},"img":{"alt_text":"","src":"","width":0,"height":0},"classes":[]}],"jetpack_featured_media_url":"","_links":{"self":[{"href":"https:\/\/quechilero.com\/blog\/wp-json\/wp\/v2\/posts\/6204","targetHints":{"allow":["GET"]}}],"collection":[{"href":"https:\/\/quechilero.com\/blog\/wp-json\/wp\/v2\/posts"}],"about":[{"href":"https:\/\/quechilero.com\/blog\/wp-json\/wp\/v2\/types\/post"}],"author":[{"embeddable":true,"href":"https:\/\/quechilero.com\/blog\/wp-json\/wp\/v2\/users\/1"}],"replies":[{"embeddable":true,"href":"https:\/\/quechilero.com\/blog\/wp-json\/wp\/v2\/comments?post=6204"}],"version-history":[{"count":0,"href":"https:\/\/quechilero.com\/blog\/wp-json\/wp\/v2\/posts\/6204\/revisions"}],"wp:attachment":[{"href":"https:\/\/quechilero.com\/blog\/wp-json\/wp\/v2\/media?parent=6204"}],"wp:term":[{"taxonomy":"category","embeddable":true,"href":"https:\/\/quechilero.com\/blog\/wp-json\/wp\/v2\/categories?post=6204"},{"taxonomy":"post_tag","embeddable":true,"href":"https:\/\/quechilero.com\/blog\/wp-json\/wp\/v2\/tags?post=6204"},{"taxonomy":"series","embeddable":true,"href":"https:\/\/quechilero.com\/blog\/wp-json\/wp\/v2\/series?post=6204"}],"curies":[{"name":"wp","href":"https:\/\/api.w.org\/{rel}","templated":true}]}}