{"id":6182,"date":"2010-12-02T08:00:56","date_gmt":"2010-12-02T14:00:56","guid":{"rendered":"http:\/\/quechilero.com\/blog\/?p=6182"},"modified":"2010-12-02T08:00:56","modified_gmt":"2010-12-02T14:00:56","slug":"el-sufrimiento-y-la-felicidad","status":"publish","type":"post","link":"https:\/\/quechilero.com\/blog\/2010\/12\/02\/el-sufrimiento-y-la-felicidad\/","title":{"rendered":"El sufrimiento y la felicidad"},"content":{"rendered":"<p>Cierto d\u00eda, Buda, sentado sobre la flor del loto, ense\u00f1aba la necesidad de suprimir el sufrimiento para alcanzar la felicidad. El dolor, al o\u00edrlo, se qued\u00f3 muy triste, porque ya nadie lo querr\u00eda.<\/p>\n<p>Poco despu\u00e9s pas\u00f3 por all\u00ed un joven lleno de caridad, y viendo llorar al dolor se le enterneci\u00f3 el coraz\u00f3n, lo tom\u00f3 de la mano y lo convirti\u00f3 en su amigo inseparable. Ese joven se llamaba Jes\u00fas.<\/p>\n<p>Cuando Jes\u00fas comenz\u00f3 a predicar, los oyentes se contagiaron de su felicidad. Por primera vez en la historia, el dolor se alegraba viendo que \u00e9l tambi\u00e9n pod\u00eda dar alg\u00fan fruto, pues Jes\u00fas dec\u00eda que no habr\u00eda felicidad sin cruz. Incluso muri\u00f3 en ella abrazado a su amigo el dolor, pero con el coraz\u00f3n inmerso en la alegr\u00eda.<\/p>\n<p>Buda se asombr\u00f3 al constatar que Jes\u00fas y \u00e9l buscaban lo mismo: la felicidad. Sin embargo, mientras \u00e9l eliminaba el sufrimiento por la v\u00eda de la renuncia y de la meditaci\u00f3n, Jes\u00fas lo asum\u00eda para sanar el pecado y traer la salvaci\u00f3n.<\/p>\n<p>Al final, ni uno ni otro erradicaron el dolor del mundo. Buda no pudo; Jes\u00fas no quiso.<\/p>\n<p>Hoy, la felicidad toma la mano del sufrimiento para que no se encuentre solo; por eso los m\u00edsticos son felices, pase lo que pase.<\/p>\n<p><strong><em>Padre Jos\u00e9 Alc\u00e1zar Godoy<\/em><\/strong><\/p>\n","protected":false},"excerpt":{"rendered":"<p>Cierto d\u00eda, Buda, sentado sobre la flor del loto, ense\u00f1aba la necesidad de suprimir el sufrimiento para alcanzar la felicidad. El dolor, al o\u00edrlo, se qued\u00f3 muy triste, porque ya nadie lo querr\u00eda. Poco despu\u00e9s pas\u00f3 por all\u00ed un joven lleno de caridad, y viendo llorar al dolor se le enterneci\u00f3 el coraz\u00f3n, lo tom\u00f3 &#8230; <a title=\"El sufrimiento y la felicidad\" class=\"read-more\" href=\"https:\/\/quechilero.com\/blog\/2010\/12\/02\/el-sufrimiento-y-la-felicidad\/\" aria-label=\"Leer m\u00e1s sobre El sufrimiento y la felicidad\">Leer m\u00e1s<\/a><\/p>\n","protected":false},"author":1,"featured_media":0,"comment_status":"open","ping_status":"open","sticky":false,"template":"","format":"standard","meta":{"advanced_seo_description":"","jetpack_seo_html_title":"","jetpack_seo_noindex":false,"jetpack_seo_schema_type":"","episode_type":"","audio_file":"","podmotor_file_id":"","podmotor_episode_id":"","cover_image":"","cover_image_id":"","duration":"","filesize":"","filesize_raw":"","date_recorded":"","explicit":"","block":"","_jetpack_newsletter_access":"","_jetpack_dont_email_post_to_subs":false,"_jetpack_newsletter_tier_id":0,"_jetpack_memberships_contains_paywalled_content":false,"_jetpack_feature_clip_id":0,"_jetpack_memberships_contains_paid_content":false,"footnotes":"","jetpack_publicize_message":"","jetpack_publicize_feature_enabled":true,"jetpack_social_post_already_shared":false,"jetpack_social_options":{"image_generator_settings":{"template":"highway","default_image_id":0,"font":"","enabled":false},"version":2},"jetpack_post_was_ever_published":false},"categories":[2],"tags":[87,11,17,74],"series":[],"class_list":["post-6182","post","type-post","status-publish","format-standard","hentry","category-limones","tag-alegria","tag-amigo","tag-historia","tag-jesus"],"episode_featured_image":false,"episode_player_image":"https:\/\/i0.wp.com\/quechilero.com\/blog\/imagenes\/podcast.png?fit=1831%2C1831&ssl=1","download_link":"","player_link":"","audio_player":false,"episode_data":{"playerMode":"dark","subscribeUrls":{"amazon":{"key":"amazon","url":"","label":"Amazon","class":"amazon","icon":"amazon.png"},"apple_podcasts":{"key":"apple_podcasts","url":"","label":"Apple Podcasts","class":"apple_podcasts","icon":"apple-podcasts.png"},"castbox":{"key":"castbox","url":"","label":"CastBox","class":"castbox","icon":"castbox.png"},"deezer":{"key":"deezer","url":"","label":"Deezer","class":"deezer","icon":"deezer.png"},"google_podcasts":{"key":"google_podcasts","url":"","label":"Google Podcasts","class":"google_podcasts","icon":"google-podcasts.png"},"listen_notes":{"key":"listen_notes","url":"","label":"Listen Notes","class":"listen_notes","icon":"listen-notes.png"},"pandora":{"key":"pandora","url":"","label":"Pandora","class":"pandora","icon":"pandora.png"},"podbean":{"key":"podbean","url":"","label":"Podbean","class":"podbean","icon":"podbean.png"},"podcast_republic":{"key":"podcast_republic","url":"","label":"Podcast Republic","class":"podcast_republic","icon":"podcast-republic.png"},"rss":{"key":"rss","url":"","label":"RSS","class":"rss","icon":"rss.png"},"spotify":{"key":"spotify","url":"","label":"Spotify","class":"spotify","icon":"spotify.png"},"stitcher":{"key":"stitcher","url":"","label":"Stitcher","class":"stitcher","icon":"stitcher.png"},"tunein":{"key":"tunein","url":"","label":"TuneIn","class":"tunein","icon":"tunein.png"},"youtube":{"key":"youtube","url":"","label":"YouTube","class":"youtube","icon":"youtube.png"},"iheartradio":{"key":"iheartradio","url":"","label":"iHeartRadio","class":"iheartradio","icon":"iheartradio.png"},"ivoox":{"key":"ivoox","url":"","label":"iVoox","class":"ivoox","icon":"ivoox.png"}},"rssFeedUrl":"https:\/\/quechilero.com\/blog\/feed\/podcast\/si-la-vida-nos-da-limones","embedCode":"<blockquote class=\"wp-embedded-content\" data-secret=\"1TBvhAkEfm\"><a href=\"https:\/\/quechilero.com\/blog\/2010\/12\/02\/el-sufrimiento-y-la-felicidad\/\">El sufrimiento y la felicidad<\/a><\/blockquote><iframe sandbox=\"allow-scripts\" security=\"restricted\" src=\"https:\/\/quechilero.com\/blog\/2010\/12\/02\/el-sufrimiento-y-la-felicidad\/embed\/#?secret=1TBvhAkEfm\" width=\"500\" height=\"350\" title=\"\u00abEl sufrimiento y la felicidad\u00bb \u2014 Si la Vida nos da Limones...\" data-secret=\"1TBvhAkEfm\" frameborder=\"0\" marginwidth=\"0\" marginheight=\"0\" scrolling=\"no\" class=\"wp-embedded-content\"><\/iframe><script>\n\/*! This file is auto-generated *\/\n!function(d,l){\"use strict\";l.querySelector&&d.addEventListener&&\"undefined\"!=typeof URL&&(d.wp=d.wp||{},d.wp.receiveEmbedMessage||(d.wp.receiveEmbedMessage=function(e){var t=e.data;if((t||t.secret||t.message||t.value)&&!\/[^a-zA-Z0-9]\/.test(t.secret)){for(var s,r,n,a=l.querySelectorAll('iframe[data-secret=\"'+t.secret+'\"]'),o=l.querySelectorAll('blockquote[data-secret=\"'+t.secret+'\"]'),c=new RegExp(\"^https?:$\",\"i\"),i=0;i<o.length;i++)o[i].style.display=\"none\";for(i=0;i<a.length;i++)s=a[i],e.source===s.contentWindow&&(s.removeAttribute(\"style\"),\"height\"===t.message?(1e3<(r=parseInt(t.value,10))?r=1e3:~~r<200&&(r=200),s.height=r):\"link\"===t.message&&(r=new URL(s.getAttribute(\"src\")),n=new URL(t.value),c.test(n.protocol))&&n.host===r.host&&l.activeElement===s&&(d.top.location.href=t.value))}},d.addEventListener(\"message\",d.wp.receiveEmbedMessage,!1),l.addEventListener(\"DOMContentLoaded\",function(){for(var e,t,s=l.querySelectorAll(\"iframe.wp-embedded-content\"),r=0;r<s.length;r++)(t=(e=s[r]).getAttribute(\"data-secret\"))||(t=Math.random().toString(36).substring(2,12),e.src+=\"#?secret=\"+t,e.setAttribute(\"data-secret\",t)),e.contentWindow.postMessage({message:\"ready\",secret:t},\"*\")},!1)))}(window,document);\n\/\/# sourceURL=https:\/\/quechilero.com\/blog\/wp-includes\/js\/wp-embed.min.js\n<\/script>\n"},"jetpack_publicize_connections":[],"jetpack_shortlink":"https:\/\/wp.me\/pDKli-1BI","jetpack_sharing_enabled":true,"jetpack-related-posts":[{"id":20020,"url":"https:\/\/quechilero.com\/blog\/2015\/04\/03\/viernes-santo-oracion-a-jesus\/","url_meta":{"origin":6182,"position":0},"title":"Viernes Santo &#8211; Oraci\u00f3n a Jes\u00fas","author":"Pepe Barrascout Ortiz","date":"3 abril 2015","format":false,"excerpt":"Oraci\u00f3n de Viernes Santo A Jes\u00fas, en el momento de su muerte. Oh Se\u00f1or Jes\u00fas, hoy no vengo a pedirte nada. Hoy vengo a acompa\u00f1arte como aqu\u00e9l d\u00eda tu muerte, a tratar de sentir, al menos un poco, todo el sufrimiento de tu agon\u00eda. Pues \u00bfqui\u00e9n soy yo Se\u00f1or para\u2026","rel":"","context":"En \u00abLimones\u00bb","block_context":{"text":"Limones","link":"https:\/\/quechilero.com\/blog\/category\/limones\/"},"img":{"alt_text":"","src":"http:\/\/i392.photobucket.com\/albums\/pp7\/pepejaguar\/blog\/Jesuacutes%20Crucificado%20-%20Velaacutesquez_zps2d6usr4u.jpg~original","width":350,"height":200},"classes":[]},{"id":3088,"url":"https:\/\/quechilero.com\/blog\/2009\/08\/02\/en-busca-de-ser-feliz\/","url_meta":{"origin":6182,"position":1},"title":"En busca de ser feliz","author":"Pepe Barrascout Ortiz","date":"2 agosto 2009","format":false,"excerpt":"En una f\u00e1brica hab\u00eda un grupo de operarios que eran infelices. Su sueldo era bueno, sus horas de trabajo eran las adecuadas, las condiciones de trabajo eran excelentes. Estos operarios admit\u00edan todo eso; no obstante su descontento era marcado. La gerencia estaba perpleja y preocupada. Finalmente, se llam\u00f3 a un\u2026","rel":"","context":"En \u00abLimones\u00bb","block_context":{"text":"Limones","link":"https:\/\/quechilero.com\/blog\/category\/limones\/"},"img":{"alt_text":"","src":"","width":0,"height":0},"classes":[]},{"id":1019,"url":"https:\/\/quechilero.com\/blog\/2008\/07\/12\/dios-cree-en-vos\/","url_meta":{"origin":6182,"position":2},"title":"Dios Cree en Vos","author":"Pepe Barrascout Ortiz","date":"12 julio 2008","format":false,"excerpt":"Estando solo en mi casa, recuerdo que cierta vez cerr\u00e9 todas las puertas y empec\u00e9 a reclamarle a Dios por muchas cosas. Porque no hab\u00eda aprendido que ser Cristiano no es no tener problemas, sino enfrentarlos al lado de Jes\u00fas. Jes\u00fas s\u00f3lo se me quedaba viendo en silencio y cuando\u2026","rel":"","context":"En \u00abLimones\u00bb","block_context":{"text":"Limones","link":"https:\/\/quechilero.com\/blog\/category\/limones\/"},"img":{"alt_text":"","src":"","width":0,"height":0},"classes":[]},{"id":7585,"url":"https:\/\/quechilero.com\/blog\/2011\/03\/17\/reflexiones-de-cuaresma-dia-9\/","url_meta":{"origin":6182,"position":3},"title":"Reflexiones de Cuaresma d\u00eda 9","author":"Pepe Barrascout Ortiz","date":"17 marzo 2011","format":false,"excerpt":"Oraci\u00f3n inicial Se\u00f1or m\u00edo, Jesucristo, creo firmemente que est\u00e1s aqu\u00ed; en estos pocos minutos de oraci\u00f3n que empiezo ahora quiero pedirte y agradecerte. Pedirte\u00a0la gracia de darme m\u00e1s cuenta de que T\u00fa vives, me escuchas y me amas; tanto, que has querido morir libremente por m\u00ed en la cruz y\u2026","rel":"","context":"En \u00abLimones por mano\u00bb","block_context":{"text":"Limones por mano","link":"https:\/\/quechilero.com\/blog\/category\/limones-por-mano\/"},"img":{"alt_text":"","src":"","width":0,"height":0},"classes":[]},{"id":21401,"url":"https:\/\/quechilero.com\/blog\/2015\/07\/31\/este-es-mi-cuerpo-esta-es-mi-sangre\/","url_meta":{"origin":6182,"position":4},"title":"\u00a1Este es mi cuerpo, esta es mi sangre!","author":"Pepe Barrascout Ortiz","date":"31 julio 2015","format":false,"excerpt":"Una vez m\u00e1s ante ti, Se\u00f1or. Hoy es un d\u00eda grande para ti, para nosotros, para tu Iglesia. Es la solemnidad donde se exalta y glorifica la presencia de tu Cuerpo, tu Sangre y tu Divinidad en el Sacramento de la Eucarist\u00eda. \u00a1Hoy es Corpus Christi! \u00bfQu\u00e9 te podemos decir,\u2026","rel":"","context":"En \u00abLimones\u00bb","block_context":{"text":"Limones","link":"https:\/\/quechilero.com\/blog\/category\/limones\/"},"img":{"alt_text":"","src":"","width":0,"height":0},"classes":[]},{"id":7582,"url":"https:\/\/quechilero.com\/blog\/2011\/03\/14\/reflexiones-de-cuaresma-dia-6\/","url_meta":{"origin":6182,"position":5},"title":"Reflexiones de Cuaresma d\u00eda 6","author":"Pepe Barrascout Ortiz","date":"14 marzo 2011","format":false,"excerpt":"Oraci\u00f3n inicial Se\u00f1or m\u00edo, Jesucristo, creo firmemente que est\u00e1s aqu\u00ed; en estos pocos minutos de oraci\u00f3n que empiezo ahora quiero pedirte y agradecerte. Pedirte\u00a0la gracia de darme m\u00e1s cuenta de que T\u00fa vives, me escuchas y me amas; tanto, que has querido morir libremente por m\u00ed en la cruz y\u2026","rel":"","context":"En \u00abLimones por mano\u00bb","block_context":{"text":"Limones por mano","link":"https:\/\/quechilero.com\/blog\/category\/limones-por-mano\/"},"img":{"alt_text":"","src":"","width":0,"height":0},"classes":[]}],"jetpack_featured_media_url":"","_links":{"self":[{"href":"https:\/\/quechilero.com\/blog\/wp-json\/wp\/v2\/posts\/6182","targetHints":{"allow":["GET"]}}],"collection":[{"href":"https:\/\/quechilero.com\/blog\/wp-json\/wp\/v2\/posts"}],"about":[{"href":"https:\/\/quechilero.com\/blog\/wp-json\/wp\/v2\/types\/post"}],"author":[{"embeddable":true,"href":"https:\/\/quechilero.com\/blog\/wp-json\/wp\/v2\/users\/1"}],"replies":[{"embeddable":true,"href":"https:\/\/quechilero.com\/blog\/wp-json\/wp\/v2\/comments?post=6182"}],"version-history":[{"count":0,"href":"https:\/\/quechilero.com\/blog\/wp-json\/wp\/v2\/posts\/6182\/revisions"}],"wp:attachment":[{"href":"https:\/\/quechilero.com\/blog\/wp-json\/wp\/v2\/media?parent=6182"}],"wp:term":[{"taxonomy":"category","embeddable":true,"href":"https:\/\/quechilero.com\/blog\/wp-json\/wp\/v2\/categories?post=6182"},{"taxonomy":"post_tag","embeddable":true,"href":"https:\/\/quechilero.com\/blog\/wp-json\/wp\/v2\/tags?post=6182"},{"taxonomy":"series","embeddable":true,"href":"https:\/\/quechilero.com\/blog\/wp-json\/wp\/v2\/series?post=6182"}],"curies":[{"name":"wp","href":"https:\/\/api.w.org\/{rel}","templated":true}]}}