{"id":6181,"date":"2010-11-29T08:00:49","date_gmt":"2010-11-29T14:00:49","guid":{"rendered":"http:\/\/quechilero.com\/blog\/?p=6181"},"modified":"2010-11-29T08:00:49","modified_gmt":"2010-11-29T14:00:49","slug":"el-secreto-de-la-fortaleza","status":"publish","type":"post","link":"https:\/\/quechilero.com\/blog\/2010\/11\/29\/el-secreto-de-la-fortaleza\/","title":{"rendered":"El secreto de la fortaleza"},"content":{"rendered":"<p>Si hay algo que tendemos a menospreciar es la debilidad. Por otro lado, la fortaleza se considera digna de alabanza. Sin embargo, el ap\u00f3stol Pablo hizo una enigm\u00e1tica declaraci\u00f3n: <em>\u00abCuando estoy d\u00e9bil, entonces es cuando soy fuerte\u00bb<\/em> (2 Co. 12:10).<\/p>\n<p>\u00bfC\u00f3mo pudo decir eso? Pablo aprendi\u00f3 que cuando se agotaba su propia fuerza y ya no le quedaban recursos personales de energ\u00eda ni sabidur\u00eda, ten\u00eda que depender completamente de la inagotable Gracia de Dios. Cuando hac\u00eda eso, su experiencia era como la de uno que viaja por el desierto y desecha su cantimplora, completamente seca, porque ha encontrado un oasis, que es un abundante suministro de agua pura y cristalina.<\/p>\n<p>\u00bfHemos aprendido el secreto de abandonar nuestra autosuficiencia, absolutamente inadecuada, para recurrir a los recursos del infinito poder de Dios? Para experimentar la fortaleza de Dios hemos de admitir nuestra debilidad.<\/p>\n","protected":false},"excerpt":{"rendered":"<p>Si hay algo que tendemos a menospreciar es la debilidad. Por otro lado, la fortaleza se considera digna de alabanza. Sin embargo, el ap\u00f3stol Pablo hizo una enigm\u00e1tica declaraci\u00f3n: \u00abCuando estoy d\u00e9bil, entonces es cuando soy fuerte\u00bb (2 Co. 12:10). \u00bfC\u00f3mo pudo decir eso? Pablo aprendi\u00f3 que cuando se agotaba su propia fuerza y ya &#8230; <a title=\"El secreto de la fortaleza\" class=\"read-more\" href=\"https:\/\/quechilero.com\/blog\/2010\/11\/29\/el-secreto-de-la-fortaleza\/\" aria-label=\"Leer m\u00e1s sobre El secreto de la fortaleza\">Leer m\u00e1s<\/a><\/p>\n","protected":false},"author":1,"featured_media":0,"comment_status":"open","ping_status":"open","sticky":false,"template":"","format":"standard","meta":{"advanced_seo_description":"","jetpack_seo_html_title":"","jetpack_seo_noindex":false,"jetpack_seo_schema_type":"","episode_type":"","audio_file":"","podmotor_file_id":"","podmotor_episode_id":"","cover_image":"","cover_image_id":"","duration":"","filesize":"","filesize_raw":"","date_recorded":"","explicit":"","block":"","_jetpack_newsletter_access":"","_jetpack_dont_email_post_to_subs":false,"_jetpack_newsletter_tier_id":0,"_jetpack_memberships_contains_paywalled_content":false,"_jetpack_feature_clip_id":0,"_jetpack_memberships_contains_paid_content":false,"footnotes":"","jetpack_publicize_message":"","jetpack_publicize_feature_enabled":true,"jetpack_social_post_already_shared":false,"jetpack_social_options":{"image_generator_settings":{"template":"highway","default_image_id":0,"font":"","enabled":false},"version":2},"jetpack_post_was_ever_published":false},"categories":[2],"tags":[51,71,64],"series":[],"class_list":["post-6181","post","type-post","status-publish","format-standard","hentry","category-limones","tag-dios","tag-energia","tag-fortaleza"],"episode_featured_image":false,"episode_player_image":"https:\/\/i0.wp.com\/quechilero.com\/blog\/imagenes\/podcast.png?fit=1831%2C1831&ssl=1","download_link":"","player_link":"","audio_player":false,"episode_data":{"playerMode":"dark","subscribeUrls":{"amazon":{"key":"amazon","url":"","label":"Amazon","class":"amazon","icon":"amazon.png"},"apple_podcasts":{"key":"apple_podcasts","url":"","label":"Apple Podcasts","class":"apple_podcasts","icon":"apple-podcasts.png"},"castbox":{"key":"castbox","url":"","label":"CastBox","class":"castbox","icon":"castbox.png"},"deezer":{"key":"deezer","url":"","label":"Deezer","class":"deezer","icon":"deezer.png"},"google_podcasts":{"key":"google_podcasts","url":"","label":"Google Podcasts","class":"google_podcasts","icon":"google-podcasts.png"},"listen_notes":{"key":"listen_notes","url":"","label":"Listen Notes","class":"listen_notes","icon":"listen-notes.png"},"pandora":{"key":"pandora","url":"","label":"Pandora","class":"pandora","icon":"pandora.png"},"podbean":{"key":"podbean","url":"","label":"Podbean","class":"podbean","icon":"podbean.png"},"podcast_republic":{"key":"podcast_republic","url":"","label":"Podcast Republic","class":"podcast_republic","icon":"podcast-republic.png"},"rss":{"key":"rss","url":"","label":"RSS","class":"rss","icon":"rss.png"},"spotify":{"key":"spotify","url":"","label":"Spotify","class":"spotify","icon":"spotify.png"},"stitcher":{"key":"stitcher","url":"","label":"Stitcher","class":"stitcher","icon":"stitcher.png"},"tunein":{"key":"tunein","url":"","label":"TuneIn","class":"tunein","icon":"tunein.png"},"youtube":{"key":"youtube","url":"","label":"YouTube","class":"youtube","icon":"youtube.png"},"iheartradio":{"key":"iheartradio","url":"","label":"iHeartRadio","class":"iheartradio","icon":"iheartradio.png"},"ivoox":{"key":"ivoox","url":"","label":"iVoox","class":"ivoox","icon":"ivoox.png"}},"rssFeedUrl":"https:\/\/quechilero.com\/blog\/feed\/podcast\/si-la-vida-nos-da-limones","embedCode":"<blockquote class=\"wp-embedded-content\" data-secret=\"99lObBcplQ\"><a href=\"https:\/\/quechilero.com\/blog\/2010\/11\/29\/el-secreto-de-la-fortaleza\/\">El secreto de la fortaleza<\/a><\/blockquote><iframe sandbox=\"allow-scripts\" security=\"restricted\" src=\"https:\/\/quechilero.com\/blog\/2010\/11\/29\/el-secreto-de-la-fortaleza\/embed\/#?secret=99lObBcplQ\" width=\"500\" height=\"350\" title=\"\u00abEl secreto de la fortaleza\u00bb \u2014 Si la Vida nos da Limones...\" data-secret=\"99lObBcplQ\" frameborder=\"0\" marginwidth=\"0\" marginheight=\"0\" scrolling=\"no\" class=\"wp-embedded-content\"><\/iframe><script>\n\/*! This file is auto-generated *\/\n!function(d,l){\"use strict\";l.querySelector&&d.addEventListener&&\"undefined\"!=typeof URL&&(d.wp=d.wp||{},d.wp.receiveEmbedMessage||(d.wp.receiveEmbedMessage=function(e){var t=e.data;if((t||t.secret||t.message||t.value)&&!\/[^a-zA-Z0-9]\/.test(t.secret)){for(var s,r,n,a=l.querySelectorAll('iframe[data-secret=\"'+t.secret+'\"]'),o=l.querySelectorAll('blockquote[data-secret=\"'+t.secret+'\"]'),c=new RegExp(\"^https?:$\",\"i\"),i=0;i<o.length;i++)o[i].style.display=\"none\";for(i=0;i<a.length;i++)s=a[i],e.source===s.contentWindow&&(s.removeAttribute(\"style\"),\"height\"===t.message?(1e3<(r=parseInt(t.value,10))?r=1e3:~~r<200&&(r=200),s.height=r):\"link\"===t.message&&(r=new URL(s.getAttribute(\"src\")),n=new URL(t.value),c.test(n.protocol))&&n.host===r.host&&l.activeElement===s&&(d.top.location.href=t.value))}},d.addEventListener(\"message\",d.wp.receiveEmbedMessage,!1),l.addEventListener(\"DOMContentLoaded\",function(){for(var e,t,s=l.querySelectorAll(\"iframe.wp-embedded-content\"),r=0;r<s.length;r++)(t=(e=s[r]).getAttribute(\"data-secret\"))||(t=Math.random().toString(36).substring(2,12),e.src+=\"#?secret=\"+t,e.setAttribute(\"data-secret\",t)),e.contentWindow.postMessage({message:\"ready\",secret:t},\"*\")},!1)))}(window,document);\n\/\/# sourceURL=https:\/\/quechilero.com\/blog\/wp-includes\/js\/wp-embed.min.js\n<\/script>\n"},"jetpack_publicize_connections":[],"jetpack_shortlink":"https:\/\/wp.me\/pDKli-1BH","jetpack_sharing_enabled":true,"jetpack-related-posts":[{"id":6233,"url":"https:\/\/quechilero.com\/blog\/2011\/01\/26\/suficientemente-debil\/","url_meta":{"origin":6181,"position":0},"title":"Suficientemente d\u00e9bil","author":"Pepe Barrascout Ortiz","date":"26 enero 2011","format":false,"excerpt":"Hudson Taylor, fundador de la Misi\u00f3n al Interior de la China, conoc\u00eda el secreto de la fortaleza que hay en la debilidad. Una vez que un amigo lo halag\u00f3 por el impacto de su misi\u00f3n, Hudson contest\u00f3: - Me parece que Dios busc\u00f3 en todo el mundo hasta encontrar un\u2026","rel":"","context":"En \u00abLimones\u00bb","block_context":{"text":"Limones","link":"https:\/\/quechilero.com\/blog\/category\/limones\/"},"img":{"alt_text":"","src":"","width":0,"height":0},"classes":[]},{"id":479,"url":"https:\/\/quechilero.com\/blog\/2007\/03\/06\/como-alcanzar-el-exito-usando-nuestras-fortalezas\/","url_meta":{"origin":6181,"position":1},"title":"C\u00f3mo alcanzar el \u00e9xito usando nuestras fortalezas","author":"Pepe Barrascout Ortiz","date":"6 marzo 2007","format":false,"excerpt":"Pensemos en un buen delantero de un equipo de f\u00fatbol obligado a jugar de portero o un excelente bombero manejando una ambulancia. \u00bfC\u00f3mo se sentir\u00edan en una posici\u00f3n en la que no son expertos...? \u00bfQu\u00e9 le sucede a nuestro equipo cuando sus miembros est\u00e1n constantemente fuera de su posici\u00f3n? Puede\u2026","rel":"","context":"En \u00abLimones\u00bb","block_context":{"text":"Limones","link":"https:\/\/quechilero.com\/blog\/category\/limones\/"},"img":{"alt_text":"","src":"","width":0,"height":0},"classes":[]},{"id":16864,"url":"https:\/\/quechilero.com\/blog\/2013\/08\/03\/el-poder-de-la-debilidad\/","url_meta":{"origin":6181,"position":2},"title":"El poder de la debilidad","author":"Pepe Barrascout Ortiz","date":"3 agosto 2013","format":false,"excerpt":"El \u00fanico poder que tiene la debilidad sobre nosotros es el que nosotros le concedemos a trav\u00e9s del temor. Dios promete fortalecernos en nuestras debilidades si confiamos y nos volvemos a \u00c9l. (Isa\u00edas 41:10) Tenemos que asumir y enfrentar nuestras debilidades y no temerlas. La gracia de Dios ser\u00e1 suficiente\u2026","rel":"","context":"En \u00abLimones\u00bb","block_context":{"text":"Limones","link":"https:\/\/quechilero.com\/blog\/category\/limones\/"},"img":{"alt_text":"","src":"","width":0,"height":0},"classes":[]},{"id":19558,"url":"https:\/\/quechilero.com\/blog\/2014\/10\/21\/si-hubiese-sufrido\/","url_meta":{"origin":6181,"position":3},"title":"Si no hubiese sufrido","author":"Pepe Barrascout Ortiz","date":"21 octubre 2014","format":false,"excerpt":"La poes\u00eda \"Si no hubiese sufrido\" fue escrita por el famoso poeta Genzo Mizuno, que naci\u00f3 en Jap\u00f3n en 1937. Estando en cuarto grado de primaria, a los 9 a\u00f1os de edad, padeci\u00f3 disenter\u00eda, que le produjo meningitis, caus\u00e1ndole p\u00e9rdida total de la capacidad de expresi\u00f3n. Qued\u00f3 totalmente paralizado e\u2026","rel":"","context":"En \u00abLimones\u00bb","block_context":{"text":"Limones","link":"https:\/\/quechilero.com\/blog\/category\/limones\/"},"img":{"alt_text":"","src":"","width":0,"height":0},"classes":[]},{"id":17114,"url":"https:\/\/quechilero.com\/blog\/2013\/09\/06\/oraciones-filtradas\/","url_meta":{"origin":6181,"position":4},"title":"Oraciones Filtradas","author":"Pepe Barrascout Ortiz","date":"6 septiembre 2013","format":false,"excerpt":"Tengo unas amigas que pasan horas cada d\u00eda intercediendo en oraci\u00f3n. Sus hijos ya son adultos y se han ido, as\u00ed que ellas pueden dedicar m\u00e1s tiempo a interceder. Yo no esto en la misma fase de la vida. Sin duda, oro todos los d\u00edas y tengo un diario de\u2026","rel":"","context":"En \u00abLimones\u00bb","block_context":{"text":"Limones","link":"https:\/\/quechilero.com\/blog\/category\/limones\/"},"img":{"alt_text":"","src":"","width":0,"height":0},"classes":[]},{"id":5742,"url":"https:\/\/quechilero.com\/blog\/2010\/10\/04\/la-oruga\/","url_meta":{"origin":6181,"position":5},"title":"La oruga","author":"Pepe Barrascout Ortiz","date":"4 octubre 2010","format":false,"excerpt":"A lo mejor ya has le\u00eddo antes esta historia, pero igual me impresiona cada vez que la leo... Y es que \u00bfsabes? Todo en la vida se trata de una sola palabra: ACTITUD. La actitud tiene que ver sobre c\u00f3mo reaccionas a cada situaci\u00f3n, tiene que ver con si te\u2026","rel":"","context":"En \u00abLimones\u00bb","block_context":{"text":"Limones","link":"https:\/\/quechilero.com\/blog\/category\/limones\/"},"img":{"alt_text":"","src":"","width":0,"height":0},"classes":[]}],"jetpack_featured_media_url":"","_links":{"self":[{"href":"https:\/\/quechilero.com\/blog\/wp-json\/wp\/v2\/posts\/6181","targetHints":{"allow":["GET"]}}],"collection":[{"href":"https:\/\/quechilero.com\/blog\/wp-json\/wp\/v2\/posts"}],"about":[{"href":"https:\/\/quechilero.com\/blog\/wp-json\/wp\/v2\/types\/post"}],"author":[{"embeddable":true,"href":"https:\/\/quechilero.com\/blog\/wp-json\/wp\/v2\/users\/1"}],"replies":[{"embeddable":true,"href":"https:\/\/quechilero.com\/blog\/wp-json\/wp\/v2\/comments?post=6181"}],"version-history":[{"count":0,"href":"https:\/\/quechilero.com\/blog\/wp-json\/wp\/v2\/posts\/6181\/revisions"}],"wp:attachment":[{"href":"https:\/\/quechilero.com\/blog\/wp-json\/wp\/v2\/media?parent=6181"}],"wp:term":[{"taxonomy":"category","embeddable":true,"href":"https:\/\/quechilero.com\/blog\/wp-json\/wp\/v2\/categories?post=6181"},{"taxonomy":"post_tag","embeddable":true,"href":"https:\/\/quechilero.com\/blog\/wp-json\/wp\/v2\/tags?post=6181"},{"taxonomy":"series","embeddable":true,"href":"https:\/\/quechilero.com\/blog\/wp-json\/wp\/v2\/series?post=6181"}],"curies":[{"name":"wp","href":"https:\/\/api.w.org\/{rel}","templated":true}]}}