{"id":6179,"date":"2010-11-27T08:00:36","date_gmt":"2010-11-27T14:00:36","guid":{"rendered":"http:\/\/quechilero.com\/blog\/?p=6179"},"modified":"2010-11-27T08:00:36","modified_gmt":"2010-11-27T14:00:36","slug":"para-que-haya-paz","status":"publish","type":"post","link":"https:\/\/quechilero.com\/blog\/2010\/11\/27\/para-que-haya-paz\/","title":{"rendered":"Para que haya paz&#8230;"},"content":{"rendered":"<p>Disfruta la paz que haces posible con tus actitudes de justicia y bondad.<\/p>\n<p>Afronta con serenidad los arrebatos de violencia de los otros, recordando que las actitudes hostiles s\u00f3lo dejan angustias y muerte.<\/p>\n<p>Para que haya paz en tu comunidad es preciso que tus pensamientos, tus palabras y tus actos contribuyan al entendimiento mutuo y a la armon\u00eda social.<\/p>\n<p>Para decir una verdad no es necesario aplastar al otro. Hay que decirla amorosamente para crear as\u00ed condiciones de paz.<\/p>\n<p><em>\u00abNo puede apetecerse otro bien mejor, ni poseerse otro m\u00e1s provechoso que la paz.\u00bb<\/em> (San Agust\u00edn de Hipona)<\/p>\n<p><strong><em>Del libro \u00ab366 Maravillosas Motivaciones\u00bb , de Tiberio L\u00f3pez Fern\u00e1ndez<\/em><\/strong><\/p>\n","protected":false},"excerpt":{"rendered":"<p>Disfruta la paz que haces posible con tus actitudes de justicia y bondad. Afronta con serenidad los arrebatos de violencia de los otros, recordando que las actitudes hostiles s\u00f3lo dejan angustias y muerte. Para que haya paz en tu comunidad es preciso que tus pensamientos, tus palabras y tus actos contribuyan al entendimiento mutuo y &#8230; <a title=\"Para que haya paz&#8230;\" class=\"read-more\" href=\"https:\/\/quechilero.com\/blog\/2010\/11\/27\/para-que-haya-paz\/\" aria-label=\"Leer m\u00e1s sobre Para que haya paz&#8230;\">Leer m\u00e1s<\/a><\/p>\n","protected":false},"author":1,"featured_media":0,"comment_status":"open","ping_status":"open","sticky":false,"template":"","format":"standard","meta":{"advanced_seo_description":"","jetpack_seo_html_title":"","jetpack_seo_noindex":false,"jetpack_seo_schema_type":"","episode_type":"","audio_file":"","podmotor_file_id":"","podmotor_episode_id":"","cover_image":"","cover_image_id":"","duration":"","filesize":"","filesize_raw":"","date_recorded":"","explicit":"","block":"","_jetpack_newsletter_access":"","_jetpack_dont_email_post_to_subs":false,"_jetpack_newsletter_tier_id":0,"_jetpack_memberships_contains_paywalled_content":false,"_jetpack_feature_clip_id":0,"_jetpack_memberships_contains_paid_content":false,"footnotes":"","jetpack_publicize_message":"","jetpack_publicize_feature_enabled":true,"jetpack_social_post_already_shared":false,"jetpack_social_options":{"image_generator_settings":{"template":"highway","default_image_id":0,"font":"","enabled":false},"version":2},"jetpack_post_was_ever_published":false},"categories":[2],"tags":[15,72,50,42,40,41],"series":[],"class_list":["post-6179","post","type-post","status-publish","format-standard","hentry","category-limones","tag-amor","tag-libro","tag-muerte","tag-palabra","tag-paz","tag-verdad"],"episode_featured_image":false,"episode_player_image":"https:\/\/i0.wp.com\/quechilero.com\/blog\/imagenes\/podcast.png?fit=1831%2C1831&ssl=1","download_link":"","player_link":"","audio_player":false,"episode_data":{"playerMode":"dark","subscribeUrls":{"amazon":{"key":"amazon","url":"","label":"Amazon","class":"amazon","icon":"amazon.png"},"apple_podcasts":{"key":"apple_podcasts","url":"","label":"Apple Podcasts","class":"apple_podcasts","icon":"apple-podcasts.png"},"castbox":{"key":"castbox","url":"","label":"CastBox","class":"castbox","icon":"castbox.png"},"deezer":{"key":"deezer","url":"","label":"Deezer","class":"deezer","icon":"deezer.png"},"google_podcasts":{"key":"google_podcasts","url":"","label":"Google Podcasts","class":"google_podcasts","icon":"google-podcasts.png"},"listen_notes":{"key":"listen_notes","url":"","label":"Listen Notes","class":"listen_notes","icon":"listen-notes.png"},"pandora":{"key":"pandora","url":"","label":"Pandora","class":"pandora","icon":"pandora.png"},"podbean":{"key":"podbean","url":"","label":"Podbean","class":"podbean","icon":"podbean.png"},"podcast_republic":{"key":"podcast_republic","url":"","label":"Podcast Republic","class":"podcast_republic","icon":"podcast-republic.png"},"rss":{"key":"rss","url":"","label":"RSS","class":"rss","icon":"rss.png"},"spotify":{"key":"spotify","url":"","label":"Spotify","class":"spotify","icon":"spotify.png"},"stitcher":{"key":"stitcher","url":"","label":"Stitcher","class":"stitcher","icon":"stitcher.png"},"tunein":{"key":"tunein","url":"","label":"TuneIn","class":"tunein","icon":"tunein.png"},"youtube":{"key":"youtube","url":"","label":"YouTube","class":"youtube","icon":"youtube.png"},"iheartradio":{"key":"iheartradio","url":"","label":"iHeartRadio","class":"iheartradio","icon":"iheartradio.png"},"ivoox":{"key":"ivoox","url":"","label":"iVoox","class":"ivoox","icon":"ivoox.png"}},"rssFeedUrl":"https:\/\/quechilero.com\/blog\/feed\/podcast\/si-la-vida-nos-da-limones","embedCode":"<blockquote class=\"wp-embedded-content\" data-secret=\"2zwzRsvIk0\"><a href=\"https:\/\/quechilero.com\/blog\/2010\/11\/27\/para-que-haya-paz\/\">Para que haya paz&#8230;<\/a><\/blockquote><iframe sandbox=\"allow-scripts\" security=\"restricted\" src=\"https:\/\/quechilero.com\/blog\/2010\/11\/27\/para-que-haya-paz\/embed\/#?secret=2zwzRsvIk0\" width=\"500\" height=\"350\" title=\"\u00abPara que haya paz&#8230;\u00bb \u2014 Si la Vida nos da Limones...\" data-secret=\"2zwzRsvIk0\" frameborder=\"0\" marginwidth=\"0\" marginheight=\"0\" scrolling=\"no\" class=\"wp-embedded-content\"><\/iframe><script>\n\/*! This file is auto-generated *\/\n!function(d,l){\"use strict\";l.querySelector&&d.addEventListener&&\"undefined\"!=typeof URL&&(d.wp=d.wp||{},d.wp.receiveEmbedMessage||(d.wp.receiveEmbedMessage=function(e){var t=e.data;if((t||t.secret||t.message||t.value)&&!\/[^a-zA-Z0-9]\/.test(t.secret)){for(var s,r,n,a=l.querySelectorAll('iframe[data-secret=\"'+t.secret+'\"]'),o=l.querySelectorAll('blockquote[data-secret=\"'+t.secret+'\"]'),c=new RegExp(\"^https?:$\",\"i\"),i=0;i<o.length;i++)o[i].style.display=\"none\";for(i=0;i<a.length;i++)s=a[i],e.source===s.contentWindow&&(s.removeAttribute(\"style\"),\"height\"===t.message?(1e3<(r=parseInt(t.value,10))?r=1e3:~~r<200&&(r=200),s.height=r):\"link\"===t.message&&(r=new URL(s.getAttribute(\"src\")),n=new URL(t.value),c.test(n.protocol))&&n.host===r.host&&l.activeElement===s&&(d.top.location.href=t.value))}},d.addEventListener(\"message\",d.wp.receiveEmbedMessage,!1),l.addEventListener(\"DOMContentLoaded\",function(){for(var e,t,s=l.querySelectorAll(\"iframe.wp-embedded-content\"),r=0;r<s.length;r++)(t=(e=s[r]).getAttribute(\"data-secret\"))||(t=Math.random().toString(36).substring(2,12),e.src+=\"#?secret=\"+t,e.setAttribute(\"data-secret\",t)),e.contentWindow.postMessage({message:\"ready\",secret:t},\"*\")},!1)))}(window,document);\n\/\/# sourceURL=https:\/\/quechilero.com\/blog\/wp-includes\/js\/wp-embed.min.js\n<\/script>\n"},"jetpack_publicize_connections":[],"jetpack_shortlink":"https:\/\/wp.me\/pDKli-1BF","jetpack_sharing_enabled":true,"jetpack-related-posts":[{"id":284,"url":"https:\/\/quechilero.com\/blog\/2006\/10\/22\/del-amor\/","url_meta":{"origin":6179,"position":0},"title":"Del Amor","author":"Pepe Barrascout Ortiz","date":"22 octubre 2006","format":false,"excerpt":"San Agust\u00edn escribi\u00f3 que, de la misma manera que una ciudad precisa de leyes para que sus habitantes puedan vivir juntos, el hombre precisa de una \u00fanica ley, el Amor, para convivir en paz con el mundo espiritual. Otras personas hablaron sobre esta verdad universal: \"El verdadero amor no pide\u2026","rel":"","context":"En \u00abLimones\u00bb","block_context":{"text":"Limones","link":"https:\/\/quechilero.com\/blog\/category\/limones\/"},"img":{"alt_text":"","src":"","width":0,"height":0},"classes":[]},{"id":21589,"url":"https:\/\/quechilero.com\/blog\/2015\/09\/15\/oracion-por-la-paz-en-el-mundo\/","url_meta":{"origin":6179,"position":1},"title":"Oraci\u00f3n por la paz en el mundo","author":"Pepe Barrascout Ortiz","date":"15 septiembre 2015","format":false,"excerpt":"Se\u00f1or Jes\u00fas, T\u00fa gu\u00edas sabiamente la historia de tu Iglesia y de las naciones, escucha ahora nuestra s\u00faplica. Nuestros idiomas se confunden como anta\u00f1o en la torre de Babel. Somos hijos de un mismo Padre que T\u00fa nos revelaste y no sabemos ser hermanos, y el odio siembra m\u00e1s miedo\u2026","rel":"","context":"En \u00abLimones\u00bb","block_context":{"text":"Limones","link":"https:\/\/quechilero.com\/blog\/category\/limones\/"},"img":{"alt_text":"","src":"","width":0,"height":0},"classes":[]},{"id":12790,"url":"https:\/\/quechilero.com\/blog\/2012\/03\/13\/los-colores-de-los-amigos\/","url_meta":{"origin":6179,"position":2},"title":"Los colores de los amigos","author":"Pepe Barrascout Ortiz","date":"13 marzo 2012","format":false,"excerpt":"Los amigos son \"colores\", cada uno con su matiz, y una manera de ser siempre bien definida. Hay un Amigo \"color verde\": es aquel que en todo resalta la belleza de la vida y pone esperanza en ella. \u00a1\u00c9l nos anima! Hay un Amigo \"color azul\": \u00e9l siempre trae palabras\u2026","rel":"","context":"En \u00abLimones\u00bb","block_context":{"text":"Limones","link":"https:\/\/quechilero.com\/blog\/category\/limones\/"},"img":{"alt_text":"","src":"","width":0,"height":0},"classes":[]},{"id":5593,"url":"https:\/\/quechilero.com\/blog\/2010\/09\/04\/patrono-del-humor\/","url_meta":{"origin":6179,"position":3},"title":"Patrono del Humor","author":"Pepe Barrascout Ortiz","date":"4 septiembre 2010","format":false,"excerpt":"Entre los santos, la virtud del humor alcanz\u00f3 tal grado de hero\u00edsmo que reluc\u00eda, incluso, en momentos de gran sufrimiento o de la muerte. Santo Tom\u00e1s Moro muri\u00f3 decapitado. Antes de subir al cadalso, se le acerc\u00f3 su hijo que, llorando, le pidi\u00f3 la bendici\u00f3n. El momento era muy dram\u00e1tico.\u2026","rel":"","context":"En \u00abLimones\u00bb","block_context":{"text":"Limones","link":"https:\/\/quechilero.com\/blog\/category\/limones\/"},"img":{"alt_text":"","src":"","width":0,"height":0},"classes":[]},{"id":2788,"url":"https:\/\/quechilero.com\/blog\/2009\/06\/10\/la-palabra-shalom\/","url_meta":{"origin":6179,"position":4},"title":"La palabra SHALOM","author":"Pepe Barrascout Ortiz","date":"10 junio 2009","format":false,"excerpt":"SHALOM es una palabra hebrea que acostumbra a traducirse al portugu\u00e9s\/espa\u00f1ol como \"paz\". Es verdad... Pero su profundidad y significado tiene un alcance mucho mayor. En su ra\u00edz semita (sh-l-m) significa \"estar lleno, sentirse completo, abarcado, en plenitud\". SHALOM no es una simple ausencia de conflicto, entre naciones o entre\u2026","rel":"","context":"En \u00abLimones\u00bb","block_context":{"text":"Limones","link":"https:\/\/quechilero.com\/blog\/category\/limones\/"},"img":{"alt_text":"","src":"","width":0,"height":0},"classes":[]},{"id":16306,"url":"https:\/\/quechilero.com\/blog\/2013\/03\/05\/contra-las-lenguas-maldicientes\/","url_meta":{"origin":6179,"position":5},"title":"Contra las lenguas maldicientes","author":"Pepe Barrascout Ortiz","date":"5 marzo 2013","format":false,"excerpt":"Jesucristo: 1. Hijo, no te enojes si algunos tuvieren mala opini\u00f3n de ti, y dijeren lo que no quisieras o\u00edr. T\u00fa debes sentir de ti peores cosas, y tenerte por el m\u00e1s flaco de todos. Si andas dentro de ti, no apreciar\u00e1s mucho las palabras que vuelan. No es poca\u2026","rel":"","context":"En \u00abLimones\u00bb","block_context":{"text":"Limones","link":"https:\/\/quechilero.com\/blog\/category\/limones\/"},"img":{"alt_text":"","src":"","width":0,"height":0},"classes":[]}],"jetpack_featured_media_url":"","_links":{"self":[{"href":"https:\/\/quechilero.com\/blog\/wp-json\/wp\/v2\/posts\/6179","targetHints":{"allow":["GET"]}}],"collection":[{"href":"https:\/\/quechilero.com\/blog\/wp-json\/wp\/v2\/posts"}],"about":[{"href":"https:\/\/quechilero.com\/blog\/wp-json\/wp\/v2\/types\/post"}],"author":[{"embeddable":true,"href":"https:\/\/quechilero.com\/blog\/wp-json\/wp\/v2\/users\/1"}],"replies":[{"embeddable":true,"href":"https:\/\/quechilero.com\/blog\/wp-json\/wp\/v2\/comments?post=6179"}],"version-history":[{"count":0,"href":"https:\/\/quechilero.com\/blog\/wp-json\/wp\/v2\/posts\/6179\/revisions"}],"wp:attachment":[{"href":"https:\/\/quechilero.com\/blog\/wp-json\/wp\/v2\/media?parent=6179"}],"wp:term":[{"taxonomy":"category","embeddable":true,"href":"https:\/\/quechilero.com\/blog\/wp-json\/wp\/v2\/categories?post=6179"},{"taxonomy":"post_tag","embeddable":true,"href":"https:\/\/quechilero.com\/blog\/wp-json\/wp\/v2\/tags?post=6179"},{"taxonomy":"series","embeddable":true,"href":"https:\/\/quechilero.com\/blog\/wp-json\/wp\/v2\/series?post=6179"}],"curies":[{"name":"wp","href":"https:\/\/api.w.org\/{rel}","templated":true}]}}